{"id":20657,"date":"2024-02-09T10:04:42","date_gmt":"2024-02-09T09:04:42","guid":{"rendered":"https:\/\/www.entreculturas.org\/?post_type=noticia&#038;p=20657"},"modified":"2024-03-01T12:32:28","modified_gmt":"2024-03-01T11:32:28","slug":"mujeres-emprendedoras-paraguay","status":"publish","type":"noticia","link":"https:\/\/www.entreculturas.org\/gl\/noticia\/mujeres-emprendedoras-paraguay\/","title":{"rendered":"Mujeres emprendedoras en Paraguay"},"content":{"rendered":"\n<p class=\"has-text-align-center has-white-background-color has-background\" style=\"margin-bottom:var(--wp--preset--spacing--40);font-size:1.3rem\">\u201cEs una oportunidad \u00fanica para crear, socializar, trabajar en equipo, lo que nos ayuda a cada una a ver las capacidades que tenemos. El emprendimiento nos ayuda a ver las nuevas posibilidades que se presentan ante las necesidades\u201d<\/p>\n\n\n\n<p><\/p>\n\n\n\n<p>Estas son las palabras de M\u00f3nica Lilian, una de las <strong>920 madres<\/strong> del alumnado de la Escuela San Vicente De Paul de <strong>Fe y Alegr\u00eda <\/strong>que participan en nuestro proyecto \u00b4Escuelas vocacionales para la mejora de la empleabilidad y la inserci\u00f3n laboral\u00b4 que busca mejorar las alternativas de ingreso de las mujeres de <strong>Capiat\u00e1, Paraguay.<\/strong><\/p>\n\n\n\n<div style=\"height:15px\" aria-hidden=\"true\" class=\"wp-block-spacer\"><\/div>\n\n\n\n<div style=\"height:15px\" aria-hidden=\"true\" class=\"wp-block-spacer\"><\/div>\n\n\n\n<figure class=\"wp-block-image aligncenter size-full is-resized\"><img decoding=\"async\" width=\"1024\" height=\"683\" src=\"https:\/\/www.entreculturas.org\/wp-content\/uploads\/2024\/02\/CTA-32.jpg\" alt=\"\" class=\"wp-image-20661\" style=\"width:805px;height:auto\" srcset=\"https:\/\/www.entreculturas.org\/wp-content\/uploads\/2024\/02\/CTA-32.jpg 1024w, https:\/\/www.entreculturas.org\/wp-content\/uploads\/2024\/02\/CTA-32-300x200.jpg 300w, https:\/\/www.entreculturas.org\/wp-content\/uploads\/2024\/02\/CTA-32-768x512.jpg 768w\" sizes=\"(max-width: 1024px) 100vw, 1024px\" \/><figcaption class=\"wp-element-caption\"><span style=\"font-size: 9px;\">\u00a9<\/span> Monteserr\u00edn Fotograf\u00eda<\/figcaption><\/figure>\n\n\n\n<h2 class=\"wp-block-heading\" id=\"h-mejorar-las-condiciones-de-vida\" style=\"margin-bottom:var(--wp--preset--spacing--40)\">Mejorar las condiciones de vida<\/h2>\n\n\n\n<p>M\u00f3nica es madre de un ni\u00f1o que fue diagnosticado s\u00edndrome de Asperger recientemente. Antes, dedicaba su tiempo y esfuerzo a principalmente al cuidado de su hijo, lo cual limitaba mucho sus oportunidades para poder emprender y buscar otras fuentes de ingreso.&nbsp;<\/p>\n\n\n\n<div style=\"height:15px\" aria-hidden=\"true\" class=\"wp-block-spacer\"><\/div>\n\n\n\n<p>Sin embargo, gracias a la<strong> formaci\u00f3n<\/strong> que est\u00e1 recibiendo, M\u00f3nica ahora puede dedicarse a la <strong>confecci\u00f3n y comercializaci\u00f3n de telas, <\/strong>mientras su hijo recibe atenci\u00f3n y educaci\u00f3n de calidad en la Escuela San Vicente De Paul de Fe y Alegr\u00eda. M\u00f3nica siente que est\u00e1 participando en una actividad productiva que disfruta y que adem\u00e1s es una fuente de <strong>ingreso<\/strong> para su familia.&nbsp;<\/p>\n\n\n\n<div style=\"height:15px\" aria-hidden=\"true\" class=\"wp-block-spacer\"><\/div>\n\n\n\n<p>Esto es precisamente lo que buscamos generar con el proyecto: brindar a estas mujeres emprendedoras la <strong>oportunidad<\/strong> de mejorar sus <strong>condiciones de vida<\/strong> mediante la capacitaci\u00f3n en habilidades laborales como la confecci\u00f3n de telas. Con ello, se les abre la puerta a m\u00e1s opciones de emprendimiento y empleo, permiti\u00e9ndoles desarrollarse profesionalmente y garantizar un futuro m\u00e1s prometedor.<\/p>\n\n\n\n<div style=\"height:15px\" aria-hidden=\"true\" class=\"wp-block-spacer\"><\/div>\n\n\n\n<h2 class=\"wp-block-heading\" id=\"h-retos-para-las-mujeres-emprendedoras\">Retos para las mujeres emprendedoras<\/h2>\n\n\n\n<div style=\"height:15px\" aria-hidden=\"true\" class=\"wp-block-spacer\"><\/div>\n\n\n\n<p class=\"has-text-align-center has-gray-color has-white-background-color has-text-color has-background has-link-color wp-elements-0b98df9ddd12dd98c6a152596fe71d6e\" style=\"margin-top:0;margin-right:0;margin-bottom:0;margin-left:0;font-size:1.3rem\">\u201cEste curso hace muy bien a la poblaci\u00f3n para fomentar el emprendimiento y para las mujeres. Es muy bueno ver que se pueden hacer m\u00e1s cosas. Para cambiar el futuro primero tiene que cambiar una misma\u201d<\/p>\n\n\n\n<div style=\"height:15px\" aria-hidden=\"true\" class=\"wp-block-spacer\"><\/div>\n\n\n\n<p>Las mujeres emprendedoras de Capiat\u00e1, como M\u00f3nica, enfrentan <strong>desaf\u00edos<\/strong> propios del lugar en el que viven, pero tambi\u00e9n de g\u00e9nero. Se encuentran en una situaci\u00f3n desigual en comparaci\u00f3n con los hombres, con un <strong>acceso limitado<\/strong> a recursos productivos y una menor obtenci\u00f3n de cr\u00e9ditos debido a la falta de acceso a la propiedad y otros activos.<\/p>\n\n\n\n<div style=\"height:15px\" aria-hidden=\"true\" class=\"wp-block-spacer\"><\/div>\n\n\n\n<p>Una gran parte de la poblaci\u00f3n local se encuentra en <strong>condiciones de vulnerabilidad<\/strong>, con necesidades b\u00e1sicas sin satisfacer, y muchos dependen de empleos informales, como vendedores ambulantes, lo que genera una gran inestabilidad econ\u00f3mica.<\/p>\n\n\n\n<div style=\"height:15px\" aria-hidden=\"true\" class=\"wp-block-spacer\"><\/div>\n\n\n\n<p>La zona tambi\u00e9n est\u00e1 expuesta a frecuentes inundaciones, lo que pone a las familias en riesgo de salud y seguridad. La comunidad tambi\u00e9n enfrenta altos niveles de inseguridad, as\u00ed como problemas de adicciones entre los j\u00f3venes.<\/p>\n\n\n\n<div style=\"height:15px\" aria-hidden=\"true\" class=\"wp-block-spacer\"><\/div>\n\n\n\n<div style=\"height:15px\" aria-hidden=\"true\" class=\"wp-block-spacer\"><\/div>\n\n\n\n<div class=\"wp-block-cb-carousel cb-single-slide\" data-slick=\"{&quot;slidesToShow&quot;:1,&quot;slidesToScroll&quot;:1,&quot;speed&quot;:300,&quot;arrows&quot;:true,&quot;dots&quot;:true,&quot;autoplay&quot;:true,&quot;autoplaySpeed&quot;:3000,&quot;infinite&quot;:true,&quot;rtl&quot;:false,&quot;responsive&quot;:[{&quot;breakpoint&quot;:769,&quot;settings&quot;:{&quot;slidesToShow&quot;:1,&quot;slidesToScroll&quot;:1}}]}\">\n<div class=\"wp-block-cb-slide\">\n<figure data-wp-context=\"{&quot;imageId&quot;:&quot;69f297cd6c66d&quot;}\" data-wp-interactive=\"core\/image\" data-wp-key=\"69f297cd6c66d\" class=\"wp-block-image alignleft size-full is-resized has-custom-border wp-lightbox-container\"><img decoding=\"async\" width=\"1024\" height=\"683\" data-wp-class--hide=\"state.isContentHidden\" data-wp-class--show=\"state.isContentVisible\" data-wp-init=\"callbacks.setButtonStyles\" data-wp-on--click=\"actions.showLightbox\" data-wp-on--load=\"callbacks.setButtonStyles\" data-wp-on-window--resize=\"callbacks.setButtonStyles\" src=\"https:\/\/www.entreculturas.org\/wp-content\/uploads\/2024\/02\/CTA-39.jpg\" alt=\"mujeres emprendedoras de telas\" class=\"wp-image-20664\" style=\"border-style:none;border-width:0px;object-fit:contain;width:1200px;height:450px\" srcset=\"https:\/\/www.entreculturas.org\/wp-content\/uploads\/2024\/02\/CTA-39.jpg 1024w, https:\/\/www.entreculturas.org\/wp-content\/uploads\/2024\/02\/CTA-39-300x200.jpg 300w, https:\/\/www.entreculturas.org\/wp-content\/uploads\/2024\/02\/CTA-39-768x512.jpg 768w\" sizes=\"(max-width: 1024px) 100vw, 1024px\" \/><button\n\t\t\tclass=\"lightbox-trigger\"\n\t\t\ttype=\"button\"\n\t\t\taria-haspopup=\"dialog\"\n\t\t\taria-label=\"Agrandar\"\n\t\t\tdata-wp-init=\"callbacks.initTriggerButton\"\n\t\t\tdata-wp-on--click=\"actions.showLightbox\"\n\t\t\tdata-wp-style--right=\"state.imageButtonRight\"\n\t\t\tdata-wp-style--top=\"state.imageButtonTop\"\n\t\t>\n\t\t\t<svg xmlns=\"http:\/\/www.w3.org\/2000\/svg\" width=\"12\" height=\"12\" fill=\"none\" viewBox=\"0 0 12 12\">\n\t\t\t\t<path fill=\"#fff\" d=\"M2 0a2 2 0 0 0-2 2v2h1.5V2a.5.5 0 0 1 .5-.5h2V0H2Zm2 10.5H2a.5.5 0 0 1-.5-.5V8H0v2a2 2 0 0 0 2 2h2v-1.5ZM8 12v-1.5h2a.5.5 0 0 0 .5-.5V8H12v2a2 2 0 0 1-2 2H8Zm2-12a2 2 0 0 1 2 2v2h-1.5V2a.5.5 0 0 0-.5-.5H8V0h2Z\" \/>\n\t\t\t<\/svg>\n\t\t<\/button><figcaption class=\"wp-element-caption\"><span style=\"font-size: 9px;\"><span style=\"font-size: 9px;\">\u00a9<\/span> Monteserr\u00edn Fotograf\u00eda<\/span><\/figcaption><\/figure>\n<\/div>\n\n\n\n<div class=\"wp-block-cb-slide\">\n<figure class=\"wp-block-image aligncenter size-full is-resized\"><img decoding=\"async\" width=\"1024\" height=\"683\" src=\"https:\/\/www.entreculturas.org\/wp-content\/uploads\/2024\/02\/CTA-43.jpg\" alt=\"mujeres estudiando\" class=\"wp-image-20667\" style=\"object-fit:contain;width:1200px;height:438px\" srcset=\"https:\/\/www.entreculturas.org\/wp-content\/uploads\/2024\/02\/CTA-43.jpg 1024w, https:\/\/www.entreculturas.org\/wp-content\/uploads\/2024\/02\/CTA-43-300x200.jpg 300w, https:\/\/www.entreculturas.org\/wp-content\/uploads\/2024\/02\/CTA-43-768x512.jpg 768w\" sizes=\"(max-width: 1024px) 100vw, 1024px\" \/><figcaption class=\"wp-element-caption\"><span style=\"font-size: 9px;\"><span style=\"font-size: 9px;\">\u00a9<\/span> Monteserr\u00edn Fotograf\u00eda<\/span><\/figcaption><\/figure>\n<\/div>\n\n\n\n<div class=\"wp-block-cb-slide\">\n<figure class=\"wp-block-image size-full is-resized\"><img decoding=\"async\" width=\"1024\" height=\"683\" src=\"https:\/\/www.entreculturas.org\/wp-content\/uploads\/2024\/02\/CTA-48.jpg\" alt=\"ni\u00f1os jugando\" class=\"wp-image-20670\" style=\"object-fit:contain;width:1200px;height:450px\" srcset=\"https:\/\/www.entreculturas.org\/wp-content\/uploads\/2024\/02\/CTA-48.jpg 1024w, https:\/\/www.entreculturas.org\/wp-content\/uploads\/2024\/02\/CTA-48-300x200.jpg 300w, https:\/\/www.entreculturas.org\/wp-content\/uploads\/2024\/02\/CTA-48-768x512.jpg 768w\" sizes=\"(max-width: 1024px) 100vw, 1024px\" \/><figcaption class=\"wp-element-caption\"><span style=\"font-size: 9px;\"><span style=\"font-size: 9px;\">\u00a9<\/span> Monteserr\u00edn Fotograf\u00eda<\/span><\/figcaption><\/figure>\n<\/div>\n\n\n\n<div class=\"wp-block-cb-slide\">\n<figure class=\"wp-block-image size-full is-resized\"><img decoding=\"async\" width=\"1024\" height=\"683\" src=\"https:\/\/www.entreculturas.org\/wp-content\/uploads\/2024\/02\/CTA-63.jpg\" alt=\"ni\u00f1os estudiando\" class=\"wp-image-20673\" style=\"object-fit:contain;width:1200px;height:450px\" srcset=\"https:\/\/www.entreculturas.org\/wp-content\/uploads\/2024\/02\/CTA-63.jpg 1024w, https:\/\/www.entreculturas.org\/wp-content\/uploads\/2024\/02\/CTA-63-300x200.jpg 300w, https:\/\/www.entreculturas.org\/wp-content\/uploads\/2024\/02\/CTA-63-768x512.jpg 768w\" sizes=\"(max-width: 1024px) 100vw, 1024px\" \/><figcaption class=\"wp-element-caption\"><span style=\"font-size: 9px;\"><span style=\"font-size: 9px;\">\u00a9<\/span> Monteserr\u00edn Fotograf\u00eda<\/span><\/figcaption><\/figure>\n<\/div>\n<\/div>\n\n\n\n<div style=\"height:15px\" aria-hidden=\"true\" class=\"wp-block-spacer\"><\/div>\n\n\n\n<h3 class=\"wp-block-heading\" id=\"h-mujeres-emprendedoras-construyendo-comunidad\"><strong>Mujeres emprendedoras: construyendo comunidad<\/strong><\/h3>\n\n\n\n<div style=\"height:15px\" aria-hidden=\"true\" class=\"wp-block-spacer\"><\/div>\n\n\n\n<p>&#8220;Para m\u00ed, es como una terapia; las cosas que te hacen bien pasan volando el tiempo&#8221;, expresa M\u00f3nica sobre su experiencia en los cursos de emprendimiento.<\/p>\n\n\n\n<div style=\"height:15px\" aria-hidden=\"true\" class=\"wp-block-spacer\"><\/div>\n\n\n\n<p>Adem\u00e1s de adquirir habilidades en confecci\u00f3n, M\u00f3nica y sus compa\u00f1eras <strong>desarrollan habilidades sociales <\/strong>a trav\u00e9s del trabajo en equipo, promoviendo el reconocimiento colectivo y fomentando un aprendizaje conjunto en el que todas pueden aportar y aprender unas de otras.<\/p>\n\n\n\n<div style=\"height:15px\" aria-hidden=\"true\" class=\"wp-block-spacer\"><\/div>\n\n\n\n<p>Este espacio les permite alejarse de la rutina diaria, brind\u00e1ndoles un momento para olvidarse de sus obligaciones y disfrutar de la compa\u00f1\u00eda de otras personas mientras aprenden y comparten experiencias.<\/p>\n\n\n\n<div style=\"height:15px\" aria-hidden=\"true\" class=\"wp-block-spacer\"><\/div>\n\n\n\n<p>Para M\u00f3nica, la satisfacci\u00f3n que experimenta mientras participa en el taller tiene un impacto positivo en su <strong>bienestar mental.<\/strong> M\u00e1s all\u00e1 de los beneficios econ\u00f3micos y las oportunidades futuras que ofrece, el taller act\u00faa como un espacio terap\u00e9utico que le permite encontrar alegr\u00eda y realizaci\u00f3n personal.<\/p>\n\n\n\n<div class=\"wp-block-group has-global-padding is-content-justification-center is-layout-constrained wp-container-core-group-is-layout-acc90753 wp-block-group-is-layout-constrained\" style=\"margin-top:0;margin-bottom:0;padding-right:0;padding-left:0\"><\/div>\n","protected":false},"excerpt":{"rendered":"<p>\u201cEs una oportunidad \u00fanica para crear, socializar, trabajar en equipo, lo que nos ayuda a cada una a ver las capacidades que tenemos. El emprendimiento nos ayuda a ver las nuevas posibilidades que se presentan ante las necesidades\u201d Estas son las palabras de M\u00f3nica Lilian, una de las 920 madres del alumnado de la Escuela San Vicente De Paul de Fe y Alegr\u00eda que participan en nuestro proyecto \u00b4Escuelas vocacionales para la mejora de la empleabilidad y la inserci\u00f3n laboral\u00b4 que busca mejorar las alternativas de ingreso de las mujeres de Capiat\u00e1, Paraguay. Mejorar las condiciones de vida M\u00f3nica es madre de un ni\u00f1o que fue diagnosticado s\u00edndrome de Asperger recientemente. Antes, dedicaba su tiempo y esfuerzo a principalmente al cuidado de su hijo, lo cual limitaba mucho sus oportunidades para poder emprender y buscar otras fuentes de ingreso.&nbsp; Sin embargo, gracias a la formaci\u00f3n que est\u00e1 recibiendo, M\u00f3nica ahora [&hellip;]<\/p>\n","protected":false},"featured_media":20667,"template":"single-noticia","meta":{"_acf_changed":false},"categories":[7],"tags":[293],"country":[122],"cause":[130],"class_list":["post-20657","noticia","type-noticia","status-publish","has-post-thumbnail","hentry","category-noticia","tag-genero","country-paraguay","cause-genero"],"acf":[],"yoast_head":"<!-- This site is optimized with the Yoast SEO Premium plugin v21.6 (Yoast SEO v27.5) - https:\/\/yoast.com\/product\/yoast-seo-premium-wordpress\/ -->\n<title>Mujeres emprendedoras en Paraguay - Entreculturas<\/title>\n<meta name=\"description\" content=\"Mujeres emprendedoras en Paraguay encuentran nuevas oportunidades y empoderamiento en el proyecto de confecci\u00f3n de telas.\" \/>\n<meta name=\"robots\" content=\"index, follow, max-snippet:-1, max-image-preview:large, max-video-preview:-1\" \/>\n<link rel=\"canonical\" href=\"https:\/\/www.entreculturas.org\/gl\/noticia\/mujeres-emprendedoras-paraguay\/\" \/>\n<meta property=\"og:locale\" content=\"gl_ES\" \/>\n<meta property=\"og:type\" content=\"article\" \/>\n<meta property=\"og:title\" content=\"Mujeres emprendedoras en Paraguay\" \/>\n<meta property=\"og:description\" content=\"Mujeres emprendedoras en Paraguay encuentran nuevas oportunidades y empoderamiento en el proyecto de confecci\u00f3n de telas.\" \/>\n<meta property=\"og:url\" content=\"https:\/\/www.entreculturas.org\/gl\/noticia\/mujeres-emprendedoras-paraguay\/\" \/>\n<meta property=\"og:site_name\" content=\"Entreculturas\" \/>\n<meta property=\"article:publisher\" content=\"https:\/\/www.facebook.com\/entreculturas\" \/>\n<meta property=\"article:modified_time\" content=\"2024-03-01T11:32:28+00:00\" \/>\n<meta property=\"og:image\" content=\"https:\/\/www.entreculturas.org\/wp-content\/uploads\/2024\/02\/CTA-43.jpg\" \/>\n\t<meta property=\"og:image:width\" content=\"1024\" \/>\n\t<meta property=\"og:image:height\" content=\"683\" \/>\n\t<meta property=\"og:image:type\" content=\"image\/jpeg\" \/>\n<meta name=\"twitter:card\" content=\"summary_large_image\" \/>\n<meta name=\"twitter:site\" content=\"@Entreculturas\" \/>\n<script type=\"application\/ld+json\" class=\"yoast-schema-graph\">{\"@context\":\"https:\\\/\\\/schema.org\",\"@graph\":[{\"@type\":\"WebPage\",\"@id\":\"https:\\\/\\\/www.entreculturas.org\\\/gl\\\/noticia\\\/mujeres-emprendedoras-paraguay\\\/\",\"url\":\"https:\\\/\\\/www.entreculturas.org\\\/gl\\\/noticia\\\/mujeres-emprendedoras-paraguay\\\/\",\"name\":\"Mujeres emprendedoras en Paraguay - Entreculturas\",\"isPartOf\":{\"@id\":\"https:\\\/\\\/www.entreculturas.org\\\/gl\\\/#website\"},\"primaryImageOfPage\":{\"@id\":\"https:\\\/\\\/www.entreculturas.org\\\/gl\\\/noticia\\\/mujeres-emprendedoras-paraguay\\\/#primaryimage\"},\"image\":{\"@id\":\"https:\\\/\\\/www.entreculturas.org\\\/gl\\\/noticia\\\/mujeres-emprendedoras-paraguay\\\/#primaryimage\"},\"thumbnailUrl\":\"https:\\\/\\\/www.entreculturas.org\\\/wp-content\\\/uploads\\\/2024\\\/02\\\/CTA-43.jpg\",\"datePublished\":\"2024-02-09T09:04:42+00:00\",\"dateModified\":\"2024-03-01T11:32:28+00:00\",\"description\":\"Mujeres emprendedoras en Paraguay encuentran nuevas oportunidades y empoderamiento en el proyecto de confecci\u00f3n de telas.\",\"breadcrumb\":{\"@id\":\"https:\\\/\\\/www.entreculturas.org\\\/gl\\\/noticia\\\/mujeres-emprendedoras-paraguay\\\/#breadcrumb\"},\"inLanguage\":\"gl-ES\",\"potentialAction\":[{\"@type\":\"ReadAction\",\"target\":[\"https:\\\/\\\/www.entreculturas.org\\\/gl\\\/noticia\\\/mujeres-emprendedoras-paraguay\\\/\"]}]},{\"@type\":\"ImageObject\",\"inLanguage\":\"gl-ES\",\"@id\":\"https:\\\/\\\/www.entreculturas.org\\\/gl\\\/noticia\\\/mujeres-emprendedoras-paraguay\\\/#primaryimage\",\"url\":\"https:\\\/\\\/www.entreculturas.org\\\/wp-content\\\/uploads\\\/2024\\\/02\\\/CTA-43.jpg\",\"contentUrl\":\"https:\\\/\\\/www.entreculturas.org\\\/wp-content\\\/uploads\\\/2024\\\/02\\\/CTA-43.jpg\",\"width\":1024,\"height\":683},{\"@type\":\"BreadcrumbList\",\"@id\":\"https:\\\/\\\/www.entreculturas.org\\\/gl\\\/noticia\\\/mujeres-emprendedoras-paraguay\\\/#breadcrumb\",\"itemListElement\":[{\"@type\":\"ListItem\",\"position\":1,\"name\":\"Home\",\"item\":\"https:\\\/\\\/www.entreculturas.org\\\/gl\\\/\"},{\"@type\":\"ListItem\",\"position\":2,\"name\":\"Noticias\",\"item\":\"https:\\\/\\\/www.entreculturas.org\\\/gl\\\/noticias\\\/\"},{\"@type\":\"ListItem\",\"position\":3,\"name\":\"Mujeres emprendedoras en Paraguay\"}]},{\"@type\":\"WebSite\",\"@id\":\"https:\\\/\\\/www.entreculturas.org\\\/gl\\\/#website\",\"url\":\"https:\\\/\\\/www.entreculturas.org\\\/gl\\\/\",\"name\":\"Entreculturas\",\"description\":\"\",\"publisher\":{\"@id\":\"https:\\\/\\\/www.entreculturas.org\\\/gl\\\/#organization\"},\"alternateName\":\"Entreculturas\",\"potentialAction\":[{\"@type\":\"SearchAction\",\"target\":{\"@type\":\"EntryPoint\",\"urlTemplate\":\"https:\\\/\\\/www.entreculturas.org\\\/gl\\\/?s={search_term_string}\"},\"query-input\":{\"@type\":\"PropertyValueSpecification\",\"valueRequired\":true,\"valueName\":\"search_term_string\"}}],\"inLanguage\":\"gl-ES\"},{\"@type\":\"Organization\",\"@id\":\"https:\\\/\\\/www.entreculturas.org\\\/gl\\\/#organization\",\"name\":\"Entreculturas\",\"url\":\"https:\\\/\\\/www.entreculturas.org\\\/gl\\\/\",\"logo\":{\"@type\":\"ImageObject\",\"inLanguage\":\"gl-ES\",\"@id\":\"https:\\\/\\\/www.entreculturas.org\\\/gl\\\/#\\\/schema\\\/logo\\\/image\\\/\",\"url\":\"https:\\\/\\\/www.entreculturas.org\\\/wp-content\\\/uploads\\\/2025\\\/10\\\/ESP.svg\",\"contentUrl\":\"https:\\\/\\\/www.entreculturas.org\\\/wp-content\\\/uploads\\\/2025\\\/10\\\/ESP.svg\",\"caption\":\"Entreculturas\"},\"image\":{\"@id\":\"https:\\\/\\\/www.entreculturas.org\\\/gl\\\/#\\\/schema\\\/logo\\\/image\\\/\"},\"sameAs\":[\"https:\\\/\\\/www.facebook.com\\\/entreculturas\",\"https:\\\/\\\/x.com\\\/Entreculturas\",\"https:\\\/\\\/www.instagram.com\\\/entreculturas\\\/\",\"https:\\\/\\\/www.youtube.com\\\/user\\\/entreculturasvideo\",\"https:\\\/\\\/www.linkedin.com\\\/company\\\/fundacion-entreculturas-ngdo\\\/\",\"https:\\\/\\\/www.flickr.com\\\/photos\\\/98455522@N04\\\/albums\\\/\"]}]}<\/script>\n<!-- \/ Yoast SEO Premium plugin. -->","yoast_head_json":{"title":"Mujeres emprendedoras en Paraguay - Entreculturas","description":"Mujeres emprendedoras en Paraguay encuentran nuevas oportunidades y empoderamiento en el proyecto de confecci\u00f3n de telas.","robots":{"index":"index","follow":"follow","max-snippet":"max-snippet:-1","max-image-preview":"max-image-preview:large","max-video-preview":"max-video-preview:-1"},"canonical":"https:\/\/www.entreculturas.org\/gl\/noticia\/mujeres-emprendedoras-paraguay\/","og_locale":"gl_ES","og_type":"article","og_title":"Mujeres emprendedoras en Paraguay","og_description":"Mujeres emprendedoras en Paraguay encuentran nuevas oportunidades y empoderamiento en el proyecto de confecci\u00f3n de telas.","og_url":"https:\/\/www.entreculturas.org\/gl\/noticia\/mujeres-emprendedoras-paraguay\/","og_site_name":"Entreculturas","article_publisher":"https:\/\/www.facebook.com\/entreculturas","article_modified_time":"2024-03-01T11:32:28+00:00","og_image":[{"width":1024,"height":683,"url":"https:\/\/www.entreculturas.org\/wp-content\/uploads\/2024\/02\/CTA-43.jpg","type":"image\/jpeg"}],"twitter_card":"summary_large_image","twitter_site":"@Entreculturas","schema":{"@context":"https:\/\/schema.org","@graph":[{"@type":"WebPage","@id":"https:\/\/www.entreculturas.org\/gl\/noticia\/mujeres-emprendedoras-paraguay\/","url":"https:\/\/www.entreculturas.org\/gl\/noticia\/mujeres-emprendedoras-paraguay\/","name":"Mujeres emprendedoras en Paraguay - Entreculturas","isPartOf":{"@id":"https:\/\/www.entreculturas.org\/gl\/#website"},"primaryImageOfPage":{"@id":"https:\/\/www.entreculturas.org\/gl\/noticia\/mujeres-emprendedoras-paraguay\/#primaryimage"},"image":{"@id":"https:\/\/www.entreculturas.org\/gl\/noticia\/mujeres-emprendedoras-paraguay\/#primaryimage"},"thumbnailUrl":"https:\/\/www.entreculturas.org\/wp-content\/uploads\/2024\/02\/CTA-43.jpg","datePublished":"2024-02-09T09:04:42+00:00","dateModified":"2024-03-01T11:32:28+00:00","description":"Mujeres emprendedoras en Paraguay encuentran nuevas oportunidades y empoderamiento en el proyecto de confecci\u00f3n de telas.","breadcrumb":{"@id":"https:\/\/www.entreculturas.org\/gl\/noticia\/mujeres-emprendedoras-paraguay\/#breadcrumb"},"inLanguage":"gl-ES","potentialAction":[{"@type":"ReadAction","target":["https:\/\/www.entreculturas.org\/gl\/noticia\/mujeres-emprendedoras-paraguay\/"]}]},{"@type":"ImageObject","inLanguage":"gl-ES","@id":"https:\/\/www.entreculturas.org\/gl\/noticia\/mujeres-emprendedoras-paraguay\/#primaryimage","url":"https:\/\/www.entreculturas.org\/wp-content\/uploads\/2024\/02\/CTA-43.jpg","contentUrl":"https:\/\/www.entreculturas.org\/wp-content\/uploads\/2024\/02\/CTA-43.jpg","width":1024,"height":683},{"@type":"BreadcrumbList","@id":"https:\/\/www.entreculturas.org\/gl\/noticia\/mujeres-emprendedoras-paraguay\/#breadcrumb","itemListElement":[{"@type":"ListItem","position":1,"name":"Home","item":"https:\/\/www.entreculturas.org\/gl\/"},{"@type":"ListItem","position":2,"name":"Noticias","item":"https:\/\/www.entreculturas.org\/gl\/noticias\/"},{"@type":"ListItem","position":3,"name":"Mujeres emprendedoras en Paraguay"}]},{"@type":"WebSite","@id":"https:\/\/www.entreculturas.org\/gl\/#website","url":"https:\/\/www.entreculturas.org\/gl\/","name":"Entreculturas","description":"","publisher":{"@id":"https:\/\/www.entreculturas.org\/gl\/#organization"},"alternateName":"Entreculturas","potentialAction":[{"@type":"SearchAction","target":{"@type":"EntryPoint","urlTemplate":"https:\/\/www.entreculturas.org\/gl\/?s={search_term_string}"},"query-input":{"@type":"PropertyValueSpecification","valueRequired":true,"valueName":"search_term_string"}}],"inLanguage":"gl-ES"},{"@type":"Organization","@id":"https:\/\/www.entreculturas.org\/gl\/#organization","name":"Entreculturas","url":"https:\/\/www.entreculturas.org\/gl\/","logo":{"@type":"ImageObject","inLanguage":"gl-ES","@id":"https:\/\/www.entreculturas.org\/gl\/#\/schema\/logo\/image\/","url":"https:\/\/www.entreculturas.org\/wp-content\/uploads\/2025\/10\/ESP.svg","contentUrl":"https:\/\/www.entreculturas.org\/wp-content\/uploads\/2025\/10\/ESP.svg","caption":"Entreculturas"},"image":{"@id":"https:\/\/www.entreculturas.org\/gl\/#\/schema\/logo\/image\/"},"sameAs":["https:\/\/www.facebook.com\/entreculturas","https:\/\/x.com\/Entreculturas","https:\/\/www.instagram.com\/entreculturas\/","https:\/\/www.youtube.com\/user\/entreculturasvideo","https:\/\/www.linkedin.com\/company\/fundacion-entreculturas-ngdo\/","https:\/\/www.flickr.com\/photos\/98455522@N04\/albums\/"]}]}},"_links":{"self":[{"href":"https:\/\/www.entreculturas.org\/gl\/wp-json\/wp\/v2\/noticia\/20657","targetHints":{"allow":["GET"]}}],"collection":[{"href":"https:\/\/www.entreculturas.org\/gl\/wp-json\/wp\/v2\/noticia"}],"about":[{"href":"https:\/\/www.entreculturas.org\/gl\/wp-json\/wp\/v2\/types\/noticia"}],"wp:featuredmedia":[{"embeddable":true,"href":"https:\/\/www.entreculturas.org\/gl\/wp-json\/wp\/v2\/media\/20667"}],"wp:attachment":[{"href":"https:\/\/www.entreculturas.org\/gl\/wp-json\/wp\/v2\/media?parent=20657"}],"wp:term":[{"taxonomy":"category","embeddable":true,"href":"https:\/\/www.entreculturas.org\/gl\/wp-json\/wp\/v2\/categories?post=20657"},{"taxonomy":"post_tag","embeddable":true,"href":"https:\/\/www.entreculturas.org\/gl\/wp-json\/wp\/v2\/tags?post=20657"},{"taxonomy":"country","embeddable":true,"href":"https:\/\/www.entreculturas.org\/gl\/wp-json\/wp\/v2\/country?post=20657"},{"taxonomy":"cause","embeddable":true,"href":"https:\/\/www.entreculturas.org\/gl\/wp-json\/wp\/v2\/cause?post=20657"}],"curies":[{"name":"wp","href":"https:\/\/api.w.org\/{rel}","templated":true}]}}