{"id":9708,"date":"2023-01-11T08:40:27","date_gmt":"2023-01-11T07:40:27","guid":{"rendered":"https:\/\/www.entreculturas.org\/publicacion\/el-ano-de-mi-vida-ana-maria-volpa-en-peru\/"},"modified":"2024-09-17T13:22:52","modified_gmt":"2024-09-17T11:22:52","slug":"el-ano-de-mi-vida-ana-maria-volpa-en-peru","status":"publish","type":"noticia","link":"https:\/\/www.entreculturas.org\/fr\/noticia\/el-ano-de-mi-vida-ana-maria-volpa-en-peru\/","title":{"rendered":"\u00ab\u00a0El a\u00f1o de mi vida\u00a0\u00bb, Ana Mar\u00eda, VOLPA en Per\u00fa"},"content":{"rendered":"<p>&nbsp;<\/p>\n<p>Todo comenz\u00f3 un mes de octubre de 2020. Mi cuarto y \u00faltimo a\u00f1o estudiando Educaci\u00f3n Social en Burgos, uno de esos d\u00edas en los que comienzas a plantearte el final y cierre de esa etapa, y el comienzo de la siguiente. <strong>Nunca es f\u00e1cil cerrar etapas<\/strong>, y menos, cuando has pasado cuatro a\u00f1os maravillosos, fuera de tu casa. Parte de uno de ellos de Erasmus en Sicilia y otros tres en Burgos, viviendo en completa libertad, y conociendo a personas que han pasado a formar parte de tu familia.&nbsp;<\/p>\n<p>Entonces me paraba a pensar, me planteaba el estudiar otra carrera, realizar un m\u00e1ster al a\u00f1o siguiente, pero no ten\u00eda bien definido cu\u00e1l y estaba segura de que esa decisi\u00f3n marcar\u00eda mi futuro hacia una direcci\u00f3n.<\/p>\n<p><strong>Quer\u00eda dar sentido a mi vida<\/strong>, y fue ah\u00ed, conversando una tarde de domingo sobre c\u00f3mo me encontraba con mi mejor amigo quien me invit\u00f3, aconsej\u00f3 e impuls\u00f3 a <strong>salir un a\u00f1o de mi zona de confort<\/strong>, de mi cultura y de mi vida para poder dedic\u00e1rsela a los dem\u00e1s a trav\u00e9s de un encuentro personal, social y cultural por medio de un voluntariado internacional.<\/p>\n<p>Comenc\u00e9 a investigar y a ponerme en contacto con varias asociaciones que se dedicaran a ello. Uno de mis requisitos fundamentales era que este proceso que iba a vivir estuviera marcado por unos<strong> valores&nbsp;orientados a mis creencias y mi forma de vivir<\/strong> la vida y, de esa misma forma, que me acompa\u00f1ara tambi\u00e9n en mi proceso de crecimiento personal y social.&nbsp;<\/p>\n<p>Siempre me ha gustado y ha formado parte de mi persona el realizar voluntariado, pero cuando me he planteado realizar voluntariados m\u00e1s \u00edntegros, en el extranjero o de m\u00e1s duraci\u00f3n, nunca han salido adelante y pienso que la raz\u00f3n de ello era el no verlo del todo certeros y seguros.&nbsp;<\/p>\n<p>Pero entonces choqu\u00e9 de frente con Entreculturas, y m\u00e1s en concreto con<strong> VOLPA (Voluntariado de larga duraci\u00f3n Pedro Arrupe).<\/strong><\/p>\n<\/p>\n<p>Esta ONG, pertenece a la Compa\u00f1\u00eda de Jes\u00fas y para m\u00ed esto tambi\u00e9n era muy importante por compartir sobre todo valores, como la fe, ya que desde peque\u00f1a me han educado en base a ello y<strong> he estudiado la mayor parte de mi vida en el colegio Jesuitas de Tudela<\/strong>, al igual que mi padre, hermana, t\u00edos y primos. A lo que se suma tambi\u00e9n el haber pasado tantos a\u00f1os de mi vida en el grupo de scouts de ocio y tiempo libre Quetzal, que ha forjado relaciones muy importantes en mi vida.&nbsp;<\/p>\n<p>Y ah\u00ed, en ese momento, fue donde comenz\u00f3 todo. Contact\u00e9 con la responsable de Burgos v\u00eda correo electr\u00f3nico y me brindaron la posibilidad de tener una entrevista y poder ir poco a poco acerc\u00e1ndonos m\u00e1s. Como he dicho anteriormente, en aquel entonces estaba estudiando en Burgos, as\u00ed que me adjudicaron a una acompa\u00f1ante de all\u00ed.&nbsp;<\/p>\n<p>Pudimos ir <strong>descubriendo motivaciones, inseguridades, miedos, fronteras<\/strong>, acercarme a la persona que realmente era yo en ese momento&#8230; Este proceso me permiti\u00f3 conocerme a m\u00ed mucho m\u00e1s personalmente y mostrar a los dem\u00e1s qui\u00e9n era realmente y que pod\u00eda dar y ofrecer de m\u00ed. Tambi\u00e9n fue un proceso en el que tuve que aferrarme fuerte a mi motivaci\u00f3n principal, lo que quer\u00eda y deseaba, el poder llegar un d\u00eda a ser voluntaria en terreno, ya que por los dos a\u00f1os de pandemia ocasionados por la Covid- 19, fue dif\u00edcil saber el momento en el que iba a partir y las condiciones en las que se dar\u00eda.&nbsp;&nbsp;<\/p>\n<p>No todo fue f\u00e1cil durante ese tiempo de preparaci\u00f3n, ya que como digo, fue un proceso largo y las bases estaban muy bien sustentadas en cerciorarse el \u00e9xito en el env\u00edo a terreno de la persona VOLPA. No solo me ofrecieron <strong>acompa\u00f1amiento<\/strong> durante estos meses de preparaci\u00f3n, sino que estando en terreno tambi\u00e9n lo recibo y en mi vuelta a Espa\u00f1a tambi\u00e9n lo ser\u00e1.<\/p>\n<p>Siempre al ser humano le surgen dudas, cuestionamientos, y miedos, y quien me conoce bien sabe que soy una persona muy familiar, que necesita estar cerca de las personas a las que quiero, y que ellas son muy importantes para m\u00ed en la toma de decisiones y mi vida general. Por ello, un mes m\u00e1s antes de empezar a adentrarme en este proceso de formaci\u00f3n, me sent\u00e9 con mis padres y les cont\u00e9 la idea que rondaba por mi cabeza: dedicar un a\u00f1o al servicio a los dem\u00e1s.&nbsp;&nbsp;<\/p>\n<p><img decoding=\"async\" alt=\"\" src=\"https:\/\/www.entreculturas.org\/wp-content\/uploads\/2023\/12\/img_1158.jpeg\" style=\"width: 800px; height: 600px;\"><\/p>\n<p>Como siempre me apoyaron, aunque esta vez se lo pusiera dif\u00edcil, ya que les estaba proponiendo irme un a\u00f1o fuera, lejos de ellos.&nbsp; Aun as\u00ed me <strong>acompa\u00f1aron en el camino hasta el d\u00eda en el que toc\u00f3 hacer las maletas para viajar a Per\u00fa<\/strong>.&nbsp;<\/p>\n<p>M\u00e1s concretamente al distrito de <strong>Andahuaylilla<\/strong>s, situado en la provincia de Quispicanchi, departamento de Cusco. Solo puedo decir a d\u00eda de hoy y llevando nueve meses aqu\u00ed, que <strong>este era mi destino<\/strong>, y que sin conocer los dem\u00e1s lugares que ofrece VOLPA, en Am\u00e9rica Latina, \u00c1frica o Asia, a d\u00eda de hoy lo elegir\u00eda una y otra vez.&nbsp;<\/p>\n<p>Por lo general cuando terminas el proceso de formaci\u00f3n durante nueve meses y tras tener una reuni\u00f3n final con la coordinadora del programa, es ah\u00ed donde suelen ofrecer dos destinos que se asemejan a tus caracter\u00edsticas y a tus afinidades como persona. En mi caso, y en el del resto de compa\u00f1eros con los que compart\u00eda este proceso, como est\u00e1bamos inmersos en una pandemia mundial, este fue \u00fanicamente el destino ofrecido, y qu\u00e9 bueno, porque con lo que me cuesta tomar las decisiones importantes y sin conocerlo de cerca, hubiera sido complicado.&nbsp;<\/p>\n<p>A lo largo de la formaci\u00f3n tambi\u00e9n me ofrecieron la posibilidad de venir acompa\u00f1ada de otras VOLPA, aunque no sea algo que siempre pueda darse y despu\u00e9s cada una de nosotras fu\u00e9ramos a ir destinadas a un programa e instituci\u00f3n diferente a trabajar. Creo que las tres estamos creciendo al lado de las otras, compartiendo lo bueno y lo no tanto.&nbsp;<\/p>\n<p><img decoding=\"async\" alt=\"\" src=\"https:\/\/www.entreculturas.org\/wp-content\/uploads\/2023\/12\/img_3034.jpg\" style=\"width: 800px; height: 600px;\"><\/p>\n<p><strong>Llegaba a Per\u00fa un 1 de febrero<\/strong> con resaca de tantas despedidas en Espa\u00f1a, de amigos y amigas, familiares, trabajo\u2026 pero sobre todo llena de ganas, emociones y sentimientos, y sin saber que este tiempo me cambiar\u00eda tanto la vida, la forma de vivirla y que a partir de ah\u00ed ser\u00eda este peque\u00f1o agente de cambio en la sociedad, que realmente es lo que propone y busca la experiencia VOLPA.&nbsp;<\/p>\n<p>Recuerdo que al llegar<strong> todo era diferente a lo que yo hab\u00eda imaginado<\/strong>, pero las ganas superaban y ganaban siempre todo.&nbsp;<\/p>\n<p>Lo m\u00e1s bonito desde el principio fue la <strong>gran acogida<\/strong> por parte de todas las personas con las que nos \u00edbamos encontrando y su generosidad. El compartir en muchas ocasiones lo justo que ten\u00edan con los dem\u00e1s, y la felicidad que eso conlleva.&nbsp;<\/p>\n<p>La primera semana fue para adaptarme poco a poco a la altura, al horario, (aunque no me cost\u00f3 apenas), a Andahuaylillas y a la vida aqu\u00ed, y la siguiente semana ya poder empezar a trabajar. El primer mes fue sobre todo de conocer, acercarme a la cultura de Per\u00fa, ya que iba a pasar a formar parte de m\u00ed y yo de ella, escuchar, empaparme de sus historias y sobre todo aprender mucho y, de esa manera, poder<strong> ir conociendo y compartiendo<\/strong> junto a mi equipo para observar de cerca la parte en la que yo iba a apoyar.&nbsp;<\/p>\n<p>El proyecto al que yo llegu\u00e9 destinada, recibe el nombre de <strong>PERFAL 44<\/strong>, que quiere decir Proyecto de Educaci\u00f3n Rural Fe y Alegr\u00eda 44 &#8211; Andahuaylillas. <strong>Es una red que coordina las diferentes Instituciones educativas rurales de la zona de Quispicanchi<\/strong>. Se diferencia de otros por buscar una <strong>educaci\u00f3n popular de calidad<\/strong>, en la que ni\u00f1os, ni\u00f1as y adolescentes siempre sean los protagonistas junto a sus familias y sean ellos y ellas quienes salgan fortalecidos y reforzados para la vida.&nbsp;<\/p>\n<p><img decoding=\"async\" alt=\"\" src=\"https:\/\/www.entreculturas.org\/wp-content\/uploads\/2023\/12\/img_1128.jpg\" style=\"width: 800px; height: 533px;\"><\/p>\n<p>Por lo general, mis semanas transcurren en Ocongate, otro de los distritos pertenecientes a Cusco. Los lunes salimos hacia all\u00ed temprano casi todo el equipo y regresamos el jueves en la tarde. Lo suyo es quedarse all\u00ed a vivir y compartir estos d\u00edas con el resto del equipo, ya que las escuelas rurales a las que tratamos de llegar cuentan con grandes distancias unas de otras, las carreteras en muchos de los casos no cuentan con las mejores infraestructuras y de esta manera se hace m\u00e1s f\u00e1cil y mejor la labor.&nbsp;<\/p>\n<p>Mis expectativas no eran tan altas como lo han llegado a ser, <strong>no esperaba aprender tanto durante este tiempo<\/strong>. Me han permitido conocer cada rinc\u00f3n de lo que ellos hacen en su trabajo y me han hecho sentir una m\u00e1s desde el primer momento, empoder\u00e1ndome y haci\u00e9ndome perder mis miedos en muchas situaciones.&nbsp;<\/p>\n<p>Siempre dicen que un VOLPA, m\u00e1s que venir a hacer (porque es la imagen que toda persona tiene al pensar en alguien que sale de voluntario a otro pa\u00eds), es el estar y el dejarse empapar por todo, y a d\u00eda de hoy lo puedo corroborar. <strong>Siento que soy muy privilegiada por estar donde estoy<\/strong> y con quien estoy con todo lo que tengo, una familia peruana.&nbsp;<\/p>\n<p><strong>El trabajo fundamental que he desarrollado en este tiempo ha sido con ni\u00f1os, ni\u00f1as y adolescentes<\/strong>. Los protagonistas m\u00e1s importantes de todo esto y sin los cuales no hubiera sido nada igual. Al comienzo del a\u00f1o, sobre todo, fueron tiempos de acompa\u00f1amiento y visitas domiciliarias a estos ni\u00f1os para conocer su situaci\u00f3n. As\u00ed como la implementaci\u00f3n de rincones de estudio, talleres con docentes, escuelas con padres y madres de familia, ferias en las que mostraban sus trabajos realizados en contra de la violencia\u2026 y muchas actividades m\u00e1s.&nbsp;<\/p>\n<p><img decoding=\"async\" alt=\"\" src=\"https:\/\/www.entreculturas.org\/wp-content\/uploads\/2023\/12\/img_6241.jpeg\" style=\"width: 800px; height: 600px;\"><\/p>\n<p>Pero, sobre todo, mi labor ha sido el desarrollo de un programa (que el a\u00f1o previo ya hab\u00eda venido desarroll\u00e1ndose) para desenvolver y mejorar las habilidades socioemocionales de estos estudiantes, ya que despu\u00e9s de los dos a\u00f1os de pandemia presentaban sobre todo altos niveles de retraimiento social, timidez y ansiedad. Esto lo pudimos conocer a trav\u00e9s de un test al inicio del curso acad\u00e9mico. As\u00ed que, a partir de ah\u00ed, realizamos un calendario que seguimos semana tras semana (cuando no hubiera otras actividades) para la consecuci\u00f3n de nuestros objetivos. Esto se desarroll\u00f3 en tres bloques, el primero con din\u00e1micas l\u00fadicas en las que, a trav\u00e9s del juego, los ni\u00f1os y ni\u00f1as pudieran expresar sus emociones y sentimientos. Un segundo bloque en el que la actividad principal fueron los poli ritmos y recitar de poes\u00edas y canciones y&nbsp; un \u00faltimo bloque que seguimos trabajando ahora, en el que los estudiantes comenzaron desarrollando su propio cuento y el \u00faltimo d\u00eda realizar\u00e1n delante de sus dem\u00e1s compa\u00f1eros de grados inferiores.&nbsp;<\/p>\n<p>Esta parte es la m\u00e1s bonita de todo el a\u00f1o, mi ilusi\u00f3n por la cual quiero levantarme cada d\u00eda desde que llegu\u00e9 a Per\u00fa y lo que ha hecho que ning\u00fan d\u00eda haya pensado el querer volver a mi querida Tudela, de donde yo soy.&nbsp; El pasar tiempo con los ni\u00f1os y ni\u00f1as, el sonre\u00edr junto a ellos, el poder contribuir en la medida de mis posibilidades a la mejora de su educaci\u00f3n, y, sobre todo, en <strong>verlos crecer y mejorar sus capacidades con el paso del tiempo, es lo mejor que me llevo<\/strong>. Y obviamente no ser\u00eda posible sin el pedazo de equipo que me acompa\u00f1a y quien ha depositado su confianza en m\u00ed.&nbsp;<\/p>\n<p>Si me dijeran que me quedara con un momento, me quedo grabado, el tiempo en el que llego a las escuelas y los ni\u00f1as y ni\u00f1os me vienen a abrazar gritando, y cuando no me dejan irme de vuelta, incluso queriendo llevarme a comer con ellas a sus casas.&nbsp;<\/p>\n<p><img decoding=\"async\" alt=\"\" src=\"https:\/\/www.entreculturas.org\/wp-content\/uploads\/2023\/12\/ana_maria.jpg\" style=\"width: 800px; height: 780px;\"><\/p>\n<p>Por otro lado, las semanas que no subimos a Ocongate porque toca trabajar en la oficina, comparto casa con cuatro profesoras de la escuela primaria y secundaria de aqu\u00ed de Andahuaylillas y las otras dos compa\u00f1eras VOLPA. Este <strong>tiempo compartido<\/strong> tambi\u00e9n est\u00e1 siendo muy bonito y enriquecedor, acercando su cultura peruana y la nuestra.&nbsp;&nbsp;<\/p>\n<p>Realmente, pienso que <strong>esta experiencia es un regalo de la vida<\/strong>, me siento muy afortunada de formar parte de esto y me hace feliz el ver c\u00f3mo sigue una generaci\u00f3n de personas repletas de energ\u00eda y de ganas por vivir esto. Ahora solo me quedan tres meses, de los que pienso seguir disfrut\u00e1ndolos cada instante como he hecho hasta ahora, descubriendo cada rinc\u00f3n m\u00e1s especial que el anterior de Per\u00fa, pero, sobre todo, de su gente, y d\u00e1ndole valor a lo que realmente lo tiene.&nbsp;<\/p>\n<p><strong>Solo me queda invitar a cada persona que me lea, a ser una parte de VOLPA<\/strong>, como lo estoy siendo yo y lo seguir\u00e9 siendo en mi vida, porque ya Per\u00fa como he dicho previamente, forma parte de mi y yo de \u00e9l. Ojal\u00e1 sepa llevar esto a Espa\u00f1a en mi vuelta\u2026&nbsp;&nbsp;<\/p>\n","protected":false},"excerpt":{"rendered":"<p>&nbsp; Todo comenz\u00f3 un mes de octubre de 2020. Mi cuarto y \u00faltimo a\u00f1o estudiando Educaci\u00f3n Social en Burgos, uno de esos d\u00edas en los que comienzas a plantearte el final y cierre de esa etapa, y el comienzo de la siguiente. Nunca es f\u00e1cil cerrar etapas, y menos, cuando has pasado cuatro a\u00f1os maravillosos, fuera de tu casa. Parte de uno de ellos de Erasmus en Sicilia y otros tres en Burgos, viviendo en completa libertad, y conociendo a personas que han pasado a formar parte de tu familia.&nbsp; Entonces me paraba a pensar, me planteaba el estudiar otra carrera, realizar un m\u00e1ster al a\u00f1o siguiente, pero no ten\u00eda bien definido cu\u00e1l y estaba segura de que esa decisi\u00f3n marcar\u00eda mi futuro hacia una direcci\u00f3n. Quer\u00eda dar sentido a mi vida, y fue ah\u00ed, conversando una tarde de domingo sobre c\u00f3mo me encontraba con mi mejor amigo quien me [&hellip;]<\/p>\n","protected":false},"featured_media":9714,"template":"single-noticia","meta":{"_acf_changed":false},"categories":[7],"tags":[191],"country":[],"cause":[],"class_list":["post-9708","noticia","type-noticia","status-publish","has-post-thumbnail","hentry","category-noticia","tag-voluntariado"],"acf":[],"yoast_head":"<!-- This site is optimized with the Yoast SEO Premium plugin v21.6 (Yoast SEO v27.5) - https:\/\/yoast.com\/product\/yoast-seo-premium-wordpress\/ -->\n<title>&quot;El a\u00f1o de mi vida&quot;, Ana Mar\u00eda, VOLPA en Per\u00fa - Entreculturas<\/title>\n<meta name=\"robots\" content=\"index, follow, max-snippet:-1, max-image-preview:large, max-video-preview:-1\" \/>\n<link rel=\"canonical\" href=\"https:\/\/www.entreculturas.org\/fr\/noticia\/el-ano-de-mi-vida-ana-maria-volpa-en-peru\/\" \/>\n<meta property=\"og:locale\" content=\"fr_FR\" \/>\n<meta property=\"og:type\" content=\"article\" \/>\n<meta property=\"og:title\" content=\"&quot;El a\u00f1o de mi vida&quot;, Ana Mar\u00eda, VOLPA en Per\u00fa\" \/>\n<meta property=\"og:description\" content=\"&nbsp; Todo comenz\u00f3 un mes de octubre de 2020. Mi cuarto y \u00faltimo a\u00f1o estudiando Educaci\u00f3n Social en Burgos, uno de esos d\u00edas en los que comienzas a plantearte el final y cierre de esa etapa, y el comienzo de la siguiente. Nunca es f\u00e1cil cerrar etapas, y menos, cuando has pasado cuatro a\u00f1os maravillosos, fuera de tu casa. Parte de uno de ellos de Erasmus en Sicilia y otros tres en Burgos, viviendo en completa libertad, y conociendo a personas que han pasado a formar parte de tu familia.&nbsp; Entonces me paraba a pensar, me planteaba el estudiar otra carrera, realizar un m\u00e1ster al a\u00f1o siguiente, pero no ten\u00eda bien definido cu\u00e1l y estaba segura de que esa decisi\u00f3n marcar\u00eda mi futuro hacia una direcci\u00f3n. Quer\u00eda dar sentido a mi vida, y fue ah\u00ed, conversando una tarde de domingo sobre c\u00f3mo me encontraba con mi mejor amigo quien me [&hellip;]\" \/>\n<meta property=\"og:url\" content=\"https:\/\/www.entreculturas.org\/fr\/noticia\/el-ano-de-mi-vida-ana-maria-volpa-en-peru\/\" \/>\n<meta property=\"og:site_name\" content=\"Entreculturas\" \/>\n<meta property=\"article:publisher\" content=\"https:\/\/www.facebook.com\/entreculturas\" \/>\n<meta property=\"article:modified_time\" content=\"2024-09-17T11:22:52+00:00\" \/>\n<meta property=\"og:image\" content=\"https:\/\/www.entreculturas.org\/wp-content\/uploads\/2023\/12\/featured.jpg\" \/>\n\t<meta property=\"og:image:width\" content=\"500\" \/>\n\t<meta property=\"og:image:height\" content=\"333\" \/>\n\t<meta property=\"og:image:type\" content=\"image\/jpeg\" \/>\n<meta name=\"twitter:card\" content=\"summary_large_image\" \/>\n<meta name=\"twitter:site\" content=\"@Entreculturas\" \/>\n<script type=\"application\/ld+json\" class=\"yoast-schema-graph\">{\"@context\":\"https:\\\/\\\/schema.org\",\"@graph\":[{\"@type\":\"WebPage\",\"@id\":\"https:\\\/\\\/www.entreculturas.org\\\/fr\\\/noticia\\\/el-ano-de-mi-vida-ana-maria-volpa-en-peru\\\/\",\"url\":\"https:\\\/\\\/www.entreculturas.org\\\/fr\\\/noticia\\\/el-ano-de-mi-vida-ana-maria-volpa-en-peru\\\/\",\"name\":\"\\\"El a\u00f1o de mi vida\\\", Ana Mar\u00eda, VOLPA en Per\u00fa - Entreculturas\",\"isPartOf\":{\"@id\":\"https:\\\/\\\/www.entreculturas.org\\\/fr\\\/#website\"},\"primaryImageOfPage\":{\"@id\":\"https:\\\/\\\/www.entreculturas.org\\\/fr\\\/noticia\\\/el-ano-de-mi-vida-ana-maria-volpa-en-peru\\\/#primaryimage\"},\"image\":{\"@id\":\"https:\\\/\\\/www.entreculturas.org\\\/fr\\\/noticia\\\/el-ano-de-mi-vida-ana-maria-volpa-en-peru\\\/#primaryimage\"},\"thumbnailUrl\":\"https:\\\/\\\/www.entreculturas.org\\\/wp-content\\\/uploads\\\/2023\\\/12\\\/featured.jpg\",\"datePublished\":\"2023-01-11T07:40:27+00:00\",\"dateModified\":\"2024-09-17T11:22:52+00:00\",\"breadcrumb\":{\"@id\":\"https:\\\/\\\/www.entreculturas.org\\\/fr\\\/noticia\\\/el-ano-de-mi-vida-ana-maria-volpa-en-peru\\\/#breadcrumb\"},\"inLanguage\":\"fr-FR\",\"potentialAction\":[{\"@type\":\"ReadAction\",\"target\":[\"https:\\\/\\\/www.entreculturas.org\\\/fr\\\/noticia\\\/el-ano-de-mi-vida-ana-maria-volpa-en-peru\\\/\"]}]},{\"@type\":\"ImageObject\",\"inLanguage\":\"fr-FR\",\"@id\":\"https:\\\/\\\/www.entreculturas.org\\\/fr\\\/noticia\\\/el-ano-de-mi-vida-ana-maria-volpa-en-peru\\\/#primaryimage\",\"url\":\"https:\\\/\\\/www.entreculturas.org\\\/wp-content\\\/uploads\\\/2023\\\/12\\\/featured.jpg\",\"contentUrl\":\"https:\\\/\\\/www.entreculturas.org\\\/wp-content\\\/uploads\\\/2023\\\/12\\\/featured.jpg\",\"width\":500,\"height\":333},{\"@type\":\"BreadcrumbList\",\"@id\":\"https:\\\/\\\/www.entreculturas.org\\\/fr\\\/noticia\\\/el-ano-de-mi-vida-ana-maria-volpa-en-peru\\\/#breadcrumb\",\"itemListElement\":[{\"@type\":\"ListItem\",\"position\":1,\"name\":\"Home\",\"item\":\"https:\\\/\\\/www.entreculturas.org\\\/fr\\\/\"},{\"@type\":\"ListItem\",\"position\":2,\"name\":\"Noticias\",\"item\":\"https:\\\/\\\/www.entreculturas.org\\\/fr\\\/noticias\\\/\"},{\"@type\":\"ListItem\",\"position\":3,\"name\":\"\u00ab\u00a0El a\u00f1o de mi vida\u00a0\u00bb, Ana Mar\u00eda, VOLPA en Per\u00fa\"}]},{\"@type\":\"WebSite\",\"@id\":\"https:\\\/\\\/www.entreculturas.org\\\/fr\\\/#website\",\"url\":\"https:\\\/\\\/www.entreculturas.org\\\/fr\\\/\",\"name\":\"Entreculturas\",\"description\":\"\",\"publisher\":{\"@id\":\"https:\\\/\\\/www.entreculturas.org\\\/fr\\\/#organization\"},\"alternateName\":\"Entreculturas\",\"potentialAction\":[{\"@type\":\"SearchAction\",\"target\":{\"@type\":\"EntryPoint\",\"urlTemplate\":\"https:\\\/\\\/www.entreculturas.org\\\/fr\\\/?s={search_term_string}\"},\"query-input\":{\"@type\":\"PropertyValueSpecification\",\"valueRequired\":true,\"valueName\":\"search_term_string\"}}],\"inLanguage\":\"fr-FR\"},{\"@type\":\"Organization\",\"@id\":\"https:\\\/\\\/www.entreculturas.org\\\/fr\\\/#organization\",\"name\":\"Entreculturas\",\"url\":\"https:\\\/\\\/www.entreculturas.org\\\/fr\\\/\",\"logo\":{\"@type\":\"ImageObject\",\"inLanguage\":\"fr-FR\",\"@id\":\"https:\\\/\\\/www.entreculturas.org\\\/fr\\\/#\\\/schema\\\/logo\\\/image\\\/\",\"url\":\"https:\\\/\\\/www.entreculturas.org\\\/wp-content\\\/uploads\\\/2025\\\/10\\\/ESP.svg\",\"contentUrl\":\"https:\\\/\\\/www.entreculturas.org\\\/wp-content\\\/uploads\\\/2025\\\/10\\\/ESP.svg\",\"caption\":\"Entreculturas\"},\"image\":{\"@id\":\"https:\\\/\\\/www.entreculturas.org\\\/fr\\\/#\\\/schema\\\/logo\\\/image\\\/\"},\"sameAs\":[\"https:\\\/\\\/www.facebook.com\\\/entreculturas\",\"https:\\\/\\\/x.com\\\/Entreculturas\",\"https:\\\/\\\/www.instagram.com\\\/entreculturas\\\/\",\"https:\\\/\\\/www.youtube.com\\\/user\\\/entreculturasvideo\",\"https:\\\/\\\/www.linkedin.com\\\/company\\\/fundacion-entreculturas-ngdo\\\/\",\"https:\\\/\\\/www.flickr.com\\\/photos\\\/98455522@N04\\\/albums\\\/\"]}]}<\/script>\n<!-- \/ Yoast SEO Premium plugin. -->","yoast_head_json":{"title":"\"El a\u00f1o de mi vida\", Ana Mar\u00eda, VOLPA en Per\u00fa - Entreculturas","robots":{"index":"index","follow":"follow","max-snippet":"max-snippet:-1","max-image-preview":"max-image-preview:large","max-video-preview":"max-video-preview:-1"},"canonical":"https:\/\/www.entreculturas.org\/fr\/noticia\/el-ano-de-mi-vida-ana-maria-volpa-en-peru\/","og_locale":"fr_FR","og_type":"article","og_title":"\"El a\u00f1o de mi vida\", Ana Mar\u00eda, VOLPA en Per\u00fa","og_description":"&nbsp; Todo comenz\u00f3 un mes de octubre de 2020. Mi cuarto y \u00faltimo a\u00f1o estudiando Educaci\u00f3n Social en Burgos, uno de esos d\u00edas en los que comienzas a plantearte el final y cierre de esa etapa, y el comienzo de la siguiente. Nunca es f\u00e1cil cerrar etapas, y menos, cuando has pasado cuatro a\u00f1os maravillosos, fuera de tu casa. Parte de uno de ellos de Erasmus en Sicilia y otros tres en Burgos, viviendo en completa libertad, y conociendo a personas que han pasado a formar parte de tu familia.&nbsp; Entonces me paraba a pensar, me planteaba el estudiar otra carrera, realizar un m\u00e1ster al a\u00f1o siguiente, pero no ten\u00eda bien definido cu\u00e1l y estaba segura de que esa decisi\u00f3n marcar\u00eda mi futuro hacia una direcci\u00f3n. Quer\u00eda dar sentido a mi vida, y fue ah\u00ed, conversando una tarde de domingo sobre c\u00f3mo me encontraba con mi mejor amigo quien me [&hellip;]","og_url":"https:\/\/www.entreculturas.org\/fr\/noticia\/el-ano-de-mi-vida-ana-maria-volpa-en-peru\/","og_site_name":"Entreculturas","article_publisher":"https:\/\/www.facebook.com\/entreculturas","article_modified_time":"2024-09-17T11:22:52+00:00","og_image":[{"width":500,"height":333,"url":"https:\/\/www.entreculturas.org\/wp-content\/uploads\/2023\/12\/featured.jpg","type":"image\/jpeg"}],"twitter_card":"summary_large_image","twitter_site":"@Entreculturas","schema":{"@context":"https:\/\/schema.org","@graph":[{"@type":"WebPage","@id":"https:\/\/www.entreculturas.org\/fr\/noticia\/el-ano-de-mi-vida-ana-maria-volpa-en-peru\/","url":"https:\/\/www.entreculturas.org\/fr\/noticia\/el-ano-de-mi-vida-ana-maria-volpa-en-peru\/","name":"\"El a\u00f1o de mi vida\", Ana Mar\u00eda, VOLPA en Per\u00fa - Entreculturas","isPartOf":{"@id":"https:\/\/www.entreculturas.org\/fr\/#website"},"primaryImageOfPage":{"@id":"https:\/\/www.entreculturas.org\/fr\/noticia\/el-ano-de-mi-vida-ana-maria-volpa-en-peru\/#primaryimage"},"image":{"@id":"https:\/\/www.entreculturas.org\/fr\/noticia\/el-ano-de-mi-vida-ana-maria-volpa-en-peru\/#primaryimage"},"thumbnailUrl":"https:\/\/www.entreculturas.org\/wp-content\/uploads\/2023\/12\/featured.jpg","datePublished":"2023-01-11T07:40:27+00:00","dateModified":"2024-09-17T11:22:52+00:00","breadcrumb":{"@id":"https:\/\/www.entreculturas.org\/fr\/noticia\/el-ano-de-mi-vida-ana-maria-volpa-en-peru\/#breadcrumb"},"inLanguage":"fr-FR","potentialAction":[{"@type":"ReadAction","target":["https:\/\/www.entreculturas.org\/fr\/noticia\/el-ano-de-mi-vida-ana-maria-volpa-en-peru\/"]}]},{"@type":"ImageObject","inLanguage":"fr-FR","@id":"https:\/\/www.entreculturas.org\/fr\/noticia\/el-ano-de-mi-vida-ana-maria-volpa-en-peru\/#primaryimage","url":"https:\/\/www.entreculturas.org\/wp-content\/uploads\/2023\/12\/featured.jpg","contentUrl":"https:\/\/www.entreculturas.org\/wp-content\/uploads\/2023\/12\/featured.jpg","width":500,"height":333},{"@type":"BreadcrumbList","@id":"https:\/\/www.entreculturas.org\/fr\/noticia\/el-ano-de-mi-vida-ana-maria-volpa-en-peru\/#breadcrumb","itemListElement":[{"@type":"ListItem","position":1,"name":"Home","item":"https:\/\/www.entreculturas.org\/fr\/"},{"@type":"ListItem","position":2,"name":"Noticias","item":"https:\/\/www.entreculturas.org\/fr\/noticias\/"},{"@type":"ListItem","position":3,"name":"\u00ab\u00a0El a\u00f1o de mi vida\u00a0\u00bb, Ana Mar\u00eda, VOLPA en Per\u00fa"}]},{"@type":"WebSite","@id":"https:\/\/www.entreculturas.org\/fr\/#website","url":"https:\/\/www.entreculturas.org\/fr\/","name":"Entreculturas","description":"","publisher":{"@id":"https:\/\/www.entreculturas.org\/fr\/#organization"},"alternateName":"Entreculturas","potentialAction":[{"@type":"SearchAction","target":{"@type":"EntryPoint","urlTemplate":"https:\/\/www.entreculturas.org\/fr\/?s={search_term_string}"},"query-input":{"@type":"PropertyValueSpecification","valueRequired":true,"valueName":"search_term_string"}}],"inLanguage":"fr-FR"},{"@type":"Organization","@id":"https:\/\/www.entreculturas.org\/fr\/#organization","name":"Entreculturas","url":"https:\/\/www.entreculturas.org\/fr\/","logo":{"@type":"ImageObject","inLanguage":"fr-FR","@id":"https:\/\/www.entreculturas.org\/fr\/#\/schema\/logo\/image\/","url":"https:\/\/www.entreculturas.org\/wp-content\/uploads\/2025\/10\/ESP.svg","contentUrl":"https:\/\/www.entreculturas.org\/wp-content\/uploads\/2025\/10\/ESP.svg","caption":"Entreculturas"},"image":{"@id":"https:\/\/www.entreculturas.org\/fr\/#\/schema\/logo\/image\/"},"sameAs":["https:\/\/www.facebook.com\/entreculturas","https:\/\/x.com\/Entreculturas","https:\/\/www.instagram.com\/entreculturas\/","https:\/\/www.youtube.com\/user\/entreculturasvideo","https:\/\/www.linkedin.com\/company\/fundacion-entreculturas-ngdo\/","https:\/\/www.flickr.com\/photos\/98455522@N04\/albums\/"]}]}},"_links":{"self":[{"href":"https:\/\/www.entreculturas.org\/fr\/wp-json\/wp\/v2\/noticia\/9708","targetHints":{"allow":["GET"]}}],"collection":[{"href":"https:\/\/www.entreculturas.org\/fr\/wp-json\/wp\/v2\/noticia"}],"about":[{"href":"https:\/\/www.entreculturas.org\/fr\/wp-json\/wp\/v2\/types\/noticia"}],"wp:featuredmedia":[{"embeddable":true,"href":"https:\/\/www.entreculturas.org\/fr\/wp-json\/wp\/v2\/media\/9714"}],"wp:attachment":[{"href":"https:\/\/www.entreculturas.org\/fr\/wp-json\/wp\/v2\/media?parent=9708"}],"wp:term":[{"taxonomy":"category","embeddable":true,"href":"https:\/\/www.entreculturas.org\/fr\/wp-json\/wp\/v2\/categories?post=9708"},{"taxonomy":"post_tag","embeddable":true,"href":"https:\/\/www.entreculturas.org\/fr\/wp-json\/wp\/v2\/tags?post=9708"},{"taxonomy":"country","embeddable":true,"href":"https:\/\/www.entreculturas.org\/fr\/wp-json\/wp\/v2\/country?post=9708"},{"taxonomy":"cause","embeddable":true,"href":"https:\/\/www.entreculturas.org\/fr\/wp-json\/wp\/v2\/cause?post=9708"}],"curies":[{"name":"wp","href":"https:\/\/api.w.org\/{rel}","templated":true}]}}