{"id":9686,"date":"2022-04-01T10:00:03","date_gmt":"2022-04-01T08:00:03","guid":{"rendered":"https:\/\/www.entreculturas.org\/publicacion\/claudia-joaquina-rodriguez-representante-del-consejo\/"},"modified":"2024-09-17T13:35:22","modified_gmt":"2024-09-17T11:35:22","slug":"claudia-joaquina-rodriguez-representante-del-consejo","status":"publish","type":"noticia","link":"https:\/\/www.entreculturas.org\/fr\/noticia\/claudia-joaquina-rodriguez-representante-del-consejo\/","title":{"rendered":"Claudia Joaquina Rodr\u00edguez &#8211; Representante del Consejo Estatal de Participaci\u00f3n de la Infancia y de la Adolescencia."},"content":{"rendered":"<p>Me llamo Claudia Joaquina Rodr\u00edguez, m\u00e1s conocida como CJ. Tengo 15 a\u00f1o, y pertenezco a la Red Solidaria de J\u00f3venes (RSJ) de Extremadura. He sido seleccionada para formar parte del nuevo Consejo Estatal de Participaci\u00f3n de Infancia y Adolescencia, promovido por el Ministerio de Derechos Sociales y Agenda 2030,&nbsp; formado por 34 chicos y chicas de entre 8 y 17 a\u00f1os, junto a mi compa\u00f1era June Elyse Benito Lucero de la RSJ de Galicia, que tambi\u00e9n ha sido seleccionada como suplente.&nbsp;<\/p>\n<p>Ambas representamos a centenares de chicas y chicos de la RSJ de toda Espa\u00f1a, que estamos sensibilizados sobre la importancia de la igualdad de g\u00e9nero, la sostenibilidad ambiental y el fomento de la interculturalidad. Hemos sido unas de las 34 elegidas de entre m\u00e1s de 120 candidaturas recibidas por parte del Gobierno.&nbsp;<\/p>\n<p>Me encuentro dentro de la RSJ de la Fundaci\u00f3n Entreculturas, y nuestro proyecto de Educaci\u00f3n para la ciudadan\u00eda global est\u00e1 financiado a nivel regional por la Agencia Extreme\u00f1a de Cooperaci\u00f3n Internacional para el Desarrollo (AEXCID)<\/p>\n<p>Entr\u00e9 en la RSJ hace 4 a\u00f1os, en 1\u00ba de la ESO, porque mi profesora Mar\u00eda Cruz me dijo que en el instituto hab\u00eda este espacio. Al entrar v\u00ed que se hablaba de ciertos temas que a m\u00ed me interesaban y que no se sol\u00edan tratar en otros espacios del instituto. Entonces empec\u00e9 a ir a actividades, a hablar en los recreos, donde nos reunimos, e iba viendo c\u00f3mo todo iba progresando. Hac\u00edamos charlas de sensibilizaci\u00f3n que es algo que me encanta, ya que se empieza a conversar sobre temas de g\u00e9nero y de educaci\u00f3n de Espa\u00f1a, pero tambi\u00e9n de otros pa\u00edses.<\/p>\n<p>Del Consejo Estatal de Participaci\u00f3n de Infancia y Adolescencia espero que se aborden en \u00e9l muchos temas sociales, y que podamos expresar nuestras inquietudes. Lo que puedo aportar al Consejo son temas concretos, por ejemplo, puedo aportar informaci\u00f3n y di\u00e1logo sobre los menores soldados, sobre cuestiones relacionadas con el D\u00eda Internacional de la eliminaci\u00f3n de la violencia contra la mujer o sobre el reciclaje, cuestiones que abordamos con la RSJ en el instituto. Ahora mismo tengo much\u00edsimas ganas de conocer en profundidad los problemas o cuestiones que tienen los\/las j\u00f3venes de otros puntos de Espa\u00f1a.<\/p>\n<p>Desde muy peque\u00f1a, gracias a mi madre he estado muy metida en el movimiento feminista reinvindicando nuestros derechos y de mujeres de otros pa\u00edses que todav\u00eda no poseen muchos de los derechos que tenemos en Espa\u00f1a y es importante tener una visi\u00f3n global de este tema y del resto de cuestiones que abordamos en la RSJ. Todos los a\u00f1os voy a talleres y charlas feministas y para m\u00ed es un tema que me gusta mucho tratar incluso dir\u00eda que es el tema de la Red en la que m\u00e1s estoy metida.<\/p>\n<p>Mi motivaci\u00f3n para participar en el Consejo Estatal de Participaci\u00f3n de la Infancia y la Adolescencia ha sido ver la importancia de la participaci\u00f3n juvenil, que la gente conozca y empiece a abordar cuestiones de igualdad de g\u00e9nero y de educaci\u00f3n, no solo en Espa\u00f1a sino tambi\u00e9n en otros pa\u00edses, que la gente se vaya concienciando sobre ciertos temas que se tratan, pero que no se profundizan y no se ven en espacios escolares como escuelas e institutos, es mi principal meta por ahora.&nbsp;<\/p>\n<p>No solo represento a la Red Solidaria de Extremadura, tambi\u00e9n represento a la RSJ a nivel estatal, y soy miembro de la Red Generaci\u00f3n 21+ que representa a m\u00e1s de 21 pa\u00edses del mundo que la forman, dando voz a preocupaciones globales de m\u00e1s de 500 chicas y chicos de todo el planeta que compartimos esta red. Por eso quiero conocer las actividades que las distintas RSJ hacen en el resto de Espa\u00f1a para saber lo que otras Redes quieren aportar al Consejo.<\/p>\n","protected":false},"excerpt":{"rendered":"<p>Me llamo Claudia Joaquina Rodr\u00edguez, m\u00e1s conocida como CJ. Tengo 15 a\u00f1o, y pertenezco a la Red Solidaria de J\u00f3venes (RSJ) de Extremadura. He sido seleccionada para formar parte del nuevo Consejo Estatal de Participaci\u00f3n de Infancia y Adolescencia, promovido por el Ministerio de Derechos Sociales y Agenda 2030,&nbsp; formado por 34 chicos y chicas de entre 8 y 17 a\u00f1os, junto a mi compa\u00f1era June Elyse Benito Lucero de la RSJ de Galicia, que tambi\u00e9n ha sido seleccionada como suplente.&nbsp; Ambas representamos a centenares de chicas y chicos de la RSJ de toda Espa\u00f1a, que estamos sensibilizados sobre la importancia de la igualdad de g\u00e9nero, la sostenibilidad ambiental y el fomento de la interculturalidad. Hemos sido unas de las 34 elegidas de entre m\u00e1s de 120 candidaturas recibidas por parte del Gobierno.&nbsp; Me encuentro dentro de la RSJ de la Fundaci\u00f3n Entreculturas, y nuestro proyecto de Educaci\u00f3n para la [&hellip;]<\/p>\n","protected":false},"featured_media":9687,"template":"single-noticia","meta":{"_acf_changed":false},"categories":[7],"tags":[191],"country":[],"cause":[],"class_list":["post-9686","noticia","type-noticia","status-publish","has-post-thumbnail","hentry","category-noticia","tag-voluntariado"],"acf":[],"yoast_head":"<!-- This site is optimized with the Yoast SEO Premium plugin v21.6 (Yoast SEO v27.5) - https:\/\/yoast.com\/product\/yoast-seo-premium-wordpress\/ -->\n<title>Claudia Joaquina Rodr\u00edguez - Representante del Consejo Estatal de Participaci\u00f3n de la Infancia y de la Adolescencia. - Entreculturas<\/title>\n<meta name=\"robots\" content=\"index, follow, max-snippet:-1, max-image-preview:large, max-video-preview:-1\" \/>\n<link rel=\"canonical\" href=\"https:\/\/www.entreculturas.org\/fr\/noticia\/claudia-joaquina-rodriguez-representante-del-consejo\/\" \/>\n<meta property=\"og:locale\" content=\"fr_FR\" \/>\n<meta property=\"og:type\" content=\"article\" \/>\n<meta property=\"og:title\" content=\"Claudia Joaquina Rodr\u00edguez - Representante del Consejo Estatal de Participaci\u00f3n de la Infancia y de la Adolescencia.\" \/>\n<meta property=\"og:description\" content=\"Me llamo Claudia Joaquina Rodr\u00edguez, m\u00e1s conocida como CJ. Tengo 15 a\u00f1o, y pertenezco a la Red Solidaria de J\u00f3venes (RSJ) de Extremadura. He sido seleccionada para formar parte del nuevo Consejo Estatal de Participaci\u00f3n de Infancia y Adolescencia, promovido por el Ministerio de Derechos Sociales y Agenda 2030,&nbsp; formado por 34 chicos y chicas de entre 8 y 17 a\u00f1os, junto a mi compa\u00f1era June Elyse Benito Lucero de la RSJ de Galicia, que tambi\u00e9n ha sido seleccionada como suplente.&nbsp; Ambas representamos a centenares de chicas y chicos de la RSJ de toda Espa\u00f1a, que estamos sensibilizados sobre la importancia de la igualdad de g\u00e9nero, la sostenibilidad ambiental y el fomento de la interculturalidad. Hemos sido unas de las 34 elegidas de entre m\u00e1s de 120 candidaturas recibidas por parte del Gobierno.&nbsp; Me encuentro dentro de la RSJ de la Fundaci\u00f3n Entreculturas, y nuestro proyecto de Educaci\u00f3n para la [&hellip;]\" \/>\n<meta property=\"og:url\" content=\"https:\/\/www.entreculturas.org\/fr\/noticia\/claudia-joaquina-rodriguez-representante-del-consejo\/\" \/>\n<meta property=\"og:site_name\" content=\"Entreculturas\" \/>\n<meta property=\"article:publisher\" content=\"https:\/\/www.facebook.com\/entreculturas\" \/>\n<meta property=\"article:modified_time\" content=\"2024-09-17T11:35:22+00:00\" \/>\n<meta property=\"og:image\" content=\"https:\/\/www.entreculturas.org\/wp-content\/uploads\/2023\/12\/cj_baja.jpg\" \/>\n\t<meta property=\"og:image:width\" content=\"600\" \/>\n\t<meta property=\"og:image:height\" content=\"450\" \/>\n\t<meta property=\"og:image:type\" content=\"image\/jpeg\" \/>\n<meta name=\"twitter:card\" content=\"summary_large_image\" \/>\n<meta name=\"twitter:site\" content=\"@Entreculturas\" \/>\n<script type=\"application\/ld+json\" class=\"yoast-schema-graph\">{\"@context\":\"https:\\\/\\\/schema.org\",\"@graph\":[{\"@type\":\"WebPage\",\"@id\":\"https:\\\/\\\/www.entreculturas.org\\\/fr\\\/noticia\\\/claudia-joaquina-rodriguez-representante-del-consejo\\\/\",\"url\":\"https:\\\/\\\/www.entreculturas.org\\\/fr\\\/noticia\\\/claudia-joaquina-rodriguez-representante-del-consejo\\\/\",\"name\":\"Claudia Joaquina Rodr\u00edguez - Representante del Consejo Estatal de Participaci\u00f3n de la Infancia y de la Adolescencia. - Entreculturas\",\"isPartOf\":{\"@id\":\"https:\\\/\\\/www.entreculturas.org\\\/fr\\\/#website\"},\"primaryImageOfPage\":{\"@id\":\"https:\\\/\\\/www.entreculturas.org\\\/fr\\\/noticia\\\/claudia-joaquina-rodriguez-representante-del-consejo\\\/#primaryimage\"},\"image\":{\"@id\":\"https:\\\/\\\/www.entreculturas.org\\\/fr\\\/noticia\\\/claudia-joaquina-rodriguez-representante-del-consejo\\\/#primaryimage\"},\"thumbnailUrl\":\"https:\\\/\\\/www.entreculturas.org\\\/wp-content\\\/uploads\\\/2023\\\/12\\\/cj_baja.jpg\",\"datePublished\":\"2022-04-01T08:00:03+00:00\",\"dateModified\":\"2024-09-17T11:35:22+00:00\",\"breadcrumb\":{\"@id\":\"https:\\\/\\\/www.entreculturas.org\\\/fr\\\/noticia\\\/claudia-joaquina-rodriguez-representante-del-consejo\\\/#breadcrumb\"},\"inLanguage\":\"fr-FR\",\"potentialAction\":[{\"@type\":\"ReadAction\",\"target\":[\"https:\\\/\\\/www.entreculturas.org\\\/fr\\\/noticia\\\/claudia-joaquina-rodriguez-representante-del-consejo\\\/\"]}]},{\"@type\":\"ImageObject\",\"inLanguage\":\"fr-FR\",\"@id\":\"https:\\\/\\\/www.entreculturas.org\\\/fr\\\/noticia\\\/claudia-joaquina-rodriguez-representante-del-consejo\\\/#primaryimage\",\"url\":\"https:\\\/\\\/www.entreculturas.org\\\/wp-content\\\/uploads\\\/2023\\\/12\\\/cj_baja.jpg\",\"contentUrl\":\"https:\\\/\\\/www.entreculturas.org\\\/wp-content\\\/uploads\\\/2023\\\/12\\\/cj_baja.jpg\",\"width\":600,\"height\":450},{\"@type\":\"BreadcrumbList\",\"@id\":\"https:\\\/\\\/www.entreculturas.org\\\/fr\\\/noticia\\\/claudia-joaquina-rodriguez-representante-del-consejo\\\/#breadcrumb\",\"itemListElement\":[{\"@type\":\"ListItem\",\"position\":1,\"name\":\"Home\",\"item\":\"https:\\\/\\\/www.entreculturas.org\\\/fr\\\/\"},{\"@type\":\"ListItem\",\"position\":2,\"name\":\"Noticias\",\"item\":\"https:\\\/\\\/www.entreculturas.org\\\/fr\\\/noticias\\\/\"},{\"@type\":\"ListItem\",\"position\":3,\"name\":\"Claudia Joaquina Rodr\u00edguez &#8211; Representante del Consejo Estatal de Participaci\u00f3n de la Infancia y de la Adolescencia.\"}]},{\"@type\":\"WebSite\",\"@id\":\"https:\\\/\\\/www.entreculturas.org\\\/fr\\\/#website\",\"url\":\"https:\\\/\\\/www.entreculturas.org\\\/fr\\\/\",\"name\":\"Entreculturas\",\"description\":\"\",\"publisher\":{\"@id\":\"https:\\\/\\\/www.entreculturas.org\\\/fr\\\/#organization\"},\"alternateName\":\"Entreculturas\",\"potentialAction\":[{\"@type\":\"SearchAction\",\"target\":{\"@type\":\"EntryPoint\",\"urlTemplate\":\"https:\\\/\\\/www.entreculturas.org\\\/fr\\\/?s={search_term_string}\"},\"query-input\":{\"@type\":\"PropertyValueSpecification\",\"valueRequired\":true,\"valueName\":\"search_term_string\"}}],\"inLanguage\":\"fr-FR\"},{\"@type\":\"Organization\",\"@id\":\"https:\\\/\\\/www.entreculturas.org\\\/fr\\\/#organization\",\"name\":\"Entreculturas\",\"url\":\"https:\\\/\\\/www.entreculturas.org\\\/fr\\\/\",\"logo\":{\"@type\":\"ImageObject\",\"inLanguage\":\"fr-FR\",\"@id\":\"https:\\\/\\\/www.entreculturas.org\\\/fr\\\/#\\\/schema\\\/logo\\\/image\\\/\",\"url\":\"https:\\\/\\\/www.entreculturas.org\\\/wp-content\\\/uploads\\\/2025\\\/10\\\/ESP.svg\",\"contentUrl\":\"https:\\\/\\\/www.entreculturas.org\\\/wp-content\\\/uploads\\\/2025\\\/10\\\/ESP.svg\",\"caption\":\"Entreculturas\"},\"image\":{\"@id\":\"https:\\\/\\\/www.entreculturas.org\\\/fr\\\/#\\\/schema\\\/logo\\\/image\\\/\"},\"sameAs\":[\"https:\\\/\\\/www.facebook.com\\\/entreculturas\",\"https:\\\/\\\/x.com\\\/Entreculturas\",\"https:\\\/\\\/www.instagram.com\\\/entreculturas\\\/\",\"https:\\\/\\\/www.youtube.com\\\/user\\\/entreculturasvideo\",\"https:\\\/\\\/www.linkedin.com\\\/company\\\/fundacion-entreculturas-ngdo\\\/\",\"https:\\\/\\\/www.flickr.com\\\/photos\\\/98455522@N04\\\/albums\\\/\"]}]}<\/script>\n<!-- \/ Yoast SEO Premium plugin. -->","yoast_head_json":{"title":"Claudia Joaquina Rodr\u00edguez - Representante del Consejo Estatal de Participaci\u00f3n de la Infancia y de la Adolescencia. - Entreculturas","robots":{"index":"index","follow":"follow","max-snippet":"max-snippet:-1","max-image-preview":"max-image-preview:large","max-video-preview":"max-video-preview:-1"},"canonical":"https:\/\/www.entreculturas.org\/fr\/noticia\/claudia-joaquina-rodriguez-representante-del-consejo\/","og_locale":"fr_FR","og_type":"article","og_title":"Claudia Joaquina Rodr\u00edguez - Representante del Consejo Estatal de Participaci\u00f3n de la Infancia y de la Adolescencia.","og_description":"Me llamo Claudia Joaquina Rodr\u00edguez, m\u00e1s conocida como CJ. Tengo 15 a\u00f1o, y pertenezco a la Red Solidaria de J\u00f3venes (RSJ) de Extremadura. He sido seleccionada para formar parte del nuevo Consejo Estatal de Participaci\u00f3n de Infancia y Adolescencia, promovido por el Ministerio de Derechos Sociales y Agenda 2030,&nbsp; formado por 34 chicos y chicas de entre 8 y 17 a\u00f1os, junto a mi compa\u00f1era June Elyse Benito Lucero de la RSJ de Galicia, que tambi\u00e9n ha sido seleccionada como suplente.&nbsp; Ambas representamos a centenares de chicas y chicos de la RSJ de toda Espa\u00f1a, que estamos sensibilizados sobre la importancia de la igualdad de g\u00e9nero, la sostenibilidad ambiental y el fomento de la interculturalidad. Hemos sido unas de las 34 elegidas de entre m\u00e1s de 120 candidaturas recibidas por parte del Gobierno.&nbsp; Me encuentro dentro de la RSJ de la Fundaci\u00f3n Entreculturas, y nuestro proyecto de Educaci\u00f3n para la [&hellip;]","og_url":"https:\/\/www.entreculturas.org\/fr\/noticia\/claudia-joaquina-rodriguez-representante-del-consejo\/","og_site_name":"Entreculturas","article_publisher":"https:\/\/www.facebook.com\/entreculturas","article_modified_time":"2024-09-17T11:35:22+00:00","og_image":[{"width":600,"height":450,"url":"https:\/\/www.entreculturas.org\/wp-content\/uploads\/2023\/12\/cj_baja.jpg","type":"image\/jpeg"}],"twitter_card":"summary_large_image","twitter_site":"@Entreculturas","schema":{"@context":"https:\/\/schema.org","@graph":[{"@type":"WebPage","@id":"https:\/\/www.entreculturas.org\/fr\/noticia\/claudia-joaquina-rodriguez-representante-del-consejo\/","url":"https:\/\/www.entreculturas.org\/fr\/noticia\/claudia-joaquina-rodriguez-representante-del-consejo\/","name":"Claudia Joaquina Rodr\u00edguez - Representante del Consejo Estatal de Participaci\u00f3n de la Infancia y de la Adolescencia. - Entreculturas","isPartOf":{"@id":"https:\/\/www.entreculturas.org\/fr\/#website"},"primaryImageOfPage":{"@id":"https:\/\/www.entreculturas.org\/fr\/noticia\/claudia-joaquina-rodriguez-representante-del-consejo\/#primaryimage"},"image":{"@id":"https:\/\/www.entreculturas.org\/fr\/noticia\/claudia-joaquina-rodriguez-representante-del-consejo\/#primaryimage"},"thumbnailUrl":"https:\/\/www.entreculturas.org\/wp-content\/uploads\/2023\/12\/cj_baja.jpg","datePublished":"2022-04-01T08:00:03+00:00","dateModified":"2024-09-17T11:35:22+00:00","breadcrumb":{"@id":"https:\/\/www.entreculturas.org\/fr\/noticia\/claudia-joaquina-rodriguez-representante-del-consejo\/#breadcrumb"},"inLanguage":"fr-FR","potentialAction":[{"@type":"ReadAction","target":["https:\/\/www.entreculturas.org\/fr\/noticia\/claudia-joaquina-rodriguez-representante-del-consejo\/"]}]},{"@type":"ImageObject","inLanguage":"fr-FR","@id":"https:\/\/www.entreculturas.org\/fr\/noticia\/claudia-joaquina-rodriguez-representante-del-consejo\/#primaryimage","url":"https:\/\/www.entreculturas.org\/wp-content\/uploads\/2023\/12\/cj_baja.jpg","contentUrl":"https:\/\/www.entreculturas.org\/wp-content\/uploads\/2023\/12\/cj_baja.jpg","width":600,"height":450},{"@type":"BreadcrumbList","@id":"https:\/\/www.entreculturas.org\/fr\/noticia\/claudia-joaquina-rodriguez-representante-del-consejo\/#breadcrumb","itemListElement":[{"@type":"ListItem","position":1,"name":"Home","item":"https:\/\/www.entreculturas.org\/fr\/"},{"@type":"ListItem","position":2,"name":"Noticias","item":"https:\/\/www.entreculturas.org\/fr\/noticias\/"},{"@type":"ListItem","position":3,"name":"Claudia Joaquina Rodr\u00edguez &#8211; Representante del Consejo Estatal de Participaci\u00f3n de la Infancia y de la Adolescencia."}]},{"@type":"WebSite","@id":"https:\/\/www.entreculturas.org\/fr\/#website","url":"https:\/\/www.entreculturas.org\/fr\/","name":"Entreculturas","description":"","publisher":{"@id":"https:\/\/www.entreculturas.org\/fr\/#organization"},"alternateName":"Entreculturas","potentialAction":[{"@type":"SearchAction","target":{"@type":"EntryPoint","urlTemplate":"https:\/\/www.entreculturas.org\/fr\/?s={search_term_string}"},"query-input":{"@type":"PropertyValueSpecification","valueRequired":true,"valueName":"search_term_string"}}],"inLanguage":"fr-FR"},{"@type":"Organization","@id":"https:\/\/www.entreculturas.org\/fr\/#organization","name":"Entreculturas","url":"https:\/\/www.entreculturas.org\/fr\/","logo":{"@type":"ImageObject","inLanguage":"fr-FR","@id":"https:\/\/www.entreculturas.org\/fr\/#\/schema\/logo\/image\/","url":"https:\/\/www.entreculturas.org\/wp-content\/uploads\/2025\/10\/ESP.svg","contentUrl":"https:\/\/www.entreculturas.org\/wp-content\/uploads\/2025\/10\/ESP.svg","caption":"Entreculturas"},"image":{"@id":"https:\/\/www.entreculturas.org\/fr\/#\/schema\/logo\/image\/"},"sameAs":["https:\/\/www.facebook.com\/entreculturas","https:\/\/x.com\/Entreculturas","https:\/\/www.instagram.com\/entreculturas\/","https:\/\/www.youtube.com\/user\/entreculturasvideo","https:\/\/www.linkedin.com\/company\/fundacion-entreculturas-ngdo\/","https:\/\/www.flickr.com\/photos\/98455522@N04\/albums\/"]}]}},"_links":{"self":[{"href":"https:\/\/www.entreculturas.org\/fr\/wp-json\/wp\/v2\/noticia\/9686","targetHints":{"allow":["GET"]}}],"collection":[{"href":"https:\/\/www.entreculturas.org\/fr\/wp-json\/wp\/v2\/noticia"}],"about":[{"href":"https:\/\/www.entreculturas.org\/fr\/wp-json\/wp\/v2\/types\/noticia"}],"wp:featuredmedia":[{"embeddable":true,"href":"https:\/\/www.entreculturas.org\/fr\/wp-json\/wp\/v2\/media\/9687"}],"wp:attachment":[{"href":"https:\/\/www.entreculturas.org\/fr\/wp-json\/wp\/v2\/media?parent=9686"}],"wp:term":[{"taxonomy":"category","embeddable":true,"href":"https:\/\/www.entreculturas.org\/fr\/wp-json\/wp\/v2\/categories?post=9686"},{"taxonomy":"post_tag","embeddable":true,"href":"https:\/\/www.entreculturas.org\/fr\/wp-json\/wp\/v2\/tags?post=9686"},{"taxonomy":"country","embeddable":true,"href":"https:\/\/www.entreculturas.org\/fr\/wp-json\/wp\/v2\/country?post=9686"},{"taxonomy":"cause","embeddable":true,"href":"https:\/\/www.entreculturas.org\/fr\/wp-json\/wp\/v2\/cause?post=9686"}],"curies":[{"name":"wp","href":"https:\/\/api.w.org\/{rel}","templated":true}]}}