{"id":9644,"date":"2021-06-23T11:23:22","date_gmt":"2021-06-23T09:23:22","guid":{"rendered":"https:\/\/www.entreculturas.org\/publicacion\/clara-gallego-delegacion-de-valencia\/"},"modified":"2024-09-17T13:40:41","modified_gmt":"2024-09-17T11:40:41","slug":"clara-gallego-delegacion-de-valencia","status":"publish","type":"noticia","link":"https:\/\/www.entreculturas.org\/fr\/noticia\/clara-gallego-delegacion-de-valencia\/","title":{"rendered":"Clara Gallego &#8211; Delegaci\u00f3n de Valencia"},"content":{"rendered":"<p>Me llamo Clara Gallego, soy voluntaria de la delegaci\u00f3n de Valencia desde el a\u00f1o 2011. Profesionalmente me he dedicado a la ense\u00f1anza y hoy d\u00eda soy maestra jubilada.&nbsp;<\/p>\n<p>&nbsp;<\/p>\n<p>Conoc\u00ed Entreculturas por una propaganda que lleg\u00f3&nbsp;a mis manos, me atrajo su dedicaci\u00f3n a que la educaci\u00f3n llegara a todos y todas.&nbsp;Los primeros contactos con la entidad fueron para m\u00ed como una ventana abierta por la que vi un mundo completamente desconocido.<\/p>\n<p>&nbsp;<\/p>\n<p>Me dieron formaci\u00f3n y acompa\u00f1amiento, mi mirada cambio. Empec\u00e9&nbsp;a relacionarme con una diversidad que me conmov\u00eda, me complicaba la vida y a la vez me enriquec\u00eda.<\/p>\n<p>&nbsp;<\/p>\n<p>Todas esas vivencias provocaron una b\u00fasqueda, una mirada hacia el interior. Encontr\u00e9 el apoyo y la formaci\u00f3n en el Centro Arrupe, en&nbsp;la Espiritualidad Ignaciana, que ha&nbsp;sido mi sost\u00e9n&nbsp;y mi alimento&nbsp;para poder llevar a cabo&nbsp;las misiones que se me encomendaban.&nbsp;Todo ello me ha ayudado a crecer, a situarme en el mundo de una manera diferente. Aprend\u00ed c\u00f3mo acercarme a las personas, aceptarlas, no juzgarlas y respetar la realidad de cada una de ellas y estar compartiendo y recibiendo lo mucho que ellas&nbsp;dan, porque a pesar de sus vidas de sufrimiento y adversidad, han sabido encontrar la&nbsp;alegr\u00eda de vivir. Transmiten sencillez, humildad y amor, mucho amor. Ahora mi mayor dedicaci\u00f3n est\u00e1&nbsp;centrada en la hospitalidad y en la acogida, tanto desde Entreculturas como desde el SJM.<\/p>\n<p>&nbsp;<\/p>\n<p><strong>&#8211;&nbsp; \u00bfTe has involucrado en temas de refugio junto a Entreculturas o junto a otras organizaciones?<\/strong><\/p>\n<p>Respondiendo a esta pregunta he de decir que s\u00ed.&nbsp; El SJM me facilit\u00f3&nbsp;un voluntariado de dos meses en Melilla, fue una experiencia que contribuy\u00f3&nbsp;a posicionarme definitivamente al lado de los que sufren, a ver&nbsp;y sentir con ellos y ellas, sentirme d\u00e9bil y vulnerable como ellos y ellas. A sentir su impotencia, porque era tambi\u00e9n la m\u00eda. Con el SJM estoy&nbsp;acompa\u00f1ando a una familia Siria que esta acogida por el proyecto de patrocinio europeo en una casa del SJM.&nbsp;Tambi\u00e9n acompa\u00f1o a una madre y a su hija que son de Venezuela y&nbsp;viven&nbsp;en otro piso de acogida de SJM.<\/p>\n<p>Tambi\u00e9n estoy en informaci\u00f3n y acogida un par de d\u00edas a la semana en la oficina del SJM, all\u00ed acuden personas buscando orientaci\u00f3n o pidiendo ayudas, en situaciones muy variadas pero todas ellas de mucha vulnerabilidad.&nbsp;La tarea principal es escuchar y acoger centr\u00e1ndome en&nbsp; ellas para poder orientarlas y acompa\u00f1arlas. Se intenta dar una acogida c\u00e1lida para que les sirva de referente y&nbsp;puedan acudir siempre que quieran. La mayor\u00eda de las veces es una lucha contra la impotencia, hay un movimiento interior cuando te muestran su agradecimiento porque se han sentido atendidas. Yo me siento peque\u00f1a porque la realidad es que poco les he solucionado.<\/p>\n<p>&nbsp;<\/p>\n<p><strong>&#8211;&nbsp; La pandemia ha cumplido poco m\u00e1s de un a\u00f1o, \u00bfC\u00f3mo percibes la situaci\u00f3n de los refugiados en el mundo y en espec\u00edfico en Espa\u00f1a en medio de este contexto?<\/strong><\/p>\n<p>&nbsp;La situaci\u00f3n de los refugiados se ha complicado mucho m\u00e1s. Las desigualdad&nbsp;y la precariedad han aumentado&nbsp;tanto en el mundo como en Espa\u00f1a.&nbsp;<\/p>\n<p>&nbsp;<\/p>\n<p><strong>&#8211;&nbsp; \u00bfCu\u00e1n importante crees que es la educaci\u00f3n para las personas refugiadas?<\/strong><\/p>\n<p>Creo que es fundamental. La educaci\u00f3n es la base. Les ayuda a situarse en la sociedad, a dirigir su vida.&nbsp;Empiezan a ser capaces de tomar decisiones y sentirse libres. Creo que es un proceso que hay que acompa\u00f1arlo.<\/p>\n<p>&nbsp;<\/p>\n<p><strong>&#8211; De qu\u00e9 forma podemos sensibilizar a nuestra sociedad para que la acogida de las personas refugiadas se convierta en una herramienta de paz y de convivencia?<\/strong><\/p>\n<p>\u00a1Esto es todo un tema! Hay mucho discurso falso creado por comodidad, con el \u00fanico fin de protegerse y no salir de la zona de confort,&nbsp;porque si se dejan tocar en el coraz\u00f3n&#8230;&nbsp;afecta, te involucra, empiezan a cambiar las cosas, sientes situaciones que antes te pasaban desapercibidas, en ese momento est\u00e1&nbsp;el compromiso y la voluntad de seguir por ah\u00ed.<\/p>\n<p>Creo que para tocar la sensibilidad interior de cada persona tenemos que facilitar que las protagonistas cuenten sus&nbsp;vivencias e historias sin victimismo. Pero si la realidad cruda, si el momento y el espacio lo favorece&nbsp; puden llegarte&nbsp;y removerte. Que la mirada se fije en la persona, no en el color, el acento&#8230;<\/p>\n<p>Es ver a la persona, sentirla&#8230; en pocas palabras, encontrarnos como iguales. Todos&nbsp;los humanos tenemos la misma dignidad. Es bueno buscar lugares de encuentro y de convivencia.<\/p>\n<p>&nbsp;<\/p>\n<p><strong>&#8211;<span style=\"white-space:pre\"> <\/span> \u00bfQu\u00e9 satisfacciones y aprendizajes te ha tra\u00eddo el formar parte de Entreculturas y el estar cerca o conocer las realidades de las personas refugiadas?<\/strong><\/p>\n<p>Muchas satisfacciones. He aprendido mucho y sigo aprendiendo, es un aprendizaje continuo porque las personas son \u00fanicas, y con cada una de ella me encuentro como el momento y las circunstancias me lo permiten, centr\u00e1ndome siempre en quien tengo delante. Hay un crecimiento interior que tampoco para y que me hace salir de m\u00ed misma para estar con quien estoy, no he parado de formarme y he encontrado mis fortalezas en la Espiritualidad Ignaciana, en los ejercicios espirituales. Me siento intermediaria de una acci\u00f3n que me supera y que sin la ayuda de los muchos que me rodean y acompa\u00f1an, y sin esa presencia que percibo de Dios no podr\u00eda hacer. El estar conviviendo con la vulnerabilidad me ha hecho valora la vida y vivirla con mucha Paz y Serenidad. Siempre me siento acompa\u00f1ada y formo parte de una comunidad. Mi vida esta llena de sentido y todo ello contribuye a que viva agradeciendo todos los d\u00edas.<\/p>\n<p>&nbsp;<\/p>\n","protected":false},"excerpt":{"rendered":"<p>Me llamo Clara Gallego, soy voluntaria de la delegaci\u00f3n de Valencia desde el a\u00f1o 2011. Profesionalmente me he dedicado a la ense\u00f1anza y hoy d\u00eda soy maestra jubilada.&nbsp; &nbsp; Conoc\u00ed Entreculturas por una propaganda que lleg\u00f3&nbsp;a mis manos, me atrajo su dedicaci\u00f3n a que la educaci\u00f3n llegara a todos y todas.&nbsp;Los primeros contactos con la entidad fueron para m\u00ed como una ventana abierta por la que vi un mundo completamente desconocido. &nbsp; Me dieron formaci\u00f3n y acompa\u00f1amiento, mi mirada cambio. Empec\u00e9&nbsp;a relacionarme con una diversidad que me conmov\u00eda, me complicaba la vida y a la vez me enriquec\u00eda. &nbsp; Todas esas vivencias provocaron una b\u00fasqueda, una mirada hacia el interior. Encontr\u00e9 el apoyo y la formaci\u00f3n en el Centro Arrupe, en&nbsp;la Espiritualidad Ignaciana, que ha&nbsp;sido mi sost\u00e9n&nbsp;y mi alimento&nbsp;para poder llevar a cabo&nbsp;las misiones que se me encomendaban.&nbsp;Todo ello me ha ayudado a crecer, a situarme en el mundo de [&hellip;]<\/p>\n","protected":false},"featured_media":9645,"template":"single-noticia","meta":{"_acf_changed":false},"categories":[7],"tags":[191],"country":[],"cause":[],"class_list":["post-9644","noticia","type-noticia","status-publish","has-post-thumbnail","hentry","category-noticia","tag-voluntariado"],"acf":[],"yoast_head":"<!-- This site is optimized with the Yoast SEO Premium plugin v21.6 (Yoast SEO v27.5) - https:\/\/yoast.com\/product\/yoast-seo-premium-wordpress\/ -->\n<title>Clara Gallego - Delegaci\u00f3n de Valencia - Entreculturas<\/title>\n<meta name=\"robots\" content=\"index, follow, max-snippet:-1, max-image-preview:large, max-video-preview:-1\" \/>\n<link rel=\"canonical\" href=\"https:\/\/www.entreculturas.org\/fr\/noticia\/clara-gallego-delegacion-de-valencia\/\" \/>\n<meta property=\"og:locale\" content=\"fr_FR\" \/>\n<meta property=\"og:type\" content=\"article\" \/>\n<meta property=\"og:title\" content=\"Clara Gallego - Delegaci\u00f3n de Valencia\" \/>\n<meta property=\"og:description\" content=\"Me llamo Clara Gallego, soy voluntaria de la delegaci\u00f3n de Valencia desde el a\u00f1o 2011. Profesionalmente me he dedicado a la ense\u00f1anza y hoy d\u00eda soy maestra jubilada.&nbsp; &nbsp; Conoc\u00ed Entreculturas por una propaganda que lleg\u00f3&nbsp;a mis manos, me atrajo su dedicaci\u00f3n a que la educaci\u00f3n llegara a todos y todas.&nbsp;Los primeros contactos con la entidad fueron para m\u00ed como una ventana abierta por la que vi un mundo completamente desconocido. &nbsp; Me dieron formaci\u00f3n y acompa\u00f1amiento, mi mirada cambio. Empec\u00e9&nbsp;a relacionarme con una diversidad que me conmov\u00eda, me complicaba la vida y a la vez me enriquec\u00eda. &nbsp; Todas esas vivencias provocaron una b\u00fasqueda, una mirada hacia el interior. Encontr\u00e9 el apoyo y la formaci\u00f3n en el Centro Arrupe, en&nbsp;la Espiritualidad Ignaciana, que ha&nbsp;sido mi sost\u00e9n&nbsp;y mi alimento&nbsp;para poder llevar a cabo&nbsp;las misiones que se me encomendaban.&nbsp;Todo ello me ha ayudado a crecer, a situarme en el mundo de [&hellip;]\" \/>\n<meta property=\"og:url\" content=\"https:\/\/www.entreculturas.org\/fr\/noticia\/clara-gallego-delegacion-de-valencia\/\" \/>\n<meta property=\"og:site_name\" content=\"Entreculturas\" \/>\n<meta property=\"article:publisher\" content=\"https:\/\/www.facebook.com\/entreculturas\" \/>\n<meta property=\"article:modified_time\" content=\"2024-09-17T11:40:41+00:00\" \/>\n<meta property=\"og:image\" content=\"https:\/\/www.entreculturas.org\/wp-content\/uploads\/2023\/12\/clara_gallegos_1_1_0.jpg\" \/>\n\t<meta property=\"og:image:width\" content=\"500\" \/>\n\t<meta property=\"og:image:height\" content=\"375\" \/>\n\t<meta property=\"og:image:type\" content=\"image\/jpeg\" \/>\n<meta name=\"twitter:card\" content=\"summary_large_image\" \/>\n<meta name=\"twitter:site\" content=\"@Entreculturas\" \/>\n<script type=\"application\/ld+json\" class=\"yoast-schema-graph\">{\"@context\":\"https:\\\/\\\/schema.org\",\"@graph\":[{\"@type\":\"WebPage\",\"@id\":\"https:\\\/\\\/www.entreculturas.org\\\/fr\\\/noticia\\\/clara-gallego-delegacion-de-valencia\\\/\",\"url\":\"https:\\\/\\\/www.entreculturas.org\\\/fr\\\/noticia\\\/clara-gallego-delegacion-de-valencia\\\/\",\"name\":\"Clara Gallego - Delegaci\u00f3n de Valencia - Entreculturas\",\"isPartOf\":{\"@id\":\"https:\\\/\\\/www.entreculturas.org\\\/fr\\\/#website\"},\"primaryImageOfPage\":{\"@id\":\"https:\\\/\\\/www.entreculturas.org\\\/fr\\\/noticia\\\/clara-gallego-delegacion-de-valencia\\\/#primaryimage\"},\"image\":{\"@id\":\"https:\\\/\\\/www.entreculturas.org\\\/fr\\\/noticia\\\/clara-gallego-delegacion-de-valencia\\\/#primaryimage\"},\"thumbnailUrl\":\"https:\\\/\\\/www.entreculturas.org\\\/wp-content\\\/uploads\\\/2023\\\/12\\\/clara_gallegos_1_1_0.jpg\",\"datePublished\":\"2021-06-23T09:23:22+00:00\",\"dateModified\":\"2024-09-17T11:40:41+00:00\",\"breadcrumb\":{\"@id\":\"https:\\\/\\\/www.entreculturas.org\\\/fr\\\/noticia\\\/clara-gallego-delegacion-de-valencia\\\/#breadcrumb\"},\"inLanguage\":\"fr-FR\",\"potentialAction\":[{\"@type\":\"ReadAction\",\"target\":[\"https:\\\/\\\/www.entreculturas.org\\\/fr\\\/noticia\\\/clara-gallego-delegacion-de-valencia\\\/\"]}]},{\"@type\":\"ImageObject\",\"inLanguage\":\"fr-FR\",\"@id\":\"https:\\\/\\\/www.entreculturas.org\\\/fr\\\/noticia\\\/clara-gallego-delegacion-de-valencia\\\/#primaryimage\",\"url\":\"https:\\\/\\\/www.entreculturas.org\\\/wp-content\\\/uploads\\\/2023\\\/12\\\/clara_gallegos_1_1_0.jpg\",\"contentUrl\":\"https:\\\/\\\/www.entreculturas.org\\\/wp-content\\\/uploads\\\/2023\\\/12\\\/clara_gallegos_1_1_0.jpg\",\"width\":500,\"height\":375},{\"@type\":\"BreadcrumbList\",\"@id\":\"https:\\\/\\\/www.entreculturas.org\\\/fr\\\/noticia\\\/clara-gallego-delegacion-de-valencia\\\/#breadcrumb\",\"itemListElement\":[{\"@type\":\"ListItem\",\"position\":1,\"name\":\"Home\",\"item\":\"https:\\\/\\\/www.entreculturas.org\\\/fr\\\/\"},{\"@type\":\"ListItem\",\"position\":2,\"name\":\"Noticias\",\"item\":\"https:\\\/\\\/www.entreculturas.org\\\/fr\\\/noticias\\\/\"},{\"@type\":\"ListItem\",\"position\":3,\"name\":\"Clara Gallego &#8211; Delegaci\u00f3n de Valencia\"}]},{\"@type\":\"WebSite\",\"@id\":\"https:\\\/\\\/www.entreculturas.org\\\/fr\\\/#website\",\"url\":\"https:\\\/\\\/www.entreculturas.org\\\/fr\\\/\",\"name\":\"Entreculturas\",\"description\":\"\",\"publisher\":{\"@id\":\"https:\\\/\\\/www.entreculturas.org\\\/fr\\\/#organization\"},\"alternateName\":\"Entreculturas\",\"potentialAction\":[{\"@type\":\"SearchAction\",\"target\":{\"@type\":\"EntryPoint\",\"urlTemplate\":\"https:\\\/\\\/www.entreculturas.org\\\/fr\\\/?s={search_term_string}\"},\"query-input\":{\"@type\":\"PropertyValueSpecification\",\"valueRequired\":true,\"valueName\":\"search_term_string\"}}],\"inLanguage\":\"fr-FR\"},{\"@type\":\"Organization\",\"@id\":\"https:\\\/\\\/www.entreculturas.org\\\/fr\\\/#organization\",\"name\":\"Entreculturas\",\"url\":\"https:\\\/\\\/www.entreculturas.org\\\/fr\\\/\",\"logo\":{\"@type\":\"ImageObject\",\"inLanguage\":\"fr-FR\",\"@id\":\"https:\\\/\\\/www.entreculturas.org\\\/fr\\\/#\\\/schema\\\/logo\\\/image\\\/\",\"url\":\"https:\\\/\\\/www.entreculturas.org\\\/wp-content\\\/uploads\\\/2025\\\/10\\\/ESP.svg\",\"contentUrl\":\"https:\\\/\\\/www.entreculturas.org\\\/wp-content\\\/uploads\\\/2025\\\/10\\\/ESP.svg\",\"caption\":\"Entreculturas\"},\"image\":{\"@id\":\"https:\\\/\\\/www.entreculturas.org\\\/fr\\\/#\\\/schema\\\/logo\\\/image\\\/\"},\"sameAs\":[\"https:\\\/\\\/www.facebook.com\\\/entreculturas\",\"https:\\\/\\\/x.com\\\/Entreculturas\",\"https:\\\/\\\/www.instagram.com\\\/entreculturas\\\/\",\"https:\\\/\\\/www.youtube.com\\\/user\\\/entreculturasvideo\",\"https:\\\/\\\/www.linkedin.com\\\/company\\\/fundacion-entreculturas-ngdo\\\/\",\"https:\\\/\\\/www.flickr.com\\\/photos\\\/98455522@N04\\\/albums\\\/\"]}]}<\/script>\n<!-- \/ Yoast SEO Premium plugin. -->","yoast_head_json":{"title":"Clara Gallego - Delegaci\u00f3n de Valencia - Entreculturas","robots":{"index":"index","follow":"follow","max-snippet":"max-snippet:-1","max-image-preview":"max-image-preview:large","max-video-preview":"max-video-preview:-1"},"canonical":"https:\/\/www.entreculturas.org\/fr\/noticia\/clara-gallego-delegacion-de-valencia\/","og_locale":"fr_FR","og_type":"article","og_title":"Clara Gallego - Delegaci\u00f3n de Valencia","og_description":"Me llamo Clara Gallego, soy voluntaria de la delegaci\u00f3n de Valencia desde el a\u00f1o 2011. Profesionalmente me he dedicado a la ense\u00f1anza y hoy d\u00eda soy maestra jubilada.&nbsp; &nbsp; Conoc\u00ed Entreculturas por una propaganda que lleg\u00f3&nbsp;a mis manos, me atrajo su dedicaci\u00f3n a que la educaci\u00f3n llegara a todos y todas.&nbsp;Los primeros contactos con la entidad fueron para m\u00ed como una ventana abierta por la que vi un mundo completamente desconocido. &nbsp; Me dieron formaci\u00f3n y acompa\u00f1amiento, mi mirada cambio. Empec\u00e9&nbsp;a relacionarme con una diversidad que me conmov\u00eda, me complicaba la vida y a la vez me enriquec\u00eda. &nbsp; Todas esas vivencias provocaron una b\u00fasqueda, una mirada hacia el interior. Encontr\u00e9 el apoyo y la formaci\u00f3n en el Centro Arrupe, en&nbsp;la Espiritualidad Ignaciana, que ha&nbsp;sido mi sost\u00e9n&nbsp;y mi alimento&nbsp;para poder llevar a cabo&nbsp;las misiones que se me encomendaban.&nbsp;Todo ello me ha ayudado a crecer, a situarme en el mundo de [&hellip;]","og_url":"https:\/\/www.entreculturas.org\/fr\/noticia\/clara-gallego-delegacion-de-valencia\/","og_site_name":"Entreculturas","article_publisher":"https:\/\/www.facebook.com\/entreculturas","article_modified_time":"2024-09-17T11:40:41+00:00","og_image":[{"width":500,"height":375,"url":"https:\/\/www.entreculturas.org\/wp-content\/uploads\/2023\/12\/clara_gallegos_1_1_0.jpg","type":"image\/jpeg"}],"twitter_card":"summary_large_image","twitter_site":"@Entreculturas","schema":{"@context":"https:\/\/schema.org","@graph":[{"@type":"WebPage","@id":"https:\/\/www.entreculturas.org\/fr\/noticia\/clara-gallego-delegacion-de-valencia\/","url":"https:\/\/www.entreculturas.org\/fr\/noticia\/clara-gallego-delegacion-de-valencia\/","name":"Clara Gallego - Delegaci\u00f3n de Valencia - Entreculturas","isPartOf":{"@id":"https:\/\/www.entreculturas.org\/fr\/#website"},"primaryImageOfPage":{"@id":"https:\/\/www.entreculturas.org\/fr\/noticia\/clara-gallego-delegacion-de-valencia\/#primaryimage"},"image":{"@id":"https:\/\/www.entreculturas.org\/fr\/noticia\/clara-gallego-delegacion-de-valencia\/#primaryimage"},"thumbnailUrl":"https:\/\/www.entreculturas.org\/wp-content\/uploads\/2023\/12\/clara_gallegos_1_1_0.jpg","datePublished":"2021-06-23T09:23:22+00:00","dateModified":"2024-09-17T11:40:41+00:00","breadcrumb":{"@id":"https:\/\/www.entreculturas.org\/fr\/noticia\/clara-gallego-delegacion-de-valencia\/#breadcrumb"},"inLanguage":"fr-FR","potentialAction":[{"@type":"ReadAction","target":["https:\/\/www.entreculturas.org\/fr\/noticia\/clara-gallego-delegacion-de-valencia\/"]}]},{"@type":"ImageObject","inLanguage":"fr-FR","@id":"https:\/\/www.entreculturas.org\/fr\/noticia\/clara-gallego-delegacion-de-valencia\/#primaryimage","url":"https:\/\/www.entreculturas.org\/wp-content\/uploads\/2023\/12\/clara_gallegos_1_1_0.jpg","contentUrl":"https:\/\/www.entreculturas.org\/wp-content\/uploads\/2023\/12\/clara_gallegos_1_1_0.jpg","width":500,"height":375},{"@type":"BreadcrumbList","@id":"https:\/\/www.entreculturas.org\/fr\/noticia\/clara-gallego-delegacion-de-valencia\/#breadcrumb","itemListElement":[{"@type":"ListItem","position":1,"name":"Home","item":"https:\/\/www.entreculturas.org\/fr\/"},{"@type":"ListItem","position":2,"name":"Noticias","item":"https:\/\/www.entreculturas.org\/fr\/noticias\/"},{"@type":"ListItem","position":3,"name":"Clara Gallego &#8211; Delegaci\u00f3n de Valencia"}]},{"@type":"WebSite","@id":"https:\/\/www.entreculturas.org\/fr\/#website","url":"https:\/\/www.entreculturas.org\/fr\/","name":"Entreculturas","description":"","publisher":{"@id":"https:\/\/www.entreculturas.org\/fr\/#organization"},"alternateName":"Entreculturas","potentialAction":[{"@type":"SearchAction","target":{"@type":"EntryPoint","urlTemplate":"https:\/\/www.entreculturas.org\/fr\/?s={search_term_string}"},"query-input":{"@type":"PropertyValueSpecification","valueRequired":true,"valueName":"search_term_string"}}],"inLanguage":"fr-FR"},{"@type":"Organization","@id":"https:\/\/www.entreculturas.org\/fr\/#organization","name":"Entreculturas","url":"https:\/\/www.entreculturas.org\/fr\/","logo":{"@type":"ImageObject","inLanguage":"fr-FR","@id":"https:\/\/www.entreculturas.org\/fr\/#\/schema\/logo\/image\/","url":"https:\/\/www.entreculturas.org\/wp-content\/uploads\/2025\/10\/ESP.svg","contentUrl":"https:\/\/www.entreculturas.org\/wp-content\/uploads\/2025\/10\/ESP.svg","caption":"Entreculturas"},"image":{"@id":"https:\/\/www.entreculturas.org\/fr\/#\/schema\/logo\/image\/"},"sameAs":["https:\/\/www.facebook.com\/entreculturas","https:\/\/x.com\/Entreculturas","https:\/\/www.instagram.com\/entreculturas\/","https:\/\/www.youtube.com\/user\/entreculturasvideo","https:\/\/www.linkedin.com\/company\/fundacion-entreculturas-ngdo\/","https:\/\/www.flickr.com\/photos\/98455522@N04\/albums\/"]}]}},"_links":{"self":[{"href":"https:\/\/www.entreculturas.org\/fr\/wp-json\/wp\/v2\/noticia\/9644","targetHints":{"allow":["GET"]}}],"collection":[{"href":"https:\/\/www.entreculturas.org\/fr\/wp-json\/wp\/v2\/noticia"}],"about":[{"href":"https:\/\/www.entreculturas.org\/fr\/wp-json\/wp\/v2\/types\/noticia"}],"wp:featuredmedia":[{"embeddable":true,"href":"https:\/\/www.entreculturas.org\/fr\/wp-json\/wp\/v2\/media\/9645"}],"wp:attachment":[{"href":"https:\/\/www.entreculturas.org\/fr\/wp-json\/wp\/v2\/media?parent=9644"}],"wp:term":[{"taxonomy":"category","embeddable":true,"href":"https:\/\/www.entreculturas.org\/fr\/wp-json\/wp\/v2\/categories?post=9644"},{"taxonomy":"post_tag","embeddable":true,"href":"https:\/\/www.entreculturas.org\/fr\/wp-json\/wp\/v2\/tags?post=9644"},{"taxonomy":"country","embeddable":true,"href":"https:\/\/www.entreculturas.org\/fr\/wp-json\/wp\/v2\/country?post=9644"},{"taxonomy":"cause","embeddable":true,"href":"https:\/\/www.entreculturas.org\/fr\/wp-json\/wp\/v2\/cause?post=9644"}],"curies":[{"name":"wp","href":"https:\/\/api.w.org\/{rel}","templated":true}]}}