{"id":9547,"date":"2018-07-09T17:37:53","date_gmt":"2018-07-09T15:37:53","guid":{"rendered":"https:\/\/www.entreculturas.org\/publicacion\/pablo-almansa-volpa-en-la-asociacion-mi-rancho-bolivia\/"},"modified":"2024-09-17T13:53:55","modified_gmt":"2024-09-17T11:53:55","slug":"pablo-almansa-volpa-en-la-asociacion-mi-rancho-bolivia","status":"publish","type":"noticia","link":"https:\/\/www.entreculturas.org\/fr\/noticia\/pablo-almansa-volpa-en-la-asociacion-mi-rancho-bolivia\/","title":{"rendered":"Pablo Almansa, VOLPA en la Asociaci\u00f3n Mi Rancho (Bolivia)"},"content":{"rendered":"<p>Muy buenas a todas y todos, en primer lugar presentarme soy Pablo Almansa, madrile\u00f1o de 25 a\u00f1os, educador social y VOLPA, este a\u00f1o lo&nbsp;estoy compartiendo en la <a href=\"https:\/\/www.amirancho.org\/\" target=\"_blank\" rel=\"noopener\">Asociaci\u00f3n Mi Rancho, en Santa cruz, Bolivia<\/a>, <strong>trabajando como voluntario con ni\u00f1os, adolescentes y j\u00f3venes en situaci\u00f3n de calle.<\/strong><\/p>\n<p>Desde mi habitaci\u00f3n en este maravilloso lugar es desde donde os escribo. Me gustar\u00eda acercaros un poco mi experiencia y reflexiones que van surgiendo de todo lo que aqu\u00ed vivo.<\/p>\n<p>Hace unos pocos a\u00f1os me comenc\u00e9 a interesar por la experiencia VOLPA, conoc\u00eda a grandes personas que la hab\u00edan tenido y coincid\u00edan en que \u00e9sta hab\u00eda marcado un antes y un despu\u00e9s en su forma de mirar, de pensar y de querer.&nbsp;<\/p>\n<p>Todo comienza con una muy revisada carta de presentaci\u00f3n, un correo, y una nerviosa espera hasta el gran d\u00eda, en el que me informan de que me han aceptado para realizar la formaci\u00f3n necesaria para poder dar el paso de viajar como VOLPA.<\/p>\n<p>La formaci\u00f3n fue un proceso en el que profundizamos sobre nosotros como individuos sujetos a motivaciones, expectativas, miedos, prejuicios\u2026<strong>indagamos en nuestras relaciones, nuestras dificultades, posicionamientos, comunicaci\u00f3n\u2026y asentamos la base de una mirada cr\u00edtica hacia la realidad que nos rodea<\/strong>. Todo este proceso de la mano de un acompa\u00f1amiento individualizado, de jornadas compartidas con el resto de VOLPAS nacionales, el encuentro con personas excepcionales y desayunos de media ma\u00f1ana que a m\u00ed personalmente me daban la vida.<\/p>\n<p>Cuando quisimos darnos cuenta el curso de un a\u00f1o hab\u00eda terminado y comenzaban los \u00faltimos retoques para enlazarnos con los diferentes enclaves, recuerdo que en mi ideario estaba el trabajar en un centro de Guatemala con ni\u00f1os y ni\u00f1as peque\u00f1as, y ahora cuando lo pienso y veo mi presente me siento en el lugar realmente ideal.<\/p>\n<p>Y de pronto comienza, \u00ab\u00a0la Espera\u00a0\u00bb, ya eres consciente de que te estas acercando al precipicio y va allegar el momento de echar a volar, un d\u00eda de estos recibes un correo, ya hay una propuesta clara. Las alas se abren.<\/p>\n<p><strong>Recuerdo los \u00faltimos meses, desde que conoc\u00ed mi enclave, hasta que march\u00e9 con pavor,<\/strong> jeje. Todo eran titulares de rigor: el visado, el billete, los miedos, la despedida.<\/p>\n<p>Y lleg\u00f3&nbsp;el d\u00eda un 2 de noviembre. En el aeropuerto estaban todos y todas, familia y amigos m\u00e1s cercanos llorando como un velorio lo que sin duda <strong>est\u00e1 siendo la experiencia m\u00e1s enriquecedora que he tenido hasta el momento en mi vida.<\/strong><\/p>\n<p>El recibimiento fue excepcional, tanto los chicos, como el equipo, el resto de voluntarias, la direcci\u00f3n\u2026<\/p>\n<p>Poco a poco los miedos se convierten en verdadera pasi\u00f3n por aprender y conocer. Aparecen nuevos retos, la convivencia, el transporte, la moneda, el trabajo, el m\u00e9todo de la instituci\u00f3n, las temperaturas, los papeles.&nbsp;<\/p>\n<p><strong>El d\u00eda a d\u00eda est\u00e1 lleno de sorpresas<\/strong>. Mi Rancho, por ejemplo, se encuentra en una zona con un clima muy caluroso y h\u00famedo y eso da lugar a una vegetaci\u00f3n extraordinaria en la que monos, osos perezosos, frutales e insectos de todo tipo encuentran su para\u00edso. El poder disfrutar de una manga gigantesca, una limonada fresquita o una palta en cualquier momento del d\u00eda con solo estirar un brazo no tiene precio.&nbsp;<\/p>\n<p>Pero sin duda <strong>lo mejor y m\u00e1s revolucionario es la relaci\u00f3n con las personas<\/strong>, y eso que algo tan sencillo como entenderse en la misma lengua a menudo se convierte en todo un reto.<\/p>\n","protected":false},"excerpt":{"rendered":"<p>Muy buenas a todas y todos, en primer lugar presentarme soy Pablo Almansa, madrile\u00f1o de 25 a\u00f1os, educador social y VOLPA, este a\u00f1o lo&nbsp;estoy compartiendo en la Asociaci\u00f3n Mi Rancho, en Santa cruz, Bolivia, trabajando como voluntario con ni\u00f1os, adolescentes y j\u00f3venes en situaci\u00f3n de calle. Desde mi habitaci\u00f3n en este maravilloso lugar es desde donde os escribo. Me gustar\u00eda acercaros un poco mi experiencia y reflexiones que van surgiendo de todo lo que aqu\u00ed vivo. Hace unos pocos a\u00f1os me comenc\u00e9 a interesar por la experiencia VOLPA, conoc\u00eda a grandes personas que la hab\u00edan tenido y coincid\u00edan en que \u00e9sta hab\u00eda marcado un antes y un despu\u00e9s en su forma de mirar, de pensar y de querer.&nbsp; Todo comienza con una muy revisada carta de presentaci\u00f3n, un correo, y una nerviosa espera hasta el gran d\u00eda, en el que me informan de que me han aceptado para realizar la [&hellip;]<\/p>\n","protected":false},"featured_media":9548,"template":"single-noticia","meta":{"_acf_changed":false},"categories":[7],"tags":[191],"country":[],"cause":[],"class_list":["post-9547","noticia","type-noticia","status-publish","has-post-thumbnail","hentry","category-noticia","tag-voluntariado"],"acf":[],"yoast_head":"<!-- This site is optimized with the Yoast SEO Premium plugin v21.6 (Yoast SEO v27.5) - https:\/\/yoast.com\/product\/yoast-seo-premium-wordpress\/ -->\n<title>Pablo Almansa, VOLPA en la Asociaci\u00f3n Mi Rancho (Bolivia) - Entreculturas<\/title>\n<meta name=\"robots\" content=\"index, follow, max-snippet:-1, max-image-preview:large, max-video-preview:-1\" \/>\n<link rel=\"canonical\" href=\"https:\/\/www.entreculturas.org\/fr\/noticia\/pablo-almansa-volpa-en-la-asociacion-mi-rancho-bolivia\/\" \/>\n<meta property=\"og:locale\" content=\"fr_FR\" \/>\n<meta property=\"og:type\" content=\"article\" \/>\n<meta property=\"og:title\" content=\"Pablo Almansa, VOLPA en la Asociaci\u00f3n Mi Rancho (Bolivia)\" \/>\n<meta property=\"og:description\" content=\"Muy buenas a todas y todos, en primer lugar presentarme soy Pablo Almansa, madrile\u00f1o de 25 a\u00f1os, educador social y VOLPA, este a\u00f1o lo&nbsp;estoy compartiendo en la Asociaci\u00f3n Mi Rancho, en Santa cruz, Bolivia, trabajando como voluntario con ni\u00f1os, adolescentes y j\u00f3venes en situaci\u00f3n de calle. Desde mi habitaci\u00f3n en este maravilloso lugar es desde donde os escribo. Me gustar\u00eda acercaros un poco mi experiencia y reflexiones que van surgiendo de todo lo que aqu\u00ed vivo. Hace unos pocos a\u00f1os me comenc\u00e9 a interesar por la experiencia VOLPA, conoc\u00eda a grandes personas que la hab\u00edan tenido y coincid\u00edan en que \u00e9sta hab\u00eda marcado un antes y un despu\u00e9s en su forma de mirar, de pensar y de querer.&nbsp; Todo comienza con una muy revisada carta de presentaci\u00f3n, un correo, y una nerviosa espera hasta el gran d\u00eda, en el que me informan de que me han aceptado para realizar la [&hellip;]\" \/>\n<meta property=\"og:url\" content=\"https:\/\/www.entreculturas.org\/fr\/noticia\/pablo-almansa-volpa-en-la-asociacion-mi-rancho-bolivia\/\" \/>\n<meta property=\"og:site_name\" content=\"Entreculturas\" \/>\n<meta property=\"article:publisher\" content=\"https:\/\/www.facebook.com\/entreculturas\" \/>\n<meta property=\"article:modified_time\" content=\"2024-09-17T11:53:55+00:00\" \/>\n<meta property=\"og:image\" content=\"https:\/\/www.entreculturas.org\/wp-content\/uploads\/2023\/12\/volpa_pabloalmansa.jpg\" \/>\n\t<meta property=\"og:image:width\" content=\"500\" \/>\n\t<meta property=\"og:image:height\" content=\"596\" \/>\n\t<meta property=\"og:image:type\" content=\"image\/jpeg\" \/>\n<meta name=\"twitter:card\" content=\"summary_large_image\" \/>\n<meta name=\"twitter:site\" content=\"@Entreculturas\" \/>\n<script type=\"application\/ld+json\" class=\"yoast-schema-graph\">{\"@context\":\"https:\\\/\\\/schema.org\",\"@graph\":[{\"@type\":\"WebPage\",\"@id\":\"https:\\\/\\\/www.entreculturas.org\\\/fr\\\/noticia\\\/pablo-almansa-volpa-en-la-asociacion-mi-rancho-bolivia\\\/\",\"url\":\"https:\\\/\\\/www.entreculturas.org\\\/fr\\\/noticia\\\/pablo-almansa-volpa-en-la-asociacion-mi-rancho-bolivia\\\/\",\"name\":\"Pablo Almansa, VOLPA en la Asociaci\u00f3n Mi Rancho (Bolivia) - Entreculturas\",\"isPartOf\":{\"@id\":\"https:\\\/\\\/www.entreculturas.org\\\/fr\\\/#website\"},\"primaryImageOfPage\":{\"@id\":\"https:\\\/\\\/www.entreculturas.org\\\/fr\\\/noticia\\\/pablo-almansa-volpa-en-la-asociacion-mi-rancho-bolivia\\\/#primaryimage\"},\"image\":{\"@id\":\"https:\\\/\\\/www.entreculturas.org\\\/fr\\\/noticia\\\/pablo-almansa-volpa-en-la-asociacion-mi-rancho-bolivia\\\/#primaryimage\"},\"thumbnailUrl\":\"https:\\\/\\\/www.entreculturas.org\\\/wp-content\\\/uploads\\\/2023\\\/12\\\/volpa_pabloalmansa.jpg\",\"datePublished\":\"2018-07-09T15:37:53+00:00\",\"dateModified\":\"2024-09-17T11:53:55+00:00\",\"breadcrumb\":{\"@id\":\"https:\\\/\\\/www.entreculturas.org\\\/fr\\\/noticia\\\/pablo-almansa-volpa-en-la-asociacion-mi-rancho-bolivia\\\/#breadcrumb\"},\"inLanguage\":\"fr-FR\",\"potentialAction\":[{\"@type\":\"ReadAction\",\"target\":[\"https:\\\/\\\/www.entreculturas.org\\\/fr\\\/noticia\\\/pablo-almansa-volpa-en-la-asociacion-mi-rancho-bolivia\\\/\"]}]},{\"@type\":\"ImageObject\",\"inLanguage\":\"fr-FR\",\"@id\":\"https:\\\/\\\/www.entreculturas.org\\\/fr\\\/noticia\\\/pablo-almansa-volpa-en-la-asociacion-mi-rancho-bolivia\\\/#primaryimage\",\"url\":\"https:\\\/\\\/www.entreculturas.org\\\/wp-content\\\/uploads\\\/2023\\\/12\\\/volpa_pabloalmansa.jpg\",\"contentUrl\":\"https:\\\/\\\/www.entreculturas.org\\\/wp-content\\\/uploads\\\/2023\\\/12\\\/volpa_pabloalmansa.jpg\",\"width\":500,\"height\":596},{\"@type\":\"BreadcrumbList\",\"@id\":\"https:\\\/\\\/www.entreculturas.org\\\/fr\\\/noticia\\\/pablo-almansa-volpa-en-la-asociacion-mi-rancho-bolivia\\\/#breadcrumb\",\"itemListElement\":[{\"@type\":\"ListItem\",\"position\":1,\"name\":\"Home\",\"item\":\"https:\\\/\\\/www.entreculturas.org\\\/fr\\\/\"},{\"@type\":\"ListItem\",\"position\":2,\"name\":\"Noticias\",\"item\":\"https:\\\/\\\/www.entreculturas.org\\\/fr\\\/noticias\\\/\"},{\"@type\":\"ListItem\",\"position\":3,\"name\":\"Pablo Almansa, VOLPA en la Asociaci\u00f3n Mi Rancho (Bolivia)\"}]},{\"@type\":\"WebSite\",\"@id\":\"https:\\\/\\\/www.entreculturas.org\\\/fr\\\/#website\",\"url\":\"https:\\\/\\\/www.entreculturas.org\\\/fr\\\/\",\"name\":\"Entreculturas\",\"description\":\"\",\"publisher\":{\"@id\":\"https:\\\/\\\/www.entreculturas.org\\\/fr\\\/#organization\"},\"alternateName\":\"Entreculturas\",\"potentialAction\":[{\"@type\":\"SearchAction\",\"target\":{\"@type\":\"EntryPoint\",\"urlTemplate\":\"https:\\\/\\\/www.entreculturas.org\\\/fr\\\/?s={search_term_string}\"},\"query-input\":{\"@type\":\"PropertyValueSpecification\",\"valueRequired\":true,\"valueName\":\"search_term_string\"}}],\"inLanguage\":\"fr-FR\"},{\"@type\":\"Organization\",\"@id\":\"https:\\\/\\\/www.entreculturas.org\\\/fr\\\/#organization\",\"name\":\"Entreculturas\",\"url\":\"https:\\\/\\\/www.entreculturas.org\\\/fr\\\/\",\"logo\":{\"@type\":\"ImageObject\",\"inLanguage\":\"fr-FR\",\"@id\":\"https:\\\/\\\/www.entreculturas.org\\\/fr\\\/#\\\/schema\\\/logo\\\/image\\\/\",\"url\":\"https:\\\/\\\/www.entreculturas.org\\\/wp-content\\\/uploads\\\/2025\\\/10\\\/ESP.svg\",\"contentUrl\":\"https:\\\/\\\/www.entreculturas.org\\\/wp-content\\\/uploads\\\/2025\\\/10\\\/ESP.svg\",\"caption\":\"Entreculturas\"},\"image\":{\"@id\":\"https:\\\/\\\/www.entreculturas.org\\\/fr\\\/#\\\/schema\\\/logo\\\/image\\\/\"},\"sameAs\":[\"https:\\\/\\\/www.facebook.com\\\/entreculturas\",\"https:\\\/\\\/x.com\\\/Entreculturas\",\"https:\\\/\\\/www.instagram.com\\\/entreculturas\\\/\",\"https:\\\/\\\/www.youtube.com\\\/user\\\/entreculturasvideo\",\"https:\\\/\\\/www.linkedin.com\\\/company\\\/fundacion-entreculturas-ngdo\\\/\",\"https:\\\/\\\/www.flickr.com\\\/photos\\\/98455522@N04\\\/albums\\\/\"]}]}<\/script>\n<!-- \/ Yoast SEO Premium plugin. -->","yoast_head_json":{"title":"Pablo Almansa, VOLPA en la Asociaci\u00f3n Mi Rancho (Bolivia) - Entreculturas","robots":{"index":"index","follow":"follow","max-snippet":"max-snippet:-1","max-image-preview":"max-image-preview:large","max-video-preview":"max-video-preview:-1"},"canonical":"https:\/\/www.entreculturas.org\/fr\/noticia\/pablo-almansa-volpa-en-la-asociacion-mi-rancho-bolivia\/","og_locale":"fr_FR","og_type":"article","og_title":"Pablo Almansa, VOLPA en la Asociaci\u00f3n Mi Rancho (Bolivia)","og_description":"Muy buenas a todas y todos, en primer lugar presentarme soy Pablo Almansa, madrile\u00f1o de 25 a\u00f1os, educador social y VOLPA, este a\u00f1o lo&nbsp;estoy compartiendo en la Asociaci\u00f3n Mi Rancho, en Santa cruz, Bolivia, trabajando como voluntario con ni\u00f1os, adolescentes y j\u00f3venes en situaci\u00f3n de calle. Desde mi habitaci\u00f3n en este maravilloso lugar es desde donde os escribo. Me gustar\u00eda acercaros un poco mi experiencia y reflexiones que van surgiendo de todo lo que aqu\u00ed vivo. Hace unos pocos a\u00f1os me comenc\u00e9 a interesar por la experiencia VOLPA, conoc\u00eda a grandes personas que la hab\u00edan tenido y coincid\u00edan en que \u00e9sta hab\u00eda marcado un antes y un despu\u00e9s en su forma de mirar, de pensar y de querer.&nbsp; Todo comienza con una muy revisada carta de presentaci\u00f3n, un correo, y una nerviosa espera hasta el gran d\u00eda, en el que me informan de que me han aceptado para realizar la [&hellip;]","og_url":"https:\/\/www.entreculturas.org\/fr\/noticia\/pablo-almansa-volpa-en-la-asociacion-mi-rancho-bolivia\/","og_site_name":"Entreculturas","article_publisher":"https:\/\/www.facebook.com\/entreculturas","article_modified_time":"2024-09-17T11:53:55+00:00","og_image":[{"width":500,"height":596,"url":"https:\/\/www.entreculturas.org\/wp-content\/uploads\/2023\/12\/volpa_pabloalmansa.jpg","type":"image\/jpeg"}],"twitter_card":"summary_large_image","twitter_site":"@Entreculturas","schema":{"@context":"https:\/\/schema.org","@graph":[{"@type":"WebPage","@id":"https:\/\/www.entreculturas.org\/fr\/noticia\/pablo-almansa-volpa-en-la-asociacion-mi-rancho-bolivia\/","url":"https:\/\/www.entreculturas.org\/fr\/noticia\/pablo-almansa-volpa-en-la-asociacion-mi-rancho-bolivia\/","name":"Pablo Almansa, VOLPA en la Asociaci\u00f3n Mi Rancho (Bolivia) - Entreculturas","isPartOf":{"@id":"https:\/\/www.entreculturas.org\/fr\/#website"},"primaryImageOfPage":{"@id":"https:\/\/www.entreculturas.org\/fr\/noticia\/pablo-almansa-volpa-en-la-asociacion-mi-rancho-bolivia\/#primaryimage"},"image":{"@id":"https:\/\/www.entreculturas.org\/fr\/noticia\/pablo-almansa-volpa-en-la-asociacion-mi-rancho-bolivia\/#primaryimage"},"thumbnailUrl":"https:\/\/www.entreculturas.org\/wp-content\/uploads\/2023\/12\/volpa_pabloalmansa.jpg","datePublished":"2018-07-09T15:37:53+00:00","dateModified":"2024-09-17T11:53:55+00:00","breadcrumb":{"@id":"https:\/\/www.entreculturas.org\/fr\/noticia\/pablo-almansa-volpa-en-la-asociacion-mi-rancho-bolivia\/#breadcrumb"},"inLanguage":"fr-FR","potentialAction":[{"@type":"ReadAction","target":["https:\/\/www.entreculturas.org\/fr\/noticia\/pablo-almansa-volpa-en-la-asociacion-mi-rancho-bolivia\/"]}]},{"@type":"ImageObject","inLanguage":"fr-FR","@id":"https:\/\/www.entreculturas.org\/fr\/noticia\/pablo-almansa-volpa-en-la-asociacion-mi-rancho-bolivia\/#primaryimage","url":"https:\/\/www.entreculturas.org\/wp-content\/uploads\/2023\/12\/volpa_pabloalmansa.jpg","contentUrl":"https:\/\/www.entreculturas.org\/wp-content\/uploads\/2023\/12\/volpa_pabloalmansa.jpg","width":500,"height":596},{"@type":"BreadcrumbList","@id":"https:\/\/www.entreculturas.org\/fr\/noticia\/pablo-almansa-volpa-en-la-asociacion-mi-rancho-bolivia\/#breadcrumb","itemListElement":[{"@type":"ListItem","position":1,"name":"Home","item":"https:\/\/www.entreculturas.org\/fr\/"},{"@type":"ListItem","position":2,"name":"Noticias","item":"https:\/\/www.entreculturas.org\/fr\/noticias\/"},{"@type":"ListItem","position":3,"name":"Pablo Almansa, VOLPA en la Asociaci\u00f3n Mi Rancho (Bolivia)"}]},{"@type":"WebSite","@id":"https:\/\/www.entreculturas.org\/fr\/#website","url":"https:\/\/www.entreculturas.org\/fr\/","name":"Entreculturas","description":"","publisher":{"@id":"https:\/\/www.entreculturas.org\/fr\/#organization"},"alternateName":"Entreculturas","potentialAction":[{"@type":"SearchAction","target":{"@type":"EntryPoint","urlTemplate":"https:\/\/www.entreculturas.org\/fr\/?s={search_term_string}"},"query-input":{"@type":"PropertyValueSpecification","valueRequired":true,"valueName":"search_term_string"}}],"inLanguage":"fr-FR"},{"@type":"Organization","@id":"https:\/\/www.entreculturas.org\/fr\/#organization","name":"Entreculturas","url":"https:\/\/www.entreculturas.org\/fr\/","logo":{"@type":"ImageObject","inLanguage":"fr-FR","@id":"https:\/\/www.entreculturas.org\/fr\/#\/schema\/logo\/image\/","url":"https:\/\/www.entreculturas.org\/wp-content\/uploads\/2025\/10\/ESP.svg","contentUrl":"https:\/\/www.entreculturas.org\/wp-content\/uploads\/2025\/10\/ESP.svg","caption":"Entreculturas"},"image":{"@id":"https:\/\/www.entreculturas.org\/fr\/#\/schema\/logo\/image\/"},"sameAs":["https:\/\/www.facebook.com\/entreculturas","https:\/\/x.com\/Entreculturas","https:\/\/www.instagram.com\/entreculturas\/","https:\/\/www.youtube.com\/user\/entreculturasvideo","https:\/\/www.linkedin.com\/company\/fundacion-entreculturas-ngdo\/","https:\/\/www.flickr.com\/photos\/98455522@N04\/albums\/"]}]}},"_links":{"self":[{"href":"https:\/\/www.entreculturas.org\/fr\/wp-json\/wp\/v2\/noticia\/9547","targetHints":{"allow":["GET"]}}],"collection":[{"href":"https:\/\/www.entreculturas.org\/fr\/wp-json\/wp\/v2\/noticia"}],"about":[{"href":"https:\/\/www.entreculturas.org\/fr\/wp-json\/wp\/v2\/types\/noticia"}],"wp:featuredmedia":[{"embeddable":true,"href":"https:\/\/www.entreculturas.org\/fr\/wp-json\/wp\/v2\/media\/9548"}],"wp:attachment":[{"href":"https:\/\/www.entreculturas.org\/fr\/wp-json\/wp\/v2\/media?parent=9547"}],"wp:term":[{"taxonomy":"category","embeddable":true,"href":"https:\/\/www.entreculturas.org\/fr\/wp-json\/wp\/v2\/categories?post=9547"},{"taxonomy":"post_tag","embeddable":true,"href":"https:\/\/www.entreculturas.org\/fr\/wp-json\/wp\/v2\/tags?post=9547"},{"taxonomy":"country","embeddable":true,"href":"https:\/\/www.entreculturas.org\/fr\/wp-json\/wp\/v2\/country?post=9547"},{"taxonomy":"cause","embeddable":true,"href":"https:\/\/www.entreculturas.org\/fr\/wp-json\/wp\/v2\/cause?post=9547"}],"curies":[{"name":"wp","href":"https:\/\/api.w.org\/{rel}","templated":true}]}}