{"id":9528,"date":"2016-09-20T09:24:58","date_gmt":"2016-09-20T07:24:58","guid":{"rendered":"https:\/\/www.entreculturas.org\/publicacion\/abdel-y-blanca-volpas-en-nicaragua\/"},"modified":"2024-09-17T13:44:06","modified_gmt":"2024-09-17T11:44:06","slug":"abdel-y-blanca-volpas-en-nicaragua","status":"publish","type":"noticia","link":"https:\/\/www.entreculturas.org\/fr\/noticia\/abdel-y-blanca-volpas-en-nicaragua\/","title":{"rendered":"Abdel y Blanca, VOLPAS en Nicaragua"},"content":{"rendered":"<p>Carrera, m\u00e1ster, trabajo, casa y familia. Pongamos todo patas arriba, vamos de VOLPA. Me llamo Abdel y yo me llamo Blanca. Y esta es nuestra historia.<\/p>\n<p>Hace siete meses pusimos rumbo a Nicaragua decididos a vivir una experiencia que promet\u00eda ser la de nuestra vida. Una experiencia que marcar\u00eda un antes y un despu\u00e9s. Y as\u00ed fue.<\/p>\n<p>Somotillo, as\u00ed se llama nuestro nuevo hogar. Una peque\u00f1a localidad fronteriza con Honduras y a doscientos kil\u00f3metros de la capital. Un lugar c\u00e1lido en todos los sentidos. Y no es tanto por el clima caliente, si no por la gente con quienes estamos compartiendo nuestra vida.<\/p>\n<p>En la Resistencia, un barrio muy bien definido por su nombre, se encuentra la escuela San Ignacio de Loyola Fe y Alegr\u00eda. Una escuela que resiste a la falta de recursos con mucha dignidad, con mucha fe y bastante alegr\u00eda. Y en sus rincones, los h\u00e9roes de esta experiencia. Nuestros ni\u00f1os y ni\u00f1as, chavalos y chavalas, maestros y maestras. Aqu\u00ed desempe\u00f1amos nuestra labor de acompa\u00f1ar a los profes para fortalecer conjuntamente los procesos pedag\u00f3gicos de aula y centro. Pero eso no es todo, como bien indica el lema de nuestro colegio: \u201cEn Todo Amar y Servir\u201d. Ah\u00ed estamos nosotros muchas veces haciendo de todo un poco, en la secretar\u00eda, porter\u00eda, incluso en la cocina.<\/p>\n<p>VOLPA, es una experiencia de vida por excelencia, una escuela donde lo material pierde todo el protagonismo, una escuela donde destaca lo humano.<\/p>\n<p>Se trata de una experiencia donde uno se pone a coraz\u00f3n abierto, donde el amor es m\u00e1s que un t\u00e9rmino, m\u00e1s que un lema \u201ccursi\u201d. El amor se convierte en un estilo de vida.&nbsp;<\/p>\n","protected":false},"excerpt":{"rendered":"<p>Carrera, m\u00e1ster, trabajo, casa y familia. Pongamos todo patas arriba, vamos de VOLPA. Me llamo Abdel y yo me llamo Blanca. Y esta es nuestra historia. Hace siete meses pusimos rumbo a Nicaragua decididos a vivir una experiencia que promet\u00eda ser la de nuestra vida. Una experiencia que marcar\u00eda un antes y un despu\u00e9s. Y as\u00ed fue. Somotillo, as\u00ed se llama nuestro nuevo hogar. Una peque\u00f1a localidad fronteriza con Honduras y a doscientos kil\u00f3metros de la capital. Un lugar c\u00e1lido en todos los sentidos. Y no es tanto por el clima caliente, si no por la gente con quienes estamos compartiendo nuestra vida. En la Resistencia, un barrio muy bien definido por su nombre, se encuentra la escuela San Ignacio de Loyola Fe y Alegr\u00eda. Una escuela que resiste a la falta de recursos con mucha dignidad, con mucha fe y bastante alegr\u00eda. Y en sus rincones, los h\u00e9roes de [&hellip;]<\/p>\n","protected":false},"featured_media":9529,"template":"single-noticia","meta":{"_acf_changed":false},"categories":[7],"tags":[191],"country":[],"cause":[],"class_list":["post-9528","noticia","type-noticia","status-publish","has-post-thumbnail","hentry","category-noticia","tag-voluntariado"],"acf":[],"yoast_head":"<!-- This site is optimized with the Yoast SEO Premium plugin v21.6 (Yoast SEO v27.5) - https:\/\/yoast.com\/product\/yoast-seo-premium-wordpress\/ -->\n<title>Abdel y Blanca, VOLPAS en Nicaragua - Entreculturas<\/title>\n<meta name=\"robots\" content=\"index, follow, max-snippet:-1, max-image-preview:large, max-video-preview:-1\" \/>\n<link rel=\"canonical\" href=\"https:\/\/www.entreculturas.org\/fr\/noticia\/abdel-y-blanca-volpas-en-nicaragua\/\" \/>\n<meta property=\"og:locale\" content=\"fr_FR\" \/>\n<meta property=\"og:type\" content=\"article\" \/>\n<meta property=\"og:title\" content=\"Abdel y Blanca, VOLPAS en Nicaragua\" \/>\n<meta property=\"og:description\" content=\"Carrera, m\u00e1ster, trabajo, casa y familia. Pongamos todo patas arriba, vamos de VOLPA. Me llamo Abdel y yo me llamo Blanca. Y esta es nuestra historia. Hace siete meses pusimos rumbo a Nicaragua decididos a vivir una experiencia que promet\u00eda ser la de nuestra vida. Una experiencia que marcar\u00eda un antes y un despu\u00e9s. Y as\u00ed fue. Somotillo, as\u00ed se llama nuestro nuevo hogar. Una peque\u00f1a localidad fronteriza con Honduras y a doscientos kil\u00f3metros de la capital. Un lugar c\u00e1lido en todos los sentidos. Y no es tanto por el clima caliente, si no por la gente con quienes estamos compartiendo nuestra vida. En la Resistencia, un barrio muy bien definido por su nombre, se encuentra la escuela San Ignacio de Loyola Fe y Alegr\u00eda. Una escuela que resiste a la falta de recursos con mucha dignidad, con mucha fe y bastante alegr\u00eda. Y en sus rincones, los h\u00e9roes de [&hellip;]\" \/>\n<meta property=\"og:url\" content=\"https:\/\/www.entreculturas.org\/fr\/noticia\/abdel-y-blanca-volpas-en-nicaragua\/\" \/>\n<meta property=\"og:site_name\" content=\"Entreculturas\" \/>\n<meta property=\"article:publisher\" content=\"https:\/\/www.facebook.com\/entreculturas\" \/>\n<meta property=\"article:modified_time\" content=\"2024-09-17T11:44:06+00:00\" \/>\n<meta property=\"og:image\" content=\"https:\/\/www.entreculturas.org\/wp-content\/uploads\/2023\/12\/abdelyblanca_nicaragua-testimonio.jpg\" \/>\n\t<meta property=\"og:image:width\" content=\"400\" \/>\n\t<meta property=\"og:image:height\" content=\"301\" \/>\n\t<meta property=\"og:image:type\" content=\"image\/jpeg\" \/>\n<meta name=\"twitter:card\" content=\"summary_large_image\" \/>\n<meta name=\"twitter:site\" content=\"@Entreculturas\" \/>\n<script type=\"application\/ld+json\" class=\"yoast-schema-graph\">{\"@context\":\"https:\\\/\\\/schema.org\",\"@graph\":[{\"@type\":\"WebPage\",\"@id\":\"https:\\\/\\\/www.entreculturas.org\\\/fr\\\/noticia\\\/abdel-y-blanca-volpas-en-nicaragua\\\/\",\"url\":\"https:\\\/\\\/www.entreculturas.org\\\/fr\\\/noticia\\\/abdel-y-blanca-volpas-en-nicaragua\\\/\",\"name\":\"Abdel y Blanca, VOLPAS en Nicaragua - Entreculturas\",\"isPartOf\":{\"@id\":\"https:\\\/\\\/www.entreculturas.org\\\/fr\\\/#website\"},\"primaryImageOfPage\":{\"@id\":\"https:\\\/\\\/www.entreculturas.org\\\/fr\\\/noticia\\\/abdel-y-blanca-volpas-en-nicaragua\\\/#primaryimage\"},\"image\":{\"@id\":\"https:\\\/\\\/www.entreculturas.org\\\/fr\\\/noticia\\\/abdel-y-blanca-volpas-en-nicaragua\\\/#primaryimage\"},\"thumbnailUrl\":\"https:\\\/\\\/www.entreculturas.org\\\/wp-content\\\/uploads\\\/2023\\\/12\\\/abdelyblanca_nicaragua-testimonio.jpg\",\"datePublished\":\"2016-09-20T07:24:58+00:00\",\"dateModified\":\"2024-09-17T11:44:06+00:00\",\"breadcrumb\":{\"@id\":\"https:\\\/\\\/www.entreculturas.org\\\/fr\\\/noticia\\\/abdel-y-blanca-volpas-en-nicaragua\\\/#breadcrumb\"},\"inLanguage\":\"fr-FR\",\"potentialAction\":[{\"@type\":\"ReadAction\",\"target\":[\"https:\\\/\\\/www.entreculturas.org\\\/fr\\\/noticia\\\/abdel-y-blanca-volpas-en-nicaragua\\\/\"]}]},{\"@type\":\"ImageObject\",\"inLanguage\":\"fr-FR\",\"@id\":\"https:\\\/\\\/www.entreculturas.org\\\/fr\\\/noticia\\\/abdel-y-blanca-volpas-en-nicaragua\\\/#primaryimage\",\"url\":\"https:\\\/\\\/www.entreculturas.org\\\/wp-content\\\/uploads\\\/2023\\\/12\\\/abdelyblanca_nicaragua-testimonio.jpg\",\"contentUrl\":\"https:\\\/\\\/www.entreculturas.org\\\/wp-content\\\/uploads\\\/2023\\\/12\\\/abdelyblanca_nicaragua-testimonio.jpg\",\"width\":400,\"height\":301},{\"@type\":\"BreadcrumbList\",\"@id\":\"https:\\\/\\\/www.entreculturas.org\\\/fr\\\/noticia\\\/abdel-y-blanca-volpas-en-nicaragua\\\/#breadcrumb\",\"itemListElement\":[{\"@type\":\"ListItem\",\"position\":1,\"name\":\"Home\",\"item\":\"https:\\\/\\\/www.entreculturas.org\\\/fr\\\/\"},{\"@type\":\"ListItem\",\"position\":2,\"name\":\"Noticias\",\"item\":\"https:\\\/\\\/www.entreculturas.org\\\/fr\\\/noticias\\\/\"},{\"@type\":\"ListItem\",\"position\":3,\"name\":\"Abdel y Blanca, VOLPAS en Nicaragua\"}]},{\"@type\":\"WebSite\",\"@id\":\"https:\\\/\\\/www.entreculturas.org\\\/fr\\\/#website\",\"url\":\"https:\\\/\\\/www.entreculturas.org\\\/fr\\\/\",\"name\":\"Entreculturas\",\"description\":\"\",\"publisher\":{\"@id\":\"https:\\\/\\\/www.entreculturas.org\\\/fr\\\/#organization\"},\"alternateName\":\"Entreculturas\",\"potentialAction\":[{\"@type\":\"SearchAction\",\"target\":{\"@type\":\"EntryPoint\",\"urlTemplate\":\"https:\\\/\\\/www.entreculturas.org\\\/fr\\\/?s={search_term_string}\"},\"query-input\":{\"@type\":\"PropertyValueSpecification\",\"valueRequired\":true,\"valueName\":\"search_term_string\"}}],\"inLanguage\":\"fr-FR\"},{\"@type\":\"Organization\",\"@id\":\"https:\\\/\\\/www.entreculturas.org\\\/fr\\\/#organization\",\"name\":\"Entreculturas\",\"url\":\"https:\\\/\\\/www.entreculturas.org\\\/fr\\\/\",\"logo\":{\"@type\":\"ImageObject\",\"inLanguage\":\"fr-FR\",\"@id\":\"https:\\\/\\\/www.entreculturas.org\\\/fr\\\/#\\\/schema\\\/logo\\\/image\\\/\",\"url\":\"https:\\\/\\\/www.entreculturas.org\\\/wp-content\\\/uploads\\\/2025\\\/10\\\/ESP.svg\",\"contentUrl\":\"https:\\\/\\\/www.entreculturas.org\\\/wp-content\\\/uploads\\\/2025\\\/10\\\/ESP.svg\",\"caption\":\"Entreculturas\"},\"image\":{\"@id\":\"https:\\\/\\\/www.entreculturas.org\\\/fr\\\/#\\\/schema\\\/logo\\\/image\\\/\"},\"sameAs\":[\"https:\\\/\\\/www.facebook.com\\\/entreculturas\",\"https:\\\/\\\/x.com\\\/Entreculturas\",\"https:\\\/\\\/www.instagram.com\\\/entreculturas\\\/\",\"https:\\\/\\\/www.youtube.com\\\/user\\\/entreculturasvideo\",\"https:\\\/\\\/www.linkedin.com\\\/company\\\/fundacion-entreculturas-ngdo\\\/\",\"https:\\\/\\\/www.flickr.com\\\/photos\\\/98455522@N04\\\/albums\\\/\"]}]}<\/script>\n<!-- \/ Yoast SEO Premium plugin. -->","yoast_head_json":{"title":"Abdel y Blanca, VOLPAS en Nicaragua - Entreculturas","robots":{"index":"index","follow":"follow","max-snippet":"max-snippet:-1","max-image-preview":"max-image-preview:large","max-video-preview":"max-video-preview:-1"},"canonical":"https:\/\/www.entreculturas.org\/fr\/noticia\/abdel-y-blanca-volpas-en-nicaragua\/","og_locale":"fr_FR","og_type":"article","og_title":"Abdel y Blanca, VOLPAS en Nicaragua","og_description":"Carrera, m\u00e1ster, trabajo, casa y familia. Pongamos todo patas arriba, vamos de VOLPA. Me llamo Abdel y yo me llamo Blanca. Y esta es nuestra historia. Hace siete meses pusimos rumbo a Nicaragua decididos a vivir una experiencia que promet\u00eda ser la de nuestra vida. Una experiencia que marcar\u00eda un antes y un despu\u00e9s. Y as\u00ed fue. Somotillo, as\u00ed se llama nuestro nuevo hogar. Una peque\u00f1a localidad fronteriza con Honduras y a doscientos kil\u00f3metros de la capital. Un lugar c\u00e1lido en todos los sentidos. Y no es tanto por el clima caliente, si no por la gente con quienes estamos compartiendo nuestra vida. En la Resistencia, un barrio muy bien definido por su nombre, se encuentra la escuela San Ignacio de Loyola Fe y Alegr\u00eda. Una escuela que resiste a la falta de recursos con mucha dignidad, con mucha fe y bastante alegr\u00eda. Y en sus rincones, los h\u00e9roes de [&hellip;]","og_url":"https:\/\/www.entreculturas.org\/fr\/noticia\/abdel-y-blanca-volpas-en-nicaragua\/","og_site_name":"Entreculturas","article_publisher":"https:\/\/www.facebook.com\/entreculturas","article_modified_time":"2024-09-17T11:44:06+00:00","og_image":[{"width":400,"height":301,"url":"https:\/\/www.entreculturas.org\/wp-content\/uploads\/2023\/12\/abdelyblanca_nicaragua-testimonio.jpg","type":"image\/jpeg"}],"twitter_card":"summary_large_image","twitter_site":"@Entreculturas","schema":{"@context":"https:\/\/schema.org","@graph":[{"@type":"WebPage","@id":"https:\/\/www.entreculturas.org\/fr\/noticia\/abdel-y-blanca-volpas-en-nicaragua\/","url":"https:\/\/www.entreculturas.org\/fr\/noticia\/abdel-y-blanca-volpas-en-nicaragua\/","name":"Abdel y Blanca, VOLPAS en Nicaragua - Entreculturas","isPartOf":{"@id":"https:\/\/www.entreculturas.org\/fr\/#website"},"primaryImageOfPage":{"@id":"https:\/\/www.entreculturas.org\/fr\/noticia\/abdel-y-blanca-volpas-en-nicaragua\/#primaryimage"},"image":{"@id":"https:\/\/www.entreculturas.org\/fr\/noticia\/abdel-y-blanca-volpas-en-nicaragua\/#primaryimage"},"thumbnailUrl":"https:\/\/www.entreculturas.org\/wp-content\/uploads\/2023\/12\/abdelyblanca_nicaragua-testimonio.jpg","datePublished":"2016-09-20T07:24:58+00:00","dateModified":"2024-09-17T11:44:06+00:00","breadcrumb":{"@id":"https:\/\/www.entreculturas.org\/fr\/noticia\/abdel-y-blanca-volpas-en-nicaragua\/#breadcrumb"},"inLanguage":"fr-FR","potentialAction":[{"@type":"ReadAction","target":["https:\/\/www.entreculturas.org\/fr\/noticia\/abdel-y-blanca-volpas-en-nicaragua\/"]}]},{"@type":"ImageObject","inLanguage":"fr-FR","@id":"https:\/\/www.entreculturas.org\/fr\/noticia\/abdel-y-blanca-volpas-en-nicaragua\/#primaryimage","url":"https:\/\/www.entreculturas.org\/wp-content\/uploads\/2023\/12\/abdelyblanca_nicaragua-testimonio.jpg","contentUrl":"https:\/\/www.entreculturas.org\/wp-content\/uploads\/2023\/12\/abdelyblanca_nicaragua-testimonio.jpg","width":400,"height":301},{"@type":"BreadcrumbList","@id":"https:\/\/www.entreculturas.org\/fr\/noticia\/abdel-y-blanca-volpas-en-nicaragua\/#breadcrumb","itemListElement":[{"@type":"ListItem","position":1,"name":"Home","item":"https:\/\/www.entreculturas.org\/fr\/"},{"@type":"ListItem","position":2,"name":"Noticias","item":"https:\/\/www.entreculturas.org\/fr\/noticias\/"},{"@type":"ListItem","position":3,"name":"Abdel y Blanca, VOLPAS en Nicaragua"}]},{"@type":"WebSite","@id":"https:\/\/www.entreculturas.org\/fr\/#website","url":"https:\/\/www.entreculturas.org\/fr\/","name":"Entreculturas","description":"","publisher":{"@id":"https:\/\/www.entreculturas.org\/fr\/#organization"},"alternateName":"Entreculturas","potentialAction":[{"@type":"SearchAction","target":{"@type":"EntryPoint","urlTemplate":"https:\/\/www.entreculturas.org\/fr\/?s={search_term_string}"},"query-input":{"@type":"PropertyValueSpecification","valueRequired":true,"valueName":"search_term_string"}}],"inLanguage":"fr-FR"},{"@type":"Organization","@id":"https:\/\/www.entreculturas.org\/fr\/#organization","name":"Entreculturas","url":"https:\/\/www.entreculturas.org\/fr\/","logo":{"@type":"ImageObject","inLanguage":"fr-FR","@id":"https:\/\/www.entreculturas.org\/fr\/#\/schema\/logo\/image\/","url":"https:\/\/www.entreculturas.org\/wp-content\/uploads\/2025\/10\/ESP.svg","contentUrl":"https:\/\/www.entreculturas.org\/wp-content\/uploads\/2025\/10\/ESP.svg","caption":"Entreculturas"},"image":{"@id":"https:\/\/www.entreculturas.org\/fr\/#\/schema\/logo\/image\/"},"sameAs":["https:\/\/www.facebook.com\/entreculturas","https:\/\/x.com\/Entreculturas","https:\/\/www.instagram.com\/entreculturas\/","https:\/\/www.youtube.com\/user\/entreculturasvideo","https:\/\/www.linkedin.com\/company\/fundacion-entreculturas-ngdo\/","https:\/\/www.flickr.com\/photos\/98455522@N04\/albums\/"]}]}},"_links":{"self":[{"href":"https:\/\/www.entreculturas.org\/fr\/wp-json\/wp\/v2\/noticia\/9528","targetHints":{"allow":["GET"]}}],"collection":[{"href":"https:\/\/www.entreculturas.org\/fr\/wp-json\/wp\/v2\/noticia"}],"about":[{"href":"https:\/\/www.entreculturas.org\/fr\/wp-json\/wp\/v2\/types\/noticia"}],"wp:featuredmedia":[{"embeddable":true,"href":"https:\/\/www.entreculturas.org\/fr\/wp-json\/wp\/v2\/media\/9529"}],"wp:attachment":[{"href":"https:\/\/www.entreculturas.org\/fr\/wp-json\/wp\/v2\/media?parent=9528"}],"wp:term":[{"taxonomy":"category","embeddable":true,"href":"https:\/\/www.entreculturas.org\/fr\/wp-json\/wp\/v2\/categories?post=9528"},{"taxonomy":"post_tag","embeddable":true,"href":"https:\/\/www.entreculturas.org\/fr\/wp-json\/wp\/v2\/tags?post=9528"},{"taxonomy":"country","embeddable":true,"href":"https:\/\/www.entreculturas.org\/fr\/wp-json\/wp\/v2\/country?post=9528"},{"taxonomy":"cause","embeddable":true,"href":"https:\/\/www.entreculturas.org\/fr\/wp-json\/wp\/v2\/cause?post=9528"}],"curies":[{"name":"wp","href":"https:\/\/api.w.org\/{rel}","templated":true}]}}