{"id":9512,"date":"2015-05-24T08:22:30","date_gmt":"2015-05-24T06:22:30","guid":{"rendered":"https:\/\/www.entreculturas.org\/publicacion\/francisco-mallen\/"},"modified":"2024-09-17T13:38:30","modified_gmt":"2024-09-17T11:38:30","slug":"francisco-mallen","status":"publish","type":"noticia","link":"https:\/\/www.entreculturas.org\/fr\/noticia\/francisco-mallen\/","title":{"rendered":"Francisco Mallen"},"content":{"rendered":"<p>Delegado de Entreculturas en Arag\u00f3n<\/p>\n<p>Me involucr\u00e9 en Entreculturas en 2006, a\u00f1o en el que coincid\u00ed con Narciso Lozano (anterior delegado) en unos talleres ignacianos que se celebraron en Zaragoza con motivo del V Centenario del nacimiento de Francisco de Javier. All\u00ed empezamos a hablar sobre el proyecto de Entreculturas en Arag\u00f3n.<\/p>\n<p>Lo que m\u00e1s me convence de esta ONG es la diversidad de personas que la integran y que est\u00e1n comprometidas con el proyecto en tantos lugares diferentes. Tambi\u00e9n, la apuesta por el voluntariado como sustento principal del trabajo diario y las sonrisas de los ni\u00f1os y ni\u00f1as que, desde el calendario, nos recuerdan cada mes para qui\u00e9n estamos trabajando.<\/p>\n<p>&nbsp;<\/p>\n<p>Mi labor en Entreculturas consiste en reunirme con personas voluntarias, con otras ONG o con colegios que quieren colaborar con nuestra misi\u00f3n. Esta tarea suele requerirme unas 4 \u00f3 5 horas a la semana, fuera del horario de trabajo, aparte de algunos fines de semana. Y a esto hay que sumar algunas llamadas y correos que atender durante el d\u00eda. Es una responsabilidad que asumo con gusto y con compromiso, porque creo que la educaci\u00f3n es la clave para conseguir personas libres y responsables, personas capaces de cambiar el orden de las cosas.<\/p>\n<p>&nbsp;<\/p>\n<p>Por eso, en esta Navidad, pondr\u00e9 todo de mi parte para difundir la campa\u00f1a de La Silla Roja de Entreculturas. Porque es un s\u00edmbolo de que, lo que realmente nos llena y nos hace felices, no se puede comprar -importante reflexi\u00f3n en estos meses de gran consumo- y, adem\u00e1s, para los cristianos, nos recuerda el modo en que Dios se hace presente en los m\u00e1s peque\u00f1o, pobre y excluido.<\/p>\n","protected":false},"excerpt":{"rendered":"<p>Delegado de Entreculturas en Arag\u00f3n Me involucr\u00e9 en Entreculturas en 2006, a\u00f1o en el que coincid\u00ed con Narciso Lozano (anterior delegado) en unos talleres ignacianos que se celebraron en Zaragoza con motivo del V Centenario del nacimiento de Francisco de Javier. All\u00ed empezamos a hablar sobre el proyecto de Entreculturas en Arag\u00f3n. Lo que m\u00e1s me convence de esta ONG es la diversidad de personas que la integran y que est\u00e1n comprometidas con el proyecto en tantos lugares diferentes. Tambi\u00e9n, la apuesta por el voluntariado como sustento principal del trabajo diario y las sonrisas de los ni\u00f1os y ni\u00f1as que, desde el calendario, nos recuerdan cada mes para qui\u00e9n estamos trabajando. &nbsp; Mi labor en Entreculturas consiste en reunirme con personas voluntarias, con otras ONG o con colegios que quieren colaborar con nuestra misi\u00f3n. Esta tarea suele requerirme unas 4 \u00f3 5 horas a la semana, fuera del horario de [&hellip;]<\/p>\n","protected":false},"featured_media":9513,"template":"single-noticia","meta":{"_acf_changed":false},"categories":[7],"tags":[191],"country":[],"cause":[],"class_list":["post-9512","noticia","type-noticia","status-publish","has-post-thumbnail","hentry","category-noticia","tag-voluntariado"],"acf":[],"yoast_head":"<!-- This site is optimized with the Yoast SEO Premium plugin v21.6 (Yoast SEO v27.5) - https:\/\/yoast.com\/product\/yoast-seo-premium-wordpress\/ -->\n<title>Francisco Mallen - Entreculturas<\/title>\n<meta name=\"robots\" content=\"index, follow, max-snippet:-1, max-image-preview:large, max-video-preview:-1\" \/>\n<link rel=\"canonical\" href=\"https:\/\/www.entreculturas.org\/fr\/noticia\/francisco-mallen\/\" \/>\n<meta property=\"og:locale\" content=\"fr_FR\" \/>\n<meta property=\"og:type\" content=\"article\" \/>\n<meta property=\"og:title\" content=\"Francisco Mallen\" \/>\n<meta property=\"og:description\" content=\"Delegado de Entreculturas en Arag\u00f3n Me involucr\u00e9 en Entreculturas en 2006, a\u00f1o en el que coincid\u00ed con Narciso Lozano (anterior delegado) en unos talleres ignacianos que se celebraron en Zaragoza con motivo del V Centenario del nacimiento de Francisco de Javier. All\u00ed empezamos a hablar sobre el proyecto de Entreculturas en Arag\u00f3n. Lo que m\u00e1s me convence de esta ONG es la diversidad de personas que la integran y que est\u00e1n comprometidas con el proyecto en tantos lugares diferentes. Tambi\u00e9n, la apuesta por el voluntariado como sustento principal del trabajo diario y las sonrisas de los ni\u00f1os y ni\u00f1as que, desde el calendario, nos recuerdan cada mes para qui\u00e9n estamos trabajando. &nbsp; Mi labor en Entreculturas consiste en reunirme con personas voluntarias, con otras ONG o con colegios que quieren colaborar con nuestra misi\u00f3n. Esta tarea suele requerirme unas 4 \u00f3 5 horas a la semana, fuera del horario de [&hellip;]\" \/>\n<meta property=\"og:url\" content=\"https:\/\/www.entreculturas.org\/fr\/noticia\/francisco-mallen\/\" \/>\n<meta property=\"og:site_name\" content=\"Entreculturas\" \/>\n<meta property=\"article:publisher\" content=\"https:\/\/www.facebook.com\/entreculturas\" \/>\n<meta property=\"article:modified_time\" content=\"2024-09-17T11:38:30+00:00\" \/>\n<meta property=\"og:image\" content=\"https:\/\/www.entreculturas.org\/wp-content\/uploads\/2023\/12\/francisco_mallen2_0.jpg\" \/>\n\t<meta property=\"og:image:width\" content=\"200\" \/>\n\t<meta property=\"og:image:height\" content=\"247\" \/>\n\t<meta property=\"og:image:type\" content=\"image\/jpeg\" \/>\n<meta name=\"twitter:card\" content=\"summary_large_image\" \/>\n<meta name=\"twitter:site\" content=\"@Entreculturas\" \/>\n<script type=\"application\/ld+json\" class=\"yoast-schema-graph\">{\"@context\":\"https:\\\/\\\/schema.org\",\"@graph\":[{\"@type\":\"WebPage\",\"@id\":\"https:\\\/\\\/www.entreculturas.org\\\/fr\\\/noticia\\\/francisco-mallen\\\/\",\"url\":\"https:\\\/\\\/www.entreculturas.org\\\/fr\\\/noticia\\\/francisco-mallen\\\/\",\"name\":\"Francisco Mallen - Entreculturas\",\"isPartOf\":{\"@id\":\"https:\\\/\\\/www.entreculturas.org\\\/fr\\\/#website\"},\"primaryImageOfPage\":{\"@id\":\"https:\\\/\\\/www.entreculturas.org\\\/fr\\\/noticia\\\/francisco-mallen\\\/#primaryimage\"},\"image\":{\"@id\":\"https:\\\/\\\/www.entreculturas.org\\\/fr\\\/noticia\\\/francisco-mallen\\\/#primaryimage\"},\"thumbnailUrl\":\"https:\\\/\\\/www.entreculturas.org\\\/wp-content\\\/uploads\\\/2023\\\/12\\\/francisco_mallen2_0.jpg\",\"datePublished\":\"2015-05-24T06:22:30+00:00\",\"dateModified\":\"2024-09-17T11:38:30+00:00\",\"breadcrumb\":{\"@id\":\"https:\\\/\\\/www.entreculturas.org\\\/fr\\\/noticia\\\/francisco-mallen\\\/#breadcrumb\"},\"inLanguage\":\"fr-FR\",\"potentialAction\":[{\"@type\":\"ReadAction\",\"target\":[\"https:\\\/\\\/www.entreculturas.org\\\/fr\\\/noticia\\\/francisco-mallen\\\/\"]}]},{\"@type\":\"ImageObject\",\"inLanguage\":\"fr-FR\",\"@id\":\"https:\\\/\\\/www.entreculturas.org\\\/fr\\\/noticia\\\/francisco-mallen\\\/#primaryimage\",\"url\":\"https:\\\/\\\/www.entreculturas.org\\\/wp-content\\\/uploads\\\/2023\\\/12\\\/francisco_mallen2_0.jpg\",\"contentUrl\":\"https:\\\/\\\/www.entreculturas.org\\\/wp-content\\\/uploads\\\/2023\\\/12\\\/francisco_mallen2_0.jpg\",\"width\":200,\"height\":247},{\"@type\":\"BreadcrumbList\",\"@id\":\"https:\\\/\\\/www.entreculturas.org\\\/fr\\\/noticia\\\/francisco-mallen\\\/#breadcrumb\",\"itemListElement\":[{\"@type\":\"ListItem\",\"position\":1,\"name\":\"Home\",\"item\":\"https:\\\/\\\/www.entreculturas.org\\\/fr\\\/\"},{\"@type\":\"ListItem\",\"position\":2,\"name\":\"Noticias\",\"item\":\"https:\\\/\\\/www.entreculturas.org\\\/fr\\\/noticias\\\/\"},{\"@type\":\"ListItem\",\"position\":3,\"name\":\"Francisco Mallen\"}]},{\"@type\":\"WebSite\",\"@id\":\"https:\\\/\\\/www.entreculturas.org\\\/fr\\\/#website\",\"url\":\"https:\\\/\\\/www.entreculturas.org\\\/fr\\\/\",\"name\":\"Entreculturas\",\"description\":\"\",\"publisher\":{\"@id\":\"https:\\\/\\\/www.entreculturas.org\\\/fr\\\/#organization\"},\"alternateName\":\"Entreculturas\",\"potentialAction\":[{\"@type\":\"SearchAction\",\"target\":{\"@type\":\"EntryPoint\",\"urlTemplate\":\"https:\\\/\\\/www.entreculturas.org\\\/fr\\\/?s={search_term_string}\"},\"query-input\":{\"@type\":\"PropertyValueSpecification\",\"valueRequired\":true,\"valueName\":\"search_term_string\"}}],\"inLanguage\":\"fr-FR\"},{\"@type\":\"Organization\",\"@id\":\"https:\\\/\\\/www.entreculturas.org\\\/fr\\\/#organization\",\"name\":\"Entreculturas\",\"url\":\"https:\\\/\\\/www.entreculturas.org\\\/fr\\\/\",\"logo\":{\"@type\":\"ImageObject\",\"inLanguage\":\"fr-FR\",\"@id\":\"https:\\\/\\\/www.entreculturas.org\\\/fr\\\/#\\\/schema\\\/logo\\\/image\\\/\",\"url\":\"https:\\\/\\\/www.entreculturas.org\\\/wp-content\\\/uploads\\\/2025\\\/10\\\/ESP.svg\",\"contentUrl\":\"https:\\\/\\\/www.entreculturas.org\\\/wp-content\\\/uploads\\\/2025\\\/10\\\/ESP.svg\",\"caption\":\"Entreculturas\"},\"image\":{\"@id\":\"https:\\\/\\\/www.entreculturas.org\\\/fr\\\/#\\\/schema\\\/logo\\\/image\\\/\"},\"sameAs\":[\"https:\\\/\\\/www.facebook.com\\\/entreculturas\",\"https:\\\/\\\/x.com\\\/Entreculturas\",\"https:\\\/\\\/www.instagram.com\\\/entreculturas\\\/\",\"https:\\\/\\\/www.youtube.com\\\/user\\\/entreculturasvideo\",\"https:\\\/\\\/www.linkedin.com\\\/company\\\/fundacion-entreculturas-ngdo\\\/\",\"https:\\\/\\\/www.flickr.com\\\/photos\\\/98455522@N04\\\/albums\\\/\"]}]}<\/script>\n<!-- \/ Yoast SEO Premium plugin. -->","yoast_head_json":{"title":"Francisco Mallen - Entreculturas","robots":{"index":"index","follow":"follow","max-snippet":"max-snippet:-1","max-image-preview":"max-image-preview:large","max-video-preview":"max-video-preview:-1"},"canonical":"https:\/\/www.entreculturas.org\/fr\/noticia\/francisco-mallen\/","og_locale":"fr_FR","og_type":"article","og_title":"Francisco Mallen","og_description":"Delegado de Entreculturas en Arag\u00f3n Me involucr\u00e9 en Entreculturas en 2006, a\u00f1o en el que coincid\u00ed con Narciso Lozano (anterior delegado) en unos talleres ignacianos que se celebraron en Zaragoza con motivo del V Centenario del nacimiento de Francisco de Javier. All\u00ed empezamos a hablar sobre el proyecto de Entreculturas en Arag\u00f3n. Lo que m\u00e1s me convence de esta ONG es la diversidad de personas que la integran y que est\u00e1n comprometidas con el proyecto en tantos lugares diferentes. Tambi\u00e9n, la apuesta por el voluntariado como sustento principal del trabajo diario y las sonrisas de los ni\u00f1os y ni\u00f1as que, desde el calendario, nos recuerdan cada mes para qui\u00e9n estamos trabajando. &nbsp; Mi labor en Entreculturas consiste en reunirme con personas voluntarias, con otras ONG o con colegios que quieren colaborar con nuestra misi\u00f3n. Esta tarea suele requerirme unas 4 \u00f3 5 horas a la semana, fuera del horario de [&hellip;]","og_url":"https:\/\/www.entreculturas.org\/fr\/noticia\/francisco-mallen\/","og_site_name":"Entreculturas","article_publisher":"https:\/\/www.facebook.com\/entreculturas","article_modified_time":"2024-09-17T11:38:30+00:00","og_image":[{"width":200,"height":247,"url":"https:\/\/www.entreculturas.org\/wp-content\/uploads\/2023\/12\/francisco_mallen2_0.jpg","type":"image\/jpeg"}],"twitter_card":"summary_large_image","twitter_site":"@Entreculturas","schema":{"@context":"https:\/\/schema.org","@graph":[{"@type":"WebPage","@id":"https:\/\/www.entreculturas.org\/fr\/noticia\/francisco-mallen\/","url":"https:\/\/www.entreculturas.org\/fr\/noticia\/francisco-mallen\/","name":"Francisco Mallen - Entreculturas","isPartOf":{"@id":"https:\/\/www.entreculturas.org\/fr\/#website"},"primaryImageOfPage":{"@id":"https:\/\/www.entreculturas.org\/fr\/noticia\/francisco-mallen\/#primaryimage"},"image":{"@id":"https:\/\/www.entreculturas.org\/fr\/noticia\/francisco-mallen\/#primaryimage"},"thumbnailUrl":"https:\/\/www.entreculturas.org\/wp-content\/uploads\/2023\/12\/francisco_mallen2_0.jpg","datePublished":"2015-05-24T06:22:30+00:00","dateModified":"2024-09-17T11:38:30+00:00","breadcrumb":{"@id":"https:\/\/www.entreculturas.org\/fr\/noticia\/francisco-mallen\/#breadcrumb"},"inLanguage":"fr-FR","potentialAction":[{"@type":"ReadAction","target":["https:\/\/www.entreculturas.org\/fr\/noticia\/francisco-mallen\/"]}]},{"@type":"ImageObject","inLanguage":"fr-FR","@id":"https:\/\/www.entreculturas.org\/fr\/noticia\/francisco-mallen\/#primaryimage","url":"https:\/\/www.entreculturas.org\/wp-content\/uploads\/2023\/12\/francisco_mallen2_0.jpg","contentUrl":"https:\/\/www.entreculturas.org\/wp-content\/uploads\/2023\/12\/francisco_mallen2_0.jpg","width":200,"height":247},{"@type":"BreadcrumbList","@id":"https:\/\/www.entreculturas.org\/fr\/noticia\/francisco-mallen\/#breadcrumb","itemListElement":[{"@type":"ListItem","position":1,"name":"Home","item":"https:\/\/www.entreculturas.org\/fr\/"},{"@type":"ListItem","position":2,"name":"Noticias","item":"https:\/\/www.entreculturas.org\/fr\/noticias\/"},{"@type":"ListItem","position":3,"name":"Francisco Mallen"}]},{"@type":"WebSite","@id":"https:\/\/www.entreculturas.org\/fr\/#website","url":"https:\/\/www.entreculturas.org\/fr\/","name":"Entreculturas","description":"","publisher":{"@id":"https:\/\/www.entreculturas.org\/fr\/#organization"},"alternateName":"Entreculturas","potentialAction":[{"@type":"SearchAction","target":{"@type":"EntryPoint","urlTemplate":"https:\/\/www.entreculturas.org\/fr\/?s={search_term_string}"},"query-input":{"@type":"PropertyValueSpecification","valueRequired":true,"valueName":"search_term_string"}}],"inLanguage":"fr-FR"},{"@type":"Organization","@id":"https:\/\/www.entreculturas.org\/fr\/#organization","name":"Entreculturas","url":"https:\/\/www.entreculturas.org\/fr\/","logo":{"@type":"ImageObject","inLanguage":"fr-FR","@id":"https:\/\/www.entreculturas.org\/fr\/#\/schema\/logo\/image\/","url":"https:\/\/www.entreculturas.org\/wp-content\/uploads\/2025\/10\/ESP.svg","contentUrl":"https:\/\/www.entreculturas.org\/wp-content\/uploads\/2025\/10\/ESP.svg","caption":"Entreculturas"},"image":{"@id":"https:\/\/www.entreculturas.org\/fr\/#\/schema\/logo\/image\/"},"sameAs":["https:\/\/www.facebook.com\/entreculturas","https:\/\/x.com\/Entreculturas","https:\/\/www.instagram.com\/entreculturas\/","https:\/\/www.youtube.com\/user\/entreculturasvideo","https:\/\/www.linkedin.com\/company\/fundacion-entreculturas-ngdo\/","https:\/\/www.flickr.com\/photos\/98455522@N04\/albums\/"]}]}},"_links":{"self":[{"href":"https:\/\/www.entreculturas.org\/fr\/wp-json\/wp\/v2\/noticia\/9512","targetHints":{"allow":["GET"]}}],"collection":[{"href":"https:\/\/www.entreculturas.org\/fr\/wp-json\/wp\/v2\/noticia"}],"about":[{"href":"https:\/\/www.entreculturas.org\/fr\/wp-json\/wp\/v2\/types\/noticia"}],"wp:featuredmedia":[{"embeddable":true,"href":"https:\/\/www.entreculturas.org\/fr\/wp-json\/wp\/v2\/media\/9513"}],"wp:attachment":[{"href":"https:\/\/www.entreculturas.org\/fr\/wp-json\/wp\/v2\/media?parent=9512"}],"wp:term":[{"taxonomy":"category","embeddable":true,"href":"https:\/\/www.entreculturas.org\/fr\/wp-json\/wp\/v2\/categories?post=9512"},{"taxonomy":"post_tag","embeddable":true,"href":"https:\/\/www.entreculturas.org\/fr\/wp-json\/wp\/v2\/tags?post=9512"},{"taxonomy":"country","embeddable":true,"href":"https:\/\/www.entreculturas.org\/fr\/wp-json\/wp\/v2\/country?post=9512"},{"taxonomy":"cause","embeddable":true,"href":"https:\/\/www.entreculturas.org\/fr\/wp-json\/wp\/v2\/cause?post=9512"}],"curies":[{"name":"wp","href":"https:\/\/api.w.org\/{rel}","templated":true}]}}