{"id":9510,"date":"2015-05-16T07:47:58","date_gmt":"2015-05-16T05:47:58","guid":{"rendered":"https:\/\/www.entreculturas.org\/publicacion\/equipo-de-la-nueva-delegaci-n-en-bah-de-c-diz\/"},"modified":"2024-09-17T13:33:54","modified_gmt":"2024-09-17T11:33:54","slug":"equipo-de-la-nueva-delegaci-n-en-bah-de-c-diz","status":"publish","type":"noticia","link":"https:\/\/www.entreculturas.org\/fr\/noticia\/equipo-de-la-nueva-delegaci-n-en-bah-de-c-diz\/","title":{"rendered":"Equipo de la nueva delegaci\u00f3n en Bah\u00eda de C\u00e1diz"},"content":{"rendered":"<p>Desde el pasado mes de septiembre, Entreculturas cuenta con una nueva delegaci\u00f3n en Bahia de C\u00e1diz. Este nuevo enclave est\u00e1 formado por seis voluntarios y voluntarias comprometidos con los derechos humanos y con el prop\u00f3sito de defender el acceso a una educaci\u00f3n de calidad de todas las personas en el mundo. <strong>Manuela Trull\u00e9n<\/strong> es la delegada, es decir, la que lleva el tim\u00f3n. Esta gaditana adoptiva (ma\u00f1a de origen), de 64 a\u00f1os y maestra de profesi\u00f3n, decidi\u00f3 un d\u00eda, gracias a su jubilaci\u00f3n parcial, dedicar tiempo y esfuerzo a aglutinar el potencial que hab\u00eda en C\u00e1diz (Red Solidaria de J\u00f3venes en los colegios de la SAFA, presencia de CVX y gente con mucha ilusi\u00f3n) y as\u00ed fue como surgi\u00f3 la nueva delegaci\u00f3n de Entreculturas.<\/p>\n<p>&nbsp;<\/p>\n<p>En cuanto al resto del equipo, <strong>Luis Garc\u00eda<\/strong> es quien se encarga de llevar los temas de comunicaci\u00f3n y de fomentar la relaci\u00f3n con los medios locales. <strong>Inma y Manu<\/strong> llevan todo lo relativo a la tesorer\u00eda y, por su parte, <strong>Carlos P\u00e9rez<\/strong> se responsabiliza de impulsar las campa\u00f1as de Entreculturas, siempre de la mano de <strong>Fernando Mora<\/strong>, que vela por la captaci\u00f3n de socios y donantes.<\/p>\n<p>&nbsp;<\/p>\n<p>&nbsp;\u201cEstos primeros meses de arranque han sido un poco intensos, hasta que te empapas bien de los objetivos y de la forma de trabajar en Entreculturas. \u00a1Lleva un tiempo ubicarse y poner cara a una organizaci\u00f3n que cuenta con 27 delegaciones en toda Espa\u00f1a! Pero estoy muy contenta porque soy una apasionada de la educaci\u00f3n y ver que Entreculturas va echando ra\u00edces en esta ciudad es un gran orgullo\u201d, explica Manuela, la delegada.<\/p>\n<p>&nbsp;<\/p>\n<p>\u201cAhora mismo en la delegaci\u00f3n tenemos el principal prop\u00f3sito de conectar con nuestros socios y donantes. Hasta ahora hemos estado volcados 100% con la Carrera Solidaria, que nos ha llevado todo nuestro tiempo, pero ahora es un buen momento para presentarnos oficialmente y empezar a dirigirnos al mayor n\u00famero de colegios posible (m\u00e1s all\u00e1 de los coles de la SAFA, con los que ya tenemos una buena relaci\u00f3n)\u201d, afirma.<\/p>\n<p>&nbsp;<\/p>\n<p><strong>\u00bfQuieres conocer la nueva delegaci\u00f3n de Entreculturas en Bah\u00eda de C\u00e1diz? <\/strong><strong>Ac\u00e9rcate a la<\/strong> Parroquia Madre de Dios (Jesuitas), C\/ Puerta del Sol, 6. 11401 &#8211; Jerez de la Frontera (C\u00e1diz). El correo electr\u00f3nico es <a href=\"mailto:bahiadecadiz@entreculturas.org\">bahiadecadiz@entreculturas.org<\/a> y en Twitter puedes encontrarlos en <a href=\"https:\/\/twitter.com\/ECBahiadeCadiz\" target=\"_blank\" rel=\"noopener\">@ECBahiadeCadiz&nbsp;<\/a><\/p>\n","protected":false},"excerpt":{"rendered":"<p>Desde el pasado mes de septiembre, Entreculturas cuenta con una nueva delegaci\u00f3n en Bahia de C\u00e1diz. Este nuevo enclave est\u00e1 formado por seis voluntarios y voluntarias comprometidos con los derechos humanos y con el prop\u00f3sito de defender el acceso a una educaci\u00f3n de calidad de todas las personas en el mundo. Manuela Trull\u00e9n es la delegada, es decir, la que lleva el tim\u00f3n. Esta gaditana adoptiva (ma\u00f1a de origen), de 64 a\u00f1os y maestra de profesi\u00f3n, decidi\u00f3 un d\u00eda, gracias a su jubilaci\u00f3n parcial, dedicar tiempo y esfuerzo a aglutinar el potencial que hab\u00eda en C\u00e1diz (Red Solidaria de J\u00f3venes en los colegios de la SAFA, presencia de CVX y gente con mucha ilusi\u00f3n) y as\u00ed fue como surgi\u00f3 la nueva delegaci\u00f3n de Entreculturas. &nbsp; En cuanto al resto del equipo, Luis Garc\u00eda es quien se encarga de llevar los temas de comunicaci\u00f3n y de fomentar la relaci\u00f3n con los [&hellip;]<\/p>\n","protected":false},"featured_media":9511,"template":"single-noticia","meta":{"_acf_changed":false},"categories":[7],"tags":[191],"country":[],"cause":[],"class_list":["post-9510","noticia","type-noticia","status-publish","has-post-thumbnail","hentry","category-noticia","tag-voluntariado"],"acf":[],"yoast_head":"<!-- This site is optimized with the Yoast SEO Premium plugin v21.6 (Yoast SEO v27.5) - https:\/\/yoast.com\/product\/yoast-seo-premium-wordpress\/ -->\n<title>Equipo de la nueva delegaci\u00f3n en Bah\u00eda de C\u00e1diz - Entreculturas<\/title>\n<meta name=\"robots\" content=\"index, follow, max-snippet:-1, max-image-preview:large, max-video-preview:-1\" \/>\n<link rel=\"canonical\" href=\"https:\/\/www.entreculturas.org\/fr\/noticia\/equipo-de-la-nueva-delegaci-n-en-bah-de-c-diz\/\" \/>\n<meta property=\"og:locale\" content=\"fr_FR\" \/>\n<meta property=\"og:type\" content=\"article\" \/>\n<meta property=\"og:title\" content=\"Equipo de la nueva delegaci\u00f3n en Bah\u00eda de C\u00e1diz\" \/>\n<meta property=\"og:description\" content=\"Desde el pasado mes de septiembre, Entreculturas cuenta con una nueva delegaci\u00f3n en Bahia de C\u00e1diz. Este nuevo enclave est\u00e1 formado por seis voluntarios y voluntarias comprometidos con los derechos humanos y con el prop\u00f3sito de defender el acceso a una educaci\u00f3n de calidad de todas las personas en el mundo. Manuela Trull\u00e9n es la delegada, es decir, la que lleva el tim\u00f3n. Esta gaditana adoptiva (ma\u00f1a de origen), de 64 a\u00f1os y maestra de profesi\u00f3n, decidi\u00f3 un d\u00eda, gracias a su jubilaci\u00f3n parcial, dedicar tiempo y esfuerzo a aglutinar el potencial que hab\u00eda en C\u00e1diz (Red Solidaria de J\u00f3venes en los colegios de la SAFA, presencia de CVX y gente con mucha ilusi\u00f3n) y as\u00ed fue como surgi\u00f3 la nueva delegaci\u00f3n de Entreculturas. &nbsp; En cuanto al resto del equipo, Luis Garc\u00eda es quien se encarga de llevar los temas de comunicaci\u00f3n y de fomentar la relaci\u00f3n con los [&hellip;]\" \/>\n<meta property=\"og:url\" content=\"https:\/\/www.entreculturas.org\/fr\/noticia\/equipo-de-la-nueva-delegaci-n-en-bah-de-c-diz\/\" \/>\n<meta property=\"og:site_name\" content=\"Entreculturas\" \/>\n<meta property=\"article:publisher\" content=\"https:\/\/www.facebook.com\/entreculturas\" \/>\n<meta property=\"article:modified_time\" content=\"2024-09-17T11:33:54+00:00\" \/>\n<meta property=\"og:image\" content=\"https:\/\/www.entreculturas.org\/wp-content\/uploads\/2023\/12\/bahia_cadiz.jpg\" \/>\n\t<meta property=\"og:image:width\" content=\"300\" \/>\n\t<meta property=\"og:image:height\" content=\"199\" \/>\n\t<meta property=\"og:image:type\" content=\"image\/jpeg\" \/>\n<meta name=\"twitter:card\" content=\"summary_large_image\" \/>\n<meta name=\"twitter:site\" content=\"@Entreculturas\" \/>\n<script type=\"application\/ld+json\" class=\"yoast-schema-graph\">{\"@context\":\"https:\\\/\\\/schema.org\",\"@graph\":[{\"@type\":\"WebPage\",\"@id\":\"https:\\\/\\\/www.entreculturas.org\\\/fr\\\/noticia\\\/equipo-de-la-nueva-delegaci-n-en-bah-de-c-diz\\\/\",\"url\":\"https:\\\/\\\/www.entreculturas.org\\\/fr\\\/noticia\\\/equipo-de-la-nueva-delegaci-n-en-bah-de-c-diz\\\/\",\"name\":\"Equipo de la nueva delegaci\u00f3n en Bah\u00eda de C\u00e1diz - Entreculturas\",\"isPartOf\":{\"@id\":\"https:\\\/\\\/www.entreculturas.org\\\/fr\\\/#website\"},\"primaryImageOfPage\":{\"@id\":\"https:\\\/\\\/www.entreculturas.org\\\/fr\\\/noticia\\\/equipo-de-la-nueva-delegaci-n-en-bah-de-c-diz\\\/#primaryimage\"},\"image\":{\"@id\":\"https:\\\/\\\/www.entreculturas.org\\\/fr\\\/noticia\\\/equipo-de-la-nueva-delegaci-n-en-bah-de-c-diz\\\/#primaryimage\"},\"thumbnailUrl\":\"https:\\\/\\\/www.entreculturas.org\\\/wp-content\\\/uploads\\\/2023\\\/12\\\/bahia_cadiz.jpg\",\"datePublished\":\"2015-05-16T05:47:58+00:00\",\"dateModified\":\"2024-09-17T11:33:54+00:00\",\"breadcrumb\":{\"@id\":\"https:\\\/\\\/www.entreculturas.org\\\/fr\\\/noticia\\\/equipo-de-la-nueva-delegaci-n-en-bah-de-c-diz\\\/#breadcrumb\"},\"inLanguage\":\"fr-FR\",\"potentialAction\":[{\"@type\":\"ReadAction\",\"target\":[\"https:\\\/\\\/www.entreculturas.org\\\/fr\\\/noticia\\\/equipo-de-la-nueva-delegaci-n-en-bah-de-c-diz\\\/\"]}]},{\"@type\":\"ImageObject\",\"inLanguage\":\"fr-FR\",\"@id\":\"https:\\\/\\\/www.entreculturas.org\\\/fr\\\/noticia\\\/equipo-de-la-nueva-delegaci-n-en-bah-de-c-diz\\\/#primaryimage\",\"url\":\"https:\\\/\\\/www.entreculturas.org\\\/wp-content\\\/uploads\\\/2023\\\/12\\\/bahia_cadiz.jpg\",\"contentUrl\":\"https:\\\/\\\/www.entreculturas.org\\\/wp-content\\\/uploads\\\/2023\\\/12\\\/bahia_cadiz.jpg\",\"width\":300,\"height\":199},{\"@type\":\"BreadcrumbList\",\"@id\":\"https:\\\/\\\/www.entreculturas.org\\\/fr\\\/noticia\\\/equipo-de-la-nueva-delegaci-n-en-bah-de-c-diz\\\/#breadcrumb\",\"itemListElement\":[{\"@type\":\"ListItem\",\"position\":1,\"name\":\"Home\",\"item\":\"https:\\\/\\\/www.entreculturas.org\\\/fr\\\/\"},{\"@type\":\"ListItem\",\"position\":2,\"name\":\"Noticias\",\"item\":\"https:\\\/\\\/www.entreculturas.org\\\/fr\\\/noticias\\\/\"},{\"@type\":\"ListItem\",\"position\":3,\"name\":\"Equipo de la nueva delegaci\u00f3n en Bah\u00eda de C\u00e1diz\"}]},{\"@type\":\"WebSite\",\"@id\":\"https:\\\/\\\/www.entreculturas.org\\\/fr\\\/#website\",\"url\":\"https:\\\/\\\/www.entreculturas.org\\\/fr\\\/\",\"name\":\"Entreculturas\",\"description\":\"\",\"publisher\":{\"@id\":\"https:\\\/\\\/www.entreculturas.org\\\/fr\\\/#organization\"},\"alternateName\":\"Entreculturas\",\"potentialAction\":[{\"@type\":\"SearchAction\",\"target\":{\"@type\":\"EntryPoint\",\"urlTemplate\":\"https:\\\/\\\/www.entreculturas.org\\\/fr\\\/?s={search_term_string}\"},\"query-input\":{\"@type\":\"PropertyValueSpecification\",\"valueRequired\":true,\"valueName\":\"search_term_string\"}}],\"inLanguage\":\"fr-FR\"},{\"@type\":\"Organization\",\"@id\":\"https:\\\/\\\/www.entreculturas.org\\\/fr\\\/#organization\",\"name\":\"Entreculturas\",\"url\":\"https:\\\/\\\/www.entreculturas.org\\\/fr\\\/\",\"logo\":{\"@type\":\"ImageObject\",\"inLanguage\":\"fr-FR\",\"@id\":\"https:\\\/\\\/www.entreculturas.org\\\/fr\\\/#\\\/schema\\\/logo\\\/image\\\/\",\"url\":\"https:\\\/\\\/www.entreculturas.org\\\/wp-content\\\/uploads\\\/2025\\\/10\\\/ESP.svg\",\"contentUrl\":\"https:\\\/\\\/www.entreculturas.org\\\/wp-content\\\/uploads\\\/2025\\\/10\\\/ESP.svg\",\"caption\":\"Entreculturas\"},\"image\":{\"@id\":\"https:\\\/\\\/www.entreculturas.org\\\/fr\\\/#\\\/schema\\\/logo\\\/image\\\/\"},\"sameAs\":[\"https:\\\/\\\/www.facebook.com\\\/entreculturas\",\"https:\\\/\\\/x.com\\\/Entreculturas\",\"https:\\\/\\\/www.instagram.com\\\/entreculturas\\\/\",\"https:\\\/\\\/www.youtube.com\\\/user\\\/entreculturasvideo\",\"https:\\\/\\\/www.linkedin.com\\\/company\\\/fundacion-entreculturas-ngdo\\\/\",\"https:\\\/\\\/www.flickr.com\\\/photos\\\/98455522@N04\\\/albums\\\/\"]}]}<\/script>\n<!-- \/ Yoast SEO Premium plugin. -->","yoast_head_json":{"title":"Equipo de la nueva delegaci\u00f3n en Bah\u00eda de C\u00e1diz - Entreculturas","robots":{"index":"index","follow":"follow","max-snippet":"max-snippet:-1","max-image-preview":"max-image-preview:large","max-video-preview":"max-video-preview:-1"},"canonical":"https:\/\/www.entreculturas.org\/fr\/noticia\/equipo-de-la-nueva-delegaci-n-en-bah-de-c-diz\/","og_locale":"fr_FR","og_type":"article","og_title":"Equipo de la nueva delegaci\u00f3n en Bah\u00eda de C\u00e1diz","og_description":"Desde el pasado mes de septiembre, Entreculturas cuenta con una nueva delegaci\u00f3n en Bahia de C\u00e1diz. Este nuevo enclave est\u00e1 formado por seis voluntarios y voluntarias comprometidos con los derechos humanos y con el prop\u00f3sito de defender el acceso a una educaci\u00f3n de calidad de todas las personas en el mundo. Manuela Trull\u00e9n es la delegada, es decir, la que lleva el tim\u00f3n. Esta gaditana adoptiva (ma\u00f1a de origen), de 64 a\u00f1os y maestra de profesi\u00f3n, decidi\u00f3 un d\u00eda, gracias a su jubilaci\u00f3n parcial, dedicar tiempo y esfuerzo a aglutinar el potencial que hab\u00eda en C\u00e1diz (Red Solidaria de J\u00f3venes en los colegios de la SAFA, presencia de CVX y gente con mucha ilusi\u00f3n) y as\u00ed fue como surgi\u00f3 la nueva delegaci\u00f3n de Entreculturas. &nbsp; En cuanto al resto del equipo, Luis Garc\u00eda es quien se encarga de llevar los temas de comunicaci\u00f3n y de fomentar la relaci\u00f3n con los [&hellip;]","og_url":"https:\/\/www.entreculturas.org\/fr\/noticia\/equipo-de-la-nueva-delegaci-n-en-bah-de-c-diz\/","og_site_name":"Entreculturas","article_publisher":"https:\/\/www.facebook.com\/entreculturas","article_modified_time":"2024-09-17T11:33:54+00:00","og_image":[{"width":300,"height":199,"url":"https:\/\/www.entreculturas.org\/wp-content\/uploads\/2023\/12\/bahia_cadiz.jpg","type":"image\/jpeg"}],"twitter_card":"summary_large_image","twitter_site":"@Entreculturas","schema":{"@context":"https:\/\/schema.org","@graph":[{"@type":"WebPage","@id":"https:\/\/www.entreculturas.org\/fr\/noticia\/equipo-de-la-nueva-delegaci-n-en-bah-de-c-diz\/","url":"https:\/\/www.entreculturas.org\/fr\/noticia\/equipo-de-la-nueva-delegaci-n-en-bah-de-c-diz\/","name":"Equipo de la nueva delegaci\u00f3n en Bah\u00eda de C\u00e1diz - Entreculturas","isPartOf":{"@id":"https:\/\/www.entreculturas.org\/fr\/#website"},"primaryImageOfPage":{"@id":"https:\/\/www.entreculturas.org\/fr\/noticia\/equipo-de-la-nueva-delegaci-n-en-bah-de-c-diz\/#primaryimage"},"image":{"@id":"https:\/\/www.entreculturas.org\/fr\/noticia\/equipo-de-la-nueva-delegaci-n-en-bah-de-c-diz\/#primaryimage"},"thumbnailUrl":"https:\/\/www.entreculturas.org\/wp-content\/uploads\/2023\/12\/bahia_cadiz.jpg","datePublished":"2015-05-16T05:47:58+00:00","dateModified":"2024-09-17T11:33:54+00:00","breadcrumb":{"@id":"https:\/\/www.entreculturas.org\/fr\/noticia\/equipo-de-la-nueva-delegaci-n-en-bah-de-c-diz\/#breadcrumb"},"inLanguage":"fr-FR","potentialAction":[{"@type":"ReadAction","target":["https:\/\/www.entreculturas.org\/fr\/noticia\/equipo-de-la-nueva-delegaci-n-en-bah-de-c-diz\/"]}]},{"@type":"ImageObject","inLanguage":"fr-FR","@id":"https:\/\/www.entreculturas.org\/fr\/noticia\/equipo-de-la-nueva-delegaci-n-en-bah-de-c-diz\/#primaryimage","url":"https:\/\/www.entreculturas.org\/wp-content\/uploads\/2023\/12\/bahia_cadiz.jpg","contentUrl":"https:\/\/www.entreculturas.org\/wp-content\/uploads\/2023\/12\/bahia_cadiz.jpg","width":300,"height":199},{"@type":"BreadcrumbList","@id":"https:\/\/www.entreculturas.org\/fr\/noticia\/equipo-de-la-nueva-delegaci-n-en-bah-de-c-diz\/#breadcrumb","itemListElement":[{"@type":"ListItem","position":1,"name":"Home","item":"https:\/\/www.entreculturas.org\/fr\/"},{"@type":"ListItem","position":2,"name":"Noticias","item":"https:\/\/www.entreculturas.org\/fr\/noticias\/"},{"@type":"ListItem","position":3,"name":"Equipo de la nueva delegaci\u00f3n en Bah\u00eda de C\u00e1diz"}]},{"@type":"WebSite","@id":"https:\/\/www.entreculturas.org\/fr\/#website","url":"https:\/\/www.entreculturas.org\/fr\/","name":"Entreculturas","description":"","publisher":{"@id":"https:\/\/www.entreculturas.org\/fr\/#organization"},"alternateName":"Entreculturas","potentialAction":[{"@type":"SearchAction","target":{"@type":"EntryPoint","urlTemplate":"https:\/\/www.entreculturas.org\/fr\/?s={search_term_string}"},"query-input":{"@type":"PropertyValueSpecification","valueRequired":true,"valueName":"search_term_string"}}],"inLanguage":"fr-FR"},{"@type":"Organization","@id":"https:\/\/www.entreculturas.org\/fr\/#organization","name":"Entreculturas","url":"https:\/\/www.entreculturas.org\/fr\/","logo":{"@type":"ImageObject","inLanguage":"fr-FR","@id":"https:\/\/www.entreculturas.org\/fr\/#\/schema\/logo\/image\/","url":"https:\/\/www.entreculturas.org\/wp-content\/uploads\/2025\/10\/ESP.svg","contentUrl":"https:\/\/www.entreculturas.org\/wp-content\/uploads\/2025\/10\/ESP.svg","caption":"Entreculturas"},"image":{"@id":"https:\/\/www.entreculturas.org\/fr\/#\/schema\/logo\/image\/"},"sameAs":["https:\/\/www.facebook.com\/entreculturas","https:\/\/x.com\/Entreculturas","https:\/\/www.instagram.com\/entreculturas\/","https:\/\/www.youtube.com\/user\/entreculturasvideo","https:\/\/www.linkedin.com\/company\/fundacion-entreculturas-ngdo\/","https:\/\/www.flickr.com\/photos\/98455522@N04\/albums\/"]}]}},"_links":{"self":[{"href":"https:\/\/www.entreculturas.org\/fr\/wp-json\/wp\/v2\/noticia\/9510","targetHints":{"allow":["GET"]}}],"collection":[{"href":"https:\/\/www.entreculturas.org\/fr\/wp-json\/wp\/v2\/noticia"}],"about":[{"href":"https:\/\/www.entreculturas.org\/fr\/wp-json\/wp\/v2\/types\/noticia"}],"wp:featuredmedia":[{"embeddable":true,"href":"https:\/\/www.entreculturas.org\/fr\/wp-json\/wp\/v2\/media\/9511"}],"wp:attachment":[{"href":"https:\/\/www.entreculturas.org\/fr\/wp-json\/wp\/v2\/media?parent=9510"}],"wp:term":[{"taxonomy":"category","embeddable":true,"href":"https:\/\/www.entreculturas.org\/fr\/wp-json\/wp\/v2\/categories?post=9510"},{"taxonomy":"post_tag","embeddable":true,"href":"https:\/\/www.entreculturas.org\/fr\/wp-json\/wp\/v2\/tags?post=9510"},{"taxonomy":"country","embeddable":true,"href":"https:\/\/www.entreculturas.org\/fr\/wp-json\/wp\/v2\/country?post=9510"},{"taxonomy":"cause","embeddable":true,"href":"https:\/\/www.entreculturas.org\/fr\/wp-json\/wp\/v2\/cause?post=9510"}],"curies":[{"name":"wp","href":"https:\/\/api.w.org\/{rel}","templated":true}]}}