{"id":9508,"date":"2015-05-16T07:36:17","date_gmt":"2015-05-16T05:36:17","guid":{"rendered":"https:\/\/www.entreculturas.org\/publicacion\/cristina-lorenzo-p-rez\/"},"modified":"2024-09-17T13:32:10","modified_gmt":"2024-09-17T11:32:10","slug":"cristina-lorenzo-p-rez","status":"publish","type":"noticia","link":"https:\/\/www.entreculturas.org\/fr\/noticia\/cristina-lorenzo-p-rez\/","title":{"rendered":"Cristina Lorenzo P\u00e9rez"},"content":{"rendered":"<p>Voluntaria de Entreculturas en la delegaci\u00f3n de Tenerife<\/p>\n<p>Tengo 65 a\u00f1os y comenc\u00e9 en esta aventura all\u00e1 por el a\u00f1o 2004, de la mano de un jesuita que nos anim\u00f3 a poner en marcha la delegaci\u00f3n de esta ONG en Tenerife.<\/p>\n<p>Comenzamos unas 12 personas. A lo largo de todos estos a\u00f1os se han ido incorporando nuevos voluntarios ilusionados con el proyecto.&nbsp; Aunque algunos han tenido que abandonar por diferentes razones, personales o familiares, casi todos contin\u00faan teniendo contacto con Entreculturas y participan en alguna que otra actividad.&nbsp;<\/p>\n<p>Poco a poco hemos ido dando pasos para darnos a conocer. Hemos ofrecido charlas, montado exposiciones e impartido talleres tanto en colegios como en asociaciones de vecinos o en la Universidad de La Laguna. Hemos participado tambi\u00e9n en la organizaci\u00f3n de la Semana de Acci\u00f3n Mundial por la Educaci\u00f3n (SAME).&nbsp; De vez en cuando organizamos alguna cena o merienda solidaria. Llevamos cuatro a\u00f1os celebrando el concierto \u201cTres Orillas\u201d para llevar el mensaje de Entreculturas al p\u00fablico joven y, adem\u00e1s, participamos ocasionalmente en medios de comunicaci\u00f3n como la prensa, la radio o televisiones locales. \u00a1Hacemos de todo!<\/p>\n<p>Actualmente la Delegaci\u00f3n de Tenerife la formamos unas 17 personas y todas participamos haciendo lo mejor que sabemos hacer, aprovechando las aptitudes de cada uno&nbsp; y respetando el ritmo propio. <strong>Todos aprendemos de todos y nos complementamos, formamos una cadena cuyos eslabones est\u00e1n unidos por la ilusi\u00f3n de construir un mundo m\u00e1s justo y solidario. <\/strong><\/p>\n<p>Mi aprendizaje en esta etapa ha sido valorar, agradecer y disfrutar de todo lo que tenemos, que en su mayor parte se nos ha dado gratis. Debemos responder a esa gratuidad compartiendo para que otros tambi\u00e9n puedan disfrutar.<\/p>\n<p>Me gustar\u00eda terminar con una frase de Eduardo Galeano&nbsp; \u201cEl derecho a so\u00f1ar no figura entre los treinta derechos humanos que las Naciones Unidas proclamaron en 1948, pero si no fuera por \u00e9l y por las aguas que da de beber, los dem\u00e1s derechos se morir\u00edan de sed\u201d.<\/p>\n","protected":false},"excerpt":{"rendered":"<p>Voluntaria de Entreculturas en la delegaci\u00f3n de Tenerife Tengo 65 a\u00f1os y comenc\u00e9 en esta aventura all\u00e1 por el a\u00f1o 2004, de la mano de un jesuita que nos anim\u00f3 a poner en marcha la delegaci\u00f3n de esta ONG en Tenerife. Comenzamos unas 12 personas. A lo largo de todos estos a\u00f1os se han ido incorporando nuevos voluntarios ilusionados con el proyecto.&nbsp; Aunque algunos han tenido que abandonar por diferentes razones, personales o familiares, casi todos contin\u00faan teniendo contacto con Entreculturas y participan en alguna que otra actividad.&nbsp; Poco a poco hemos ido dando pasos para darnos a conocer. Hemos ofrecido charlas, montado exposiciones e impartido talleres tanto en colegios como en asociaciones de vecinos o en la Universidad de La Laguna. Hemos participado tambi\u00e9n en la organizaci\u00f3n de la Semana de Acci\u00f3n Mundial por la Educaci\u00f3n (SAME).&nbsp; De vez en cuando organizamos alguna cena o merienda solidaria. Llevamos cuatro [&hellip;]<\/p>\n","protected":false},"featured_media":9509,"template":"single-noticia","meta":{"_acf_changed":false},"categories":[7],"tags":[191],"country":[],"cause":[],"class_list":["post-9508","noticia","type-noticia","status-publish","has-post-thumbnail","hentry","category-noticia","tag-voluntariado"],"acf":[],"yoast_head":"<!-- This site is optimized with the Yoast SEO Premium plugin v21.6 (Yoast SEO v27.5) - https:\/\/yoast.com\/product\/yoast-seo-premium-wordpress\/ -->\n<title>Cristina Lorenzo P\u00e9rez - Entreculturas<\/title>\n<meta name=\"robots\" content=\"index, follow, max-snippet:-1, max-image-preview:large, max-video-preview:-1\" \/>\n<link rel=\"canonical\" href=\"https:\/\/www.entreculturas.org\/fr\/noticia\/cristina-lorenzo-p-rez\/\" \/>\n<meta property=\"og:locale\" content=\"fr_FR\" \/>\n<meta property=\"og:type\" content=\"article\" \/>\n<meta property=\"og:title\" content=\"Cristina Lorenzo P\u00e9rez\" \/>\n<meta property=\"og:description\" content=\"Voluntaria de Entreculturas en la delegaci\u00f3n de Tenerife Tengo 65 a\u00f1os y comenc\u00e9 en esta aventura all\u00e1 por el a\u00f1o 2004, de la mano de un jesuita que nos anim\u00f3 a poner en marcha la delegaci\u00f3n de esta ONG en Tenerife. Comenzamos unas 12 personas. A lo largo de todos estos a\u00f1os se han ido incorporando nuevos voluntarios ilusionados con el proyecto.&nbsp; Aunque algunos han tenido que abandonar por diferentes razones, personales o familiares, casi todos contin\u00faan teniendo contacto con Entreculturas y participan en alguna que otra actividad.&nbsp; Poco a poco hemos ido dando pasos para darnos a conocer. Hemos ofrecido charlas, montado exposiciones e impartido talleres tanto en colegios como en asociaciones de vecinos o en la Universidad de La Laguna. Hemos participado tambi\u00e9n en la organizaci\u00f3n de la Semana de Acci\u00f3n Mundial por la Educaci\u00f3n (SAME).&nbsp; De vez en cuando organizamos alguna cena o merienda solidaria. Llevamos cuatro [&hellip;]\" \/>\n<meta property=\"og:url\" content=\"https:\/\/www.entreculturas.org\/fr\/noticia\/cristina-lorenzo-p-rez\/\" \/>\n<meta property=\"og:site_name\" content=\"Entreculturas\" \/>\n<meta property=\"article:publisher\" content=\"https:\/\/www.facebook.com\/entreculturas\" \/>\n<meta property=\"article:modified_time\" content=\"2024-09-17T11:32:10+00:00\" \/>\n<meta property=\"og:image\" content=\"https:\/\/www.entreculturas.org\/wp-content\/uploads\/2023\/12\/mariacristina_tenerifewb2.jpg\" \/>\n\t<meta property=\"og:image:width\" content=\"300\" \/>\n\t<meta property=\"og:image:height\" content=\"256\" \/>\n\t<meta property=\"og:image:type\" content=\"image\/jpeg\" \/>\n<meta name=\"twitter:card\" content=\"summary_large_image\" \/>\n<meta name=\"twitter:site\" content=\"@Entreculturas\" \/>\n<script type=\"application\/ld+json\" class=\"yoast-schema-graph\">{\"@context\":\"https:\\\/\\\/schema.org\",\"@graph\":[{\"@type\":\"WebPage\",\"@id\":\"https:\\\/\\\/www.entreculturas.org\\\/fr\\\/noticia\\\/cristina-lorenzo-p-rez\\\/\",\"url\":\"https:\\\/\\\/www.entreculturas.org\\\/fr\\\/noticia\\\/cristina-lorenzo-p-rez\\\/\",\"name\":\"Cristina Lorenzo P\u00e9rez - Entreculturas\",\"isPartOf\":{\"@id\":\"https:\\\/\\\/www.entreculturas.org\\\/fr\\\/#website\"},\"primaryImageOfPage\":{\"@id\":\"https:\\\/\\\/www.entreculturas.org\\\/fr\\\/noticia\\\/cristina-lorenzo-p-rez\\\/#primaryimage\"},\"image\":{\"@id\":\"https:\\\/\\\/www.entreculturas.org\\\/fr\\\/noticia\\\/cristina-lorenzo-p-rez\\\/#primaryimage\"},\"thumbnailUrl\":\"https:\\\/\\\/www.entreculturas.org\\\/wp-content\\\/uploads\\\/2023\\\/12\\\/mariacristina_tenerifewb2.jpg\",\"datePublished\":\"2015-05-16T05:36:17+00:00\",\"dateModified\":\"2024-09-17T11:32:10+00:00\",\"breadcrumb\":{\"@id\":\"https:\\\/\\\/www.entreculturas.org\\\/fr\\\/noticia\\\/cristina-lorenzo-p-rez\\\/#breadcrumb\"},\"inLanguage\":\"fr-FR\",\"potentialAction\":[{\"@type\":\"ReadAction\",\"target\":[\"https:\\\/\\\/www.entreculturas.org\\\/fr\\\/noticia\\\/cristina-lorenzo-p-rez\\\/\"]}]},{\"@type\":\"ImageObject\",\"inLanguage\":\"fr-FR\",\"@id\":\"https:\\\/\\\/www.entreculturas.org\\\/fr\\\/noticia\\\/cristina-lorenzo-p-rez\\\/#primaryimage\",\"url\":\"https:\\\/\\\/www.entreculturas.org\\\/wp-content\\\/uploads\\\/2023\\\/12\\\/mariacristina_tenerifewb2.jpg\",\"contentUrl\":\"https:\\\/\\\/www.entreculturas.org\\\/wp-content\\\/uploads\\\/2023\\\/12\\\/mariacristina_tenerifewb2.jpg\",\"width\":300,\"height\":256},{\"@type\":\"BreadcrumbList\",\"@id\":\"https:\\\/\\\/www.entreculturas.org\\\/fr\\\/noticia\\\/cristina-lorenzo-p-rez\\\/#breadcrumb\",\"itemListElement\":[{\"@type\":\"ListItem\",\"position\":1,\"name\":\"Home\",\"item\":\"https:\\\/\\\/www.entreculturas.org\\\/fr\\\/\"},{\"@type\":\"ListItem\",\"position\":2,\"name\":\"Noticias\",\"item\":\"https:\\\/\\\/www.entreculturas.org\\\/fr\\\/noticias\\\/\"},{\"@type\":\"ListItem\",\"position\":3,\"name\":\"Cristina Lorenzo P\u00e9rez\"}]},{\"@type\":\"WebSite\",\"@id\":\"https:\\\/\\\/www.entreculturas.org\\\/fr\\\/#website\",\"url\":\"https:\\\/\\\/www.entreculturas.org\\\/fr\\\/\",\"name\":\"Entreculturas\",\"description\":\"\",\"publisher\":{\"@id\":\"https:\\\/\\\/www.entreculturas.org\\\/fr\\\/#organization\"},\"alternateName\":\"Entreculturas\",\"potentialAction\":[{\"@type\":\"SearchAction\",\"target\":{\"@type\":\"EntryPoint\",\"urlTemplate\":\"https:\\\/\\\/www.entreculturas.org\\\/fr\\\/?s={search_term_string}\"},\"query-input\":{\"@type\":\"PropertyValueSpecification\",\"valueRequired\":true,\"valueName\":\"search_term_string\"}}],\"inLanguage\":\"fr-FR\"},{\"@type\":\"Organization\",\"@id\":\"https:\\\/\\\/www.entreculturas.org\\\/fr\\\/#organization\",\"name\":\"Entreculturas\",\"url\":\"https:\\\/\\\/www.entreculturas.org\\\/fr\\\/\",\"logo\":{\"@type\":\"ImageObject\",\"inLanguage\":\"fr-FR\",\"@id\":\"https:\\\/\\\/www.entreculturas.org\\\/fr\\\/#\\\/schema\\\/logo\\\/image\\\/\",\"url\":\"https:\\\/\\\/www.entreculturas.org\\\/wp-content\\\/uploads\\\/2025\\\/10\\\/ESP.svg\",\"contentUrl\":\"https:\\\/\\\/www.entreculturas.org\\\/wp-content\\\/uploads\\\/2025\\\/10\\\/ESP.svg\",\"caption\":\"Entreculturas\"},\"image\":{\"@id\":\"https:\\\/\\\/www.entreculturas.org\\\/fr\\\/#\\\/schema\\\/logo\\\/image\\\/\"},\"sameAs\":[\"https:\\\/\\\/www.facebook.com\\\/entreculturas\",\"https:\\\/\\\/x.com\\\/Entreculturas\",\"https:\\\/\\\/www.instagram.com\\\/entreculturas\\\/\",\"https:\\\/\\\/www.youtube.com\\\/user\\\/entreculturasvideo\",\"https:\\\/\\\/www.linkedin.com\\\/company\\\/fundacion-entreculturas-ngdo\\\/\",\"https:\\\/\\\/www.flickr.com\\\/photos\\\/98455522@N04\\\/albums\\\/\"]}]}<\/script>\n<!-- \/ Yoast SEO Premium plugin. -->","yoast_head_json":{"title":"Cristina Lorenzo P\u00e9rez - Entreculturas","robots":{"index":"index","follow":"follow","max-snippet":"max-snippet:-1","max-image-preview":"max-image-preview:large","max-video-preview":"max-video-preview:-1"},"canonical":"https:\/\/www.entreculturas.org\/fr\/noticia\/cristina-lorenzo-p-rez\/","og_locale":"fr_FR","og_type":"article","og_title":"Cristina Lorenzo P\u00e9rez","og_description":"Voluntaria de Entreculturas en la delegaci\u00f3n de Tenerife Tengo 65 a\u00f1os y comenc\u00e9 en esta aventura all\u00e1 por el a\u00f1o 2004, de la mano de un jesuita que nos anim\u00f3 a poner en marcha la delegaci\u00f3n de esta ONG en Tenerife. Comenzamos unas 12 personas. A lo largo de todos estos a\u00f1os se han ido incorporando nuevos voluntarios ilusionados con el proyecto.&nbsp; Aunque algunos han tenido que abandonar por diferentes razones, personales o familiares, casi todos contin\u00faan teniendo contacto con Entreculturas y participan en alguna que otra actividad.&nbsp; Poco a poco hemos ido dando pasos para darnos a conocer. Hemos ofrecido charlas, montado exposiciones e impartido talleres tanto en colegios como en asociaciones de vecinos o en la Universidad de La Laguna. Hemos participado tambi\u00e9n en la organizaci\u00f3n de la Semana de Acci\u00f3n Mundial por la Educaci\u00f3n (SAME).&nbsp; De vez en cuando organizamos alguna cena o merienda solidaria. Llevamos cuatro [&hellip;]","og_url":"https:\/\/www.entreculturas.org\/fr\/noticia\/cristina-lorenzo-p-rez\/","og_site_name":"Entreculturas","article_publisher":"https:\/\/www.facebook.com\/entreculturas","article_modified_time":"2024-09-17T11:32:10+00:00","og_image":[{"width":300,"height":256,"url":"https:\/\/www.entreculturas.org\/wp-content\/uploads\/2023\/12\/mariacristina_tenerifewb2.jpg","type":"image\/jpeg"}],"twitter_card":"summary_large_image","twitter_site":"@Entreculturas","schema":{"@context":"https:\/\/schema.org","@graph":[{"@type":"WebPage","@id":"https:\/\/www.entreculturas.org\/fr\/noticia\/cristina-lorenzo-p-rez\/","url":"https:\/\/www.entreculturas.org\/fr\/noticia\/cristina-lorenzo-p-rez\/","name":"Cristina Lorenzo P\u00e9rez - Entreculturas","isPartOf":{"@id":"https:\/\/www.entreculturas.org\/fr\/#website"},"primaryImageOfPage":{"@id":"https:\/\/www.entreculturas.org\/fr\/noticia\/cristina-lorenzo-p-rez\/#primaryimage"},"image":{"@id":"https:\/\/www.entreculturas.org\/fr\/noticia\/cristina-lorenzo-p-rez\/#primaryimage"},"thumbnailUrl":"https:\/\/www.entreculturas.org\/wp-content\/uploads\/2023\/12\/mariacristina_tenerifewb2.jpg","datePublished":"2015-05-16T05:36:17+00:00","dateModified":"2024-09-17T11:32:10+00:00","breadcrumb":{"@id":"https:\/\/www.entreculturas.org\/fr\/noticia\/cristina-lorenzo-p-rez\/#breadcrumb"},"inLanguage":"fr-FR","potentialAction":[{"@type":"ReadAction","target":["https:\/\/www.entreculturas.org\/fr\/noticia\/cristina-lorenzo-p-rez\/"]}]},{"@type":"ImageObject","inLanguage":"fr-FR","@id":"https:\/\/www.entreculturas.org\/fr\/noticia\/cristina-lorenzo-p-rez\/#primaryimage","url":"https:\/\/www.entreculturas.org\/wp-content\/uploads\/2023\/12\/mariacristina_tenerifewb2.jpg","contentUrl":"https:\/\/www.entreculturas.org\/wp-content\/uploads\/2023\/12\/mariacristina_tenerifewb2.jpg","width":300,"height":256},{"@type":"BreadcrumbList","@id":"https:\/\/www.entreculturas.org\/fr\/noticia\/cristina-lorenzo-p-rez\/#breadcrumb","itemListElement":[{"@type":"ListItem","position":1,"name":"Home","item":"https:\/\/www.entreculturas.org\/fr\/"},{"@type":"ListItem","position":2,"name":"Noticias","item":"https:\/\/www.entreculturas.org\/fr\/noticias\/"},{"@type":"ListItem","position":3,"name":"Cristina Lorenzo P\u00e9rez"}]},{"@type":"WebSite","@id":"https:\/\/www.entreculturas.org\/fr\/#website","url":"https:\/\/www.entreculturas.org\/fr\/","name":"Entreculturas","description":"","publisher":{"@id":"https:\/\/www.entreculturas.org\/fr\/#organization"},"alternateName":"Entreculturas","potentialAction":[{"@type":"SearchAction","target":{"@type":"EntryPoint","urlTemplate":"https:\/\/www.entreculturas.org\/fr\/?s={search_term_string}"},"query-input":{"@type":"PropertyValueSpecification","valueRequired":true,"valueName":"search_term_string"}}],"inLanguage":"fr-FR"},{"@type":"Organization","@id":"https:\/\/www.entreculturas.org\/fr\/#organization","name":"Entreculturas","url":"https:\/\/www.entreculturas.org\/fr\/","logo":{"@type":"ImageObject","inLanguage":"fr-FR","@id":"https:\/\/www.entreculturas.org\/fr\/#\/schema\/logo\/image\/","url":"https:\/\/www.entreculturas.org\/wp-content\/uploads\/2025\/10\/ESP.svg","contentUrl":"https:\/\/www.entreculturas.org\/wp-content\/uploads\/2025\/10\/ESP.svg","caption":"Entreculturas"},"image":{"@id":"https:\/\/www.entreculturas.org\/fr\/#\/schema\/logo\/image\/"},"sameAs":["https:\/\/www.facebook.com\/entreculturas","https:\/\/x.com\/Entreculturas","https:\/\/www.instagram.com\/entreculturas\/","https:\/\/www.youtube.com\/user\/entreculturasvideo","https:\/\/www.linkedin.com\/company\/fundacion-entreculturas-ngdo\/","https:\/\/www.flickr.com\/photos\/98455522@N04\/albums\/"]}]}},"_links":{"self":[{"href":"https:\/\/www.entreculturas.org\/fr\/wp-json\/wp\/v2\/noticia\/9508","targetHints":{"allow":["GET"]}}],"collection":[{"href":"https:\/\/www.entreculturas.org\/fr\/wp-json\/wp\/v2\/noticia"}],"about":[{"href":"https:\/\/www.entreculturas.org\/fr\/wp-json\/wp\/v2\/types\/noticia"}],"wp:featuredmedia":[{"embeddable":true,"href":"https:\/\/www.entreculturas.org\/fr\/wp-json\/wp\/v2\/media\/9509"}],"wp:attachment":[{"href":"https:\/\/www.entreculturas.org\/fr\/wp-json\/wp\/v2\/media?parent=9508"}],"wp:term":[{"taxonomy":"category","embeddable":true,"href":"https:\/\/www.entreculturas.org\/fr\/wp-json\/wp\/v2\/categories?post=9508"},{"taxonomy":"post_tag","embeddable":true,"href":"https:\/\/www.entreculturas.org\/fr\/wp-json\/wp\/v2\/tags?post=9508"},{"taxonomy":"country","embeddable":true,"href":"https:\/\/www.entreculturas.org\/fr\/wp-json\/wp\/v2\/country?post=9508"},{"taxonomy":"cause","embeddable":true,"href":"https:\/\/www.entreculturas.org\/fr\/wp-json\/wp\/v2\/cause?post=9508"}],"curies":[{"name":"wp","href":"https:\/\/api.w.org\/{rel}","templated":true}]}}