{"id":9440,"date":"2023-11-21T11:50:04","date_gmt":"2023-11-21T10:50:04","guid":{"rendered":"https:\/\/www.entreculturas.org\/noticia\/la-violencia-impacta-contra-las-mujeres-migrantes-desde-el-pais-de-origen-hasta-su-destino\/"},"modified":"2023-12-27T08:58:02","modified_gmt":"2023-12-27T07:58:02","slug":"la-violencia-impacta-contra-las-mujeres-migrantes-desde-el-pais-de-origen-hasta-su-destino","status":"publish","type":"noticia","link":"https:\/\/www.entreculturas.org\/fr\/noticia\/la-violencia-impacta-contra-las-mujeres-migrantes-desde-el-pais-de-origen-hasta-su-destino\/","title":{"rendered":"La violencia impacta contra las mujeres migrantes desde el pa\u00eds de origen hasta su destino"},"content":{"rendered":"<ul>\n<li>Con motivo del D\u00eda Internacional para la Eliminaci\u00f3n de la Violencia contra las Mujeres, Alboan, Entreculturas, el Servicio Jesuita a Migrantes (SJM) Espa\u00f1a, la Fundaci\u00f3n Ignacio Ellacur\u00eda y\u00a0Loiola\u00a0Etxea\u00a0hemos\u00a0presentado\u00a0el Informe \u201cInvisibilizadas. Mujeres migrantes en el cruce de fronteras\u201d en el marco del programa conjunto Mujeres en Marcha.<\/li>\n<li>El informe nos ayuda a entender c\u00f3mo el g\u00e9nero influye en las experiencias migratorias y a visibilizar las violencias que enfrentan las mujeres desde el origen, durante el tr\u00e1nsito, en las fronteras y en el destino.<\/li>\n<\/ul>\n<p><strong>Con motivo del D\u00eda Internacional para la Eliminaci\u00f3n de la Violencia contra las Mujeres Alboan, Entreculturas, el Servicio Jesuita a Migrantes de Espa\u00f1a (SJM), Fundaci\u00f3n Ignacio Ellacur\u00eda y Loiola Etxea hemos presentado el Informe \u201cInvisibilizadas. Mujeres migrantes en el cruce de fronteras\u201d.<\/strong> Este informe, basado en la realidad de las mujeres en los contextos migratorios de Centroam\u00e9rica y la Frontera Sur marroqu\u00ed- espa\u00f1ola, visibiliza la vulneraci\u00f3n de derechos fundamentales y la perpetuaci\u00f3n de violencias a las que se enfrentan las mujeres migrantes a lo largo de todo el proceso migratorio desde origen, durante el tr\u00e1nsito, en las fronteras y en destino.<\/p>\n<p><strong>Principales conclusiones<\/strong><\/p>\n<p><strong>Sara Diego, co-autora del Informe financiado por el Gobierno Vasco, Diputaci\u00f3n de Guip\u00fazcoa y Agencia Vasca de Cooperaci\u00f3n al Desarrollo, y experta del \u00e1rea de incidencia pol\u00edtica de Alboan<\/strong>, se\u00f1ala como una de las principales conclusiones de la investigaci\u00f3n que <strong>\u201clas violencias basadas en g\u00e9nero contra las mujeres son una caracter\u00edstica compartida por todos los contextos migratorios.<\/strong> Violencias que no se visibilizan sino que se silencian y, por lo tanto, no se atienden y se perpet\u00faan en el tiempo\u201d.<\/p>\n<p>Otra de las conclusiones que destaca el informe es <strong>el incremento de los conflictos armados como origen del aumento en los desplazamientos forzados de la poblaci\u00f3n.<\/strong> La superposici\u00f3n de estas crisis impacta de manera espec\u00edfica en las mujeres, generando retos concretos para la feminizaci\u00f3n de la migraci\u00f3n forzada.<\/p>\n<p>Por \u00faltimo, <strong>la implementaci\u00f3n de pol\u00edticas migratorias de contenci\u00f3n y seguridad nacional<\/strong> a trav\u00e9s de terceros pa\u00edses como Marruecos, M\u00e9xico o Guatemala tienen como consecuencia un control migratorio carente de enfoque de derechos humanos, reforzando as\u00ed la invisibilizaci\u00f3n de acciones vulneradoras y violentas.<\/p>\n<p><strong>Violencias en origen y en tr\u00e1nsito<\/strong><\/p>\n<p>El contexto de violencia en la regi\u00f3n del norte de Centroam\u00e9rica es un escenario que fuerza a las personas a tomar la decisi\u00f3n de migrar. Dentro de la violencia generalizada, ellas son un recurso \u00fatil para tomar por la fuerza o en los que practicar venganzas entre rivales. En este contexto, hablamos del cuerpo de las mujeres como arma de guerra. Adem\u00e1s, las mujeres expuestas a la <strong>violencia sexual y al reclutamiento forzado<\/strong>, temen no s\u00f3lo por ellas mismas, sino especialmente por sus hijas e hijos. Por otro lado, las tasas de feminicidio presentaron en algunos pa\u00edses, niveles epid\u00e9micos, siendo Honduras el pa\u00eds de Am\u00e9rica Latina con la tasa m\u00e1s alta, siendo\u00a0<strong>4,6 por cada 100 mil mujeres en 2021.<\/strong><\/p>\n<p><strong>Karina Fonseca, directora del Servicio Jesuita a Migrantes de Costa Rica<\/strong> afirma que miles de personas en circunstancias de alt\u00edsima vulnerabilidad llegan a este pa\u00eds, enfermas y violentadas, tras su paso por la inh\u00f3spita selva del Dari\u00e9n, en la frontera Colombo-Paname\u00f1a. <strong>Se calcula que en 2023 unas 400.00 personas atravesar\u00e1n el Dari\u00e9n<\/strong>. En base al acompa\u00f1amiento directo que su organizaci\u00f3n realiza a estas personas migrantes, ha recalcado que \u201clas mujeres y las ni\u00f1as son las v\u00edctimas m\u00e1s evidentes de violencias. Desnutrici\u00f3n cr\u00f3nica, violencia sexual, graves enfermedades, hijos por nacer o peque\u00f1os a cargo, desinformaci\u00f3n, serios traumas,\u2026 son algunas de las problem\u00e1ticas sobre las que no se habla y, menos a\u00fan, se toman medidas significativas orientadas a reducirlas\u201d.<\/p>\n<p>En la <strong>Frontera Sur, recorrer la regi\u00f3n de \u00c1frica Occidental y Central<\/strong> por tierra es una opci\u00f3n habitual entre las personas que quieren cruzar hacia Europa. <strong>S\u00f3lo en 2022, 2.390 personas murieron o desaparecieron en las rutas mar\u00edtimas y terrestres<\/strong>. Recorrer el desierto del Sahara en las condiciones de vulnerabilidad en las que lo hacen las personas migrantes implica enfrentar grav\u00edsimos riesgos. Las condiciones de vulnerabilidad afectan de manera diferenciada a las mujeres y ni\u00f1as que, adem\u00e1s de las vulneraciones de derechos, tambi\u00e9n enfrentan violencias basadas en g\u00e9nero espec\u00edficas. Est\u00e1n <strong>expuestas a robos, a extorsi\u00f3n, a secuestros, a violencia f\u00edsica y psicol\u00f3gica y a abuso sexual<\/strong> por parte de traficantes, poblaciones de los pa\u00edses del tr\u00e1nsito, compa\u00f1eros de viaje o agentes de frontera.<\/p>\n<p><strong>Mujeres migrantes llegadas al Pa\u00eds Vasco<\/strong><\/p>\n<p><strong>Claudia Favela, desde su experiencia como mujer migrada y como profesional en Fundaci\u00f3n Ellacur\u00eda<\/strong> acompa\u00f1ando a personas migrantes en el Pa\u00eds Vasco, describe c\u00f3mo es ser mujer migrante. \u201cParte de lo que eres y de tus capacidades se van quedando en el fondo de tu mochila vital. Al llegar, la violencia contin\u00faa a trav\u00e9s de un proceso de desvalorizaci\u00f3n de la persona, que sufre m\u00faltiples discriminaciones por su origen, g\u00e9nero, clase social, religi\u00f3n, color de piel,\u2026\u201d. Por eso, en la fase de llegada, la acogida resulta fundamental. \u201cEn el caso espec\u00edfico de las mujeres, generamos y acompa\u00f1amos espacios de encuentro y apoyo mutuo en el que mujeres diversas pueden sentirse en su casa, romper su aislamiento y tejer redes\u201d.<\/p>\n<p>Por su parte, <strong>Clara Esteban, experta en incidencia pol\u00edtica de Entreculturas, ha afirmado que<\/strong> \u201chemos visto c\u00f3mo las pol\u00edticas de externalizaci\u00f3n y securitizaci\u00f3n de las fronteras exponen alas mujeres a situaciones de vulnerabilidad, discriminaci\u00f3n e indefensi\u00f3n. Ante esta realidad urge responder desde un enfoque de derechos basado en g\u00e9nero\u201d. Adem\u00e1s, apunta que \u201cse debe hacer una reflexi\u00f3n conjunta que aborde las violencias basadas en g\u00e9nero contando con la participaci\u00f3n de las mujeres como sujetos sociales y pol\u00edticos, que se impliquen en el dise\u00f1o y desarrollo de las pol\u00edticas que respondan a sus necesidades en los procesos de movilidad\u201d.<\/p>\n<p>Las organizaciones que constituimos el programa <a href=\"https:\/\/www.mujeresenmarcha.org\/\">Mujeres en Marcha<\/a> creemos que las pol\u00edticas de cooperaci\u00f3n deben anteponer la protecci\u00f3n de los derechos humanos y la protecci\u00f3n de la vida sobre la seguridad nacional de los pa\u00edses de tr\u00e1nsito y destino para acabar con la vulneraci\u00f3n de derechos fundamentales y la perpetuaci\u00f3n de violencias que a menudo terminan con vidas humanas.<\/p>\n","protected":false},"excerpt":{"rendered":"<p>Con motivo del D\u00eda Internacional para la Eliminaci\u00f3n de la Violencia contra las Mujeres, Alboan, Entreculturas, el Servicio Jesuita a Migrantes (SJM) Espa\u00f1a, la Fundaci\u00f3n Ignacio Ellacur\u00eda y  Loiola Etxea hemos presentado el Informe \u201cInvisibilizadas. Mujeres migrantes en el cruce de fronteras\u201d en el marco del programa conjunto Mujeres en Marcha.<\/p>\n","protected":false},"featured_media":9441,"template":"single-noticia","meta":{"_acf_changed":false},"categories":[7],"tags":[293],"country":[],"cause":[130],"class_list":["post-9440","noticia","type-noticia","status-publish","has-post-thumbnail","hentry","category-noticia","tag-genero","cause-genero"],"acf":[],"yoast_head":"<!-- This site is optimized with the Yoast SEO Premium plugin v21.6 (Yoast SEO v27.5) - https:\/\/yoast.com\/product\/yoast-seo-premium-wordpress\/ -->\n<title>La violencia impacta contra las mujeres migrantes desde el pa\u00eds de origen hasta su destino - Entreculturas<\/title>\n<meta name=\"robots\" content=\"index, follow, max-snippet:-1, max-image-preview:large, max-video-preview:-1\" \/>\n<link rel=\"canonical\" href=\"https:\/\/www.entreculturas.org\/fr\/noticia\/la-violencia-impacta-contra-las-mujeres-migrantes-desde-el-pais-de-origen-hasta-su-destino\/\" \/>\n<meta property=\"og:locale\" content=\"fr_FR\" \/>\n<meta property=\"og:type\" content=\"article\" \/>\n<meta property=\"og:title\" content=\"La violencia impacta contra las mujeres migrantes desde el pa\u00eds de origen hasta su destino\" \/>\n<meta property=\"og:description\" content=\"Con motivo del D\u00eda Internacional para la Eliminaci\u00f3n de la Violencia contra las Mujeres, Alboan, Entreculturas, el Servicio Jesuita a Migrantes (SJM) Espa\u00f1a, la Fundaci\u00f3n Ignacio Ellacur\u00eda y Loiola Etxea hemos presentado el Informe \u201cInvisibilizadas. Mujeres migrantes en el cruce de fronteras\u201d en el marco del programa conjunto Mujeres en Marcha.\" \/>\n<meta property=\"og:url\" content=\"https:\/\/www.entreculturas.org\/fr\/noticia\/la-violencia-impacta-contra-las-mujeres-migrantes-desde-el-pais-de-origen-hasta-su-destino\/\" \/>\n<meta property=\"og:site_name\" content=\"Entreculturas\" \/>\n<meta property=\"article:publisher\" content=\"https:\/\/www.facebook.com\/entreculturas\" \/>\n<meta property=\"article:modified_time\" content=\"2023-12-27T07:58:02+00:00\" \/>\n<meta property=\"og:image\" content=\"https:\/\/www.entreculturas.org\/wp-content\/uploads\/2023\/12\/1_0_0.jpg\" \/>\n\t<meta property=\"og:image:width\" content=\"763\" \/>\n\t<meta property=\"og:image:height\" content=\"393\" \/>\n\t<meta property=\"og:image:type\" content=\"image\/jpeg\" \/>\n<meta name=\"twitter:card\" content=\"summary_large_image\" \/>\n<meta name=\"twitter:site\" content=\"@Entreculturas\" \/>\n<script type=\"application\/ld+json\" class=\"yoast-schema-graph\">{\"@context\":\"https:\\\/\\\/schema.org\",\"@graph\":[{\"@type\":\"WebPage\",\"@id\":\"https:\\\/\\\/www.entreculturas.org\\\/fr\\\/noticia\\\/la-violencia-impacta-contra-las-mujeres-migrantes-desde-el-pais-de-origen-hasta-su-destino\\\/\",\"url\":\"https:\\\/\\\/www.entreculturas.org\\\/fr\\\/noticia\\\/la-violencia-impacta-contra-las-mujeres-migrantes-desde-el-pais-de-origen-hasta-su-destino\\\/\",\"name\":\"La violencia impacta contra las mujeres migrantes desde el pa\u00eds de origen hasta su destino - Entreculturas\",\"isPartOf\":{\"@id\":\"https:\\\/\\\/www.entreculturas.org\\\/fr\\\/#website\"},\"primaryImageOfPage\":{\"@id\":\"https:\\\/\\\/www.entreculturas.org\\\/fr\\\/noticia\\\/la-violencia-impacta-contra-las-mujeres-migrantes-desde-el-pais-de-origen-hasta-su-destino\\\/#primaryimage\"},\"image\":{\"@id\":\"https:\\\/\\\/www.entreculturas.org\\\/fr\\\/noticia\\\/la-violencia-impacta-contra-las-mujeres-migrantes-desde-el-pais-de-origen-hasta-su-destino\\\/#primaryimage\"},\"thumbnailUrl\":\"https:\\\/\\\/www.entreculturas.org\\\/wp-content\\\/uploads\\\/2023\\\/12\\\/1_0_0.jpg\",\"datePublished\":\"2023-11-21T10:50:04+00:00\",\"dateModified\":\"2023-12-27T07:58:02+00:00\",\"breadcrumb\":{\"@id\":\"https:\\\/\\\/www.entreculturas.org\\\/fr\\\/noticia\\\/la-violencia-impacta-contra-las-mujeres-migrantes-desde-el-pais-de-origen-hasta-su-destino\\\/#breadcrumb\"},\"inLanguage\":\"fr-FR\",\"potentialAction\":[{\"@type\":\"ReadAction\",\"target\":[\"https:\\\/\\\/www.entreculturas.org\\\/fr\\\/noticia\\\/la-violencia-impacta-contra-las-mujeres-migrantes-desde-el-pais-de-origen-hasta-su-destino\\\/\"]}]},{\"@type\":\"ImageObject\",\"inLanguage\":\"fr-FR\",\"@id\":\"https:\\\/\\\/www.entreculturas.org\\\/fr\\\/noticia\\\/la-violencia-impacta-contra-las-mujeres-migrantes-desde-el-pais-de-origen-hasta-su-destino\\\/#primaryimage\",\"url\":\"https:\\\/\\\/www.entreculturas.org\\\/wp-content\\\/uploads\\\/2023\\\/12\\\/1_0_0.jpg\",\"contentUrl\":\"https:\\\/\\\/www.entreculturas.org\\\/wp-content\\\/uploads\\\/2023\\\/12\\\/1_0_0.jpg\",\"width\":763,\"height\":393,\"caption\":\"1_0\"},{\"@type\":\"BreadcrumbList\",\"@id\":\"https:\\\/\\\/www.entreculturas.org\\\/fr\\\/noticia\\\/la-violencia-impacta-contra-las-mujeres-migrantes-desde-el-pais-de-origen-hasta-su-destino\\\/#breadcrumb\",\"itemListElement\":[{\"@type\":\"ListItem\",\"position\":1,\"name\":\"Home\",\"item\":\"https:\\\/\\\/www.entreculturas.org\\\/fr\\\/\"},{\"@type\":\"ListItem\",\"position\":2,\"name\":\"Noticias\",\"item\":\"https:\\\/\\\/www.entreculturas.org\\\/fr\\\/noticias\\\/\"},{\"@type\":\"ListItem\",\"position\":3,\"name\":\"La violencia impacta contra las mujeres migrantes desde el pa\u00eds de origen hasta su destino\"}]},{\"@type\":\"WebSite\",\"@id\":\"https:\\\/\\\/www.entreculturas.org\\\/fr\\\/#website\",\"url\":\"https:\\\/\\\/www.entreculturas.org\\\/fr\\\/\",\"name\":\"Entreculturas\",\"description\":\"\",\"publisher\":{\"@id\":\"https:\\\/\\\/www.entreculturas.org\\\/fr\\\/#organization\"},\"alternateName\":\"Entreculturas\",\"potentialAction\":[{\"@type\":\"SearchAction\",\"target\":{\"@type\":\"EntryPoint\",\"urlTemplate\":\"https:\\\/\\\/www.entreculturas.org\\\/fr\\\/?s={search_term_string}\"},\"query-input\":{\"@type\":\"PropertyValueSpecification\",\"valueRequired\":true,\"valueName\":\"search_term_string\"}}],\"inLanguage\":\"fr-FR\"},{\"@type\":\"Organization\",\"@id\":\"https:\\\/\\\/www.entreculturas.org\\\/fr\\\/#organization\",\"name\":\"Entreculturas\",\"url\":\"https:\\\/\\\/www.entreculturas.org\\\/fr\\\/\",\"logo\":{\"@type\":\"ImageObject\",\"inLanguage\":\"fr-FR\",\"@id\":\"https:\\\/\\\/www.entreculturas.org\\\/fr\\\/#\\\/schema\\\/logo\\\/image\\\/\",\"url\":\"https:\\\/\\\/www.entreculturas.org\\\/wp-content\\\/uploads\\\/2025\\\/10\\\/ESP.svg\",\"contentUrl\":\"https:\\\/\\\/www.entreculturas.org\\\/wp-content\\\/uploads\\\/2025\\\/10\\\/ESP.svg\",\"caption\":\"Entreculturas\"},\"image\":{\"@id\":\"https:\\\/\\\/www.entreculturas.org\\\/fr\\\/#\\\/schema\\\/logo\\\/image\\\/\"},\"sameAs\":[\"https:\\\/\\\/www.facebook.com\\\/entreculturas\",\"https:\\\/\\\/x.com\\\/Entreculturas\",\"https:\\\/\\\/www.instagram.com\\\/entreculturas\\\/\",\"https:\\\/\\\/www.youtube.com\\\/user\\\/entreculturasvideo\",\"https:\\\/\\\/www.linkedin.com\\\/company\\\/fundacion-entreculturas-ngdo\\\/\",\"https:\\\/\\\/www.flickr.com\\\/photos\\\/98455522@N04\\\/albums\\\/\"]}]}<\/script>\n<!-- \/ Yoast SEO Premium plugin. -->","yoast_head_json":{"title":"La violencia impacta contra las mujeres migrantes desde el pa\u00eds de origen hasta su destino - Entreculturas","robots":{"index":"index","follow":"follow","max-snippet":"max-snippet:-1","max-image-preview":"max-image-preview:large","max-video-preview":"max-video-preview:-1"},"canonical":"https:\/\/www.entreculturas.org\/fr\/noticia\/la-violencia-impacta-contra-las-mujeres-migrantes-desde-el-pais-de-origen-hasta-su-destino\/","og_locale":"fr_FR","og_type":"article","og_title":"La violencia impacta contra las mujeres migrantes desde el pa\u00eds de origen hasta su destino","og_description":"Con motivo del D\u00eda Internacional para la Eliminaci\u00f3n de la Violencia contra las Mujeres, Alboan, Entreculturas, el Servicio Jesuita a Migrantes (SJM) Espa\u00f1a, la Fundaci\u00f3n Ignacio Ellacur\u00eda y Loiola Etxea hemos presentado el Informe \u201cInvisibilizadas. Mujeres migrantes en el cruce de fronteras\u201d en el marco del programa conjunto Mujeres en Marcha.","og_url":"https:\/\/www.entreculturas.org\/fr\/noticia\/la-violencia-impacta-contra-las-mujeres-migrantes-desde-el-pais-de-origen-hasta-su-destino\/","og_site_name":"Entreculturas","article_publisher":"https:\/\/www.facebook.com\/entreculturas","article_modified_time":"2023-12-27T07:58:02+00:00","og_image":[{"width":763,"height":393,"url":"https:\/\/www.entreculturas.org\/wp-content\/uploads\/2023\/12\/1_0_0.jpg","type":"image\/jpeg"}],"twitter_card":"summary_large_image","twitter_site":"@Entreculturas","schema":{"@context":"https:\/\/schema.org","@graph":[{"@type":"WebPage","@id":"https:\/\/www.entreculturas.org\/fr\/noticia\/la-violencia-impacta-contra-las-mujeres-migrantes-desde-el-pais-de-origen-hasta-su-destino\/","url":"https:\/\/www.entreculturas.org\/fr\/noticia\/la-violencia-impacta-contra-las-mujeres-migrantes-desde-el-pais-de-origen-hasta-su-destino\/","name":"La violencia impacta contra las mujeres migrantes desde el pa\u00eds de origen hasta su destino - Entreculturas","isPartOf":{"@id":"https:\/\/www.entreculturas.org\/fr\/#website"},"primaryImageOfPage":{"@id":"https:\/\/www.entreculturas.org\/fr\/noticia\/la-violencia-impacta-contra-las-mujeres-migrantes-desde-el-pais-de-origen-hasta-su-destino\/#primaryimage"},"image":{"@id":"https:\/\/www.entreculturas.org\/fr\/noticia\/la-violencia-impacta-contra-las-mujeres-migrantes-desde-el-pais-de-origen-hasta-su-destino\/#primaryimage"},"thumbnailUrl":"https:\/\/www.entreculturas.org\/wp-content\/uploads\/2023\/12\/1_0_0.jpg","datePublished":"2023-11-21T10:50:04+00:00","dateModified":"2023-12-27T07:58:02+00:00","breadcrumb":{"@id":"https:\/\/www.entreculturas.org\/fr\/noticia\/la-violencia-impacta-contra-las-mujeres-migrantes-desde-el-pais-de-origen-hasta-su-destino\/#breadcrumb"},"inLanguage":"fr-FR","potentialAction":[{"@type":"ReadAction","target":["https:\/\/www.entreculturas.org\/fr\/noticia\/la-violencia-impacta-contra-las-mujeres-migrantes-desde-el-pais-de-origen-hasta-su-destino\/"]}]},{"@type":"ImageObject","inLanguage":"fr-FR","@id":"https:\/\/www.entreculturas.org\/fr\/noticia\/la-violencia-impacta-contra-las-mujeres-migrantes-desde-el-pais-de-origen-hasta-su-destino\/#primaryimage","url":"https:\/\/www.entreculturas.org\/wp-content\/uploads\/2023\/12\/1_0_0.jpg","contentUrl":"https:\/\/www.entreculturas.org\/wp-content\/uploads\/2023\/12\/1_0_0.jpg","width":763,"height":393,"caption":"1_0"},{"@type":"BreadcrumbList","@id":"https:\/\/www.entreculturas.org\/fr\/noticia\/la-violencia-impacta-contra-las-mujeres-migrantes-desde-el-pais-de-origen-hasta-su-destino\/#breadcrumb","itemListElement":[{"@type":"ListItem","position":1,"name":"Home","item":"https:\/\/www.entreculturas.org\/fr\/"},{"@type":"ListItem","position":2,"name":"Noticias","item":"https:\/\/www.entreculturas.org\/fr\/noticias\/"},{"@type":"ListItem","position":3,"name":"La violencia impacta contra las mujeres migrantes desde el pa\u00eds de origen hasta su destino"}]},{"@type":"WebSite","@id":"https:\/\/www.entreculturas.org\/fr\/#website","url":"https:\/\/www.entreculturas.org\/fr\/","name":"Entreculturas","description":"","publisher":{"@id":"https:\/\/www.entreculturas.org\/fr\/#organization"},"alternateName":"Entreculturas","potentialAction":[{"@type":"SearchAction","target":{"@type":"EntryPoint","urlTemplate":"https:\/\/www.entreculturas.org\/fr\/?s={search_term_string}"},"query-input":{"@type":"PropertyValueSpecification","valueRequired":true,"valueName":"search_term_string"}}],"inLanguage":"fr-FR"},{"@type":"Organization","@id":"https:\/\/www.entreculturas.org\/fr\/#organization","name":"Entreculturas","url":"https:\/\/www.entreculturas.org\/fr\/","logo":{"@type":"ImageObject","inLanguage":"fr-FR","@id":"https:\/\/www.entreculturas.org\/fr\/#\/schema\/logo\/image\/","url":"https:\/\/www.entreculturas.org\/wp-content\/uploads\/2025\/10\/ESP.svg","contentUrl":"https:\/\/www.entreculturas.org\/wp-content\/uploads\/2025\/10\/ESP.svg","caption":"Entreculturas"},"image":{"@id":"https:\/\/www.entreculturas.org\/fr\/#\/schema\/logo\/image\/"},"sameAs":["https:\/\/www.facebook.com\/entreculturas","https:\/\/x.com\/Entreculturas","https:\/\/www.instagram.com\/entreculturas\/","https:\/\/www.youtube.com\/user\/entreculturasvideo","https:\/\/www.linkedin.com\/company\/fundacion-entreculturas-ngdo\/","https:\/\/www.flickr.com\/photos\/98455522@N04\/albums\/"]}]}},"_links":{"self":[{"href":"https:\/\/www.entreculturas.org\/fr\/wp-json\/wp\/v2\/noticia\/9440","targetHints":{"allow":["GET"]}}],"collection":[{"href":"https:\/\/www.entreculturas.org\/fr\/wp-json\/wp\/v2\/noticia"}],"about":[{"href":"https:\/\/www.entreculturas.org\/fr\/wp-json\/wp\/v2\/types\/noticia"}],"wp:featuredmedia":[{"embeddable":true,"href":"https:\/\/www.entreculturas.org\/fr\/wp-json\/wp\/v2\/media\/9441"}],"wp:attachment":[{"href":"https:\/\/www.entreculturas.org\/fr\/wp-json\/wp\/v2\/media?parent=9440"}],"wp:term":[{"taxonomy":"category","embeddable":true,"href":"https:\/\/www.entreculturas.org\/fr\/wp-json\/wp\/v2\/categories?post=9440"},{"taxonomy":"post_tag","embeddable":true,"href":"https:\/\/www.entreculturas.org\/fr\/wp-json\/wp\/v2\/tags?post=9440"},{"taxonomy":"country","embeddable":true,"href":"https:\/\/www.entreculturas.org\/fr\/wp-json\/wp\/v2\/country?post=9440"},{"taxonomy":"cause","embeddable":true,"href":"https:\/\/www.entreculturas.org\/fr\/wp-json\/wp\/v2\/cause?post=9440"}],"curies":[{"name":"wp","href":"https:\/\/api.w.org\/{rel}","templated":true}]}}