{"id":9384,"date":"2023-10-11T10:49:56","date_gmt":"2023-10-11T08:49:56","guid":{"rendered":"https:\/\/www.entreculturas.org\/noticia\/entreculturas-se-moviliza-por-el-dia-internacional-de-la-nina\/"},"modified":"2024-02-14T15:11:38","modified_gmt":"2024-02-14T14:11:38","slug":"entreculturas-se-moviliza-por-el-dia-internacional-de-la-nina","status":"publish","type":"noticia","link":"https:\/\/www.entreculturas.org\/fr\/noticia\/entreculturas-se-moviliza-por-el-dia-internacional-de-la-nina\/","title":{"rendered":"Entreculturas se moviliza por el D\u00eda Internacional de la Ni\u00f1a"},"content":{"rendered":"<\/p>\n<p>El pasado martes 11 de octubre se celebr\u00f3 el D\u00eda Internacional de la Ni\u00f1a. Una fecha importante en el calendario de la ONG Entreculturas por el trabajo que realizan por la defensa de los derechos de las ni\u00f1as en todo el mundo. Este a\u00f1o, en torno a esta fecha, Entreculturas ha contado con <strong>tres importantes hitos enmarcados en su campa\u00f1a global <a href=\"https:\/\/www.laluzdelasninas.org\/\">La LUZ de las NI\u00d1AS<\/a><\/strong>: la celebraci\u00f3n del Foro Internacional \u00b4La LUZ de las NI\u00d1AS\u00b4, la presentaci\u00f3n de un nuevo informe, \u201cDejadnos aprender en paz: Barreras educativas y violencias hacia las ni\u00f1as en Sud\u00e1n del Sur\u201d y, dentro de la alianza NO QUIERO, el lanzamiento de un dossier conjunto titulado \u201cNo Quiero\u2026 Dejar de Aprender\u201d.<\/p>\n<h3><span style=\"color:#FF0000;\">Las ni\u00f1as se unen para reivindicar la importancia de la educaci\u00f3n&nbsp;&nbsp;<\/span><\/h3>\n<p>De la mano de Entreculturas, Fe y Alegr\u00eda y el Servicio Jesuita a Refugiados (JRS), las ni\u00f1as y adolescentes participantes de La LUZ de las NI\u00d1AS se han unido en un evento \u00fanico para reivindicar y defender su derecho a una infancia libre de violencias. A trav\u00e9s del <a href=\"https:\/\/www.laluzdelasninas.org\/blog\/ninas-de-8-paises-unidas-en-el-foro-internacional-de-la-luz-de-las-ninas\/\">Foro Internacional<\/a>, celebrado de forma telem\u00e1tica el pasado 10 de octubre, ni\u00f1as de <strong>Chad, Guatemala, El Salvador, Per\u00fa, Kenia y Nicaragua<\/strong> pudieron compartir sus historias y hablar sobre c\u00f3mo la educaci\u00f3n ha transformado sus vidas.<\/p>\n<p>El Foro, que se pudo seguir desde diferentes puntos del planeta gracias a la traducci\u00f3n en diferentes idiomas, permiti\u00f3 conocer una vez m\u00e1s c\u00f3mo <strong>la educaci\u00f3n cambia las vidas de las ni\u00f1as<\/strong> independientemente del lugar o el contexto en el que se encuentren. Un di\u00e1logo que permiti\u00f3 escuchar de primera mano, a trav\u00e9s de los testimonios de las ni\u00f1as, c\u00f3mo la educaci\u00f3n alimenta las esperanzas por un futuro mejor, abri\u00e9ndoles nuevos horizontes personales y profesionales.&nbsp;<\/p>\n<p>Adem\u00e1s de conocer la historias de vida de algunas de ellas, en el Foro se analizaron las distintas realidades de violencia a las que se enfrentan de la mano de <strong>expertas en g\u00e9nero<\/strong> como Sandra Aguilar, experta en g\u00e9nero de Fe y Alegr\u00eda El Salvador, que profundiz\u00f3 en el car\u00e1cter estructural de la violencia en Centroam\u00e9rica. Tambi\u00e9n hubo tiempo para descubrir&nbsp; c\u00f3mo este a\u00f1o la campa\u00f1a ha trabajado la expresi\u00f3n art\u00edstica con las ni\u00f1as como f\u00f3rmula para&nbsp; expresar la violencia que sufren y sanar sus heridas.<\/p>\n<h3><span style=\"color:#FF0000;\">\u2018Dejadnos aprender en paz\u2019, un nuevo estudio para reflexionar sobre las violencias que sufren las ni\u00f1as de Sud\u00e1n del Sur&nbsp;<\/span><\/h3>\n<p>El segundo hito importante en el que ha estado inmersa Entreculturas ha sido el lanzamiento de un <a href=\"https:\/\/www.laluzdelasninas.org\/app\/uploads\/2023\/09\/Informe-Barreras-educativas-y-violencias-hacia-las-ninas-en-Sudan-del-Sur.pdf\">nuevo informe, \u2018Dejadnos aprender en paz\u2019<\/a>, donde se abordan las barreras educativas y las diferentes violencias que sufren las ni\u00f1as en Sud\u00e1n del Sur. En sus p\u00e1ginas se recogen <strong>las experiencias de m\u00e1s de 150 ni\u00f1as y adolescentes de Yambio<\/strong>, una regi\u00f3n que acoge un gran n\u00famero de personas desplazadas internas.<\/p>\n<p>La publicaci\u00f3n pone de manifiesto que las ni\u00f1as y adolescentes sursudanesas est\u00e1n expuestas a un gran n\u00famero de violencias, entre las que se encuentran principalmente el matrimonio infantil, el embarazo precoz y la violencia sexual. As\u00ed, el <strong>82,5% de las ni\u00f1as entrevistadas asegura haber sufrido alg\u00fan tipo de violencia a lo largo de su vida<\/strong>, siendo 1 de cada 8 las que ha sufrido violencia sexual, secuestro o matrimonio infantil; y 1 de cada 6, violencia f\u00edsica.<\/p>\n<p>En cuanto a la educaci\u00f3n, <strong>las ni\u00f1as consideran que la escuela es el espacio m\u00e1s seguro<\/strong> y la educaci\u00f3n es una de sus prioridades en la vida. Sin embargo, a pesar de la importancia que le otorgan, a la mayor\u00eda de las ni\u00f1as les resulta dif\u00edcil continuar sus estudios, principalmente por los costes derivados de la escolarizaci\u00f3n, adem\u00e1s de otros factores como el matrimonio infantil y forzado.<\/p>\n<p>En el estudio queda claro que las ni\u00f1as tienen muy poco control sobre la mayor\u00eda de decisiones que marcan el rumbo de su vida y, por lo general, <strong>son las familias las que tienen la \u00faltima palabra<\/strong> al decidir si una ni\u00f1a abandona la escuela o es forzada a casarse. Es por este motivo, por el que el informe llama a incidir sobre estas pr\u00e1cticas da\u00f1inas fuertemente arraigadas al&nbsp; ser los mayores obst\u00e1culos para el desarrollo de las ni\u00f1as.<\/p>\n<h3><span style=\"color:#FF0000;\">\u00a1NO QUIERO\u2026. dejar de aprender!<\/span><\/h3>\n<p>Desde Entreculturas, bajo la <strong>alianza NO QUIERO<\/strong> &#8211; de la que formamos parte junto con<strong> Amnist\u00eda Internacional, Mundo Cooperante y Save the Children<\/strong>-, seguimos defendiendo los derechos de las ni\u00f1as que sufren y luchan contra la violencia sexual y el matrimonio infantil, temprano y forzoso.<\/p>\n<p>En ocasi\u00f3n del D\u00eda Internacional de la Ni\u00f1a, quisimos poner de manifiesto la realidad que viven millones de ni\u00f1as y plantear los retos que tenemos por delante para mejorar la vida de las ni\u00f1as en el mundo.&nbsp;<\/p>\n<p>Para ello, elaboramos un <a href=\"https:\/\/www.laluzdelasninas.org\/app\/uploads\/2023\/10\/Dossier_NoQuiero_DejarDeAprender_OK.pdf\">dossier conjunto titulado \u201cNo Quiero\u2026 Dejar de Aprender\u201d<\/a> junto a la publicaci\u00f3n de un dec\u00e1logo de retos para que las ni\u00f1as puedan ir a la escuela en todo el mundo y una <a href=\"https:\/\/www.youtube.com\/playlist?list=PLZf-VRg9lQ34SeZWyhKXw6C3lr522GT5R\">serie de cuatro v\u00eddeos<\/a> que dan voz a las historias de ni\u00f1as en Guatemala, Afganist\u00e1n, Per\u00fa o Senegal, poniendo de manifiesto distintas problem\u00e1ticas a las que se enfrentan estas ni\u00f1as, como la pobreza menstrual, la discriminaci\u00f3n de las ni\u00f1as ind\u00edgenas o las consecuencias del conflicto en sus vidas<\/p>\n","protected":false},"excerpt":{"rendered":"<p>El pasado martes 11 de octubre se celebr\u00f3 el D\u00eda Internacional de la Ni\u00f1a. Una fecha importante en el calendario de la ONG Entreculturas por el trabajo que realizan por la defensa de los derechos de las ni\u00f1as en todo el mundo. Este a\u00f1o, en torno a esta fecha, Entreculturas ha contado con tres importantes hitos enmarcados en su campa\u00f1a global La LUZ de las NI\u00d1AS: la celebraci\u00f3n del Foro Internacional \u00b4La LUZ de las NI\u00d1AS\u00b4, la presentaci\u00f3n de un nuevo informe, \u201cDejadnos aprender en paz: Barreras educativas y violencias hacia las ni\u00f1as en Sud\u00e1n del Sur\u201d y, dentro de la alianza NO QUIERO, el lanzamiento de un dossier conjunto titulado \u201cNo Quiero\u2026 Dejar de Aprender\u201d.<\/p>\n","protected":false},"featured_media":9385,"template":"single-noticia","meta":{"_acf_changed":false},"categories":[7,728],"tags":[293],"country":[120],"cause":[130],"class_list":["post-9384","noticia","type-noticia","status-publish","has-post-thumbnail","hentry","category-noticia","category-sin-categorizar","tag-genero","country-espana","cause-genero"],"acf":[],"yoast_head":"<!-- This site is optimized with the Yoast SEO Premium plugin v21.6 (Yoast SEO v27.5) - https:\/\/yoast.com\/product\/yoast-seo-premium-wordpress\/ -->\n<title>Entreculturas se moviliza por el D\u00eda Internacional de la Ni\u00f1a - Entreculturas<\/title>\n<meta name=\"robots\" content=\"index, follow, max-snippet:-1, max-image-preview:large, max-video-preview:-1\" \/>\n<link rel=\"canonical\" href=\"https:\/\/www.entreculturas.org\/fr\/noticia\/entreculturas-se-moviliza-por-el-dia-internacional-de-la-nina\/\" \/>\n<meta property=\"og:locale\" content=\"fr_FR\" \/>\n<meta property=\"og:type\" content=\"article\" \/>\n<meta property=\"og:title\" content=\"Entreculturas se moviliza por el D\u00eda Internacional de la Ni\u00f1a\" \/>\n<meta property=\"og:description\" content=\"El pasado martes 11 de octubre se celebr\u00f3 el D\u00eda Internacional de la Ni\u00f1a. Una fecha importante en el calendario de la ONG Entreculturas por el trabajo que realizan por la defensa de los derechos de las ni\u00f1as en todo el mundo. Este a\u00f1o, en torno a esta fecha, Entreculturas ha contado con tres importantes hitos enmarcados en su campa\u00f1a global La LUZ de las NI\u00d1AS: la celebraci\u00f3n del Foro Internacional \u00b4La LUZ de las NI\u00d1AS\u00b4, la presentaci\u00f3n de un nuevo informe, \u201cDejadnos aprender en paz: Barreras educativas y violencias hacia las ni\u00f1as en Sud\u00e1n del Sur\u201d y, dentro de la alianza NO QUIERO, el lanzamiento de un dossier conjunto titulado \u201cNo Quiero\u2026 Dejar de Aprender\u201d.\" \/>\n<meta property=\"og:url\" content=\"https:\/\/www.entreculturas.org\/fr\/noticia\/entreculturas-se-moviliza-por-el-dia-internacional-de-la-nina\/\" \/>\n<meta property=\"og:site_name\" content=\"Entreculturas\" \/>\n<meta property=\"article:publisher\" content=\"https:\/\/www.facebook.com\/entreculturas\" \/>\n<meta property=\"article:modified_time\" content=\"2024-02-14T14:11:38+00:00\" \/>\n<meta property=\"og:image\" content=\"https:\/\/www.entreculturas.org\/wp-content\/uploads\/2023\/12\/copia_de_img_20230524_114105-scaled-1.jpg\" \/>\n\t<meta property=\"og:image:width\" content=\"2560\" \/>\n\t<meta property=\"og:image:height\" content=\"1920\" \/>\n\t<meta property=\"og:image:type\" content=\"image\/jpeg\" \/>\n<meta name=\"twitter:card\" content=\"summary_large_image\" \/>\n<meta name=\"twitter:site\" content=\"@Entreculturas\" \/>\n<script type=\"application\/ld+json\" class=\"yoast-schema-graph\">{\"@context\":\"https:\\\/\\\/schema.org\",\"@graph\":[{\"@type\":\"WebPage\",\"@id\":\"https:\\\/\\\/www.entreculturas.org\\\/fr\\\/noticia\\\/entreculturas-se-moviliza-por-el-dia-internacional-de-la-nina\\\/\",\"url\":\"https:\\\/\\\/www.entreculturas.org\\\/fr\\\/noticia\\\/entreculturas-se-moviliza-por-el-dia-internacional-de-la-nina\\\/\",\"name\":\"Entreculturas se moviliza por el D\u00eda Internacional de la Ni\u00f1a - Entreculturas\",\"isPartOf\":{\"@id\":\"https:\\\/\\\/www.entreculturas.org\\\/fr\\\/#website\"},\"primaryImageOfPage\":{\"@id\":\"https:\\\/\\\/www.entreculturas.org\\\/fr\\\/noticia\\\/entreculturas-se-moviliza-por-el-dia-internacional-de-la-nina\\\/#primaryimage\"},\"image\":{\"@id\":\"https:\\\/\\\/www.entreculturas.org\\\/fr\\\/noticia\\\/entreculturas-se-moviliza-por-el-dia-internacional-de-la-nina\\\/#primaryimage\"},\"thumbnailUrl\":\"https:\\\/\\\/www.entreculturas.org\\\/wp-content\\\/uploads\\\/2023\\\/12\\\/copia_de_img_20230524_114105-scaled-1.jpg\",\"datePublished\":\"2023-10-11T08:49:56+00:00\",\"dateModified\":\"2024-02-14T14:11:38+00:00\",\"breadcrumb\":{\"@id\":\"https:\\\/\\\/www.entreculturas.org\\\/fr\\\/noticia\\\/entreculturas-se-moviliza-por-el-dia-internacional-de-la-nina\\\/#breadcrumb\"},\"inLanguage\":\"fr-FR\",\"potentialAction\":[{\"@type\":\"ReadAction\",\"target\":[\"https:\\\/\\\/www.entreculturas.org\\\/fr\\\/noticia\\\/entreculturas-se-moviliza-por-el-dia-internacional-de-la-nina\\\/\"]}]},{\"@type\":\"ImageObject\",\"inLanguage\":\"fr-FR\",\"@id\":\"https:\\\/\\\/www.entreculturas.org\\\/fr\\\/noticia\\\/entreculturas-se-moviliza-por-el-dia-internacional-de-la-nina\\\/#primaryimage\",\"url\":\"https:\\\/\\\/www.entreculturas.org\\\/wp-content\\\/uploads\\\/2023\\\/12\\\/copia_de_img_20230524_114105-scaled-1.jpg\",\"contentUrl\":\"https:\\\/\\\/www.entreculturas.org\\\/wp-content\\\/uploads\\\/2023\\\/12\\\/copia_de_img_20230524_114105-scaled-1.jpg\",\"width\":2560,\"height\":1920,\"caption\":\"copia_de_img_20230524_114105\"},{\"@type\":\"BreadcrumbList\",\"@id\":\"https:\\\/\\\/www.entreculturas.org\\\/fr\\\/noticia\\\/entreculturas-se-moviliza-por-el-dia-internacional-de-la-nina\\\/#breadcrumb\",\"itemListElement\":[{\"@type\":\"ListItem\",\"position\":1,\"name\":\"Home\",\"item\":\"https:\\\/\\\/www.entreculturas.org\\\/fr\\\/\"},{\"@type\":\"ListItem\",\"position\":2,\"name\":\"Noticias\",\"item\":\"https:\\\/\\\/www.entreculturas.org\\\/fr\\\/noticias\\\/\"},{\"@type\":\"ListItem\",\"position\":3,\"name\":\"Entreculturas se moviliza por el D\u00eda Internacional de la Ni\u00f1a\"}]},{\"@type\":\"WebSite\",\"@id\":\"https:\\\/\\\/www.entreculturas.org\\\/fr\\\/#website\",\"url\":\"https:\\\/\\\/www.entreculturas.org\\\/fr\\\/\",\"name\":\"Entreculturas\",\"description\":\"\",\"publisher\":{\"@id\":\"https:\\\/\\\/www.entreculturas.org\\\/fr\\\/#organization\"},\"alternateName\":\"Entreculturas\",\"potentialAction\":[{\"@type\":\"SearchAction\",\"target\":{\"@type\":\"EntryPoint\",\"urlTemplate\":\"https:\\\/\\\/www.entreculturas.org\\\/fr\\\/?s={search_term_string}\"},\"query-input\":{\"@type\":\"PropertyValueSpecification\",\"valueRequired\":true,\"valueName\":\"search_term_string\"}}],\"inLanguage\":\"fr-FR\"},{\"@type\":\"Organization\",\"@id\":\"https:\\\/\\\/www.entreculturas.org\\\/fr\\\/#organization\",\"name\":\"Entreculturas\",\"url\":\"https:\\\/\\\/www.entreculturas.org\\\/fr\\\/\",\"logo\":{\"@type\":\"ImageObject\",\"inLanguage\":\"fr-FR\",\"@id\":\"https:\\\/\\\/www.entreculturas.org\\\/fr\\\/#\\\/schema\\\/logo\\\/image\\\/\",\"url\":\"https:\\\/\\\/www.entreculturas.org\\\/wp-content\\\/uploads\\\/2025\\\/10\\\/ESP.svg\",\"contentUrl\":\"https:\\\/\\\/www.entreculturas.org\\\/wp-content\\\/uploads\\\/2025\\\/10\\\/ESP.svg\",\"caption\":\"Entreculturas\"},\"image\":{\"@id\":\"https:\\\/\\\/www.entreculturas.org\\\/fr\\\/#\\\/schema\\\/logo\\\/image\\\/\"},\"sameAs\":[\"https:\\\/\\\/www.facebook.com\\\/entreculturas\",\"https:\\\/\\\/x.com\\\/Entreculturas\",\"https:\\\/\\\/www.instagram.com\\\/entreculturas\\\/\",\"https:\\\/\\\/www.youtube.com\\\/user\\\/entreculturasvideo\",\"https:\\\/\\\/www.linkedin.com\\\/company\\\/fundacion-entreculturas-ngdo\\\/\",\"https:\\\/\\\/www.flickr.com\\\/photos\\\/98455522@N04\\\/albums\\\/\"]}]}<\/script>\n<!-- \/ Yoast SEO Premium plugin. -->","yoast_head_json":{"title":"Entreculturas se moviliza por el D\u00eda Internacional de la Ni\u00f1a - Entreculturas","robots":{"index":"index","follow":"follow","max-snippet":"max-snippet:-1","max-image-preview":"max-image-preview:large","max-video-preview":"max-video-preview:-1"},"canonical":"https:\/\/www.entreculturas.org\/fr\/noticia\/entreculturas-se-moviliza-por-el-dia-internacional-de-la-nina\/","og_locale":"fr_FR","og_type":"article","og_title":"Entreculturas se moviliza por el D\u00eda Internacional de la Ni\u00f1a","og_description":"El pasado martes 11 de octubre se celebr\u00f3 el D\u00eda Internacional de la Ni\u00f1a. Una fecha importante en el calendario de la ONG Entreculturas por el trabajo que realizan por la defensa de los derechos de las ni\u00f1as en todo el mundo. Este a\u00f1o, en torno a esta fecha, Entreculturas ha contado con tres importantes hitos enmarcados en su campa\u00f1a global La LUZ de las NI\u00d1AS: la celebraci\u00f3n del Foro Internacional \u00b4La LUZ de las NI\u00d1AS\u00b4, la presentaci\u00f3n de un nuevo informe, \u201cDejadnos aprender en paz: Barreras educativas y violencias hacia las ni\u00f1as en Sud\u00e1n del Sur\u201d y, dentro de la alianza NO QUIERO, el lanzamiento de un dossier conjunto titulado \u201cNo Quiero\u2026 Dejar de Aprender\u201d.","og_url":"https:\/\/www.entreculturas.org\/fr\/noticia\/entreculturas-se-moviliza-por-el-dia-internacional-de-la-nina\/","og_site_name":"Entreculturas","article_publisher":"https:\/\/www.facebook.com\/entreculturas","article_modified_time":"2024-02-14T14:11:38+00:00","og_image":[{"width":2560,"height":1920,"url":"https:\/\/www.entreculturas.org\/wp-content\/uploads\/2023\/12\/copia_de_img_20230524_114105-scaled-1.jpg","type":"image\/jpeg"}],"twitter_card":"summary_large_image","twitter_site":"@Entreculturas","schema":{"@context":"https:\/\/schema.org","@graph":[{"@type":"WebPage","@id":"https:\/\/www.entreculturas.org\/fr\/noticia\/entreculturas-se-moviliza-por-el-dia-internacional-de-la-nina\/","url":"https:\/\/www.entreculturas.org\/fr\/noticia\/entreculturas-se-moviliza-por-el-dia-internacional-de-la-nina\/","name":"Entreculturas se moviliza por el D\u00eda Internacional de la Ni\u00f1a - Entreculturas","isPartOf":{"@id":"https:\/\/www.entreculturas.org\/fr\/#website"},"primaryImageOfPage":{"@id":"https:\/\/www.entreculturas.org\/fr\/noticia\/entreculturas-se-moviliza-por-el-dia-internacional-de-la-nina\/#primaryimage"},"image":{"@id":"https:\/\/www.entreculturas.org\/fr\/noticia\/entreculturas-se-moviliza-por-el-dia-internacional-de-la-nina\/#primaryimage"},"thumbnailUrl":"https:\/\/www.entreculturas.org\/wp-content\/uploads\/2023\/12\/copia_de_img_20230524_114105-scaled-1.jpg","datePublished":"2023-10-11T08:49:56+00:00","dateModified":"2024-02-14T14:11:38+00:00","breadcrumb":{"@id":"https:\/\/www.entreculturas.org\/fr\/noticia\/entreculturas-se-moviliza-por-el-dia-internacional-de-la-nina\/#breadcrumb"},"inLanguage":"fr-FR","potentialAction":[{"@type":"ReadAction","target":["https:\/\/www.entreculturas.org\/fr\/noticia\/entreculturas-se-moviliza-por-el-dia-internacional-de-la-nina\/"]}]},{"@type":"ImageObject","inLanguage":"fr-FR","@id":"https:\/\/www.entreculturas.org\/fr\/noticia\/entreculturas-se-moviliza-por-el-dia-internacional-de-la-nina\/#primaryimage","url":"https:\/\/www.entreculturas.org\/wp-content\/uploads\/2023\/12\/copia_de_img_20230524_114105-scaled-1.jpg","contentUrl":"https:\/\/www.entreculturas.org\/wp-content\/uploads\/2023\/12\/copia_de_img_20230524_114105-scaled-1.jpg","width":2560,"height":1920,"caption":"copia_de_img_20230524_114105"},{"@type":"BreadcrumbList","@id":"https:\/\/www.entreculturas.org\/fr\/noticia\/entreculturas-se-moviliza-por-el-dia-internacional-de-la-nina\/#breadcrumb","itemListElement":[{"@type":"ListItem","position":1,"name":"Home","item":"https:\/\/www.entreculturas.org\/fr\/"},{"@type":"ListItem","position":2,"name":"Noticias","item":"https:\/\/www.entreculturas.org\/fr\/noticias\/"},{"@type":"ListItem","position":3,"name":"Entreculturas se moviliza por el D\u00eda Internacional de la Ni\u00f1a"}]},{"@type":"WebSite","@id":"https:\/\/www.entreculturas.org\/fr\/#website","url":"https:\/\/www.entreculturas.org\/fr\/","name":"Entreculturas","description":"","publisher":{"@id":"https:\/\/www.entreculturas.org\/fr\/#organization"},"alternateName":"Entreculturas","potentialAction":[{"@type":"SearchAction","target":{"@type":"EntryPoint","urlTemplate":"https:\/\/www.entreculturas.org\/fr\/?s={search_term_string}"},"query-input":{"@type":"PropertyValueSpecification","valueRequired":true,"valueName":"search_term_string"}}],"inLanguage":"fr-FR"},{"@type":"Organization","@id":"https:\/\/www.entreculturas.org\/fr\/#organization","name":"Entreculturas","url":"https:\/\/www.entreculturas.org\/fr\/","logo":{"@type":"ImageObject","inLanguage":"fr-FR","@id":"https:\/\/www.entreculturas.org\/fr\/#\/schema\/logo\/image\/","url":"https:\/\/www.entreculturas.org\/wp-content\/uploads\/2025\/10\/ESP.svg","contentUrl":"https:\/\/www.entreculturas.org\/wp-content\/uploads\/2025\/10\/ESP.svg","caption":"Entreculturas"},"image":{"@id":"https:\/\/www.entreculturas.org\/fr\/#\/schema\/logo\/image\/"},"sameAs":["https:\/\/www.facebook.com\/entreculturas","https:\/\/x.com\/Entreculturas","https:\/\/www.instagram.com\/entreculturas\/","https:\/\/www.youtube.com\/user\/entreculturasvideo","https:\/\/www.linkedin.com\/company\/fundacion-entreculturas-ngdo\/","https:\/\/www.flickr.com\/photos\/98455522@N04\/albums\/"]}]}},"_links":{"self":[{"href":"https:\/\/www.entreculturas.org\/fr\/wp-json\/wp\/v2\/noticia\/9384","targetHints":{"allow":["GET"]}}],"collection":[{"href":"https:\/\/www.entreculturas.org\/fr\/wp-json\/wp\/v2\/noticia"}],"about":[{"href":"https:\/\/www.entreculturas.org\/fr\/wp-json\/wp\/v2\/types\/noticia"}],"wp:featuredmedia":[{"embeddable":true,"href":"https:\/\/www.entreculturas.org\/fr\/wp-json\/wp\/v2\/media\/9385"}],"wp:attachment":[{"href":"https:\/\/www.entreculturas.org\/fr\/wp-json\/wp\/v2\/media?parent=9384"}],"wp:term":[{"taxonomy":"category","embeddable":true,"href":"https:\/\/www.entreculturas.org\/fr\/wp-json\/wp\/v2\/categories?post=9384"},{"taxonomy":"post_tag","embeddable":true,"href":"https:\/\/www.entreculturas.org\/fr\/wp-json\/wp\/v2\/tags?post=9384"},{"taxonomy":"country","embeddable":true,"href":"https:\/\/www.entreculturas.org\/fr\/wp-json\/wp\/v2\/country?post=9384"},{"taxonomy":"cause","embeddable":true,"href":"https:\/\/www.entreculturas.org\/fr\/wp-json\/wp\/v2\/cause?post=9384"}],"curies":[{"name":"wp","href":"https:\/\/api.w.org\/{rel}","templated":true}]}}