{"id":9373,"date":"2023-10-04T08:25:48","date_gmt":"2023-10-04T06:25:48","guid":{"rendered":"https:\/\/www.entreculturas.org\/noticia\/trazando-un-camino-de-logros-retos-de-las-delegaciones\/"},"modified":"2024-02-14T15:14:08","modified_gmt":"2024-02-14T14:14:08","slug":"trazando-un-camino-de-logros-retos-de-las-delegaciones","status":"publish","type":"noticia","link":"https:\/\/www.entreculturas.org\/fr\/noticia\/trazando-un-camino-de-logros-retos-de-las-delegaciones\/","title":{"rendered":"Trazando un Camino de Logros: Retos de las Delegaciones"},"content":{"rendered":"<\/p>\n<p>El pasado 27 de septiembre, se celebr\u00f3 la reuni\u00f3n con las delegaciones para presentar el informe de los retos trabajados los 2 \u00faltimos a\u00f1os y la presentaci\u00f3n de los nuevos retos que se van a trabajar.&nbsp;<\/p>\n<p>Acudieron a la convocatoria representantes de muchas de las delegaciones, as\u00ed como personas de los distintos equipos implicados en el Reto Delegaci\u00f3n. Son muchas las personas que han hecho posible que cerremos estos 2 a\u00f1os desde que pusimos en marcha los Retos Delegaci\u00f3n, felicit\u00e1ndonos por haberlos conseguido.<\/p>\n<p>Enhorabuena y gracias a todos los equipos por el trabajo, por el esfuerzo, por el empe\u00f1o en conseguir la recaudaci\u00f3n que nos propon\u00edamos, por sensibilizar sobre las causas que hay detr\u00e1s de cada uno de los retos y que son nuestras causas, por permitirnos estar muy en la frontera, apoyando proyectos que ser\u00eda dif\u00edcil apoyar con otros financiadores, proyectos muy complejos pero muy necesarios.<\/p>\n<p>Estos han sido nuestros retos en estos \u00faltimos 2 a\u00f1os:<\/p>\n<ul>\n<li><strong>Amazon\u00eda:<\/strong> Escuchar el grito de la Amazon\u00eda<\/li>\n<li><strong>Hait\u00ed: <\/strong>Sostener en tiempos de crisis<\/li>\n<li><strong>Marruecos: <\/strong>Acompa\u00f1amiento, asistencia y protecci\u00f3n de las personas migrantes subsaharianas en tr\u00e1nsito en la costa norte.\u200b<\/li>\n<\/ul>\n<p>Hemos recaudado m\u00e1s de <strong>270.000 \u20ac<\/strong> en <strong>477 colaboraciones <\/strong>de personas particulares, colegios, asociaciones, congregaciones religiosas, iglesias, empresas, etc. con actividades tan diversas como la organizaci\u00f3n de un torneo de padel o la celebraci\u00f3n de un domingo solidario.<\/p>\n<p>Detr\u00e1s de estas cifras hay personas trabajando, tanto en sede central como en las delegaciones, personas voluntarias y personas contratadas, muchos equipos sumando fuerzas y unidos por una misma causa: <strong>Retos Delegaci\u00f3n<\/strong><\/p>\n<p>Nos felicitamos por los retos conseguidos y nos animamos a trabajar los nuevos retos que nos proponen que son los siguientes:<\/p>\n<ol>\n<li>Trabajar por el derecho a una educaci\u00f3n de calidad de todas las personas, en especial por las personas con discapacidad a trav\u00e9s del proyecto de <strong><a href=\"https:\/\/drive.google.com\/file\/d\/1jDMux6RTJ1kh8SKFwlVyNdIb96Sb2bxS\/view?usp=drive_link\">Educaci\u00f3n inclusiva de calidad en Alotenango<\/a><\/strong><a href=\"https:\/\/drive.google.com\/file\/d\/1jDMux6RTJ1kh8SKFwlVyNdIb96Sb2bxS\/view?usp=drive_link\"><strong>, en Guatemala.<\/strong><\/a><\/li>\n<li>Trabajar para defender la vida digna de las personas migrantes y refugiadas, acompa\u00f1ando, asistiendo y dando protecci\u00f3n a las <strong><a href=\"https:\/\/drive.google.com\/file\/d\/1hzkdJNVDIf2AwXTdbDmUZs2xqy6XcrFX\/view?usp=sharing\">personas migrantes subsaharianas en tr\u00e1nsito en la costa norte de Marruecos<\/a>.<\/strong><\/li>\n<li>Trabajar por la promoci\u00f3n de la justicia socioambiental desarrollando la <a href=\"https:\/\/drive.google.com\/file\/d\/1RncKSIz7mmhhIVuO00UvcIMZMpxDvEsz\/view?usp=sharing\"><strong>Escuela Bosque \u201cEL SADE\u201d<\/strong><\/a> en la provincia de <strong>Esmeraldas, en Ecuador<\/strong>. Esta Escuela Bosque es un espacio de aprendizaje al aire libre, donde la naturaleza misma se convierte en el maestro, ofreciendo m\u00faltiples beneficios en el \u00e1mbito pedag\u00f3gico a los alumnos.<\/li>\n<\/ol>\n<p><strong>Muchas gracias a todos los equipos involucrados en los retos delegaci\u00f3n.<\/strong><\/p>\n","protected":false},"excerpt":{"rendered":"<p>El pasado 27 de septiembre, se celebr\u00f3 la reuni\u00f3n con las delegaciones para presentar el informe de los retos trabajados los 2 \u00faltimos a\u00f1os y la presentaci\u00f3n de los nuevos retos que se van a trabajar.<\/p>\n","protected":false},"featured_media":9374,"template":"single-noticia","meta":{"_acf_changed":false},"categories":[7,728],"tags":[185],"country":[120],"cause":[132],"class_list":["post-9373","noticia","type-noticia","status-publish","has-post-thumbnail","hentry","category-noticia","category-sin-categorizar","tag-entreculturas","country-espana","cause-participacion-y-ciudadania-global"],"acf":[],"yoast_head":"<!-- This site is optimized with the Yoast SEO Premium plugin v21.6 (Yoast SEO v27.5) - https:\/\/yoast.com\/product\/yoast-seo-premium-wordpress\/ -->\n<title>Trazando un Camino de Logros: Retos de las Delegaciones - Entreculturas<\/title>\n<meta name=\"robots\" content=\"index, follow, max-snippet:-1, max-image-preview:large, max-video-preview:-1\" \/>\n<link rel=\"canonical\" href=\"https:\/\/www.entreculturas.org\/fr\/noticia\/trazando-un-camino-de-logros-retos-de-las-delegaciones\/\" \/>\n<meta property=\"og:locale\" content=\"fr_FR\" \/>\n<meta property=\"og:type\" content=\"article\" \/>\n<meta property=\"og:title\" content=\"Trazando un Camino de Logros: Retos de las Delegaciones\" \/>\n<meta property=\"og:description\" content=\"El pasado 27 de septiembre, se celebr\u00f3 la reuni\u00f3n con las delegaciones para presentar el informe de los retos trabajados los 2 \u00faltimos a\u00f1os y la presentaci\u00f3n de los nuevos retos que se van a trabajar.\" \/>\n<meta property=\"og:url\" content=\"https:\/\/www.entreculturas.org\/fr\/noticia\/trazando-un-camino-de-logros-retos-de-las-delegaciones\/\" \/>\n<meta property=\"og:site_name\" content=\"Entreculturas\" \/>\n<meta property=\"article:publisher\" content=\"https:\/\/www.facebook.com\/entreculturas\" \/>\n<meta property=\"article:modified_time\" content=\"2024-02-14T14:14:08+00:00\" \/>\n<meta property=\"og:image\" content=\"https:\/\/www.entreculturas.org\/wp-content\/uploads\/2023\/12\/caratula_reunion_con_delelegaciones_26_septiembre.pptx_.png\" \/>\n\t<meta property=\"og:image:width\" content=\"960\" \/>\n\t<meta property=\"og:image:height\" content=\"540\" \/>\n\t<meta property=\"og:image:type\" content=\"image\/png\" \/>\n<meta name=\"twitter:card\" content=\"summary_large_image\" \/>\n<meta name=\"twitter:site\" content=\"@Entreculturas\" \/>\n<script type=\"application\/ld+json\" class=\"yoast-schema-graph\">{\"@context\":\"https:\\\/\\\/schema.org\",\"@graph\":[{\"@type\":\"WebPage\",\"@id\":\"https:\\\/\\\/www.entreculturas.org\\\/fr\\\/noticia\\\/trazando-un-camino-de-logros-retos-de-las-delegaciones\\\/\",\"url\":\"https:\\\/\\\/www.entreculturas.org\\\/fr\\\/noticia\\\/trazando-un-camino-de-logros-retos-de-las-delegaciones\\\/\",\"name\":\"Trazando un Camino de Logros: Retos de las Delegaciones - Entreculturas\",\"isPartOf\":{\"@id\":\"https:\\\/\\\/www.entreculturas.org\\\/fr\\\/#website\"},\"primaryImageOfPage\":{\"@id\":\"https:\\\/\\\/www.entreculturas.org\\\/fr\\\/noticia\\\/trazando-un-camino-de-logros-retos-de-las-delegaciones\\\/#primaryimage\"},\"image\":{\"@id\":\"https:\\\/\\\/www.entreculturas.org\\\/fr\\\/noticia\\\/trazando-un-camino-de-logros-retos-de-las-delegaciones\\\/#primaryimage\"},\"thumbnailUrl\":\"https:\\\/\\\/www.entreculturas.org\\\/wp-content\\\/uploads\\\/2023\\\/12\\\/caratula_reunion_con_delelegaciones_26_septiembre.pptx_.png\",\"datePublished\":\"2023-10-04T06:25:48+00:00\",\"dateModified\":\"2024-02-14T14:14:08+00:00\",\"breadcrumb\":{\"@id\":\"https:\\\/\\\/www.entreculturas.org\\\/fr\\\/noticia\\\/trazando-un-camino-de-logros-retos-de-las-delegaciones\\\/#breadcrumb\"},\"inLanguage\":\"fr-FR\",\"potentialAction\":[{\"@type\":\"ReadAction\",\"target\":[\"https:\\\/\\\/www.entreculturas.org\\\/fr\\\/noticia\\\/trazando-un-camino-de-logros-retos-de-las-delegaciones\\\/\"]}]},{\"@type\":\"ImageObject\",\"inLanguage\":\"fr-FR\",\"@id\":\"https:\\\/\\\/www.entreculturas.org\\\/fr\\\/noticia\\\/trazando-un-camino-de-logros-retos-de-las-delegaciones\\\/#primaryimage\",\"url\":\"https:\\\/\\\/www.entreculturas.org\\\/wp-content\\\/uploads\\\/2023\\\/12\\\/caratula_reunion_con_delelegaciones_26_septiembre.pptx_.png\",\"contentUrl\":\"https:\\\/\\\/www.entreculturas.org\\\/wp-content\\\/uploads\\\/2023\\\/12\\\/caratula_reunion_con_delelegaciones_26_septiembre.pptx_.png\",\"width\":960,\"height\":540,\"caption\":\"caratula_reunion_con_delelegaciones_26_septiembre\"},{\"@type\":\"BreadcrumbList\",\"@id\":\"https:\\\/\\\/www.entreculturas.org\\\/fr\\\/noticia\\\/trazando-un-camino-de-logros-retos-de-las-delegaciones\\\/#breadcrumb\",\"itemListElement\":[{\"@type\":\"ListItem\",\"position\":1,\"name\":\"Home\",\"item\":\"https:\\\/\\\/www.entreculturas.org\\\/fr\\\/\"},{\"@type\":\"ListItem\",\"position\":2,\"name\":\"Noticias\",\"item\":\"https:\\\/\\\/www.entreculturas.org\\\/fr\\\/noticias\\\/\"},{\"@type\":\"ListItem\",\"position\":3,\"name\":\"Trazando un Camino de Logros: Retos de las Delegaciones\"}]},{\"@type\":\"WebSite\",\"@id\":\"https:\\\/\\\/www.entreculturas.org\\\/fr\\\/#website\",\"url\":\"https:\\\/\\\/www.entreculturas.org\\\/fr\\\/\",\"name\":\"Entreculturas\",\"description\":\"\",\"publisher\":{\"@id\":\"https:\\\/\\\/www.entreculturas.org\\\/fr\\\/#organization\"},\"alternateName\":\"Entreculturas\",\"potentialAction\":[{\"@type\":\"SearchAction\",\"target\":{\"@type\":\"EntryPoint\",\"urlTemplate\":\"https:\\\/\\\/www.entreculturas.org\\\/fr\\\/?s={search_term_string}\"},\"query-input\":{\"@type\":\"PropertyValueSpecification\",\"valueRequired\":true,\"valueName\":\"search_term_string\"}}],\"inLanguage\":\"fr-FR\"},{\"@type\":\"Organization\",\"@id\":\"https:\\\/\\\/www.entreculturas.org\\\/fr\\\/#organization\",\"name\":\"Entreculturas\",\"url\":\"https:\\\/\\\/www.entreculturas.org\\\/fr\\\/\",\"logo\":{\"@type\":\"ImageObject\",\"inLanguage\":\"fr-FR\",\"@id\":\"https:\\\/\\\/www.entreculturas.org\\\/fr\\\/#\\\/schema\\\/logo\\\/image\\\/\",\"url\":\"https:\\\/\\\/www.entreculturas.org\\\/wp-content\\\/uploads\\\/2025\\\/10\\\/ESP.svg\",\"contentUrl\":\"https:\\\/\\\/www.entreculturas.org\\\/wp-content\\\/uploads\\\/2025\\\/10\\\/ESP.svg\",\"caption\":\"Entreculturas\"},\"image\":{\"@id\":\"https:\\\/\\\/www.entreculturas.org\\\/fr\\\/#\\\/schema\\\/logo\\\/image\\\/\"},\"sameAs\":[\"https:\\\/\\\/www.facebook.com\\\/entreculturas\",\"https:\\\/\\\/x.com\\\/Entreculturas\",\"https:\\\/\\\/www.instagram.com\\\/entreculturas\\\/\",\"https:\\\/\\\/www.youtube.com\\\/user\\\/entreculturasvideo\",\"https:\\\/\\\/www.linkedin.com\\\/company\\\/fundacion-entreculturas-ngdo\\\/\",\"https:\\\/\\\/www.flickr.com\\\/photos\\\/98455522@N04\\\/albums\\\/\"]}]}<\/script>\n<!-- \/ Yoast SEO Premium plugin. -->","yoast_head_json":{"title":"Trazando un Camino de Logros: Retos de las Delegaciones - Entreculturas","robots":{"index":"index","follow":"follow","max-snippet":"max-snippet:-1","max-image-preview":"max-image-preview:large","max-video-preview":"max-video-preview:-1"},"canonical":"https:\/\/www.entreculturas.org\/fr\/noticia\/trazando-un-camino-de-logros-retos-de-las-delegaciones\/","og_locale":"fr_FR","og_type":"article","og_title":"Trazando un Camino de Logros: Retos de las Delegaciones","og_description":"El pasado 27 de septiembre, se celebr\u00f3 la reuni\u00f3n con las delegaciones para presentar el informe de los retos trabajados los 2 \u00faltimos a\u00f1os y la presentaci\u00f3n de los nuevos retos que se van a trabajar.","og_url":"https:\/\/www.entreculturas.org\/fr\/noticia\/trazando-un-camino-de-logros-retos-de-las-delegaciones\/","og_site_name":"Entreculturas","article_publisher":"https:\/\/www.facebook.com\/entreculturas","article_modified_time":"2024-02-14T14:14:08+00:00","og_image":[{"width":960,"height":540,"url":"https:\/\/www.entreculturas.org\/wp-content\/uploads\/2023\/12\/caratula_reunion_con_delelegaciones_26_septiembre.pptx_.png","type":"image\/png"}],"twitter_card":"summary_large_image","twitter_site":"@Entreculturas","schema":{"@context":"https:\/\/schema.org","@graph":[{"@type":"WebPage","@id":"https:\/\/www.entreculturas.org\/fr\/noticia\/trazando-un-camino-de-logros-retos-de-las-delegaciones\/","url":"https:\/\/www.entreculturas.org\/fr\/noticia\/trazando-un-camino-de-logros-retos-de-las-delegaciones\/","name":"Trazando un Camino de Logros: Retos de las Delegaciones - Entreculturas","isPartOf":{"@id":"https:\/\/www.entreculturas.org\/fr\/#website"},"primaryImageOfPage":{"@id":"https:\/\/www.entreculturas.org\/fr\/noticia\/trazando-un-camino-de-logros-retos-de-las-delegaciones\/#primaryimage"},"image":{"@id":"https:\/\/www.entreculturas.org\/fr\/noticia\/trazando-un-camino-de-logros-retos-de-las-delegaciones\/#primaryimage"},"thumbnailUrl":"https:\/\/www.entreculturas.org\/wp-content\/uploads\/2023\/12\/caratula_reunion_con_delelegaciones_26_septiembre.pptx_.png","datePublished":"2023-10-04T06:25:48+00:00","dateModified":"2024-02-14T14:14:08+00:00","breadcrumb":{"@id":"https:\/\/www.entreculturas.org\/fr\/noticia\/trazando-un-camino-de-logros-retos-de-las-delegaciones\/#breadcrumb"},"inLanguage":"fr-FR","potentialAction":[{"@type":"ReadAction","target":["https:\/\/www.entreculturas.org\/fr\/noticia\/trazando-un-camino-de-logros-retos-de-las-delegaciones\/"]}]},{"@type":"ImageObject","inLanguage":"fr-FR","@id":"https:\/\/www.entreculturas.org\/fr\/noticia\/trazando-un-camino-de-logros-retos-de-las-delegaciones\/#primaryimage","url":"https:\/\/www.entreculturas.org\/wp-content\/uploads\/2023\/12\/caratula_reunion_con_delelegaciones_26_septiembre.pptx_.png","contentUrl":"https:\/\/www.entreculturas.org\/wp-content\/uploads\/2023\/12\/caratula_reunion_con_delelegaciones_26_septiembre.pptx_.png","width":960,"height":540,"caption":"caratula_reunion_con_delelegaciones_26_septiembre"},{"@type":"BreadcrumbList","@id":"https:\/\/www.entreculturas.org\/fr\/noticia\/trazando-un-camino-de-logros-retos-de-las-delegaciones\/#breadcrumb","itemListElement":[{"@type":"ListItem","position":1,"name":"Home","item":"https:\/\/www.entreculturas.org\/fr\/"},{"@type":"ListItem","position":2,"name":"Noticias","item":"https:\/\/www.entreculturas.org\/fr\/noticias\/"},{"@type":"ListItem","position":3,"name":"Trazando un Camino de Logros: Retos de las Delegaciones"}]},{"@type":"WebSite","@id":"https:\/\/www.entreculturas.org\/fr\/#website","url":"https:\/\/www.entreculturas.org\/fr\/","name":"Entreculturas","description":"","publisher":{"@id":"https:\/\/www.entreculturas.org\/fr\/#organization"},"alternateName":"Entreculturas","potentialAction":[{"@type":"SearchAction","target":{"@type":"EntryPoint","urlTemplate":"https:\/\/www.entreculturas.org\/fr\/?s={search_term_string}"},"query-input":{"@type":"PropertyValueSpecification","valueRequired":true,"valueName":"search_term_string"}}],"inLanguage":"fr-FR"},{"@type":"Organization","@id":"https:\/\/www.entreculturas.org\/fr\/#organization","name":"Entreculturas","url":"https:\/\/www.entreculturas.org\/fr\/","logo":{"@type":"ImageObject","inLanguage":"fr-FR","@id":"https:\/\/www.entreculturas.org\/fr\/#\/schema\/logo\/image\/","url":"https:\/\/www.entreculturas.org\/wp-content\/uploads\/2025\/10\/ESP.svg","contentUrl":"https:\/\/www.entreculturas.org\/wp-content\/uploads\/2025\/10\/ESP.svg","caption":"Entreculturas"},"image":{"@id":"https:\/\/www.entreculturas.org\/fr\/#\/schema\/logo\/image\/"},"sameAs":["https:\/\/www.facebook.com\/entreculturas","https:\/\/x.com\/Entreculturas","https:\/\/www.instagram.com\/entreculturas\/","https:\/\/www.youtube.com\/user\/entreculturasvideo","https:\/\/www.linkedin.com\/company\/fundacion-entreculturas-ngdo\/","https:\/\/www.flickr.com\/photos\/98455522@N04\/albums\/"]}]}},"_links":{"self":[{"href":"https:\/\/www.entreculturas.org\/fr\/wp-json\/wp\/v2\/noticia\/9373","targetHints":{"allow":["GET"]}}],"collection":[{"href":"https:\/\/www.entreculturas.org\/fr\/wp-json\/wp\/v2\/noticia"}],"about":[{"href":"https:\/\/www.entreculturas.org\/fr\/wp-json\/wp\/v2\/types\/noticia"}],"wp:featuredmedia":[{"embeddable":true,"href":"https:\/\/www.entreculturas.org\/fr\/wp-json\/wp\/v2\/media\/9374"}],"wp:attachment":[{"href":"https:\/\/www.entreculturas.org\/fr\/wp-json\/wp\/v2\/media?parent=9373"}],"wp:term":[{"taxonomy":"category","embeddable":true,"href":"https:\/\/www.entreculturas.org\/fr\/wp-json\/wp\/v2\/categories?post=9373"},{"taxonomy":"post_tag","embeddable":true,"href":"https:\/\/www.entreculturas.org\/fr\/wp-json\/wp\/v2\/tags?post=9373"},{"taxonomy":"country","embeddable":true,"href":"https:\/\/www.entreculturas.org\/fr\/wp-json\/wp\/v2\/country?post=9373"},{"taxonomy":"cause","embeddable":true,"href":"https:\/\/www.entreculturas.org\/fr\/wp-json\/wp\/v2\/cause?post=9373"}],"curies":[{"name":"wp","href":"https:\/\/api.w.org\/{rel}","templated":true}]}}