{"id":9358,"date":"2023-09-26T08:02:59","date_gmt":"2023-09-26T06:02:59","guid":{"rendered":"https:\/\/www.entreculturas.org\/noticia\/trece-organizaciones-publican-una-carta-abierta-reclamando-que-los-derechos-humanos-esten\/"},"modified":"2024-02-14T15:17:31","modified_gmt":"2024-02-14T14:17:31","slug":"trece-organizaciones-publican-una-carta-abierta-reclamando-que-los-derechos-humanos-esten","status":"publish","type":"noticia","link":"https:\/\/www.entreculturas.org\/fr\/noticia\/trece-organizaciones-publican-una-carta-abierta-reclamando-que-los-derechos-humanos-esten\/","title":{"rendered":"Trece organizaciones publican una Carta Abierta reclamando que los derechos humanos est\u00e9n en el centro de las negociaciones del Pacto Europeo de Migraci\u00f3n y Asilo"},"content":{"rendered":"<p>&nbsp;<\/p>\n<p><span style=\"font-size:10px;\">Un hombre sostiene a un beb\u00e9 con un barco varado al fondo en la costa de Lampedusa (Italia) en septiembre de 2023. REUTERS\/Yara Nardi.<\/span><\/p>\n<ul>\n<li>El pr\u00f3ximo 28 de septiembre se reunir\u00e1 el Consejo de Justicia y Asuntos de Interior de la Uni\u00f3n Europea para abordar la reforma de la legislaci\u00f3n europea en materia de asilo.<\/li>\n<li><span style=\"white-space: normal;\">Desde la sociedad civil manifiestan su oposici\u00f3n a la actual propuesta de pacto e impulsan la campa\u00f1a #PactoConDerechos.<\/span><\/li>\n<li><span style=\"white-space: normal;\">Reclaman al Gobierno de Espa\u00f1a y a Eurodiputados que defiendan y promuevan activamente los derechos humanos en el Pacto.<\/span><\/li>\n<\/ul>\n<p>\u200bEl Pacto de Migraci\u00f3n y Asilo deber\u00eda ser una oportunidad para alcanzar un sistema de asilo justo y s\u00f3lido, pero ahora mismo incluye elementos muy preocupantes en materia de cumplimiento de los derechos humanos.<\/p>\n<p>Las trece organizaciones firmantes denuncian que las posiciones del Consejo empeoran la propuesta de la Comisi\u00f3n sobre el Pacto Europeo de Migraci\u00f3n y Asilo. Es importante que el Parlamento Europeo mantenga y refuerce su posici\u00f3n en las negociaciones para poner los derechos humanos en el centro as\u00ed como que el Estado espa\u00f1ol defienda y promueva activamente los derechos humanos en el Pacto.<\/p>\n<p>En los \u00faltimos a\u00f1os se han producido graves violaciones de derechos de migrantes y refugiadas en Europa como devoluciones colectivas, suspensi\u00f3n del derecho de asilo, detenciones arbitrarias y trato discriminatorio contra solicitantes de asilo, al mismo tiempo que aumentaba&nbsp; la criminalizaci\u00f3n de las actividades de salvamento y rescate por parte de organizaciones de la sociedad civil.&nbsp;<\/p>\n<p>Con este Pacto los procedimientos de detenci\u00f3n en frontera obligar\u00edan a las personas a permanecer en instalaciones en frontera, zonas de tr\u00e1nsito y otros lugares en el territorio del pa\u00eds, con ayuda reducida, y hasta periodos de cinco meses. Asimismo las personas especialmente vulnerables, incluyendo ni\u00f1os\/as y sus familiares, podr\u00edan no quedar exentas de la aplicaci\u00f3n de los procedimientos en frontera con menores garant\u00edas legales y recursos efectivos.<br \/>El Pacto de Migraci\u00f3n y Asilo debe impulsar un sistema permanente de solidaridad en la Uni\u00f3n Europea que incluya las siguientes medidas:<\/p>\n<ul>\n<li>Mecanismo de solidaridad con reubicaciones obligatorias.&nbsp;<\/li>\n<li>Condicionar la aprobaci\u00f3n del Reglamento de crisis a que no se incluyan derogaciones y excepciones a las normas de asilo europeas<\/li>\n<li>Rechazar el uso de la detenci\u00f3n con la finalidad de screening y los procedimientos de asilo y retorno en frontera.&nbsp;<\/li>\n<li>Mantener y reforzar los actuales criterios para determinaci\u00f3n de \u201cpa\u00eds seguro\u201d.&nbsp;<\/li>\n<li>Introducir garant\u00edas para el respeto del principio de no devoluci\u00f3n y salvaguardas en los procedimientos de asilo y retorno en frontera, incluyendo el rechazo a la ficci\u00f3n jur\u00eddica de \u201cno entrada\u201d.<\/li>\n<li>Promover la ampliaci\u00f3n de v\u00edas legales y seguras y asumir mayores compromisos en materia de reasentamiento.&nbsp;<\/li>\n<\/ul>\n<p><a href=\"https:\/\/drive.google.com\/file\/d\/1nchN6OE7SKh565GRi3GVAp1B_cgZdGAb\/view?usp=drive_link\">CARTA ABIERTA DE LAS ENTIDADES FIRMANTES A LAS AUTORIDADES ESPA\u00d1OLAS Y EUROPEAS<\/a><\/p>\n<p>Las organizaciones firmantes son:&nbsp;<\/p>\n<p>Alianza por la Solidaridad-ActionAid Spain<br \/>Amnist\u00eda Internacional<br \/>Andaluc\u00eda Acoge<br \/>Asociaci\u00f3n Rumi\u00f1ahui<br \/>Comisi\u00f3n Espa\u00f1ola de Ayuda al Refugiado (CEAR)<br \/>CONVIVE &#8211; Fundaci\u00f3n Cepaim<br \/>Fundaci\u00f3n Entreculturas<br \/>La Coordinadora de Organizaciones para el Desarrollo &#8211; Espa\u00f1a<br \/>M\u00e9dicos Sin Fronteras<br \/>Movimiento por la Paz -MPDL-<br \/>Oxfam Intermon<br \/>Red Acoge<br \/>Salud por Derecho<br \/>Save the Children<\/p>\n<p>&nbsp;<\/p>\n","protected":false},"excerpt":{"rendered":"<p>El Pacto de Migraci\u00f3n y Asilo deber\u00eda ser una oportunidad para alcanzar un sistema de asilo justo y s\u00f3lido, pero ahora mismo incluye elementos muy preocupantes en materia de cumplimiento de los derechos humanos. Las trece organizaciones firmantes denuncian que las posiciones del Consejo empeoran la propuesta de la Comisi\u00f3n sobre el Pacto Europeo de Migraci\u00f3n y Asilo. Es importante que el Parlamento Europeo mantenga y refuerce su posici\u00f3n en las negociaciones para poner los derechos humanos en el centro as\u00ed como que el Estado espa\u00f1ol defienda y promueva activamente los derechos humanos en el Pacto.<\/p>\n","protected":false},"featured_media":9359,"template":"single-noticia","meta":{"_acf_changed":false},"categories":[7,728],"tags":[10],"country":[120],"cause":[129],"class_list":["post-9358","noticia","type-noticia","status-publish","has-post-thumbnail","hentry","category-noticia","category-sin-categorizar","tag-migracion-y-refugio","country-espana","cause-migracion-y-refugio"],"acf":[],"yoast_head":"<!-- This site is optimized with the Yoast SEO Premium plugin v21.6 (Yoast SEO v27.5) - https:\/\/yoast.com\/product\/yoast-seo-premium-wordpress\/ -->\n<title>Trece organizaciones publican una Carta Abierta reclamando que los derechos humanos est\u00e9n en el centro de las negociaciones del Pacto Europeo de Migraci\u00f3n y Asilo - Entreculturas<\/title>\n<meta name=\"robots\" content=\"index, follow, max-snippet:-1, max-image-preview:large, max-video-preview:-1\" \/>\n<link rel=\"canonical\" href=\"https:\/\/www.entreculturas.org\/fr\/noticia\/trece-organizaciones-publican-una-carta-abierta-reclamando-que-los-derechos-humanos-esten\/\" \/>\n<meta property=\"og:locale\" content=\"fr_FR\" \/>\n<meta property=\"og:type\" content=\"article\" \/>\n<meta property=\"og:title\" content=\"Trece organizaciones publican una Carta Abierta reclamando que los derechos humanos est\u00e9n en el centro de las negociaciones del Pacto Europeo de Migraci\u00f3n y Asilo\" \/>\n<meta property=\"og:description\" content=\"El Pacto de Migraci\u00f3n y Asilo deber\u00eda ser una oportunidad para alcanzar un sistema de asilo justo y s\u00f3lido, pero ahora mismo incluye elementos muy preocupantes en materia de cumplimiento de los derechos humanos. Las trece organizaciones firmantes denuncian que las posiciones del Consejo empeoran la propuesta de la Comisi\u00f3n sobre el Pacto Europeo de Migraci\u00f3n y Asilo. Es importante que el Parlamento Europeo mantenga y refuerce su posici\u00f3n en las negociaciones para poner los derechos humanos en el centro as\u00ed como que el Estado espa\u00f1ol defienda y promueva activamente los derechos humanos en el Pacto.\" \/>\n<meta property=\"og:url\" content=\"https:\/\/www.entreculturas.org\/fr\/noticia\/trece-organizaciones-publican-una-carta-abierta-reclamando-que-los-derechos-humanos-esten\/\" \/>\n<meta property=\"og:site_name\" content=\"Entreculturas\" \/>\n<meta property=\"article:publisher\" content=\"https:\/\/www.facebook.com\/entreculturas\" \/>\n<meta property=\"article:modified_time\" content=\"2024-02-14T14:17:31+00:00\" \/>\n<meta property=\"og:image\" content=\"https:\/\/www.entreculturas.org\/wp-content\/uploads\/2023\/12\/csm_rtsnrc4i_2c9615f778_1.jpg\" \/>\n\t<meta property=\"og:image:width\" content=\"1471\" \/>\n\t<meta property=\"og:image:height\" content=\"960\" \/>\n\t<meta property=\"og:image:type\" content=\"image\/png\" \/>\n<meta name=\"twitter:card\" content=\"summary_large_image\" \/>\n<meta name=\"twitter:site\" content=\"@Entreculturas\" \/>\n<script type=\"application\/ld+json\" class=\"yoast-schema-graph\">{\"@context\":\"https:\\\/\\\/schema.org\",\"@graph\":[{\"@type\":\"WebPage\",\"@id\":\"https:\\\/\\\/www.entreculturas.org\\\/fr\\\/noticia\\\/trece-organizaciones-publican-una-carta-abierta-reclamando-que-los-derechos-humanos-esten\\\/\",\"url\":\"https:\\\/\\\/www.entreculturas.org\\\/fr\\\/noticia\\\/trece-organizaciones-publican-una-carta-abierta-reclamando-que-los-derechos-humanos-esten\\\/\",\"name\":\"Trece organizaciones publican una Carta Abierta reclamando que los derechos humanos est\u00e9n en el centro de las negociaciones del Pacto Europeo de Migraci\u00f3n y Asilo - Entreculturas\",\"isPartOf\":{\"@id\":\"https:\\\/\\\/www.entreculturas.org\\\/fr\\\/#website\"},\"primaryImageOfPage\":{\"@id\":\"https:\\\/\\\/www.entreculturas.org\\\/fr\\\/noticia\\\/trece-organizaciones-publican-una-carta-abierta-reclamando-que-los-derechos-humanos-esten\\\/#primaryimage\"},\"image\":{\"@id\":\"https:\\\/\\\/www.entreculturas.org\\\/fr\\\/noticia\\\/trece-organizaciones-publican-una-carta-abierta-reclamando-que-los-derechos-humanos-esten\\\/#primaryimage\"},\"thumbnailUrl\":\"https:\\\/\\\/www.entreculturas.org\\\/wp-content\\\/uploads\\\/2023\\\/12\\\/csm_rtsnrc4i_2c9615f778_1.jpg\",\"datePublished\":\"2023-09-26T06:02:59+00:00\",\"dateModified\":\"2024-02-14T14:17:31+00:00\",\"breadcrumb\":{\"@id\":\"https:\\\/\\\/www.entreculturas.org\\\/fr\\\/noticia\\\/trece-organizaciones-publican-una-carta-abierta-reclamando-que-los-derechos-humanos-esten\\\/#breadcrumb\"},\"inLanguage\":\"fr-FR\",\"potentialAction\":[{\"@type\":\"ReadAction\",\"target\":[\"https:\\\/\\\/www.entreculturas.org\\\/fr\\\/noticia\\\/trece-organizaciones-publican-una-carta-abierta-reclamando-que-los-derechos-humanos-esten\\\/\"]}]},{\"@type\":\"ImageObject\",\"inLanguage\":\"fr-FR\",\"@id\":\"https:\\\/\\\/www.entreculturas.org\\\/fr\\\/noticia\\\/trece-organizaciones-publican-una-carta-abierta-reclamando-que-los-derechos-humanos-esten\\\/#primaryimage\",\"url\":\"https:\\\/\\\/www.entreculturas.org\\\/wp-content\\\/uploads\\\/2023\\\/12\\\/csm_rtsnrc4i_2c9615f778_1.jpg\",\"contentUrl\":\"https:\\\/\\\/www.entreculturas.org\\\/wp-content\\\/uploads\\\/2023\\\/12\\\/csm_rtsnrc4i_2c9615f778_1.jpg\",\"width\":1471,\"height\":960,\"caption\":\"imagen persona migrante\"},{\"@type\":\"BreadcrumbList\",\"@id\":\"https:\\\/\\\/www.entreculturas.org\\\/fr\\\/noticia\\\/trece-organizaciones-publican-una-carta-abierta-reclamando-que-los-derechos-humanos-esten\\\/#breadcrumb\",\"itemListElement\":[{\"@type\":\"ListItem\",\"position\":1,\"name\":\"Home\",\"item\":\"https:\\\/\\\/www.entreculturas.org\\\/fr\\\/\"},{\"@type\":\"ListItem\",\"position\":2,\"name\":\"Noticias\",\"item\":\"https:\\\/\\\/www.entreculturas.org\\\/fr\\\/noticias\\\/\"},{\"@type\":\"ListItem\",\"position\":3,\"name\":\"Trece organizaciones publican una Carta Abierta reclamando que los derechos humanos est\u00e9n en el centro de las negociaciones del Pacto Europeo de Migraci\u00f3n y Asilo\"}]},{\"@type\":\"WebSite\",\"@id\":\"https:\\\/\\\/www.entreculturas.org\\\/fr\\\/#website\",\"url\":\"https:\\\/\\\/www.entreculturas.org\\\/fr\\\/\",\"name\":\"Entreculturas\",\"description\":\"\",\"publisher\":{\"@id\":\"https:\\\/\\\/www.entreculturas.org\\\/fr\\\/#organization\"},\"alternateName\":\"Entreculturas\",\"potentialAction\":[{\"@type\":\"SearchAction\",\"target\":{\"@type\":\"EntryPoint\",\"urlTemplate\":\"https:\\\/\\\/www.entreculturas.org\\\/fr\\\/?s={search_term_string}\"},\"query-input\":{\"@type\":\"PropertyValueSpecification\",\"valueRequired\":true,\"valueName\":\"search_term_string\"}}],\"inLanguage\":\"fr-FR\"},{\"@type\":\"Organization\",\"@id\":\"https:\\\/\\\/www.entreculturas.org\\\/fr\\\/#organization\",\"name\":\"Entreculturas\",\"url\":\"https:\\\/\\\/www.entreculturas.org\\\/fr\\\/\",\"logo\":{\"@type\":\"ImageObject\",\"inLanguage\":\"fr-FR\",\"@id\":\"https:\\\/\\\/www.entreculturas.org\\\/fr\\\/#\\\/schema\\\/logo\\\/image\\\/\",\"url\":\"https:\\\/\\\/www.entreculturas.org\\\/wp-content\\\/uploads\\\/2025\\\/10\\\/ESP.svg\",\"contentUrl\":\"https:\\\/\\\/www.entreculturas.org\\\/wp-content\\\/uploads\\\/2025\\\/10\\\/ESP.svg\",\"caption\":\"Entreculturas\"},\"image\":{\"@id\":\"https:\\\/\\\/www.entreculturas.org\\\/fr\\\/#\\\/schema\\\/logo\\\/image\\\/\"},\"sameAs\":[\"https:\\\/\\\/www.facebook.com\\\/entreculturas\",\"https:\\\/\\\/x.com\\\/Entreculturas\",\"https:\\\/\\\/www.instagram.com\\\/entreculturas\\\/\",\"https:\\\/\\\/www.youtube.com\\\/user\\\/entreculturasvideo\",\"https:\\\/\\\/www.linkedin.com\\\/company\\\/fundacion-entreculturas-ngdo\\\/\",\"https:\\\/\\\/www.flickr.com\\\/photos\\\/98455522@N04\\\/albums\\\/\"]}]}<\/script>\n<!-- \/ Yoast SEO Premium plugin. -->","yoast_head_json":{"title":"Trece organizaciones publican una Carta Abierta reclamando que los derechos humanos est\u00e9n en el centro de las negociaciones del Pacto Europeo de Migraci\u00f3n y Asilo - Entreculturas","robots":{"index":"index","follow":"follow","max-snippet":"max-snippet:-1","max-image-preview":"max-image-preview:large","max-video-preview":"max-video-preview:-1"},"canonical":"https:\/\/www.entreculturas.org\/fr\/noticia\/trece-organizaciones-publican-una-carta-abierta-reclamando-que-los-derechos-humanos-esten\/","og_locale":"fr_FR","og_type":"article","og_title":"Trece organizaciones publican una Carta Abierta reclamando que los derechos humanos est\u00e9n en el centro de las negociaciones del Pacto Europeo de Migraci\u00f3n y Asilo","og_description":"El Pacto de Migraci\u00f3n y Asilo deber\u00eda ser una oportunidad para alcanzar un sistema de asilo justo y s\u00f3lido, pero ahora mismo incluye elementos muy preocupantes en materia de cumplimiento de los derechos humanos. Las trece organizaciones firmantes denuncian que las posiciones del Consejo empeoran la propuesta de la Comisi\u00f3n sobre el Pacto Europeo de Migraci\u00f3n y Asilo. Es importante que el Parlamento Europeo mantenga y refuerce su posici\u00f3n en las negociaciones para poner los derechos humanos en el centro as\u00ed como que el Estado espa\u00f1ol defienda y promueva activamente los derechos humanos en el Pacto.","og_url":"https:\/\/www.entreculturas.org\/fr\/noticia\/trece-organizaciones-publican-una-carta-abierta-reclamando-que-los-derechos-humanos-esten\/","og_site_name":"Entreculturas","article_publisher":"https:\/\/www.facebook.com\/entreculturas","article_modified_time":"2024-02-14T14:17:31+00:00","og_image":[{"width":1471,"height":960,"url":"https:\/\/www.entreculturas.org\/wp-content\/uploads\/2023\/12\/csm_rtsnrc4i_2c9615f778_1.jpg","type":"image\/png"}],"twitter_card":"summary_large_image","twitter_site":"@Entreculturas","schema":{"@context":"https:\/\/schema.org","@graph":[{"@type":"WebPage","@id":"https:\/\/www.entreculturas.org\/fr\/noticia\/trece-organizaciones-publican-una-carta-abierta-reclamando-que-los-derechos-humanos-esten\/","url":"https:\/\/www.entreculturas.org\/fr\/noticia\/trece-organizaciones-publican-una-carta-abierta-reclamando-que-los-derechos-humanos-esten\/","name":"Trece organizaciones publican una Carta Abierta reclamando que los derechos humanos est\u00e9n en el centro de las negociaciones del Pacto Europeo de Migraci\u00f3n y Asilo - Entreculturas","isPartOf":{"@id":"https:\/\/www.entreculturas.org\/fr\/#website"},"primaryImageOfPage":{"@id":"https:\/\/www.entreculturas.org\/fr\/noticia\/trece-organizaciones-publican-una-carta-abierta-reclamando-que-los-derechos-humanos-esten\/#primaryimage"},"image":{"@id":"https:\/\/www.entreculturas.org\/fr\/noticia\/trece-organizaciones-publican-una-carta-abierta-reclamando-que-los-derechos-humanos-esten\/#primaryimage"},"thumbnailUrl":"https:\/\/www.entreculturas.org\/wp-content\/uploads\/2023\/12\/csm_rtsnrc4i_2c9615f778_1.jpg","datePublished":"2023-09-26T06:02:59+00:00","dateModified":"2024-02-14T14:17:31+00:00","breadcrumb":{"@id":"https:\/\/www.entreculturas.org\/fr\/noticia\/trece-organizaciones-publican-una-carta-abierta-reclamando-que-los-derechos-humanos-esten\/#breadcrumb"},"inLanguage":"fr-FR","potentialAction":[{"@type":"ReadAction","target":["https:\/\/www.entreculturas.org\/fr\/noticia\/trece-organizaciones-publican-una-carta-abierta-reclamando-que-los-derechos-humanos-esten\/"]}]},{"@type":"ImageObject","inLanguage":"fr-FR","@id":"https:\/\/www.entreculturas.org\/fr\/noticia\/trece-organizaciones-publican-una-carta-abierta-reclamando-que-los-derechos-humanos-esten\/#primaryimage","url":"https:\/\/www.entreculturas.org\/wp-content\/uploads\/2023\/12\/csm_rtsnrc4i_2c9615f778_1.jpg","contentUrl":"https:\/\/www.entreculturas.org\/wp-content\/uploads\/2023\/12\/csm_rtsnrc4i_2c9615f778_1.jpg","width":1471,"height":960,"caption":"imagen persona migrante"},{"@type":"BreadcrumbList","@id":"https:\/\/www.entreculturas.org\/fr\/noticia\/trece-organizaciones-publican-una-carta-abierta-reclamando-que-los-derechos-humanos-esten\/#breadcrumb","itemListElement":[{"@type":"ListItem","position":1,"name":"Home","item":"https:\/\/www.entreculturas.org\/fr\/"},{"@type":"ListItem","position":2,"name":"Noticias","item":"https:\/\/www.entreculturas.org\/fr\/noticias\/"},{"@type":"ListItem","position":3,"name":"Trece organizaciones publican una Carta Abierta reclamando que los derechos humanos est\u00e9n en el centro de las negociaciones del Pacto Europeo de Migraci\u00f3n y Asilo"}]},{"@type":"WebSite","@id":"https:\/\/www.entreculturas.org\/fr\/#website","url":"https:\/\/www.entreculturas.org\/fr\/","name":"Entreculturas","description":"","publisher":{"@id":"https:\/\/www.entreculturas.org\/fr\/#organization"},"alternateName":"Entreculturas","potentialAction":[{"@type":"SearchAction","target":{"@type":"EntryPoint","urlTemplate":"https:\/\/www.entreculturas.org\/fr\/?s={search_term_string}"},"query-input":{"@type":"PropertyValueSpecification","valueRequired":true,"valueName":"search_term_string"}}],"inLanguage":"fr-FR"},{"@type":"Organization","@id":"https:\/\/www.entreculturas.org\/fr\/#organization","name":"Entreculturas","url":"https:\/\/www.entreculturas.org\/fr\/","logo":{"@type":"ImageObject","inLanguage":"fr-FR","@id":"https:\/\/www.entreculturas.org\/fr\/#\/schema\/logo\/image\/","url":"https:\/\/www.entreculturas.org\/wp-content\/uploads\/2025\/10\/ESP.svg","contentUrl":"https:\/\/www.entreculturas.org\/wp-content\/uploads\/2025\/10\/ESP.svg","caption":"Entreculturas"},"image":{"@id":"https:\/\/www.entreculturas.org\/fr\/#\/schema\/logo\/image\/"},"sameAs":["https:\/\/www.facebook.com\/entreculturas","https:\/\/x.com\/Entreculturas","https:\/\/www.instagram.com\/entreculturas\/","https:\/\/www.youtube.com\/user\/entreculturasvideo","https:\/\/www.linkedin.com\/company\/fundacion-entreculturas-ngdo\/","https:\/\/www.flickr.com\/photos\/98455522@N04\/albums\/"]}]}},"_links":{"self":[{"href":"https:\/\/www.entreculturas.org\/fr\/wp-json\/wp\/v2\/noticia\/9358","targetHints":{"allow":["GET"]}}],"collection":[{"href":"https:\/\/www.entreculturas.org\/fr\/wp-json\/wp\/v2\/noticia"}],"about":[{"href":"https:\/\/www.entreculturas.org\/fr\/wp-json\/wp\/v2\/types\/noticia"}],"wp:featuredmedia":[{"embeddable":true,"href":"https:\/\/www.entreculturas.org\/fr\/wp-json\/wp\/v2\/media\/9359"}],"wp:attachment":[{"href":"https:\/\/www.entreculturas.org\/fr\/wp-json\/wp\/v2\/media?parent=9358"}],"wp:term":[{"taxonomy":"category","embeddable":true,"href":"https:\/\/www.entreculturas.org\/fr\/wp-json\/wp\/v2\/categories?post=9358"},{"taxonomy":"post_tag","embeddable":true,"href":"https:\/\/www.entreculturas.org\/fr\/wp-json\/wp\/v2\/tags?post=9358"},{"taxonomy":"country","embeddable":true,"href":"https:\/\/www.entreculturas.org\/fr\/wp-json\/wp\/v2\/country?post=9358"},{"taxonomy":"cause","embeddable":true,"href":"https:\/\/www.entreculturas.org\/fr\/wp-json\/wp\/v2\/cause?post=9358"}],"curies":[{"name":"wp","href":"https:\/\/api.w.org\/{rel}","templated":true}]}}