{"id":7067,"date":"2023-07-21T11:02:32","date_gmt":"2023-07-21T11:02:32","guid":{"rendered":"https:\/\/entreculturasi.wpenginepowered.com\/?noticias=nuevo-curso-de-entreculturas-y-accenture-hacia-un-mundo-digital-y-sostenible"},"modified":"2024-02-14T15:37:04","modified_gmt":"2024-02-14T14:37:04","slug":"nuevo-curso-de-entreculturas-y-accenture-hacia-un-mundo-digital-y-sostenible","status":"publish","type":"noticia","link":"https:\/\/www.entreculturas.org\/fr\/noticia\/nuevo-curso-de-entreculturas-y-accenture-hacia-un-mundo-digital-y-sostenible\/","title":{"rendered":"Nuevo curso de Entreculturas y Accenture: Hacia un mundo digital y sostenible"},"content":{"rendered":"<p>Durante m\u00e1s de 15 a\u00f1os <strong>Entreculturas y Accenture<\/strong> hemos trabajado conjuntamente en<strong> programas <\/strong>orientados a la <strong>mejora tecnol\u00f3gica de centros educativos de Fe y Alegr\u00eda<\/strong>, as\u00ed como en programas formativos para mejorar las oportunidades de inserci\u00f3n laboral de estudiantes de <strong>Latinoam\u00e9rica y Espa\u00f1a.<\/strong> Gracias a la experiencia de <strong>Accenture<\/strong> hemos mejorado las competencias para la empleabilidad\u200b de estos j\u00f3venes en contextos de exclusi\u00f3n, con un importante foco en las habilidades digitales, que son claves en el mundo del trabajo en la actualidad.&nbsp;<\/p>\n<p>A trav\u00e9s del programa<strong>\u00b4Hacia un mundo digital y sostenible<\/strong>\u00b4, que actualmente llevamos a cabo, estamos dando un paso m\u00e1s incorporando el <strong>enfoque de sostenibilidad<\/strong> mediante&nbsp;la promoci\u00f3n de los empleos verdes o las acciones para la protecci\u00f3n del medio ambiente espec\u00edficamente. Adem\u00e1s, hemos dise\u00f1ado conjuntamente un <strong>curso<\/strong> que se incorpora al cat\u00e1logo formativo que se ofrece a j\u00f3venes de los 19 pa\u00edses que est\u00e1n participando en el programa, con un foco espec\u00edfico en el <strong>desarrollo de la competencia eco-laboral<\/strong>.<\/p>\n<p>El curso, llamado \u00b4<strong>Ser Sostenible\u00b4<\/strong>, facilita el empoderamiento de una ciudadan\u00eda productiva y responsable ambientalmente, entendiendo las relaciones y procesos que se dan en el mundo laboral y las consecuencias de nuestro comportamiento a corto, medio y largo plazo. A la vez fomenta una <strong>actitud proactiva<\/strong> que promueve, participa y reclama acciones en defensa de la vida y el cuidado de la casa com\u00fan. En definitiva,\u200b se promueven nuevas formas de comportamiento que permitan reducir el impacto de las acciones que se desarrollan sobre el medio ambiente a partir de pr\u00e1cticas laborales alternativas que contribuyan a la construcci\u00f3n de una sociedad cada vez m\u00e1s justa, inclusiva y sostenible.\u200b Y es que desde la mirada del mundo del trabajo, todos los sectores por lo general, necesitan ciertos niveles de competencia sobre el <strong>cuidado del medio ambiente<\/strong> en su fuerza de trabajo, en particular las competencias relativas al manejo de recursos, la eficiencia energ\u00e9tica, el cumplimiento de la legislaci\u00f3n medioambiental y a la reducci\u00f3n de la contaminaci\u00f3n y los residuos.<\/p>\n<p>El primer paso para la implementaci\u00f3n de este curso ha sido la <strong>formaci\u00f3n a los docentes<\/strong>, para que puedan posteriormente acompa\u00f1ar al alumnado. En esta primera formaci\u00f3n participaron m\u00e1s\u200b de <strong>200 \u200beducadores\/as de 13 pa\u00edses<\/strong> donde est\u00e1 presente<strong> Fe y Alegr\u00eda<\/strong>. El cierre oficial del curso a docentes se realiz\u00f3 con un seminario especial, donde tras el marco te\u00f3rico presentado por <strong>Y\u00e9nifer L\u00f3pez y Jos\u00e9 Manuel Moreno de Entreculturas\u200b<\/strong>, se realiz\u00f3 un foro conversatorio en el que <strong>docentes de Venezuela y de Argentina<\/strong> relataron sus experiencias en la realizaci\u00f3n de este curso. Result\u00f3 relevante la experiencia compartida por V\u00edctor Guti\u00e9rrez, \u200bprofesor de educaci\u00f3n t\u00e9cnica de este \u00faltimo pa\u00eds, describiendo c\u00f3mo desde las instancias p\u00fablicas educativas se han puesto en contacto con Fe y Alegr\u00eda para interesarse por el curso, que supone un paso hacia delante en la promoci\u00f3n de la sostenibilidad en el mundo educativo.<\/p>\n<p>Esto muestra c\u00f3mo gracias a una <strong>alianza entre Entreculturas, Fe y Alegr\u00eda y Accenture <\/strong>podemos ser punta de lanza en muchos contextos para impulsar nuevos enfoques hacia la<strong> construcci\u00f3n de un mundo m\u00e1s sostenible.<\/strong><\/p>\n","protected":false},"excerpt":{"rendered":"<p>Durante m\u00e1s de 15 a\u00f1os Entreculturas y Accenture hemos trabajado conjuntamente en programas orientados a la mejora tecnol\u00f3gica de centros educativos de Fe y Alegr\u00eda, as\u00ed como en programas formativos para mejorar las oportunidades de inserci\u00f3n laboral de estudiantes de Latinoam\u00e9rica y Espa\u00f1a. Gracias a la experiencia de Accenture hemos mejorado las competencias para la empleabilidad\u200b de estos j\u00f3venes en contextos de exclusi\u00f3n, con un importante foco en las habilidades digitales, que son claves en el mundo del trabajo en la actualidad.<\/p>\n","protected":false},"featured_media":7066,"template":"single-noticia","meta":{"_acf_changed":false},"categories":[7],"tags":[196],"country":[120],"cause":[131],"class_list":["post-7067","noticia","type-noticia","status-publish","has-post-thumbnail","hentry","category-noticia","tag-rsc","country-espana","cause-justicia-medioambiental"],"acf":[],"yoast_head":"<!-- This site is optimized with the Yoast SEO Premium plugin v21.6 (Yoast SEO v27.5) - https:\/\/yoast.com\/product\/yoast-seo-premium-wordpress\/ -->\n<title>Nuevo curso de Entreculturas y Accenture: Hacia un mundo digital y sostenible - Entreculturas<\/title>\n<meta name=\"robots\" content=\"index, follow, max-snippet:-1, max-image-preview:large, max-video-preview:-1\" \/>\n<link rel=\"canonical\" href=\"https:\/\/www.entreculturas.org\/fr\/noticia\/nuevo-curso-de-entreculturas-y-accenture-hacia-un-mundo-digital-y-sostenible\/\" \/>\n<meta property=\"og:locale\" content=\"fr_FR\" \/>\n<meta property=\"og:type\" content=\"article\" \/>\n<meta property=\"og:title\" content=\"Nuevo curso de Entreculturas y Accenture: Hacia un mundo digital y sostenible\" \/>\n<meta property=\"og:description\" content=\"Durante m\u00e1s de 15 a\u00f1os Entreculturas y Accenture hemos trabajado conjuntamente en programas orientados a la mejora tecnol\u00f3gica de centros educativos de Fe y Alegr\u00eda, as\u00ed como en programas formativos para mejorar las oportunidades de inserci\u00f3n laboral de estudiantes de Latinoam\u00e9rica y Espa\u00f1a. Gracias a la experiencia de Accenture hemos mejorado las competencias para la empleabilidad\u200b de estos j\u00f3venes en contextos de exclusi\u00f3n, con un importante foco en las habilidades digitales, que son claves en el mundo del trabajo en la actualidad.\" \/>\n<meta property=\"og:url\" content=\"https:\/\/www.entreculturas.org\/fr\/noticia\/nuevo-curso-de-entreculturas-y-accenture-hacia-un-mundo-digital-y-sostenible\/\" \/>\n<meta property=\"og:site_name\" content=\"Entreculturas\" \/>\n<meta property=\"article:publisher\" content=\"https:\/\/www.facebook.com\/entreculturas\" \/>\n<meta property=\"article:modified_time\" content=\"2024-02-14T14:37:04+00:00\" \/>\n<meta property=\"og:image\" content=\"https:\/\/www.entreculturas.org\/wp-content\/uploads\/2023\/07\/nuevo_curso_de_entreculturas_y_accenture.png\" \/>\n\t<meta property=\"og:image:width\" content=\"394\" \/>\n\t<meta property=\"og:image:height\" content=\"493\" \/>\n\t<meta property=\"og:image:type\" content=\"image\/png\" \/>\n<meta name=\"twitter:card\" content=\"summary_large_image\" \/>\n<meta name=\"twitter:site\" content=\"@Entreculturas\" \/>\n<script type=\"application\/ld+json\" class=\"yoast-schema-graph\">{\"@context\":\"https:\\\/\\\/schema.org\",\"@graph\":[{\"@type\":\"WebPage\",\"@id\":\"https:\\\/\\\/www.entreculturas.org\\\/fr\\\/noticia\\\/nuevo-curso-de-entreculturas-y-accenture-hacia-un-mundo-digital-y-sostenible\\\/\",\"url\":\"https:\\\/\\\/www.entreculturas.org\\\/fr\\\/noticia\\\/nuevo-curso-de-entreculturas-y-accenture-hacia-un-mundo-digital-y-sostenible\\\/\",\"name\":\"Nuevo curso de Entreculturas y Accenture: Hacia un mundo digital y sostenible - Entreculturas\",\"isPartOf\":{\"@id\":\"https:\\\/\\\/www.entreculturas.org\\\/fr\\\/#website\"},\"primaryImageOfPage\":{\"@id\":\"https:\\\/\\\/www.entreculturas.org\\\/fr\\\/noticia\\\/nuevo-curso-de-entreculturas-y-accenture-hacia-un-mundo-digital-y-sostenible\\\/#primaryimage\"},\"image\":{\"@id\":\"https:\\\/\\\/www.entreculturas.org\\\/fr\\\/noticia\\\/nuevo-curso-de-entreculturas-y-accenture-hacia-un-mundo-digital-y-sostenible\\\/#primaryimage\"},\"thumbnailUrl\":\"https:\\\/\\\/www.entreculturas.org\\\/wp-content\\\/uploads\\\/2023\\\/07\\\/nuevo_curso_de_entreculturas_y_accenture.png\",\"datePublished\":\"2023-07-21T11:02:32+00:00\",\"dateModified\":\"2024-02-14T14:37:04+00:00\",\"breadcrumb\":{\"@id\":\"https:\\\/\\\/www.entreculturas.org\\\/fr\\\/noticia\\\/nuevo-curso-de-entreculturas-y-accenture-hacia-un-mundo-digital-y-sostenible\\\/#breadcrumb\"},\"inLanguage\":\"fr-FR\",\"potentialAction\":[{\"@type\":\"ReadAction\",\"target\":[\"https:\\\/\\\/www.entreculturas.org\\\/fr\\\/noticia\\\/nuevo-curso-de-entreculturas-y-accenture-hacia-un-mundo-digital-y-sostenible\\\/\"]}]},{\"@type\":\"ImageObject\",\"inLanguage\":\"fr-FR\",\"@id\":\"https:\\\/\\\/www.entreculturas.org\\\/fr\\\/noticia\\\/nuevo-curso-de-entreculturas-y-accenture-hacia-un-mundo-digital-y-sostenible\\\/#primaryimage\",\"url\":\"https:\\\/\\\/www.entreculturas.org\\\/wp-content\\\/uploads\\\/2023\\\/07\\\/nuevo_curso_de_entreculturas_y_accenture.png\",\"contentUrl\":\"https:\\\/\\\/www.entreculturas.org\\\/wp-content\\\/uploads\\\/2023\\\/07\\\/nuevo_curso_de_entreculturas_y_accenture.png\",\"width\":394,\"height\":493},{\"@type\":\"BreadcrumbList\",\"@id\":\"https:\\\/\\\/www.entreculturas.org\\\/fr\\\/noticia\\\/nuevo-curso-de-entreculturas-y-accenture-hacia-un-mundo-digital-y-sostenible\\\/#breadcrumb\",\"itemListElement\":[{\"@type\":\"ListItem\",\"position\":1,\"name\":\"Home\",\"item\":\"https:\\\/\\\/www.entreculturas.org\\\/fr\\\/\"},{\"@type\":\"ListItem\",\"position\":2,\"name\":\"Noticias\",\"item\":\"https:\\\/\\\/www.entreculturas.org\\\/fr\\\/noticias\\\/\"},{\"@type\":\"ListItem\",\"position\":3,\"name\":\"Nuevo curso de Entreculturas y Accenture: Hacia un mundo digital y sostenible\"}]},{\"@type\":\"WebSite\",\"@id\":\"https:\\\/\\\/www.entreculturas.org\\\/fr\\\/#website\",\"url\":\"https:\\\/\\\/www.entreculturas.org\\\/fr\\\/\",\"name\":\"Entreculturas\",\"description\":\"\",\"publisher\":{\"@id\":\"https:\\\/\\\/www.entreculturas.org\\\/fr\\\/#organization\"},\"alternateName\":\"Entreculturas\",\"potentialAction\":[{\"@type\":\"SearchAction\",\"target\":{\"@type\":\"EntryPoint\",\"urlTemplate\":\"https:\\\/\\\/www.entreculturas.org\\\/fr\\\/?s={search_term_string}\"},\"query-input\":{\"@type\":\"PropertyValueSpecification\",\"valueRequired\":true,\"valueName\":\"search_term_string\"}}],\"inLanguage\":\"fr-FR\"},{\"@type\":\"Organization\",\"@id\":\"https:\\\/\\\/www.entreculturas.org\\\/fr\\\/#organization\",\"name\":\"Entreculturas\",\"url\":\"https:\\\/\\\/www.entreculturas.org\\\/fr\\\/\",\"logo\":{\"@type\":\"ImageObject\",\"inLanguage\":\"fr-FR\",\"@id\":\"https:\\\/\\\/www.entreculturas.org\\\/fr\\\/#\\\/schema\\\/logo\\\/image\\\/\",\"url\":\"https:\\\/\\\/www.entreculturas.org\\\/wp-content\\\/uploads\\\/2025\\\/10\\\/ESP.svg\",\"contentUrl\":\"https:\\\/\\\/www.entreculturas.org\\\/wp-content\\\/uploads\\\/2025\\\/10\\\/ESP.svg\",\"caption\":\"Entreculturas\"},\"image\":{\"@id\":\"https:\\\/\\\/www.entreculturas.org\\\/fr\\\/#\\\/schema\\\/logo\\\/image\\\/\"},\"sameAs\":[\"https:\\\/\\\/www.facebook.com\\\/entreculturas\",\"https:\\\/\\\/x.com\\\/Entreculturas\",\"https:\\\/\\\/www.instagram.com\\\/entreculturas\\\/\",\"https:\\\/\\\/www.youtube.com\\\/user\\\/entreculturasvideo\",\"https:\\\/\\\/www.linkedin.com\\\/company\\\/fundacion-entreculturas-ngdo\\\/\",\"https:\\\/\\\/www.flickr.com\\\/photos\\\/98455522@N04\\\/albums\\\/\"]}]}<\/script>\n<!-- \/ Yoast SEO Premium plugin. -->","yoast_head_json":{"title":"Nuevo curso de Entreculturas y Accenture: Hacia un mundo digital y sostenible - Entreculturas","robots":{"index":"index","follow":"follow","max-snippet":"max-snippet:-1","max-image-preview":"max-image-preview:large","max-video-preview":"max-video-preview:-1"},"canonical":"https:\/\/www.entreculturas.org\/fr\/noticia\/nuevo-curso-de-entreculturas-y-accenture-hacia-un-mundo-digital-y-sostenible\/","og_locale":"fr_FR","og_type":"article","og_title":"Nuevo curso de Entreculturas y Accenture: Hacia un mundo digital y sostenible","og_description":"Durante m\u00e1s de 15 a\u00f1os Entreculturas y Accenture hemos trabajado conjuntamente en programas orientados a la mejora tecnol\u00f3gica de centros educativos de Fe y Alegr\u00eda, as\u00ed como en programas formativos para mejorar las oportunidades de inserci\u00f3n laboral de estudiantes de Latinoam\u00e9rica y Espa\u00f1a. Gracias a la experiencia de Accenture hemos mejorado las competencias para la empleabilidad\u200b de estos j\u00f3venes en contextos de exclusi\u00f3n, con un importante foco en las habilidades digitales, que son claves en el mundo del trabajo en la actualidad.","og_url":"https:\/\/www.entreculturas.org\/fr\/noticia\/nuevo-curso-de-entreculturas-y-accenture-hacia-un-mundo-digital-y-sostenible\/","og_site_name":"Entreculturas","article_publisher":"https:\/\/www.facebook.com\/entreculturas","article_modified_time":"2024-02-14T14:37:04+00:00","og_image":[{"width":394,"height":493,"url":"https:\/\/www.entreculturas.org\/wp-content\/uploads\/2023\/07\/nuevo_curso_de_entreculturas_y_accenture.png","type":"image\/png"}],"twitter_card":"summary_large_image","twitter_site":"@Entreculturas","schema":{"@context":"https:\/\/schema.org","@graph":[{"@type":"WebPage","@id":"https:\/\/www.entreculturas.org\/fr\/noticia\/nuevo-curso-de-entreculturas-y-accenture-hacia-un-mundo-digital-y-sostenible\/","url":"https:\/\/www.entreculturas.org\/fr\/noticia\/nuevo-curso-de-entreculturas-y-accenture-hacia-un-mundo-digital-y-sostenible\/","name":"Nuevo curso de Entreculturas y Accenture: Hacia un mundo digital y sostenible - Entreculturas","isPartOf":{"@id":"https:\/\/www.entreculturas.org\/fr\/#website"},"primaryImageOfPage":{"@id":"https:\/\/www.entreculturas.org\/fr\/noticia\/nuevo-curso-de-entreculturas-y-accenture-hacia-un-mundo-digital-y-sostenible\/#primaryimage"},"image":{"@id":"https:\/\/www.entreculturas.org\/fr\/noticia\/nuevo-curso-de-entreculturas-y-accenture-hacia-un-mundo-digital-y-sostenible\/#primaryimage"},"thumbnailUrl":"https:\/\/www.entreculturas.org\/wp-content\/uploads\/2023\/07\/nuevo_curso_de_entreculturas_y_accenture.png","datePublished":"2023-07-21T11:02:32+00:00","dateModified":"2024-02-14T14:37:04+00:00","breadcrumb":{"@id":"https:\/\/www.entreculturas.org\/fr\/noticia\/nuevo-curso-de-entreculturas-y-accenture-hacia-un-mundo-digital-y-sostenible\/#breadcrumb"},"inLanguage":"fr-FR","potentialAction":[{"@type":"ReadAction","target":["https:\/\/www.entreculturas.org\/fr\/noticia\/nuevo-curso-de-entreculturas-y-accenture-hacia-un-mundo-digital-y-sostenible\/"]}]},{"@type":"ImageObject","inLanguage":"fr-FR","@id":"https:\/\/www.entreculturas.org\/fr\/noticia\/nuevo-curso-de-entreculturas-y-accenture-hacia-un-mundo-digital-y-sostenible\/#primaryimage","url":"https:\/\/www.entreculturas.org\/wp-content\/uploads\/2023\/07\/nuevo_curso_de_entreculturas_y_accenture.png","contentUrl":"https:\/\/www.entreculturas.org\/wp-content\/uploads\/2023\/07\/nuevo_curso_de_entreculturas_y_accenture.png","width":394,"height":493},{"@type":"BreadcrumbList","@id":"https:\/\/www.entreculturas.org\/fr\/noticia\/nuevo-curso-de-entreculturas-y-accenture-hacia-un-mundo-digital-y-sostenible\/#breadcrumb","itemListElement":[{"@type":"ListItem","position":1,"name":"Home","item":"https:\/\/www.entreculturas.org\/fr\/"},{"@type":"ListItem","position":2,"name":"Noticias","item":"https:\/\/www.entreculturas.org\/fr\/noticias\/"},{"@type":"ListItem","position":3,"name":"Nuevo curso de Entreculturas y Accenture: Hacia un mundo digital y sostenible"}]},{"@type":"WebSite","@id":"https:\/\/www.entreculturas.org\/fr\/#website","url":"https:\/\/www.entreculturas.org\/fr\/","name":"Entreculturas","description":"","publisher":{"@id":"https:\/\/www.entreculturas.org\/fr\/#organization"},"alternateName":"Entreculturas","potentialAction":[{"@type":"SearchAction","target":{"@type":"EntryPoint","urlTemplate":"https:\/\/www.entreculturas.org\/fr\/?s={search_term_string}"},"query-input":{"@type":"PropertyValueSpecification","valueRequired":true,"valueName":"search_term_string"}}],"inLanguage":"fr-FR"},{"@type":"Organization","@id":"https:\/\/www.entreculturas.org\/fr\/#organization","name":"Entreculturas","url":"https:\/\/www.entreculturas.org\/fr\/","logo":{"@type":"ImageObject","inLanguage":"fr-FR","@id":"https:\/\/www.entreculturas.org\/fr\/#\/schema\/logo\/image\/","url":"https:\/\/www.entreculturas.org\/wp-content\/uploads\/2025\/10\/ESP.svg","contentUrl":"https:\/\/www.entreculturas.org\/wp-content\/uploads\/2025\/10\/ESP.svg","caption":"Entreculturas"},"image":{"@id":"https:\/\/www.entreculturas.org\/fr\/#\/schema\/logo\/image\/"},"sameAs":["https:\/\/www.facebook.com\/entreculturas","https:\/\/x.com\/Entreculturas","https:\/\/www.instagram.com\/entreculturas\/","https:\/\/www.youtube.com\/user\/entreculturasvideo","https:\/\/www.linkedin.com\/company\/fundacion-entreculturas-ngdo\/","https:\/\/www.flickr.com\/photos\/98455522@N04\/albums\/"]}]}},"_links":{"self":[{"href":"https:\/\/www.entreculturas.org\/fr\/wp-json\/wp\/v2\/noticia\/7067","targetHints":{"allow":["GET"]}}],"collection":[{"href":"https:\/\/www.entreculturas.org\/fr\/wp-json\/wp\/v2\/noticia"}],"about":[{"href":"https:\/\/www.entreculturas.org\/fr\/wp-json\/wp\/v2\/types\/noticia"}],"wp:featuredmedia":[{"embeddable":true,"href":"https:\/\/www.entreculturas.org\/fr\/wp-json\/wp\/v2\/media\/7066"}],"wp:attachment":[{"href":"https:\/\/www.entreculturas.org\/fr\/wp-json\/wp\/v2\/media?parent=7067"}],"wp:term":[{"taxonomy":"category","embeddable":true,"href":"https:\/\/www.entreculturas.org\/fr\/wp-json\/wp\/v2\/categories?post=7067"},{"taxonomy":"post_tag","embeddable":true,"href":"https:\/\/www.entreculturas.org\/fr\/wp-json\/wp\/v2\/tags?post=7067"},{"taxonomy":"country","embeddable":true,"href":"https:\/\/www.entreculturas.org\/fr\/wp-json\/wp\/v2\/country?post=7067"},{"taxonomy":"cause","embeddable":true,"href":"https:\/\/www.entreculturas.org\/fr\/wp-json\/wp\/v2\/cause?post=7067"}],"curies":[{"name":"wp","href":"https:\/\/api.w.org\/{rel}","templated":true}]}}