{"id":6978,"date":"2023-05-31T11:19:19","date_gmt":"2023-05-31T11:19:19","guid":{"rendered":"https:\/\/entreculturasi.wpenginepowered.com\/?noticias=participar-en-este-proyecto-me-hace-sentir-mas-cerca-de-lograr-mis-metas-y-mis-suenos"},"modified":"2024-07-29T13:27:54","modified_gmt":"2024-07-29T11:27:54","slug":"participar-en-este-proyecto-me-hace-sentir-mas-cerca-de-lograr-mis-metas-y-mis-suenos","status":"publish","type":"noticia","link":"https:\/\/www.entreculturas.org\/fr\/noticia\/participar-en-este-proyecto-me-hace-sentir-mas-cerca-de-lograr-mis-metas-y-mis-suenos\/","title":{"rendered":"\u201cParticipar en este proyecto me hace sentir m\u00e1s cerca de lograr mis metas y mis sue\u00f1os\u201d"},"content":{"rendered":"\n<p>Entreculturas y Fe y Alegr\u00eda seguimos llevando a cabo junto a Santillana nuestro programa <strong>#VoyaSer: una iniciativa que ofrece herramientas e impulsa a las ni\u00f1as en situaci\u00f3n de vulnerabilidad en Guatemala y en Per\u00fa<\/strong>, para que puedan completar su educaci\u00f3n secundaria y tengan mayores oportunidades de futuro.<\/p>\n\n\n\n<p>En la primera edici\u00f3n, brindamos apoyo a m\u00e1s de <strong>50 estudiantes ind\u00edgenas y a 56 docentes<\/strong>. Esta vez esperamos que se vean beneficiadas por este proyecto <strong>24 ni\u00f1as y 29 docentes en Guatemala, y 32 ni\u00f1as y 14 docentes en Per\u00fa.&nbsp;<\/strong><\/p>\n\n\n\n<p>En el seguimiento personalizado que realizamos durante el curso, las estudiantes no dejan de afirmar que est\u00e1n motivadas para seguir estudiando. Como explica Julio P\u00e9rez, responsable de desarrollo institucional de Fe y Alegr\u00eda en Guatemala, se trata de un gran logro, ya que <strong>en poblaciones rurales, de 10 ni\u00f1as que empiezan primaria, solo una llega a completarla<\/strong>. \u201cSe consideran a s\u00ed mismas personas sin derechos; al llegar al programa no se sienten capaces de tocar una computadora o un libro\u201d, se\u00f1ala Julio. \u201cEs en el momento en el que #VoyaSer les da una oportunidad, cuando caen en conciencia de que <strong>tienen derechos<\/strong>\u201d.<\/p>\n\n\n\n<p>El programa acompa\u00f1a a las ni\u00f1as en riesgo de exclusi\u00f3n atendiendo a sus necesidades principales mediante <strong>ayuda educativa<\/strong>, entregando material escolar y recursos digitales para cubrir gastos; <strong>ayuda social<\/strong>, impartiendo un curso de competencias digitales y otro de apoyo emocional; <strong>ayuda tecnol\u00f3gica<\/strong>, comprometi\u00e9ndonos a llevar la conectividad a los centros de Guatemala y Per\u00fa; y<strong> ayuda econ\u00f3mica<\/strong>, ofreciendo becas para completar la secundaria.<\/p>\n\n\n\n<p>\u201cMe siento muy agradecida por la oportunidad que me han brindado, ya que no todas las ni\u00f1as tienen el privilegio de contar con un apoyo tan valioso en momentos dif\u00edciles\u201d nos cuenta Juliana, una de las alumnas participantes del programa. \u201cEste programa ha significado una<strong> gran motivaci\u00f3n para seguir estudiando y sentirme as\u00ed m\u00e1s cerca de lograr mis metas y mis sue\u00f1os<\/strong>\u201d<\/p>\n\n\n\n<p>Nuestros principales objetivos con el programa #VoyaSer son hacer frente a: <strong>la brecha digital que hay en Latinoam\u00e9rica<\/strong>, ya que la educaci\u00f3n online impuesta por la pandemia dej\u00f3 en evidencia el enorme problema de digitalizaci\u00f3n que hay en la zona; <strong>el abandono escolar<\/strong> que sufren muchos contextos de pa\u00edses de la regi\u00f3n; y la <strong>desigualdad de g\u00e9nero<\/strong>, dado que las ni\u00f1as muchas veces son relegadas a las tareas del hogar o al cuidado de menores, abandonando as\u00ed su educaci\u00f3n.&nbsp;<\/p>\n\n\n\n<figure class=\"wp-block-image\"><img decoding=\"async\" src=\"https:\/\/www.entreculturas.org\/wp-content\/uploads\/2023\/05\/img_6640-scaled-1.jpg\" alt=\"\"\/><\/figure>\n\n\n\n<p><\/p>\n\n\n\n<p>\u201cLas ni\u00f1as se interesan en el programa, lo cual es bastante bueno. Adem\u00e1s ha permitido que m\u00e1s ni\u00f1as se incorporen y nos conozcan gracias al efecto boca a boca\u201d, comenta Ernesto Cavassa, director de Fe y Alegr\u00eda Per\u00fa. Ernesto tambi\u00e9n nos hace saber que el Ministerio de Educaci\u00f3n ha medido el logro de aprendizaje en relaci\u00f3n con las habilidades socioemocionales y claramente se demuestra que <strong>tener una buena motivaci\u00f3n, con padres y madres que est\u00e9n interesados en la educaci\u00f3n de sus hijos e hijas, y que pueden acompa\u00f1arles junto al profesorado, influye a la hora de conseguir mejores resultados<\/strong> en matem\u00e1ticas, en razonamiento verbal, etc. \u201cLas habilidades socioemocionales ayudan al avance de los aprendizajes y, al mismo tiempo, el avance de los aprendizajes ayuda a la autoestima de las chicas\u201d.<\/p>\n\n\n\n<p>\u201cGracias al programa #VoyaSer, ellas se sienten m\u00e1s seguras en cuanto al uso de las tecnolog\u00edas digitales\u201d, declara Marisol Ruiz, profesora del curso de computaci\u00f3n e inform\u00e1tica del programa. \u201c<strong>La educaci\u00f3n es el medio que ellas necesitan para poner en pr\u00e1ctica los objetivos que han trazado en su proyecto de vida<\/strong>\u201d.<\/p>\n\n\n\n<p>Otro a\u00f1o m\u00e1s, seguimos trabajando para que las j\u00f3venes puedan sentirse seguras y preparadas para enfrentar los desaf\u00edos del futuro y para que cuenten con las oportunidades necesarias para alcanzar sus metas.<\/p>\n\n\n\n<figure class=\"wp-block-embed is-type-video is-provider-youtube wp-block-embed-youtube wp-embed-aspect-16-9 wp-has-aspect-ratio\"><div class=\"wp-block-embed__wrapper\">\n<iframe loading=\"lazy\" title=\"El programa #VoyaSer, contado por sus protagonistas | SANTILLANA LATINOAM\u00c9RICA\" width=\"500\" height=\"281\" src=\"https:\/\/www.youtube.com\/embed\/-rfm79OSSiM?feature=oembed\" frameborder=\"0\" allow=\"accelerometer; autoplay; clipboard-write; encrypted-media; gyroscope; picture-in-picture; web-share\" referrerpolicy=\"strict-origin-when-cross-origin\" allowfullscreen><\/iframe>\n<\/div><\/figure>\n\n\n\n<p>&nbsp;<\/p>\n","protected":false},"excerpt":{"rendered":"<p>Entreculturas y Fe y Alegr\u00eda seguimos llevando a cabo junto a Santillana nuestro programa #VoyaSer: una iniciativa que ofrece herramientas e impulsa a las ni\u00f1as en situaci\u00f3n de vulnerabilidad en Guatemala y en Per\u00fa, para que puedan completar su educaci\u00f3n secundaria y tengan mayores oportunidades de futuro.<\/p>\n","protected":false},"featured_media":6979,"template":"single-noticia","meta":{"_acf_changed":false},"categories":[7],"tags":[185],"country":[150,123],"cause":[130],"class_list":["post-6978","noticia","type-noticia","status-publish","has-post-thumbnail","hentry","category-noticia","tag-entreculturas","country-guatemala","country-peru","cause-genero"],"acf":[],"yoast_head":"<!-- This site is optimized with the Yoast SEO Premium plugin v21.6 (Yoast SEO v27.5) - https:\/\/yoast.com\/product\/yoast-seo-premium-wordpress\/ -->\n<title>\u201cParticipar en este proyecto me hace sentir m\u00e1s cerca de lograr mis metas y mis sue\u00f1os\u201d - Entreculturas<\/title>\n<meta name=\"robots\" content=\"index, follow, max-snippet:-1, max-image-preview:large, max-video-preview:-1\" \/>\n<link rel=\"canonical\" href=\"https:\/\/www.entreculturas.org\/fr\/noticia\/participar-en-este-proyecto-me-hace-sentir-mas-cerca-de-lograr-mis-metas-y-mis-suenos\/\" \/>\n<meta property=\"og:locale\" content=\"fr_FR\" \/>\n<meta property=\"og:type\" content=\"article\" \/>\n<meta property=\"og:title\" content=\"\u201cParticipar en este proyecto me hace sentir m\u00e1s cerca de lograr mis metas y mis sue\u00f1os\u201d\" \/>\n<meta property=\"og:description\" content=\"Entreculturas y Fe y Alegr\u00eda seguimos llevando a cabo junto a Santillana nuestro programa #VoyaSer: una iniciativa que ofrece herramientas e impulsa a las ni\u00f1as en situaci\u00f3n de vulnerabilidad en Guatemala y en Per\u00fa, para que puedan completar su educaci\u00f3n secundaria y tengan mayores oportunidades de futuro.\" \/>\n<meta property=\"og:url\" content=\"https:\/\/www.entreculturas.org\/fr\/noticia\/participar-en-este-proyecto-me-hace-sentir-mas-cerca-de-lograr-mis-metas-y-mis-suenos\/\" \/>\n<meta property=\"og:site_name\" content=\"Entreculturas\" \/>\n<meta property=\"article:publisher\" content=\"https:\/\/www.facebook.com\/entreculturas\" \/>\n<meta property=\"article:modified_time\" content=\"2024-07-29T11:27:54+00:00\" \/>\n<meta property=\"og:image\" content=\"https:\/\/www.entreculturas.org\/wp-content\/uploads\/2023\/05\/img_20190610_173527-scaled-1.jpg\" \/>\n\t<meta property=\"og:image:width\" content=\"2560\" \/>\n\t<meta property=\"og:image:height\" content=\"1920\" \/>\n\t<meta property=\"og:image:type\" content=\"image\/jpeg\" \/>\n<meta name=\"twitter:card\" content=\"summary_large_image\" \/>\n<meta name=\"twitter:site\" content=\"@Entreculturas\" \/>\n<script type=\"application\/ld+json\" class=\"yoast-schema-graph\">{\"@context\":\"https:\\\/\\\/schema.org\",\"@graph\":[{\"@type\":\"WebPage\",\"@id\":\"https:\\\/\\\/www.entreculturas.org\\\/fr\\\/noticia\\\/participar-en-este-proyecto-me-hace-sentir-mas-cerca-de-lograr-mis-metas-y-mis-suenos\\\/\",\"url\":\"https:\\\/\\\/www.entreculturas.org\\\/fr\\\/noticia\\\/participar-en-este-proyecto-me-hace-sentir-mas-cerca-de-lograr-mis-metas-y-mis-suenos\\\/\",\"name\":\"\u201cParticipar en este proyecto me hace sentir m\u00e1s cerca de lograr mis metas y mis sue\u00f1os\u201d - Entreculturas\",\"isPartOf\":{\"@id\":\"https:\\\/\\\/www.entreculturas.org\\\/fr\\\/#website\"},\"primaryImageOfPage\":{\"@id\":\"https:\\\/\\\/www.entreculturas.org\\\/fr\\\/noticia\\\/participar-en-este-proyecto-me-hace-sentir-mas-cerca-de-lograr-mis-metas-y-mis-suenos\\\/#primaryimage\"},\"image\":{\"@id\":\"https:\\\/\\\/www.entreculturas.org\\\/fr\\\/noticia\\\/participar-en-este-proyecto-me-hace-sentir-mas-cerca-de-lograr-mis-metas-y-mis-suenos\\\/#primaryimage\"},\"thumbnailUrl\":\"https:\\\/\\\/www.entreculturas.org\\\/wp-content\\\/uploads\\\/2023\\\/05\\\/img_20190610_173527-scaled-1.jpg\",\"datePublished\":\"2023-05-31T11:19:19+00:00\",\"dateModified\":\"2024-07-29T11:27:54+00:00\",\"breadcrumb\":{\"@id\":\"https:\\\/\\\/www.entreculturas.org\\\/fr\\\/noticia\\\/participar-en-este-proyecto-me-hace-sentir-mas-cerca-de-lograr-mis-metas-y-mis-suenos\\\/#breadcrumb\"},\"inLanguage\":\"fr-FR\",\"potentialAction\":[{\"@type\":\"ReadAction\",\"target\":[\"https:\\\/\\\/www.entreculturas.org\\\/fr\\\/noticia\\\/participar-en-este-proyecto-me-hace-sentir-mas-cerca-de-lograr-mis-metas-y-mis-suenos\\\/\"]}]},{\"@type\":\"ImageObject\",\"inLanguage\":\"fr-FR\",\"@id\":\"https:\\\/\\\/www.entreculturas.org\\\/fr\\\/noticia\\\/participar-en-este-proyecto-me-hace-sentir-mas-cerca-de-lograr-mis-metas-y-mis-suenos\\\/#primaryimage\",\"url\":\"https:\\\/\\\/www.entreculturas.org\\\/wp-content\\\/uploads\\\/2023\\\/05\\\/img_20190610_173527-scaled-1.jpg\",\"contentUrl\":\"https:\\\/\\\/www.entreculturas.org\\\/wp-content\\\/uploads\\\/2023\\\/05\\\/img_20190610_173527-scaled-1.jpg\",\"width\":2560,\"height\":1920,\"caption\":\"img_20190610_173527\"},{\"@type\":\"BreadcrumbList\",\"@id\":\"https:\\\/\\\/www.entreculturas.org\\\/fr\\\/noticia\\\/participar-en-este-proyecto-me-hace-sentir-mas-cerca-de-lograr-mis-metas-y-mis-suenos\\\/#breadcrumb\",\"itemListElement\":[{\"@type\":\"ListItem\",\"position\":1,\"name\":\"Home\",\"item\":\"https:\\\/\\\/www.entreculturas.org\\\/fr\\\/\"},{\"@type\":\"ListItem\",\"position\":2,\"name\":\"Noticias\",\"item\":\"https:\\\/\\\/www.entreculturas.org\\\/fr\\\/noticias\\\/\"},{\"@type\":\"ListItem\",\"position\":3,\"name\":\"\u201cParticipar en este proyecto me hace sentir m\u00e1s cerca de lograr mis metas y mis sue\u00f1os\u201d\"}]},{\"@type\":\"WebSite\",\"@id\":\"https:\\\/\\\/www.entreculturas.org\\\/fr\\\/#website\",\"url\":\"https:\\\/\\\/www.entreculturas.org\\\/fr\\\/\",\"name\":\"Entreculturas\",\"description\":\"\",\"publisher\":{\"@id\":\"https:\\\/\\\/www.entreculturas.org\\\/fr\\\/#organization\"},\"alternateName\":\"Entreculturas\",\"potentialAction\":[{\"@type\":\"SearchAction\",\"target\":{\"@type\":\"EntryPoint\",\"urlTemplate\":\"https:\\\/\\\/www.entreculturas.org\\\/fr\\\/?s={search_term_string}\"},\"query-input\":{\"@type\":\"PropertyValueSpecification\",\"valueRequired\":true,\"valueName\":\"search_term_string\"}}],\"inLanguage\":\"fr-FR\"},{\"@type\":\"Organization\",\"@id\":\"https:\\\/\\\/www.entreculturas.org\\\/fr\\\/#organization\",\"name\":\"Entreculturas\",\"url\":\"https:\\\/\\\/www.entreculturas.org\\\/fr\\\/\",\"logo\":{\"@type\":\"ImageObject\",\"inLanguage\":\"fr-FR\",\"@id\":\"https:\\\/\\\/www.entreculturas.org\\\/fr\\\/#\\\/schema\\\/logo\\\/image\\\/\",\"url\":\"https:\\\/\\\/www.entreculturas.org\\\/wp-content\\\/uploads\\\/2025\\\/10\\\/ESP.svg\",\"contentUrl\":\"https:\\\/\\\/www.entreculturas.org\\\/wp-content\\\/uploads\\\/2025\\\/10\\\/ESP.svg\",\"caption\":\"Entreculturas\"},\"image\":{\"@id\":\"https:\\\/\\\/www.entreculturas.org\\\/fr\\\/#\\\/schema\\\/logo\\\/image\\\/\"},\"sameAs\":[\"https:\\\/\\\/www.facebook.com\\\/entreculturas\",\"https:\\\/\\\/x.com\\\/Entreculturas\",\"https:\\\/\\\/www.instagram.com\\\/entreculturas\\\/\",\"https:\\\/\\\/www.youtube.com\\\/user\\\/entreculturasvideo\",\"https:\\\/\\\/www.linkedin.com\\\/company\\\/fundacion-entreculturas-ngdo\\\/\",\"https:\\\/\\\/www.flickr.com\\\/photos\\\/98455522@N04\\\/albums\\\/\"]}]}<\/script>\n<!-- \/ Yoast SEO Premium plugin. -->","yoast_head_json":{"title":"\u201cParticipar en este proyecto me hace sentir m\u00e1s cerca de lograr mis metas y mis sue\u00f1os\u201d - Entreculturas","robots":{"index":"index","follow":"follow","max-snippet":"max-snippet:-1","max-image-preview":"max-image-preview:large","max-video-preview":"max-video-preview:-1"},"canonical":"https:\/\/www.entreculturas.org\/fr\/noticia\/participar-en-este-proyecto-me-hace-sentir-mas-cerca-de-lograr-mis-metas-y-mis-suenos\/","og_locale":"fr_FR","og_type":"article","og_title":"\u201cParticipar en este proyecto me hace sentir m\u00e1s cerca de lograr mis metas y mis sue\u00f1os\u201d","og_description":"Entreculturas y Fe y Alegr\u00eda seguimos llevando a cabo junto a Santillana nuestro programa #VoyaSer: una iniciativa que ofrece herramientas e impulsa a las ni\u00f1as en situaci\u00f3n de vulnerabilidad en Guatemala y en Per\u00fa, para que puedan completar su educaci\u00f3n secundaria y tengan mayores oportunidades de futuro.","og_url":"https:\/\/www.entreculturas.org\/fr\/noticia\/participar-en-este-proyecto-me-hace-sentir-mas-cerca-de-lograr-mis-metas-y-mis-suenos\/","og_site_name":"Entreculturas","article_publisher":"https:\/\/www.facebook.com\/entreculturas","article_modified_time":"2024-07-29T11:27:54+00:00","og_image":[{"width":2560,"height":1920,"url":"https:\/\/www.entreculturas.org\/wp-content\/uploads\/2023\/05\/img_20190610_173527-scaled-1.jpg","type":"image\/jpeg"}],"twitter_card":"summary_large_image","twitter_site":"@Entreculturas","schema":{"@context":"https:\/\/schema.org","@graph":[{"@type":"WebPage","@id":"https:\/\/www.entreculturas.org\/fr\/noticia\/participar-en-este-proyecto-me-hace-sentir-mas-cerca-de-lograr-mis-metas-y-mis-suenos\/","url":"https:\/\/www.entreculturas.org\/fr\/noticia\/participar-en-este-proyecto-me-hace-sentir-mas-cerca-de-lograr-mis-metas-y-mis-suenos\/","name":"\u201cParticipar en este proyecto me hace sentir m\u00e1s cerca de lograr mis metas y mis sue\u00f1os\u201d - Entreculturas","isPartOf":{"@id":"https:\/\/www.entreculturas.org\/fr\/#website"},"primaryImageOfPage":{"@id":"https:\/\/www.entreculturas.org\/fr\/noticia\/participar-en-este-proyecto-me-hace-sentir-mas-cerca-de-lograr-mis-metas-y-mis-suenos\/#primaryimage"},"image":{"@id":"https:\/\/www.entreculturas.org\/fr\/noticia\/participar-en-este-proyecto-me-hace-sentir-mas-cerca-de-lograr-mis-metas-y-mis-suenos\/#primaryimage"},"thumbnailUrl":"https:\/\/www.entreculturas.org\/wp-content\/uploads\/2023\/05\/img_20190610_173527-scaled-1.jpg","datePublished":"2023-05-31T11:19:19+00:00","dateModified":"2024-07-29T11:27:54+00:00","breadcrumb":{"@id":"https:\/\/www.entreculturas.org\/fr\/noticia\/participar-en-este-proyecto-me-hace-sentir-mas-cerca-de-lograr-mis-metas-y-mis-suenos\/#breadcrumb"},"inLanguage":"fr-FR","potentialAction":[{"@type":"ReadAction","target":["https:\/\/www.entreculturas.org\/fr\/noticia\/participar-en-este-proyecto-me-hace-sentir-mas-cerca-de-lograr-mis-metas-y-mis-suenos\/"]}]},{"@type":"ImageObject","inLanguage":"fr-FR","@id":"https:\/\/www.entreculturas.org\/fr\/noticia\/participar-en-este-proyecto-me-hace-sentir-mas-cerca-de-lograr-mis-metas-y-mis-suenos\/#primaryimage","url":"https:\/\/www.entreculturas.org\/wp-content\/uploads\/2023\/05\/img_20190610_173527-scaled-1.jpg","contentUrl":"https:\/\/www.entreculturas.org\/wp-content\/uploads\/2023\/05\/img_20190610_173527-scaled-1.jpg","width":2560,"height":1920,"caption":"img_20190610_173527"},{"@type":"BreadcrumbList","@id":"https:\/\/www.entreculturas.org\/fr\/noticia\/participar-en-este-proyecto-me-hace-sentir-mas-cerca-de-lograr-mis-metas-y-mis-suenos\/#breadcrumb","itemListElement":[{"@type":"ListItem","position":1,"name":"Home","item":"https:\/\/www.entreculturas.org\/fr\/"},{"@type":"ListItem","position":2,"name":"Noticias","item":"https:\/\/www.entreculturas.org\/fr\/noticias\/"},{"@type":"ListItem","position":3,"name":"\u201cParticipar en este proyecto me hace sentir m\u00e1s cerca de lograr mis metas y mis sue\u00f1os\u201d"}]},{"@type":"WebSite","@id":"https:\/\/www.entreculturas.org\/fr\/#website","url":"https:\/\/www.entreculturas.org\/fr\/","name":"Entreculturas","description":"","publisher":{"@id":"https:\/\/www.entreculturas.org\/fr\/#organization"},"alternateName":"Entreculturas","potentialAction":[{"@type":"SearchAction","target":{"@type":"EntryPoint","urlTemplate":"https:\/\/www.entreculturas.org\/fr\/?s={search_term_string}"},"query-input":{"@type":"PropertyValueSpecification","valueRequired":true,"valueName":"search_term_string"}}],"inLanguage":"fr-FR"},{"@type":"Organization","@id":"https:\/\/www.entreculturas.org\/fr\/#organization","name":"Entreculturas","url":"https:\/\/www.entreculturas.org\/fr\/","logo":{"@type":"ImageObject","inLanguage":"fr-FR","@id":"https:\/\/www.entreculturas.org\/fr\/#\/schema\/logo\/image\/","url":"https:\/\/www.entreculturas.org\/wp-content\/uploads\/2025\/10\/ESP.svg","contentUrl":"https:\/\/www.entreculturas.org\/wp-content\/uploads\/2025\/10\/ESP.svg","caption":"Entreculturas"},"image":{"@id":"https:\/\/www.entreculturas.org\/fr\/#\/schema\/logo\/image\/"},"sameAs":["https:\/\/www.facebook.com\/entreculturas","https:\/\/x.com\/Entreculturas","https:\/\/www.instagram.com\/entreculturas\/","https:\/\/www.youtube.com\/user\/entreculturasvideo","https:\/\/www.linkedin.com\/company\/fundacion-entreculturas-ngdo\/","https:\/\/www.flickr.com\/photos\/98455522@N04\/albums\/"]}]}},"_links":{"self":[{"href":"https:\/\/www.entreculturas.org\/fr\/wp-json\/wp\/v2\/noticia\/6978","targetHints":{"allow":["GET"]}}],"collection":[{"href":"https:\/\/www.entreculturas.org\/fr\/wp-json\/wp\/v2\/noticia"}],"about":[{"href":"https:\/\/www.entreculturas.org\/fr\/wp-json\/wp\/v2\/types\/noticia"}],"wp:featuredmedia":[{"embeddable":true,"href":"https:\/\/www.entreculturas.org\/fr\/wp-json\/wp\/v2\/media\/6979"}],"wp:attachment":[{"href":"https:\/\/www.entreculturas.org\/fr\/wp-json\/wp\/v2\/media?parent=6978"}],"wp:term":[{"taxonomy":"category","embeddable":true,"href":"https:\/\/www.entreculturas.org\/fr\/wp-json\/wp\/v2\/categories?post=6978"},{"taxonomy":"post_tag","embeddable":true,"href":"https:\/\/www.entreculturas.org\/fr\/wp-json\/wp\/v2\/tags?post=6978"},{"taxonomy":"country","embeddable":true,"href":"https:\/\/www.entreculturas.org\/fr\/wp-json\/wp\/v2\/country?post=6978"},{"taxonomy":"cause","embeddable":true,"href":"https:\/\/www.entreculturas.org\/fr\/wp-json\/wp\/v2\/cause?post=6978"}],"curies":[{"name":"wp","href":"https:\/\/api.w.org\/{rel}","templated":true}]}}