{"id":6973,"date":"2023-05-26T10:02:37","date_gmt":"2023-05-26T10:02:37","guid":{"rendered":"https:\/\/entreculturasi.wpenginepowered.com\/?noticias=junto-al-servicio-jesuita-refugiados-atendemos-personas-desplazadas-por-el-conflicto-en"},"modified":"2024-02-14T16:12:27","modified_gmt":"2024-02-14T15:12:27","slug":"junto-al-servicio-jesuita-refugiados-atendemos-personas-desplazadas-por-el-conflicto-en","status":"publish","type":"noticia","link":"https:\/\/www.entreculturas.org\/fr\/noticia\/junto-al-servicio-jesuita-refugiados-atendemos-personas-desplazadas-por-el-conflicto-en\/","title":{"rendered":"Junto al Servicio Jesuita a Refugiados atendemos a personas desplazadas por el conflicto en Sud\u00e1n"},"content":{"rendered":"<p>Desde Entreculturas seguimos muy de cerca el desarrollo del conflicto en <strong>Sud\u00e1n<\/strong> que ha ocasionado una grave <strong>crisis humanitaria <\/strong>obligando a miles de personas a abandonar sus hogares en busca de un lugar m\u00e1s seguro. El 15 de abril se inici\u00f3 la guerra entre el ej\u00e9rcito, dirigido por el general Abdel Fatah al Burhan, y los paramilitares de las Fuerzas de Apoyo R\u00e1pido (RSF siglas en ingl\u00e9s), lideradas por el general Mohamed Hamdan Daglo.<\/p>\n<p>Seg\u00fan datos de la OIM (Organizaci\u00f3n Internacional para las Migraciones), el conflicto ha causado m\u00e1s de un mill\u00f3n de desplazados dentro del pa\u00eds, en su gran mayor\u00eda<strong> mujeres, ni\u00f1as y ni\u00f1os.<\/strong> Asimismo, aproximadamente 319.000 personas han huido a naciones vecinas como <strong>Egipto, Etiop\u00eda, Chad y Sud\u00e1n del Sur<\/strong>. Hasta el 24 de mayo, m\u00e1s de 26.000 personas han cruzado a Etiop\u00eda, m\u00e1s de 69.000 a Sud\u00e1n del Sur y m\u00e1s de 76.000 a Chad. En los tres pa\u00edses, trabajamos junto al <strong>Servicio Jesuita a Refugiados (JRS) <\/strong>en la acogida y atenci\u00f3n de personas desplazadas, colaborando estrechamente con otras organizaciones para evaluar las necesidades y brindar apoyo a quienes m\u00e1s lo necesitan.&nbsp;<\/p>\n<p dir=\"ltr\" style=\"line-height:1.38;text-align: justify;margin-top:0pt;margin-bottom:0pt\">\n<p dir=\"ltr\" style=\"line-height:1.38;text-align: justify;margin-top:0pt;margin-bottom:0pt\">&nbsp;<\/p>\n<p dir=\"ltr\" style=\"line-height:1.38;text-align: justify;margin-top:0pt;margin-bottom:0pt\">\u00a9 JRS<\/p>\n<p dir=\"ltr\" style=\"line-height:1.38;text-align: justify;margin-top:0pt;margin-bottom:0pt\">&nbsp;<\/p>\n<p><strong>Efectos de la guerra&nbsp;<\/strong><\/p>\n<p>El conflicto ha generado una cadena de efectos dram\u00e1ticos para la poblaci\u00f3n civil. La seguridad alimentaria de las familias se ve amenazada por la escasez de comida y el aumento de precios que dificulta a\u00fan m\u00e1s el acceso de la poblaci\u00f3n a alimentos adecuados. La situaci\u00f3n se agrava debido a la falta de acceso a agua potable segura provocando una mayor vulnerabilidad en la salud de las personas.&nbsp;<\/p>\n<p>En el sector educativo, las escuelas se han visto obligadas a cerrar, interrumpiendo la educaci\u00f3n de miles de ni\u00f1as, ni\u00f1os y j\u00f3venes. Esto no solo afecta su desarrollo acad\u00e9mico, sino tambi\u00e9n su bienestar emocional y social. En el sector de la salud, se han producido interrupciones en los servicios. Los centros de salud cercanos a las zonas de combate se ven obligados a cerrar debido a los ataques a las instalaciones, mientras que los hospitales que siguen operando lo hacen \u00fanicamente para casos de emergencia. Todos estos efectos combinados generan un panorama desolador y han forzado a que miles de familias huyan de sus hogares.<\/p>\n<p dir=\"ltr\" style=\"line-height:1.38;text-align: justify;margin-top:0pt;margin-bottom:0pt\"><img decoding=\"async\" alt=\"\" src=\"https:\/\/www.entreculturas.org\/wp-content\/uploads\/2023\/05\/kueaa_community_leader_renk_sudan_response_ssd_26.jpg\" style=\"text-align: justify;width: 800px;height: 600px\"><\/p>\n<p dir=\"ltr\" style=\"margin-top: 0pt;margin-bottom: 0pt;line-height: 1.38;text-align: justify\">\u00a9 JRS<\/p>\n<p dir=\"ltr\" style=\"margin-top: 0pt;margin-bottom: 0pt;line-height: 1.38;text-align: justify\">&nbsp;<\/p>\n<p><strong>Nuestro trabajo con las personas refugiadas por el conflicto<\/strong><\/p>\n<p>Estamos colaborando de cerca con <strong>JRS<\/strong> que ha activado un operativo de acogida en Renk, principal punto de acceso a Sud\u00e1n del Sur para las personas refugiadas y retornadas de Sud\u00e1n. En este enclave se han identificado las principales acciones con las cuales estamos atendiendo las necesidades de las personas desplazadas. Estas incluyen distribuci\u00f3n de bienes de primera necesidad, <strong>apoyo psicol\u00f3gico<\/strong>, espacios <strong>seguros<\/strong> para ni\u00f1os y ni\u00f1as, transporte seguro para reasentamiento y la derivaci\u00f3n de personas que necesiten <strong>atenci\u00f3n m\u00e9dica<\/strong> y servicios de salud mental.<\/p>\n<p>La respuesta de JRS en Chad se est\u00e1 llevando a cabo en estrecha colaboraci\u00f3n con ACNUR priorizando la protecci\u00f3n de la infancia y de la poblaci\u00f3n j\u00f3ven. Dada la larga y consolidada trayectoria de JRS en el \u00e1mbito educativo de los campos donde est\u00e1 siendo atendida la poblaci\u00f3n refugiada, las principales actividades se realizan desde las escuelas tratando de proporcionar a los ni\u00f1os, ni\u00f1as y j\u00f3venes espacios seguros, rehabilitaci\u00f3n psicol\u00f3gica y emocional, y servicios especializados de atenci\u00f3n a la discapacidad y a las victivas de violencia sexual. En paralelo se realiza un trabajo espec\u00edfico con las familias y los miembros de la comunidad para sensibilizar y capacitar sobre la prevenci\u00f3n, detecci\u00f3n y respuesta a episodios de violencia contra la<strong> infancia.<\/strong><\/p>\n<p>Desde Entreculturas, junto a JRS, seguiremos con nuestro compromiso de apoyo a las personas que se ven forzadas a abandonar Sud\u00e1n.<\/p>\n<p dir=\"ltr\" style=\"line-height:1.38;text-align: justify;margin-top:0pt;margin-bottom:0pt\"><img decoding=\"async\" alt=\"\" src=\"https:\/\/www.entreculturas.org\/wp-content\/uploads\/2023\/05\/rehab_in_renk_sudan_response_ssd_01.jpg\" style=\"width: 1000px;height: 768px\"><\/p>\n<p dir=\"ltr\" style=\"line-height:1.38;text-align: justify;margin-top:0pt;margin-bottom:0pt\">&nbsp;<\/p>\n<p dir=\"ltr\" style=\"margin-top: 0pt;margin-bottom: 0pt;line-height: 1.38;text-align: justify\">\u00a9 JRS<\/p>\n<p dir=\"ltr\" style=\"margin-top: 0pt;margin-bottom: 0pt;line-height: 1.38;text-align: justify\">&nbsp;<\/p>\n<p dir=\"ltr\" style=\"line-height:1.38;text-align: justify;margin-top:0pt;margin-bottom:0pt\">&nbsp;<\/p>\n<p dir=\"ltr\" style=\"line-height:1.38;text-align: justify;margin-top:0pt;margin-bottom:0pt\"><img decoding=\"async\" alt=\"\" height=\"756\" src=\"https:\/\/www.entreculturas.org\/wp-content\/uploads\/2023\/05\/renk_sudan_response_0929.jpeg\" width=\"1008\"><\/p>\n<p dir=\"ltr\" style=\"line-height:1.38;text-align: justify;margin-top:0pt;margin-bottom:0pt\">&nbsp;<\/p>\n<p dir=\"ltr\" style=\"margin-top: 0pt;margin-bottom: 0pt;line-height: 1.38;text-align: justify\">\u00a9 JRS<\/p>\n<p dir=\"ltr\" style=\"margin-top: 0pt;margin-bottom: 0pt;line-height: 1.38;text-align: justify\">&nbsp;<\/p>\n<p dir=\"ltr\" style=\"line-height:1.38;text-align: justify;margin-top:0pt;margin-bottom:0pt\">&nbsp;<\/p>\n<p dir=\"ltr\" style=\"line-height:1.38;text-align: justify;margin-top:0pt;margin-bottom:0pt\"><img decoding=\"async\" alt=\"\" height=\"756\" src=\"https:\/\/www.entreculturas.org\/wp-content\/uploads\/2023\/05\/akir_renk_sudan_response_0845.jpeg\" width=\"1008\"><\/p>\n<p dir=\"ltr\" style=\"line-height:1.38;text-align: justify;margin-top:0pt;margin-bottom:0pt\">&nbsp;<\/p>\n<p dir=\"ltr\" style=\"margin-top: 0pt;margin-bottom: 0pt;line-height: 1.38;text-align: justify\">\u00a9 JRS<\/p>\n<p dir=\"ltr\" style=\"margin-top: 0pt;margin-bottom: 0pt;line-height: 1.38;text-align: justify\">&nbsp;<\/p>\n<div>&nbsp;<\/div>\n","protected":false},"excerpt":{"rendered":"<p>Desde Entreculturas seguimos muy de cerca el desarrollo del conflicto en Sud\u00e1n que ha ocasionado una grave crisis humanitaria obligando a miles de personas a abandonar sus hogares en busca de un lugar m\u00e1s seguro. El 15 de abril se inici\u00f3 la guerra entre el ej\u00e9rcito, dirigido por el general Abdel Fatah al Burhan, y los paramilitares de las Fuerzas de Apoyo R\u00e1pido (RSF siglas en ingl\u00e9s), lideradas por el general Mohamed Hamdan Daglo.<\/p>\n","protected":false},"featured_media":6972,"template":"single-noticia","meta":{"_acf_changed":false},"categories":[7],"tags":[10],"country":[136],"cause":[129],"class_list":["post-6973","noticia","type-noticia","status-publish","has-post-thumbnail","hentry","category-noticia","tag-migracion-y-refugio","country-sudan-del-sur","cause-migracion-y-refugio"],"acf":[],"yoast_head":"<!-- This site is optimized with the Yoast SEO Premium plugin v21.6 (Yoast SEO v27.5) - https:\/\/yoast.com\/product\/yoast-seo-premium-wordpress\/ -->\n<title>Junto al Servicio Jesuita a Refugiados atendemos a personas desplazadas por el conflicto en Sud\u00e1n - Entreculturas<\/title>\n<meta name=\"robots\" content=\"index, follow, max-snippet:-1, max-image-preview:large, max-video-preview:-1\" \/>\n<link rel=\"canonical\" href=\"https:\/\/www.entreculturas.org\/fr\/noticia\/junto-al-servicio-jesuita-refugiados-atendemos-personas-desplazadas-por-el-conflicto-en\/\" \/>\n<meta property=\"og:locale\" content=\"fr_FR\" \/>\n<meta property=\"og:type\" content=\"article\" \/>\n<meta property=\"og:title\" content=\"Junto al Servicio Jesuita a Refugiados atendemos a personas desplazadas por el conflicto en Sud\u00e1n\" \/>\n<meta property=\"og:description\" content=\"Desde Entreculturas seguimos muy de cerca el desarrollo del conflicto en Sud\u00e1n que ha ocasionado una grave crisis humanitaria obligando a miles de personas a abandonar sus hogares en busca de un lugar m\u00e1s seguro. El 15 de abril se inici\u00f3 la guerra entre el ej\u00e9rcito, dirigido por el general Abdel Fatah al Burhan, y los paramilitares de las Fuerzas de Apoyo R\u00e1pido (RSF siglas en ingl\u00e9s), lideradas por el general Mohamed Hamdan Daglo.\" \/>\n<meta property=\"og:url\" content=\"https:\/\/www.entreculturas.org\/fr\/noticia\/junto-al-servicio-jesuita-refugiados-atendemos-personas-desplazadas-por-el-conflicto-en\/\" \/>\n<meta property=\"og:site_name\" content=\"Entreculturas\" \/>\n<meta property=\"article:publisher\" content=\"https:\/\/www.facebook.com\/entreculturas\" \/>\n<meta property=\"article:modified_time\" content=\"2024-02-14T15:12:27+00:00\" \/>\n<meta property=\"og:image\" content=\"https:\/\/www.entreculturas.org\/wp-content\/uploads\/2023\/05\/akir_renk_sudan_response_0845.jpeg\" \/>\n\t<meta property=\"og:image:width\" content=\"1008\" \/>\n\t<meta property=\"og:image:height\" content=\"756\" \/>\n\t<meta property=\"og:image:type\" content=\"image\/jpeg\" \/>\n<meta name=\"twitter:card\" content=\"summary_large_image\" \/>\n<meta name=\"twitter:site\" content=\"@Entreculturas\" \/>\n<script type=\"application\/ld+json\" class=\"yoast-schema-graph\">{\"@context\":\"https:\\\/\\\/schema.org\",\"@graph\":[{\"@type\":\"WebPage\",\"@id\":\"https:\\\/\\\/www.entreculturas.org\\\/fr\\\/noticia\\\/junto-al-servicio-jesuita-refugiados-atendemos-personas-desplazadas-por-el-conflicto-en\\\/\",\"url\":\"https:\\\/\\\/www.entreculturas.org\\\/fr\\\/noticia\\\/junto-al-servicio-jesuita-refugiados-atendemos-personas-desplazadas-por-el-conflicto-en\\\/\",\"name\":\"Junto al Servicio Jesuita a Refugiados atendemos a personas desplazadas por el conflicto en Sud\u00e1n - Entreculturas\",\"isPartOf\":{\"@id\":\"https:\\\/\\\/www.entreculturas.org\\\/fr\\\/#website\"},\"primaryImageOfPage\":{\"@id\":\"https:\\\/\\\/www.entreculturas.org\\\/fr\\\/noticia\\\/junto-al-servicio-jesuita-refugiados-atendemos-personas-desplazadas-por-el-conflicto-en\\\/#primaryimage\"},\"image\":{\"@id\":\"https:\\\/\\\/www.entreculturas.org\\\/fr\\\/noticia\\\/junto-al-servicio-jesuita-refugiados-atendemos-personas-desplazadas-por-el-conflicto-en\\\/#primaryimage\"},\"thumbnailUrl\":\"https:\\\/\\\/www.entreculturas.org\\\/wp-content\\\/uploads\\\/2023\\\/05\\\/akir_renk_sudan_response_0845.jpeg\",\"datePublished\":\"2023-05-26T10:02:37+00:00\",\"dateModified\":\"2024-02-14T15:12:27+00:00\",\"breadcrumb\":{\"@id\":\"https:\\\/\\\/www.entreculturas.org\\\/fr\\\/noticia\\\/junto-al-servicio-jesuita-refugiados-atendemos-personas-desplazadas-por-el-conflicto-en\\\/#breadcrumb\"},\"inLanguage\":\"fr-FR\",\"potentialAction\":[{\"@type\":\"ReadAction\",\"target\":[\"https:\\\/\\\/www.entreculturas.org\\\/fr\\\/noticia\\\/junto-al-servicio-jesuita-refugiados-atendemos-personas-desplazadas-por-el-conflicto-en\\\/\"]}]},{\"@type\":\"ImageObject\",\"inLanguage\":\"fr-FR\",\"@id\":\"https:\\\/\\\/www.entreculturas.org\\\/fr\\\/noticia\\\/junto-al-servicio-jesuita-refugiados-atendemos-personas-desplazadas-por-el-conflicto-en\\\/#primaryimage\",\"url\":\"https:\\\/\\\/www.entreculturas.org\\\/wp-content\\\/uploads\\\/2023\\\/05\\\/akir_renk_sudan_response_0845.jpeg\",\"contentUrl\":\"https:\\\/\\\/www.entreculturas.org\\\/wp-content\\\/uploads\\\/2023\\\/05\\\/akir_renk_sudan_response_0845.jpeg\",\"width\":1008,\"height\":756},{\"@type\":\"BreadcrumbList\",\"@id\":\"https:\\\/\\\/www.entreculturas.org\\\/fr\\\/noticia\\\/junto-al-servicio-jesuita-refugiados-atendemos-personas-desplazadas-por-el-conflicto-en\\\/#breadcrumb\",\"itemListElement\":[{\"@type\":\"ListItem\",\"position\":1,\"name\":\"Home\",\"item\":\"https:\\\/\\\/www.entreculturas.org\\\/fr\\\/\"},{\"@type\":\"ListItem\",\"position\":2,\"name\":\"Noticias\",\"item\":\"https:\\\/\\\/www.entreculturas.org\\\/fr\\\/noticias\\\/\"},{\"@type\":\"ListItem\",\"position\":3,\"name\":\"Junto al Servicio Jesuita a Refugiados atendemos a personas desplazadas por el conflicto en Sud\u00e1n\"}]},{\"@type\":\"WebSite\",\"@id\":\"https:\\\/\\\/www.entreculturas.org\\\/fr\\\/#website\",\"url\":\"https:\\\/\\\/www.entreculturas.org\\\/fr\\\/\",\"name\":\"Entreculturas\",\"description\":\"\",\"publisher\":{\"@id\":\"https:\\\/\\\/www.entreculturas.org\\\/fr\\\/#organization\"},\"alternateName\":\"Entreculturas\",\"potentialAction\":[{\"@type\":\"SearchAction\",\"target\":{\"@type\":\"EntryPoint\",\"urlTemplate\":\"https:\\\/\\\/www.entreculturas.org\\\/fr\\\/?s={search_term_string}\"},\"query-input\":{\"@type\":\"PropertyValueSpecification\",\"valueRequired\":true,\"valueName\":\"search_term_string\"}}],\"inLanguage\":\"fr-FR\"},{\"@type\":\"Organization\",\"@id\":\"https:\\\/\\\/www.entreculturas.org\\\/fr\\\/#organization\",\"name\":\"Entreculturas\",\"url\":\"https:\\\/\\\/www.entreculturas.org\\\/fr\\\/\",\"logo\":{\"@type\":\"ImageObject\",\"inLanguage\":\"fr-FR\",\"@id\":\"https:\\\/\\\/www.entreculturas.org\\\/fr\\\/#\\\/schema\\\/logo\\\/image\\\/\",\"url\":\"https:\\\/\\\/www.entreculturas.org\\\/wp-content\\\/uploads\\\/2025\\\/10\\\/ESP.svg\",\"contentUrl\":\"https:\\\/\\\/www.entreculturas.org\\\/wp-content\\\/uploads\\\/2025\\\/10\\\/ESP.svg\",\"caption\":\"Entreculturas\"},\"image\":{\"@id\":\"https:\\\/\\\/www.entreculturas.org\\\/fr\\\/#\\\/schema\\\/logo\\\/image\\\/\"},\"sameAs\":[\"https:\\\/\\\/www.facebook.com\\\/entreculturas\",\"https:\\\/\\\/x.com\\\/Entreculturas\",\"https:\\\/\\\/www.instagram.com\\\/entreculturas\\\/\",\"https:\\\/\\\/www.youtube.com\\\/user\\\/entreculturasvideo\",\"https:\\\/\\\/www.linkedin.com\\\/company\\\/fundacion-entreculturas-ngdo\\\/\",\"https:\\\/\\\/www.flickr.com\\\/photos\\\/98455522@N04\\\/albums\\\/\"]}]}<\/script>\n<!-- \/ Yoast SEO Premium plugin. -->","yoast_head_json":{"title":"Junto al Servicio Jesuita a Refugiados atendemos a personas desplazadas por el conflicto en Sud\u00e1n - Entreculturas","robots":{"index":"index","follow":"follow","max-snippet":"max-snippet:-1","max-image-preview":"max-image-preview:large","max-video-preview":"max-video-preview:-1"},"canonical":"https:\/\/www.entreculturas.org\/fr\/noticia\/junto-al-servicio-jesuita-refugiados-atendemos-personas-desplazadas-por-el-conflicto-en\/","og_locale":"fr_FR","og_type":"article","og_title":"Junto al Servicio Jesuita a Refugiados atendemos a personas desplazadas por el conflicto en Sud\u00e1n","og_description":"Desde Entreculturas seguimos muy de cerca el desarrollo del conflicto en Sud\u00e1n que ha ocasionado una grave crisis humanitaria obligando a miles de personas a abandonar sus hogares en busca de un lugar m\u00e1s seguro. El 15 de abril se inici\u00f3 la guerra entre el ej\u00e9rcito, dirigido por el general Abdel Fatah al Burhan, y los paramilitares de las Fuerzas de Apoyo R\u00e1pido (RSF siglas en ingl\u00e9s), lideradas por el general Mohamed Hamdan Daglo.","og_url":"https:\/\/www.entreculturas.org\/fr\/noticia\/junto-al-servicio-jesuita-refugiados-atendemos-personas-desplazadas-por-el-conflicto-en\/","og_site_name":"Entreculturas","article_publisher":"https:\/\/www.facebook.com\/entreculturas","article_modified_time":"2024-02-14T15:12:27+00:00","og_image":[{"width":1008,"height":756,"url":"https:\/\/www.entreculturas.org\/wp-content\/uploads\/2023\/05\/akir_renk_sudan_response_0845.jpeg","type":"image\/jpeg"}],"twitter_card":"summary_large_image","twitter_site":"@Entreculturas","schema":{"@context":"https:\/\/schema.org","@graph":[{"@type":"WebPage","@id":"https:\/\/www.entreculturas.org\/fr\/noticia\/junto-al-servicio-jesuita-refugiados-atendemos-personas-desplazadas-por-el-conflicto-en\/","url":"https:\/\/www.entreculturas.org\/fr\/noticia\/junto-al-servicio-jesuita-refugiados-atendemos-personas-desplazadas-por-el-conflicto-en\/","name":"Junto al Servicio Jesuita a Refugiados atendemos a personas desplazadas por el conflicto en Sud\u00e1n - Entreculturas","isPartOf":{"@id":"https:\/\/www.entreculturas.org\/fr\/#website"},"primaryImageOfPage":{"@id":"https:\/\/www.entreculturas.org\/fr\/noticia\/junto-al-servicio-jesuita-refugiados-atendemos-personas-desplazadas-por-el-conflicto-en\/#primaryimage"},"image":{"@id":"https:\/\/www.entreculturas.org\/fr\/noticia\/junto-al-servicio-jesuita-refugiados-atendemos-personas-desplazadas-por-el-conflicto-en\/#primaryimage"},"thumbnailUrl":"https:\/\/www.entreculturas.org\/wp-content\/uploads\/2023\/05\/akir_renk_sudan_response_0845.jpeg","datePublished":"2023-05-26T10:02:37+00:00","dateModified":"2024-02-14T15:12:27+00:00","breadcrumb":{"@id":"https:\/\/www.entreculturas.org\/fr\/noticia\/junto-al-servicio-jesuita-refugiados-atendemos-personas-desplazadas-por-el-conflicto-en\/#breadcrumb"},"inLanguage":"fr-FR","potentialAction":[{"@type":"ReadAction","target":["https:\/\/www.entreculturas.org\/fr\/noticia\/junto-al-servicio-jesuita-refugiados-atendemos-personas-desplazadas-por-el-conflicto-en\/"]}]},{"@type":"ImageObject","inLanguage":"fr-FR","@id":"https:\/\/www.entreculturas.org\/fr\/noticia\/junto-al-servicio-jesuita-refugiados-atendemos-personas-desplazadas-por-el-conflicto-en\/#primaryimage","url":"https:\/\/www.entreculturas.org\/wp-content\/uploads\/2023\/05\/akir_renk_sudan_response_0845.jpeg","contentUrl":"https:\/\/www.entreculturas.org\/wp-content\/uploads\/2023\/05\/akir_renk_sudan_response_0845.jpeg","width":1008,"height":756},{"@type":"BreadcrumbList","@id":"https:\/\/www.entreculturas.org\/fr\/noticia\/junto-al-servicio-jesuita-refugiados-atendemos-personas-desplazadas-por-el-conflicto-en\/#breadcrumb","itemListElement":[{"@type":"ListItem","position":1,"name":"Home","item":"https:\/\/www.entreculturas.org\/fr\/"},{"@type":"ListItem","position":2,"name":"Noticias","item":"https:\/\/www.entreculturas.org\/fr\/noticias\/"},{"@type":"ListItem","position":3,"name":"Junto al Servicio Jesuita a Refugiados atendemos a personas desplazadas por el conflicto en Sud\u00e1n"}]},{"@type":"WebSite","@id":"https:\/\/www.entreculturas.org\/fr\/#website","url":"https:\/\/www.entreculturas.org\/fr\/","name":"Entreculturas","description":"","publisher":{"@id":"https:\/\/www.entreculturas.org\/fr\/#organization"},"alternateName":"Entreculturas","potentialAction":[{"@type":"SearchAction","target":{"@type":"EntryPoint","urlTemplate":"https:\/\/www.entreculturas.org\/fr\/?s={search_term_string}"},"query-input":{"@type":"PropertyValueSpecification","valueRequired":true,"valueName":"search_term_string"}}],"inLanguage":"fr-FR"},{"@type":"Organization","@id":"https:\/\/www.entreculturas.org\/fr\/#organization","name":"Entreculturas","url":"https:\/\/www.entreculturas.org\/fr\/","logo":{"@type":"ImageObject","inLanguage":"fr-FR","@id":"https:\/\/www.entreculturas.org\/fr\/#\/schema\/logo\/image\/","url":"https:\/\/www.entreculturas.org\/wp-content\/uploads\/2025\/10\/ESP.svg","contentUrl":"https:\/\/www.entreculturas.org\/wp-content\/uploads\/2025\/10\/ESP.svg","caption":"Entreculturas"},"image":{"@id":"https:\/\/www.entreculturas.org\/fr\/#\/schema\/logo\/image\/"},"sameAs":["https:\/\/www.facebook.com\/entreculturas","https:\/\/x.com\/Entreculturas","https:\/\/www.instagram.com\/entreculturas\/","https:\/\/www.youtube.com\/user\/entreculturasvideo","https:\/\/www.linkedin.com\/company\/fundacion-entreculturas-ngdo\/","https:\/\/www.flickr.com\/photos\/98455522@N04\/albums\/"]}]}},"_links":{"self":[{"href":"https:\/\/www.entreculturas.org\/fr\/wp-json\/wp\/v2\/noticia\/6973","targetHints":{"allow":["GET"]}}],"collection":[{"href":"https:\/\/www.entreculturas.org\/fr\/wp-json\/wp\/v2\/noticia"}],"about":[{"href":"https:\/\/www.entreculturas.org\/fr\/wp-json\/wp\/v2\/types\/noticia"}],"wp:featuredmedia":[{"embeddable":true,"href":"https:\/\/www.entreculturas.org\/fr\/wp-json\/wp\/v2\/media\/6972"}],"wp:attachment":[{"href":"https:\/\/www.entreculturas.org\/fr\/wp-json\/wp\/v2\/media?parent=6973"}],"wp:term":[{"taxonomy":"category","embeddable":true,"href":"https:\/\/www.entreculturas.org\/fr\/wp-json\/wp\/v2\/categories?post=6973"},{"taxonomy":"post_tag","embeddable":true,"href":"https:\/\/www.entreculturas.org\/fr\/wp-json\/wp\/v2\/tags?post=6973"},{"taxonomy":"country","embeddable":true,"href":"https:\/\/www.entreculturas.org\/fr\/wp-json\/wp\/v2\/country?post=6973"},{"taxonomy":"cause","embeddable":true,"href":"https:\/\/www.entreculturas.org\/fr\/wp-json\/wp\/v2\/cause?post=6973"}],"curies":[{"name":"wp","href":"https:\/\/api.w.org\/{rel}","templated":true}]}}