{"id":6924,"date":"2023-03-28T16:58:49","date_gmt":"2023-03-28T16:58:49","guid":{"rendered":"https:\/\/entreculturasi.wpenginepowered.com\/?noticias=las-mujeres-en-honduras-exigieron-justicia-en-el-dia-de-la-mujer-hondurena"},"modified":"2024-02-14T16:26:37","modified_gmt":"2024-02-14T15:26:37","slug":"las-mujeres-en-honduras-exigieron-justicia-en-el-dia-de-la-mujer-hondurena","status":"publish","type":"noticia","link":"https:\/\/www.entreculturas.org\/fr\/noticia\/las-mujeres-en-honduras-exigieron-justicia-en-el-dia-de-la-mujer-hondurena\/","title":{"rendered":"Las mujeres en Honduras exigieron justicia en el d\u00eda de la mujer hondure\u00f1a"},"content":{"rendered":"<\/p>\n<p>La ma\u00f1ana del pasado 25 enero <strong>las organizaciones de mujeres caminaron por las calles de la ciudad de El Progreso<\/strong>, en el departamento de Yoro, al norte de Honduras, gritando consignas y portando pancartas con datos alarmantes de feminicidios que est\u00e1n en la impunidad en el pa\u00eds.&nbsp;&nbsp;<\/p>\n<p>La movilizaci\u00f3n de mujeres fue coordinada por la Red de Mujeres del Progreso (Remupro) el mensaje de la Coordinadora de la Remupro, Margarita Navarro, se enfoc\u00f3 en explicar el verdadero significado de sororidad como la hermandad y el pacto que se hace entre mujeres. \u201c<em>Es la manera de como las mujeres nos apoyamos. <strong>Es estar con ellas en las buenas y en las malas<\/strong>, platicar de lo que piensan, sus proyectos, sus sue\u00f1os, conocerlas, entrar en su vida y escucharlas. Pero no solo hacerlo una vez, sino hacerlo siempre<\/em>\u201d.<\/p>\n<p>Navarro tambi\u00e9n expreso que el 25 de enero no es una fecha para celebrar, sino para conmemorar las luchas de las mujeres y continuar con las demandas de justicia y exigiendo espacios seguros para ellas. <strong>El Estado de Honduras tiene muchas deudas que cumplir a las mujeres<\/strong>, por ejemplo, hacer realidad los proyectos de Ciudad Mujer y Casa Refugio en la ciudad de El Progreso, y que exista acceso a la justicia para las mujeres.<\/p>\n<p>La acci\u00f3n culmin\u00f3 en el parque Las Mercedes, donde estaban las mujeres regidoras de la municipalidad y otras que tienen cargos p\u00fablicos. <strong>Las mujeres hicieron un acto de reflexi\u00f3n para mostrar la tristeza<\/strong> que sienten cuando se asesina a una mujer en un pa\u00eds como Honduras donde la justicia es escasa y selectiva.&nbsp;<\/p>\n<p>Ante la impunidad de los feminicidios que cada d\u00eda se incrementan en Honduras, las acciones de exigencia de justicia en espacios p\u00fablicos han sido posible gracias al <strong>proyecto Sembrando Ciudadan\u00eda con soberan\u00eda alimentaria cofinanciado por el Ayuntamiento de C\u00f3rdoba, con el proyecto, que junto al acompa\u00f1amiento del equipo del Eric y con el apoyo del mismo ayuntamiento espa\u00f1ol&nbsp;y de Entreculturas<\/strong>, contribuyen a que las mujeres organizadas, construyan desde sus propios espacios poder colectivo, para<strong> <\/strong>sentar las bases de un nuevo modelo social que garantice la justicia en Honduras.<\/p>\n<p><img decoding=\"async\" alt=\"\" src=\"https:\/\/www.entreculturas.org\/wp-content\/uploads\/2023\/03\/planton_en_el_parque_las_mercedes_donde_estaban_autoridades_municipales-scaled-1.jpg\" style=\"width: 400px;height: 300px\"><img decoding=\"async\" alt=\"\" src=\"https:\/\/www.entreculturas.org\/wp-content\/uploads\/2023\/03\/margarita_navarro_coordinadora_de_la_remupro.jpg\" style=\"width: 400px;height: 314px\"><img decoding=\"async\" alt=\"\" src=\"https:\/\/www.entreculturas.org\/wp-content\/uploads\/2023\/03\/jovenes_de_la_ciudad_de_el_progreso.jpg\" style=\"width: 400px;height: 252px\"><\/p>\n","protected":false},"excerpt":{"rendered":"<p>La ma\u00f1ana del pasado 25 enero las organizaciones de mujeres caminaron por las calles de la ciudad de El Progreso, en el departamento de Yoro, al norte de Honduras, gritando consignas y portando pancartas con datos alarmantes de feminicidios que est\u00e1n en la impunidad en el pa\u00eds.  <\/p>\n","protected":false},"featured_media":6920,"template":"single-noticia","meta":{"_acf_changed":false},"categories":[7],"tags":[293],"country":[146],"cause":[130],"class_list":["post-6924","noticia","type-noticia","status-publish","has-post-thumbnail","hentry","category-noticia","tag-genero","country-honduras","cause-genero"],"acf":[],"yoast_head":"<!-- This site is optimized with the Yoast SEO Premium plugin v21.6 (Yoast SEO v27.5) - https:\/\/yoast.com\/product\/yoast-seo-premium-wordpress\/ -->\n<title>Las mujeres en Honduras exigieron justicia en el d\u00eda de la mujer hondure\u00f1a - Entreculturas<\/title>\n<meta name=\"robots\" content=\"index, follow, max-snippet:-1, max-image-preview:large, max-video-preview:-1\" \/>\n<link rel=\"canonical\" href=\"https:\/\/www.entreculturas.org\/fr\/noticia\/las-mujeres-en-honduras-exigieron-justicia-en-el-dia-de-la-mujer-hondurena\/\" \/>\n<meta property=\"og:locale\" content=\"fr_FR\" \/>\n<meta property=\"og:type\" content=\"article\" \/>\n<meta property=\"og:title\" content=\"Las mujeres en Honduras exigieron justicia en el d\u00eda de la mujer hondure\u00f1a\" \/>\n<meta property=\"og:description\" content=\"La ma\u00f1ana del pasado 25 enero las organizaciones de mujeres caminaron por las calles de la ciudad de El Progreso, en el departamento de Yoro, al norte de Honduras, gritando consignas y portando pancartas con datos alarmantes de feminicidios que est\u00e1n en la impunidad en el pa\u00eds.\" \/>\n<meta property=\"og:url\" content=\"https:\/\/www.entreculturas.org\/fr\/noticia\/las-mujeres-en-honduras-exigieron-justicia-en-el-dia-de-la-mujer-hondurena\/\" \/>\n<meta property=\"og:site_name\" content=\"Entreculturas\" \/>\n<meta property=\"article:publisher\" content=\"https:\/\/www.facebook.com\/entreculturas\" \/>\n<meta property=\"article:modified_time\" content=\"2024-02-14T15:26:37+00:00\" \/>\n<meta property=\"og:image\" content=\"https:\/\/www.entreculturas.org\/wp-content\/uploads\/2023\/03\/4_0-scaled-1.jpg\" \/>\n\t<meta property=\"og:image:width\" content=\"2560\" \/>\n\t<meta property=\"og:image:height\" content=\"1920\" \/>\n\t<meta property=\"og:image:type\" content=\"image\/jpeg\" \/>\n<meta name=\"twitter:card\" content=\"summary_large_image\" \/>\n<meta name=\"twitter:site\" content=\"@Entreculturas\" \/>\n<script type=\"application\/ld+json\" class=\"yoast-schema-graph\">{\"@context\":\"https:\\\/\\\/schema.org\",\"@graph\":[{\"@type\":\"WebPage\",\"@id\":\"https:\\\/\\\/www.entreculturas.org\\\/fr\\\/noticia\\\/las-mujeres-en-honduras-exigieron-justicia-en-el-dia-de-la-mujer-hondurena\\\/\",\"url\":\"https:\\\/\\\/www.entreculturas.org\\\/fr\\\/noticia\\\/las-mujeres-en-honduras-exigieron-justicia-en-el-dia-de-la-mujer-hondurena\\\/\",\"name\":\"Las mujeres en Honduras exigieron justicia en el d\u00eda de la mujer hondure\u00f1a - Entreculturas\",\"isPartOf\":{\"@id\":\"https:\\\/\\\/www.entreculturas.org\\\/fr\\\/#website\"},\"primaryImageOfPage\":{\"@id\":\"https:\\\/\\\/www.entreculturas.org\\\/fr\\\/noticia\\\/las-mujeres-en-honduras-exigieron-justicia-en-el-dia-de-la-mujer-hondurena\\\/#primaryimage\"},\"image\":{\"@id\":\"https:\\\/\\\/www.entreculturas.org\\\/fr\\\/noticia\\\/las-mujeres-en-honduras-exigieron-justicia-en-el-dia-de-la-mujer-hondurena\\\/#primaryimage\"},\"thumbnailUrl\":\"https:\\\/\\\/www.entreculturas.org\\\/wp-content\\\/uploads\\\/2023\\\/03\\\/4_0-scaled-1.jpg\",\"datePublished\":\"2023-03-28T16:58:49+00:00\",\"dateModified\":\"2024-02-14T15:26:37+00:00\",\"breadcrumb\":{\"@id\":\"https:\\\/\\\/www.entreculturas.org\\\/fr\\\/noticia\\\/las-mujeres-en-honduras-exigieron-justicia-en-el-dia-de-la-mujer-hondurena\\\/#breadcrumb\"},\"inLanguage\":\"fr-FR\",\"potentialAction\":[{\"@type\":\"ReadAction\",\"target\":[\"https:\\\/\\\/www.entreculturas.org\\\/fr\\\/noticia\\\/las-mujeres-en-honduras-exigieron-justicia-en-el-dia-de-la-mujer-hondurena\\\/\"]}]},{\"@type\":\"ImageObject\",\"inLanguage\":\"fr-FR\",\"@id\":\"https:\\\/\\\/www.entreculturas.org\\\/fr\\\/noticia\\\/las-mujeres-en-honduras-exigieron-justicia-en-el-dia-de-la-mujer-hondurena\\\/#primaryimage\",\"url\":\"https:\\\/\\\/www.entreculturas.org\\\/wp-content\\\/uploads\\\/2023\\\/03\\\/4_0-scaled-1.jpg\",\"contentUrl\":\"https:\\\/\\\/www.entreculturas.org\\\/wp-content\\\/uploads\\\/2023\\\/03\\\/4_0-scaled-1.jpg\",\"width\":2560,\"height\":1920},{\"@type\":\"BreadcrumbList\",\"@id\":\"https:\\\/\\\/www.entreculturas.org\\\/fr\\\/noticia\\\/las-mujeres-en-honduras-exigieron-justicia-en-el-dia-de-la-mujer-hondurena\\\/#breadcrumb\",\"itemListElement\":[{\"@type\":\"ListItem\",\"position\":1,\"name\":\"Home\",\"item\":\"https:\\\/\\\/www.entreculturas.org\\\/fr\\\/\"},{\"@type\":\"ListItem\",\"position\":2,\"name\":\"Noticias\",\"item\":\"https:\\\/\\\/www.entreculturas.org\\\/fr\\\/noticias\\\/\"},{\"@type\":\"ListItem\",\"position\":3,\"name\":\"Las mujeres en Honduras exigieron justicia en el d\u00eda de la mujer hondure\u00f1a\"}]},{\"@type\":\"WebSite\",\"@id\":\"https:\\\/\\\/www.entreculturas.org\\\/fr\\\/#website\",\"url\":\"https:\\\/\\\/www.entreculturas.org\\\/fr\\\/\",\"name\":\"Entreculturas\",\"description\":\"\",\"publisher\":{\"@id\":\"https:\\\/\\\/www.entreculturas.org\\\/fr\\\/#organization\"},\"alternateName\":\"Entreculturas\",\"potentialAction\":[{\"@type\":\"SearchAction\",\"target\":{\"@type\":\"EntryPoint\",\"urlTemplate\":\"https:\\\/\\\/www.entreculturas.org\\\/fr\\\/?s={search_term_string}\"},\"query-input\":{\"@type\":\"PropertyValueSpecification\",\"valueRequired\":true,\"valueName\":\"search_term_string\"}}],\"inLanguage\":\"fr-FR\"},{\"@type\":\"Organization\",\"@id\":\"https:\\\/\\\/www.entreculturas.org\\\/fr\\\/#organization\",\"name\":\"Entreculturas\",\"url\":\"https:\\\/\\\/www.entreculturas.org\\\/fr\\\/\",\"logo\":{\"@type\":\"ImageObject\",\"inLanguage\":\"fr-FR\",\"@id\":\"https:\\\/\\\/www.entreculturas.org\\\/fr\\\/#\\\/schema\\\/logo\\\/image\\\/\",\"url\":\"https:\\\/\\\/www.entreculturas.org\\\/wp-content\\\/uploads\\\/2025\\\/10\\\/ESP.svg\",\"contentUrl\":\"https:\\\/\\\/www.entreculturas.org\\\/wp-content\\\/uploads\\\/2025\\\/10\\\/ESP.svg\",\"caption\":\"Entreculturas\"},\"image\":{\"@id\":\"https:\\\/\\\/www.entreculturas.org\\\/fr\\\/#\\\/schema\\\/logo\\\/image\\\/\"},\"sameAs\":[\"https:\\\/\\\/www.facebook.com\\\/entreculturas\",\"https:\\\/\\\/x.com\\\/Entreculturas\",\"https:\\\/\\\/www.instagram.com\\\/entreculturas\\\/\",\"https:\\\/\\\/www.youtube.com\\\/user\\\/entreculturasvideo\",\"https:\\\/\\\/www.linkedin.com\\\/company\\\/fundacion-entreculturas-ngdo\\\/\",\"https:\\\/\\\/www.flickr.com\\\/photos\\\/98455522@N04\\\/albums\\\/\"]}]}<\/script>\n<!-- \/ Yoast SEO Premium plugin. -->","yoast_head_json":{"title":"Las mujeres en Honduras exigieron justicia en el d\u00eda de la mujer hondure\u00f1a - Entreculturas","robots":{"index":"index","follow":"follow","max-snippet":"max-snippet:-1","max-image-preview":"max-image-preview:large","max-video-preview":"max-video-preview:-1"},"canonical":"https:\/\/www.entreculturas.org\/fr\/noticia\/las-mujeres-en-honduras-exigieron-justicia-en-el-dia-de-la-mujer-hondurena\/","og_locale":"fr_FR","og_type":"article","og_title":"Las mujeres en Honduras exigieron justicia en el d\u00eda de la mujer hondure\u00f1a","og_description":"La ma\u00f1ana del pasado 25 enero las organizaciones de mujeres caminaron por las calles de la ciudad de El Progreso, en el departamento de Yoro, al norte de Honduras, gritando consignas y portando pancartas con datos alarmantes de feminicidios que est\u00e1n en la impunidad en el pa\u00eds.","og_url":"https:\/\/www.entreculturas.org\/fr\/noticia\/las-mujeres-en-honduras-exigieron-justicia-en-el-dia-de-la-mujer-hondurena\/","og_site_name":"Entreculturas","article_publisher":"https:\/\/www.facebook.com\/entreculturas","article_modified_time":"2024-02-14T15:26:37+00:00","og_image":[{"width":2560,"height":1920,"url":"https:\/\/www.entreculturas.org\/wp-content\/uploads\/2023\/03\/4_0-scaled-1.jpg","type":"image\/jpeg"}],"twitter_card":"summary_large_image","twitter_site":"@Entreculturas","schema":{"@context":"https:\/\/schema.org","@graph":[{"@type":"WebPage","@id":"https:\/\/www.entreculturas.org\/fr\/noticia\/las-mujeres-en-honduras-exigieron-justicia-en-el-dia-de-la-mujer-hondurena\/","url":"https:\/\/www.entreculturas.org\/fr\/noticia\/las-mujeres-en-honduras-exigieron-justicia-en-el-dia-de-la-mujer-hondurena\/","name":"Las mujeres en Honduras exigieron justicia en el d\u00eda de la mujer hondure\u00f1a - Entreculturas","isPartOf":{"@id":"https:\/\/www.entreculturas.org\/fr\/#website"},"primaryImageOfPage":{"@id":"https:\/\/www.entreculturas.org\/fr\/noticia\/las-mujeres-en-honduras-exigieron-justicia-en-el-dia-de-la-mujer-hondurena\/#primaryimage"},"image":{"@id":"https:\/\/www.entreculturas.org\/fr\/noticia\/las-mujeres-en-honduras-exigieron-justicia-en-el-dia-de-la-mujer-hondurena\/#primaryimage"},"thumbnailUrl":"https:\/\/www.entreculturas.org\/wp-content\/uploads\/2023\/03\/4_0-scaled-1.jpg","datePublished":"2023-03-28T16:58:49+00:00","dateModified":"2024-02-14T15:26:37+00:00","breadcrumb":{"@id":"https:\/\/www.entreculturas.org\/fr\/noticia\/las-mujeres-en-honduras-exigieron-justicia-en-el-dia-de-la-mujer-hondurena\/#breadcrumb"},"inLanguage":"fr-FR","potentialAction":[{"@type":"ReadAction","target":["https:\/\/www.entreculturas.org\/fr\/noticia\/las-mujeres-en-honduras-exigieron-justicia-en-el-dia-de-la-mujer-hondurena\/"]}]},{"@type":"ImageObject","inLanguage":"fr-FR","@id":"https:\/\/www.entreculturas.org\/fr\/noticia\/las-mujeres-en-honduras-exigieron-justicia-en-el-dia-de-la-mujer-hondurena\/#primaryimage","url":"https:\/\/www.entreculturas.org\/wp-content\/uploads\/2023\/03\/4_0-scaled-1.jpg","contentUrl":"https:\/\/www.entreculturas.org\/wp-content\/uploads\/2023\/03\/4_0-scaled-1.jpg","width":2560,"height":1920},{"@type":"BreadcrumbList","@id":"https:\/\/www.entreculturas.org\/fr\/noticia\/las-mujeres-en-honduras-exigieron-justicia-en-el-dia-de-la-mujer-hondurena\/#breadcrumb","itemListElement":[{"@type":"ListItem","position":1,"name":"Home","item":"https:\/\/www.entreculturas.org\/fr\/"},{"@type":"ListItem","position":2,"name":"Noticias","item":"https:\/\/www.entreculturas.org\/fr\/noticias\/"},{"@type":"ListItem","position":3,"name":"Las mujeres en Honduras exigieron justicia en el d\u00eda de la mujer hondure\u00f1a"}]},{"@type":"WebSite","@id":"https:\/\/www.entreculturas.org\/fr\/#website","url":"https:\/\/www.entreculturas.org\/fr\/","name":"Entreculturas","description":"","publisher":{"@id":"https:\/\/www.entreculturas.org\/fr\/#organization"},"alternateName":"Entreculturas","potentialAction":[{"@type":"SearchAction","target":{"@type":"EntryPoint","urlTemplate":"https:\/\/www.entreculturas.org\/fr\/?s={search_term_string}"},"query-input":{"@type":"PropertyValueSpecification","valueRequired":true,"valueName":"search_term_string"}}],"inLanguage":"fr-FR"},{"@type":"Organization","@id":"https:\/\/www.entreculturas.org\/fr\/#organization","name":"Entreculturas","url":"https:\/\/www.entreculturas.org\/fr\/","logo":{"@type":"ImageObject","inLanguage":"fr-FR","@id":"https:\/\/www.entreculturas.org\/fr\/#\/schema\/logo\/image\/","url":"https:\/\/www.entreculturas.org\/wp-content\/uploads\/2025\/10\/ESP.svg","contentUrl":"https:\/\/www.entreculturas.org\/wp-content\/uploads\/2025\/10\/ESP.svg","caption":"Entreculturas"},"image":{"@id":"https:\/\/www.entreculturas.org\/fr\/#\/schema\/logo\/image\/"},"sameAs":["https:\/\/www.facebook.com\/entreculturas","https:\/\/x.com\/Entreculturas","https:\/\/www.instagram.com\/entreculturas\/","https:\/\/www.youtube.com\/user\/entreculturasvideo","https:\/\/www.linkedin.com\/company\/fundacion-entreculturas-ngdo\/","https:\/\/www.flickr.com\/photos\/98455522@N04\/albums\/"]}]}},"_links":{"self":[{"href":"https:\/\/www.entreculturas.org\/fr\/wp-json\/wp\/v2\/noticia\/6924","targetHints":{"allow":["GET"]}}],"collection":[{"href":"https:\/\/www.entreculturas.org\/fr\/wp-json\/wp\/v2\/noticia"}],"about":[{"href":"https:\/\/www.entreculturas.org\/fr\/wp-json\/wp\/v2\/types\/noticia"}],"wp:featuredmedia":[{"embeddable":true,"href":"https:\/\/www.entreculturas.org\/fr\/wp-json\/wp\/v2\/media\/6920"}],"wp:attachment":[{"href":"https:\/\/www.entreculturas.org\/fr\/wp-json\/wp\/v2\/media?parent=6924"}],"wp:term":[{"taxonomy":"category","embeddable":true,"href":"https:\/\/www.entreculturas.org\/fr\/wp-json\/wp\/v2\/categories?post=6924"},{"taxonomy":"post_tag","embeddable":true,"href":"https:\/\/www.entreculturas.org\/fr\/wp-json\/wp\/v2\/tags?post=6924"},{"taxonomy":"country","embeddable":true,"href":"https:\/\/www.entreculturas.org\/fr\/wp-json\/wp\/v2\/country?post=6924"},{"taxonomy":"cause","embeddable":true,"href":"https:\/\/www.entreculturas.org\/fr\/wp-json\/wp\/v2\/cause?post=6924"}],"curies":[{"name":"wp","href":"https:\/\/api.w.org\/{rel}","templated":true}]}}