{"id":6912,"date":"2023-03-16T10:58:06","date_gmt":"2023-03-16T10:58:06","guid":{"rendered":"https:\/\/entreculturasi.wpenginepowered.com\/?noticias=las-personas-venezolanas-refugiadas-y-forzadas-migrar-requieren-el-compromiso-de-la"},"modified":"2024-02-14T16:28:02","modified_gmt":"2024-02-14T15:28:02","slug":"las-personas-venezolanas-refugiadas-y-forzadas-migrar-requieren-el-compromiso-de-la","status":"publish","type":"noticia","link":"https:\/\/www.entreculturas.org\/fr\/noticia\/las-personas-venezolanas-refugiadas-y-forzadas-migrar-requieren-el-compromiso-de-la\/","title":{"rendered":"Las personas venezolanas refugiadas y forzadas a migrar requieren el compromiso de la comunidad internacional"},"content":{"rendered":"<\/p>\n<p><span style=\"font-size:11px\"><em>\u00a9 Sergi C\u00e1mara<\/em><\/span><\/p>\n<p>Este 16 y 17 de marzo se celebra&nbsp;en Bruselas la<strong> Conferencia Internacional de Donantes en Solidaridad con los Refugiados y Migrantes Venezolanos<\/strong>, en colaboraci\u00f3n con el Alto Comisionado de las Naciones Unidas para los Refugiados (ACNUR), la Organizaci\u00f3n Internacional para las Migraciones (OIM), la Uni\u00f3n Europea y el Gobierno de Canad\u00e1.<\/p>\n<p>Entreculturas junto a varias organizaciones de la Compa\u00f1\u00eda de Jes\u00fas y la Red Clamor <strong>nos hemos dirigido a personas representantes de los Estados<\/strong> y delegadas a esta Conferencia para presentar las realidades de los 7 millones de personas venezolanas que se han visto forzadas a abandonar su pa\u00eds como consecuencia de una crisis invisibilizada en el mundo, prolongada durante siete a\u00f1os.&nbsp;<\/p>\n<p>Como organizaciones de la Iglesia cat\u00f3lica <strong>pedimos a la comunidad internacional atender la situaci\u00f3n humanitaria en Venezuela<\/strong> e insistir en una salida democr\u00e1tica y pac\u00edfica a su crisis, ya que -mientras \u00e9sta persista- migrar seguir\u00e1 siendo la \u00fanica salida para salvaguardar la vida de muchas personas.&nbsp;<\/p>\n<p>Teniendo en cuenta los efectos de la pandemia y de las decisiones pol\u00edticas restrictivas, <strong>llamamos a los Estados a ratificar sus compromisos de protecci\u00f3n de derechos humanos de las personas refugiadas y forzadas<\/strong> a migrar. Igualmente, pedimos enfocar sus acciones en respuestas que permitan la regularizaci\u00f3n, integraci\u00f3n y el acceso a derechos humanos en los pa\u00edses receptores de manera que las personas puedan contribuir en y con las comunidades de acogida desde el desarrollo de sus proyectos de vida.&nbsp;<\/p>\n<p><strong>Insistimos en la solidaridad, la acogida, la hospitalidad<\/strong> y la reconciliaci\u00f3n como principios que permiten reconocer y potencializar los aspectos positivos de la migraci\u00f3n, y para contrarrestar la discriminaci\u00f3n y la xenofobia. Esta Conferencia es una oportunidad para comprometer los recursos necesarios que permitan alcanzar las metas y los compromisos internacionales, as\u00ed como brindar una respuesta coordinada entre los Estados y las organizaciones internacionales.<\/p>\n<p>Organizaciones firmantes:<\/p>\n<ul>\n<li>Alboan<\/li>\n<li>Canadian Jesuits International&nbsp;<\/li>\n<li>Entreculturas<\/li>\n<li>Federaci\u00f3n Internacional Fe y Alegr\u00eda<\/li>\n<li>GIAN Migraciones<\/li>\n<li>Jesuit Refugee Service<\/li>\n<li>Magis Americas<\/li>\n<li>Red CLAMOR<\/li>\n<li>Red Jesuita con Migrantes<\/li>\n<\/ul>\n<p>&nbsp;<\/p>\n","protected":false},"excerpt":{"rendered":"<p>Este 16 y 17 de marzo se celebra en Bruselas la Conferencia Internacional de Donantes en Solidaridad con los Refugiados y Migrantes Venezolanos, en colaboraci\u00f3n con el Alto Comisionado de las Naciones Unidas para los Refugiados (ACNUR), la Organizaci\u00f3n Internacional para las Migraciones (OIM), la Uni\u00f3n Europea y el Gobierno de Canad\u00e1.<\/p>\n","protected":false},"featured_media":6911,"template":"single-noticia","meta":{"_acf_changed":false},"categories":[7],"tags":[10],"country":[127],"cause":[129],"class_list":["post-6912","noticia","type-noticia","status-publish","has-post-thumbnail","hentry","category-noticia","tag-migracion-y-refugio","country-venezuela","cause-migracion-y-refugio"],"acf":[],"yoast_head":"<!-- This site is optimized with the Yoast SEO Premium plugin v21.6 (Yoast SEO v27.5) - https:\/\/yoast.com\/product\/yoast-seo-premium-wordpress\/ -->\n<title>Las personas venezolanas refugiadas y forzadas a migrar requieren el compromiso de la comunidad internacional - Entreculturas<\/title>\n<meta name=\"robots\" content=\"index, follow, max-snippet:-1, max-image-preview:large, max-video-preview:-1\" \/>\n<link rel=\"canonical\" href=\"https:\/\/www.entreculturas.org\/fr\/noticia\/las-personas-venezolanas-refugiadas-y-forzadas-migrar-requieren-el-compromiso-de-la\/\" \/>\n<meta property=\"og:locale\" content=\"fr_FR\" \/>\n<meta property=\"og:type\" content=\"article\" \/>\n<meta property=\"og:title\" content=\"Las personas venezolanas refugiadas y forzadas a migrar requieren el compromiso de la comunidad internacional\" \/>\n<meta property=\"og:description\" content=\"Este 16 y 17 de marzo se celebra en Bruselas la Conferencia Internacional de Donantes en Solidaridad con los Refugiados y Migrantes Venezolanos, en colaboraci\u00f3n con el Alto Comisionado de las Naciones Unidas para los Refugiados (ACNUR), la Organizaci\u00f3n Internacional para las Migraciones (OIM), la Uni\u00f3n Europea y el Gobierno de Canad\u00e1.\" \/>\n<meta property=\"og:url\" content=\"https:\/\/www.entreculturas.org\/fr\/noticia\/las-personas-venezolanas-refugiadas-y-forzadas-migrar-requieren-el-compromiso-de-la\/\" \/>\n<meta property=\"og:site_name\" content=\"Entreculturas\" \/>\n<meta property=\"article:publisher\" content=\"https:\/\/www.facebook.com\/entreculturas\" \/>\n<meta property=\"article:modified_time\" content=\"2024-02-14T15:28:02+00:00\" \/>\n<meta property=\"og:image\" content=\"https:\/\/www.entreculturas.org\/wp-content\/uploads\/2023\/03\/img_5652.jpg\" \/>\n\t<meta property=\"og:image:width\" content=\"800\" \/>\n\t<meta property=\"og:image:height\" content=\"533\" \/>\n\t<meta property=\"og:image:type\" content=\"image\/jpeg\" \/>\n<meta name=\"twitter:card\" content=\"summary_large_image\" \/>\n<meta name=\"twitter:site\" content=\"@Entreculturas\" \/>\n<script type=\"application\/ld+json\" class=\"yoast-schema-graph\">{\"@context\":\"https:\\\/\\\/schema.org\",\"@graph\":[{\"@type\":\"WebPage\",\"@id\":\"https:\\\/\\\/www.entreculturas.org\\\/fr\\\/noticia\\\/las-personas-venezolanas-refugiadas-y-forzadas-migrar-requieren-el-compromiso-de-la\\\/\",\"url\":\"https:\\\/\\\/www.entreculturas.org\\\/fr\\\/noticia\\\/las-personas-venezolanas-refugiadas-y-forzadas-migrar-requieren-el-compromiso-de-la\\\/\",\"name\":\"Las personas venezolanas refugiadas y forzadas a migrar requieren el compromiso de la comunidad internacional - Entreculturas\",\"isPartOf\":{\"@id\":\"https:\\\/\\\/www.entreculturas.org\\\/fr\\\/#website\"},\"primaryImageOfPage\":{\"@id\":\"https:\\\/\\\/www.entreculturas.org\\\/fr\\\/noticia\\\/las-personas-venezolanas-refugiadas-y-forzadas-migrar-requieren-el-compromiso-de-la\\\/#primaryimage\"},\"image\":{\"@id\":\"https:\\\/\\\/www.entreculturas.org\\\/fr\\\/noticia\\\/las-personas-venezolanas-refugiadas-y-forzadas-migrar-requieren-el-compromiso-de-la\\\/#primaryimage\"},\"thumbnailUrl\":\"https:\\\/\\\/www.entreculturas.org\\\/wp-content\\\/uploads\\\/2023\\\/03\\\/img_5652.jpg\",\"datePublished\":\"2023-03-16T10:58:06+00:00\",\"dateModified\":\"2024-02-14T15:28:02+00:00\",\"breadcrumb\":{\"@id\":\"https:\\\/\\\/www.entreculturas.org\\\/fr\\\/noticia\\\/las-personas-venezolanas-refugiadas-y-forzadas-migrar-requieren-el-compromiso-de-la\\\/#breadcrumb\"},\"inLanguage\":\"fr-FR\",\"potentialAction\":[{\"@type\":\"ReadAction\",\"target\":[\"https:\\\/\\\/www.entreculturas.org\\\/fr\\\/noticia\\\/las-personas-venezolanas-refugiadas-y-forzadas-migrar-requieren-el-compromiso-de-la\\\/\"]}]},{\"@type\":\"ImageObject\",\"inLanguage\":\"fr-FR\",\"@id\":\"https:\\\/\\\/www.entreculturas.org\\\/fr\\\/noticia\\\/las-personas-venezolanas-refugiadas-y-forzadas-migrar-requieren-el-compromiso-de-la\\\/#primaryimage\",\"url\":\"https:\\\/\\\/www.entreculturas.org\\\/wp-content\\\/uploads\\\/2023\\\/03\\\/img_5652.jpg\",\"contentUrl\":\"https:\\\/\\\/www.entreculturas.org\\\/wp-content\\\/uploads\\\/2023\\\/03\\\/img_5652.jpg\",\"width\":800,\"height\":533},{\"@type\":\"BreadcrumbList\",\"@id\":\"https:\\\/\\\/www.entreculturas.org\\\/fr\\\/noticia\\\/las-personas-venezolanas-refugiadas-y-forzadas-migrar-requieren-el-compromiso-de-la\\\/#breadcrumb\",\"itemListElement\":[{\"@type\":\"ListItem\",\"position\":1,\"name\":\"Home\",\"item\":\"https:\\\/\\\/www.entreculturas.org\\\/fr\\\/\"},{\"@type\":\"ListItem\",\"position\":2,\"name\":\"Noticias\",\"item\":\"https:\\\/\\\/www.entreculturas.org\\\/fr\\\/noticias\\\/\"},{\"@type\":\"ListItem\",\"position\":3,\"name\":\"Las personas venezolanas refugiadas y forzadas a migrar requieren el compromiso de la comunidad internacional\"}]},{\"@type\":\"WebSite\",\"@id\":\"https:\\\/\\\/www.entreculturas.org\\\/fr\\\/#website\",\"url\":\"https:\\\/\\\/www.entreculturas.org\\\/fr\\\/\",\"name\":\"Entreculturas\",\"description\":\"\",\"publisher\":{\"@id\":\"https:\\\/\\\/www.entreculturas.org\\\/fr\\\/#organization\"},\"alternateName\":\"Entreculturas\",\"potentialAction\":[{\"@type\":\"SearchAction\",\"target\":{\"@type\":\"EntryPoint\",\"urlTemplate\":\"https:\\\/\\\/www.entreculturas.org\\\/fr\\\/?s={search_term_string}\"},\"query-input\":{\"@type\":\"PropertyValueSpecification\",\"valueRequired\":true,\"valueName\":\"search_term_string\"}}],\"inLanguage\":\"fr-FR\"},{\"@type\":\"Organization\",\"@id\":\"https:\\\/\\\/www.entreculturas.org\\\/fr\\\/#organization\",\"name\":\"Entreculturas\",\"url\":\"https:\\\/\\\/www.entreculturas.org\\\/fr\\\/\",\"logo\":{\"@type\":\"ImageObject\",\"inLanguage\":\"fr-FR\",\"@id\":\"https:\\\/\\\/www.entreculturas.org\\\/fr\\\/#\\\/schema\\\/logo\\\/image\\\/\",\"url\":\"https:\\\/\\\/www.entreculturas.org\\\/wp-content\\\/uploads\\\/2025\\\/10\\\/ESP.svg\",\"contentUrl\":\"https:\\\/\\\/www.entreculturas.org\\\/wp-content\\\/uploads\\\/2025\\\/10\\\/ESP.svg\",\"caption\":\"Entreculturas\"},\"image\":{\"@id\":\"https:\\\/\\\/www.entreculturas.org\\\/fr\\\/#\\\/schema\\\/logo\\\/image\\\/\"},\"sameAs\":[\"https:\\\/\\\/www.facebook.com\\\/entreculturas\",\"https:\\\/\\\/x.com\\\/Entreculturas\",\"https:\\\/\\\/www.instagram.com\\\/entreculturas\\\/\",\"https:\\\/\\\/www.youtube.com\\\/user\\\/entreculturasvideo\",\"https:\\\/\\\/www.linkedin.com\\\/company\\\/fundacion-entreculturas-ngdo\\\/\",\"https:\\\/\\\/www.flickr.com\\\/photos\\\/98455522@N04\\\/albums\\\/\"]}]}<\/script>\n<!-- \/ Yoast SEO Premium plugin. -->","yoast_head_json":{"title":"Las personas venezolanas refugiadas y forzadas a migrar requieren el compromiso de la comunidad internacional - Entreculturas","robots":{"index":"index","follow":"follow","max-snippet":"max-snippet:-1","max-image-preview":"max-image-preview:large","max-video-preview":"max-video-preview:-1"},"canonical":"https:\/\/www.entreculturas.org\/fr\/noticia\/las-personas-venezolanas-refugiadas-y-forzadas-migrar-requieren-el-compromiso-de-la\/","og_locale":"fr_FR","og_type":"article","og_title":"Las personas venezolanas refugiadas y forzadas a migrar requieren el compromiso de la comunidad internacional","og_description":"Este 16 y 17 de marzo se celebra en Bruselas la Conferencia Internacional de Donantes en Solidaridad con los Refugiados y Migrantes Venezolanos, en colaboraci\u00f3n con el Alto Comisionado de las Naciones Unidas para los Refugiados (ACNUR), la Organizaci\u00f3n Internacional para las Migraciones (OIM), la Uni\u00f3n Europea y el Gobierno de Canad\u00e1.","og_url":"https:\/\/www.entreculturas.org\/fr\/noticia\/las-personas-venezolanas-refugiadas-y-forzadas-migrar-requieren-el-compromiso-de-la\/","og_site_name":"Entreculturas","article_publisher":"https:\/\/www.facebook.com\/entreculturas","article_modified_time":"2024-02-14T15:28:02+00:00","og_image":[{"width":800,"height":533,"url":"https:\/\/www.entreculturas.org\/wp-content\/uploads\/2023\/03\/img_5652.jpg","type":"image\/jpeg"}],"twitter_card":"summary_large_image","twitter_site":"@Entreculturas","schema":{"@context":"https:\/\/schema.org","@graph":[{"@type":"WebPage","@id":"https:\/\/www.entreculturas.org\/fr\/noticia\/las-personas-venezolanas-refugiadas-y-forzadas-migrar-requieren-el-compromiso-de-la\/","url":"https:\/\/www.entreculturas.org\/fr\/noticia\/las-personas-venezolanas-refugiadas-y-forzadas-migrar-requieren-el-compromiso-de-la\/","name":"Las personas venezolanas refugiadas y forzadas a migrar requieren el compromiso de la comunidad internacional - Entreculturas","isPartOf":{"@id":"https:\/\/www.entreculturas.org\/fr\/#website"},"primaryImageOfPage":{"@id":"https:\/\/www.entreculturas.org\/fr\/noticia\/las-personas-venezolanas-refugiadas-y-forzadas-migrar-requieren-el-compromiso-de-la\/#primaryimage"},"image":{"@id":"https:\/\/www.entreculturas.org\/fr\/noticia\/las-personas-venezolanas-refugiadas-y-forzadas-migrar-requieren-el-compromiso-de-la\/#primaryimage"},"thumbnailUrl":"https:\/\/www.entreculturas.org\/wp-content\/uploads\/2023\/03\/img_5652.jpg","datePublished":"2023-03-16T10:58:06+00:00","dateModified":"2024-02-14T15:28:02+00:00","breadcrumb":{"@id":"https:\/\/www.entreculturas.org\/fr\/noticia\/las-personas-venezolanas-refugiadas-y-forzadas-migrar-requieren-el-compromiso-de-la\/#breadcrumb"},"inLanguage":"fr-FR","potentialAction":[{"@type":"ReadAction","target":["https:\/\/www.entreculturas.org\/fr\/noticia\/las-personas-venezolanas-refugiadas-y-forzadas-migrar-requieren-el-compromiso-de-la\/"]}]},{"@type":"ImageObject","inLanguage":"fr-FR","@id":"https:\/\/www.entreculturas.org\/fr\/noticia\/las-personas-venezolanas-refugiadas-y-forzadas-migrar-requieren-el-compromiso-de-la\/#primaryimage","url":"https:\/\/www.entreculturas.org\/wp-content\/uploads\/2023\/03\/img_5652.jpg","contentUrl":"https:\/\/www.entreculturas.org\/wp-content\/uploads\/2023\/03\/img_5652.jpg","width":800,"height":533},{"@type":"BreadcrumbList","@id":"https:\/\/www.entreculturas.org\/fr\/noticia\/las-personas-venezolanas-refugiadas-y-forzadas-migrar-requieren-el-compromiso-de-la\/#breadcrumb","itemListElement":[{"@type":"ListItem","position":1,"name":"Home","item":"https:\/\/www.entreculturas.org\/fr\/"},{"@type":"ListItem","position":2,"name":"Noticias","item":"https:\/\/www.entreculturas.org\/fr\/noticias\/"},{"@type":"ListItem","position":3,"name":"Las personas venezolanas refugiadas y forzadas a migrar requieren el compromiso de la comunidad internacional"}]},{"@type":"WebSite","@id":"https:\/\/www.entreculturas.org\/fr\/#website","url":"https:\/\/www.entreculturas.org\/fr\/","name":"Entreculturas","description":"","publisher":{"@id":"https:\/\/www.entreculturas.org\/fr\/#organization"},"alternateName":"Entreculturas","potentialAction":[{"@type":"SearchAction","target":{"@type":"EntryPoint","urlTemplate":"https:\/\/www.entreculturas.org\/fr\/?s={search_term_string}"},"query-input":{"@type":"PropertyValueSpecification","valueRequired":true,"valueName":"search_term_string"}}],"inLanguage":"fr-FR"},{"@type":"Organization","@id":"https:\/\/www.entreculturas.org\/fr\/#organization","name":"Entreculturas","url":"https:\/\/www.entreculturas.org\/fr\/","logo":{"@type":"ImageObject","inLanguage":"fr-FR","@id":"https:\/\/www.entreculturas.org\/fr\/#\/schema\/logo\/image\/","url":"https:\/\/www.entreculturas.org\/wp-content\/uploads\/2025\/10\/ESP.svg","contentUrl":"https:\/\/www.entreculturas.org\/wp-content\/uploads\/2025\/10\/ESP.svg","caption":"Entreculturas"},"image":{"@id":"https:\/\/www.entreculturas.org\/fr\/#\/schema\/logo\/image\/"},"sameAs":["https:\/\/www.facebook.com\/entreculturas","https:\/\/x.com\/Entreculturas","https:\/\/www.instagram.com\/entreculturas\/","https:\/\/www.youtube.com\/user\/entreculturasvideo","https:\/\/www.linkedin.com\/company\/fundacion-entreculturas-ngdo\/","https:\/\/www.flickr.com\/photos\/98455522@N04\/albums\/"]}]}},"_links":{"self":[{"href":"https:\/\/www.entreculturas.org\/fr\/wp-json\/wp\/v2\/noticia\/6912","targetHints":{"allow":["GET"]}}],"collection":[{"href":"https:\/\/www.entreculturas.org\/fr\/wp-json\/wp\/v2\/noticia"}],"about":[{"href":"https:\/\/www.entreculturas.org\/fr\/wp-json\/wp\/v2\/types\/noticia"}],"wp:featuredmedia":[{"embeddable":true,"href":"https:\/\/www.entreculturas.org\/fr\/wp-json\/wp\/v2\/media\/6911"}],"wp:attachment":[{"href":"https:\/\/www.entreculturas.org\/fr\/wp-json\/wp\/v2\/media?parent=6912"}],"wp:term":[{"taxonomy":"category","embeddable":true,"href":"https:\/\/www.entreculturas.org\/fr\/wp-json\/wp\/v2\/categories?post=6912"},{"taxonomy":"post_tag","embeddable":true,"href":"https:\/\/www.entreculturas.org\/fr\/wp-json\/wp\/v2\/tags?post=6912"},{"taxonomy":"country","embeddable":true,"href":"https:\/\/www.entreculturas.org\/fr\/wp-json\/wp\/v2\/country?post=6912"},{"taxonomy":"cause","embeddable":true,"href":"https:\/\/www.entreculturas.org\/fr\/wp-json\/wp\/v2\/cause?post=6912"}],"curies":[{"name":"wp","href":"https:\/\/api.w.org\/{rel}","templated":true}]}}