{"id":6895,"date":"2023-03-02T10:24:02","date_gmt":"2023-03-02T10:24:02","guid":{"rendered":"https:\/\/entreculturasi.wpenginepowered.com\/?noticias=la-realidad-educativa-en-venezuela"},"modified":"2024-02-14T16:30:39","modified_gmt":"2024-02-14T15:30:39","slug":"la-realidad-educativa-en-venezuela","status":"publish","type":"noticia","link":"https:\/\/www.entreculturas.org\/fr\/noticia\/la-realidad-educativa-en-venezuela\/","title":{"rendered":"La realidad educativa en Venezuela"},"content":{"rendered":"<\/p>\n<p>Nos acercamos a la realidad educativa y social de Venezuela en esta entrevista a tres voces de la mano<strong> de Yaika Webber, Ricardo Cabrero y Javier Izquierdo<\/strong>. Yaika trabaja en Fe y Alegr\u00eda Venezuela, donde coordina el desarrollo de una unidad que tiene como misi\u00f3n apoyar, promover e impulsar el desarrollo de los 4 programas de educaci\u00f3n, y Ricardo y Javier son t\u00e9cnicos de proyectos de Entreculturas, y trabajan como expatriados desde Venezuela.<\/p>\n<h3>Cu\u00e9ntanos, Yaika, \u00bfc\u00f3mo es el contexto que vive la infancia actualmente en Venezuela, en el que Fe y Alegr\u00eda desarrolla su labor?<\/h3>\n<p>Yaika: Los ni\u00f1os, las ni\u00f1as y adolescentes de Venezuela han sido grandemente impactados por la crisis. Somos un pa\u00eds que en los \u00faltimos 6 a\u00f1os ha estado expuesto a una emergencia humanitaria, a un fen\u00f3meno nuevo como la emigraci\u00f3n, y esto se ha venido a agravar con los efectos de la pandemia. Los ni\u00f1os y ni\u00f1as que atendemos desde Fe y Alegr\u00eda, que est\u00e1n en situaci\u00f3n de vulnerabilidad, sufren un fuerte impacto de la situaci\u00f3n social y econ\u00f3mica que tiene y ha tenido el pa\u00eds en los \u00faltimos tiempos. Ha estado muy afectado por los temas de alimentaci\u00f3n y acceso a los servicios p\u00fablicos.<\/p>\n<h3>Esta situaci\u00f3n habr\u00e1 tenido un impacto importante en su derecho a la educaci\u00f3n.<\/h3>\n<p><strong>Yaika: <\/strong>S\u00ed. En todos estos fen\u00f3menos que se han venido encima a la sociedad venezolana, a los m\u00e1s vulnerables, los m\u00e1s peque\u00f1os, les impacta grandemente. Las dificultades de transporte, ya que cada vez es m\u00e1s dif\u00edcil que puedan trasladarse de sus hogares a los centros educativos; la problem\u00e1tica que vive nuestro personal docente, que tiene un muy bajo ingreso por la labor tan grande que deben desarrollar, y hace que muchas veces que los centros educativos no encuentren personal necesario; el hecho de que a las familias vivan un mundo de problem\u00e1ticas y el ni\u00f1o muchas veces se ve obligado a trabajar o a quedarse en su casa por dificultades de acceso y medios para poder desplazarse, alimentaci\u00f3n, ropa, de calzado\u2026 Estos son los fen\u00f3menos que en Fe y Alegr\u00eda vamos acompa\u00f1ando, atendiendo, como una gran red de solidaridad.<\/p>\n<h3>El profesorado, como coment\u00e1is, es un pilar fundamental en el derecho a la educaci\u00f3n. \u00bfPodr\u00edais profundizar en su realidad actual en Venezuela?<\/h3>\n<p><strong>Javier:<\/strong> El profesorado en Venezuela, como en cualquier otro pa\u00eds, es el pilar b\u00e1sico de la escuela. Antiguamente ser profesor o profesora en Venezuela conllevaba un estatus social y econ\u00f3mico muy reconocido, pero ahora este estatus se ha visto reducido: el profesorado est\u00e1 trabajando de manera voluntaria, porque se les ha reducido much\u00edsimo el salario. El sueldo de un profesor\/a oscila entre 15 y 30 d\u00f3lares mensuales. \u00bfC\u00f3mo afecta esto a los alumnos? Si no tenemos docentes, la oferta educativa se ve reducida: est\u00e1 habiendo mucha deserci\u00f3n del equipo docente. Por eso, desde Fe y Alegr\u00eda y Entreculturas trabajamos para combatir esta situaci\u00f3n. Por ejemplo, desde el proyecto financiado por ECHO (agencia de la Uni\u00f3n Europea) y desde el proyecto de la AECID estamos dando becas al profesorado, para contribuir a sus desplazamientos y alimentaci\u00f3n. Se trata de una beca de 15-20 d\u00f3lares que contribuye a reducir esa deserci\u00f3n.<\/p>\n<h3>Como comenta Javier, uno de los proyectos que Entreculturas y Fe y Alegr\u00eda Venezuela est\u00e1n llevado a cabo es el financiado por ECHO. \u00bfEn qu\u00e9 consiste? \u00bfDesde cu\u00e1ndo se lleva a cabo y de qu\u00e9 l\u00edneas de trabajo consta?<\/h3>\n<p><strong>Ricardo:<\/strong> La primera fase del proyecto tuvo m\u00e1s que ver con seguridad alimentaria, y el proyecto que actualmente estamos ejecutando es un proyecto mucho m\u00e1s integral, de ayuda en emergencia, sobre todo de educaci\u00f3n. Las l\u00edneas prioritarias son seguridad alimentaria, atenci\u00f3n psicosocial, salud (a trav\u00e9s de jornadas m\u00e9dicas), reducci\u00f3n de la brecha digital y mejora de las pedagog\u00edas. Y lo llevamos a cabo en 20 escuelas de 5 Estados de Venezuela: Anzo\u00e1tegui, Miranda, Sucre, T\u00e1chira y Apure.<\/p>\n<h3>\u00bfCu\u00e1l es el futuro de esta intervenci\u00f3n? \u00bfA qu\u00e9 retos dar\u00e1 respuesta pr\u00f3ximamente?<\/h3>\n<p><strong>Yaika:<\/strong> Las zonas priorizadas para este tipo de proyectos siguen expuestas a grandes desaf\u00edos. El proyecto est\u00e1 en zonas geogr\u00e1ficas donde la migraci\u00f3n es un tema de gran impacto, de impacto negativo. Este tipo de apoyos van a permitir consolidar los procesos que contribuyen a que los ni\u00f1os, ni\u00f1as y adolescentes considerados como los m\u00e1s vulnerables puedan tener permanencia escolar, asentar su formaci\u00f3n y tener mayor calidad de vida. En definitiva, que puedan tener un acceso a la educaci\u00f3n y que la comunidad educativa se quede m\u00e1s fortalecida, siendo capaces de asegurar el derecho de acceso a la educaci\u00f3n, la justicia educativa que queremos.<\/p>\n","protected":false},"excerpt":{"rendered":"<p>Nos acercamos a la realidad educativa y social de Venezuela en esta entrevista a tres voces de la mano de Yaika Webber, Ricardo Cabrero y Javier Izquierdo. Yaika trabaja en Fe y Alegr\u00eda Venezuela, donde coordina el desarrollo de una unidad que tiene como misi\u00f3n apoyar, promover e impulsar el desarrollo de los 4 programas de educaci\u00f3n, y Ricardo y Javier son t\u00e9cnicos de proyectos de Entreculturas, y trabajan como expatriados desde Venezuela.<\/p>\n","protected":false},"featured_media":6894,"template":"single-noticia","meta":{"_acf_changed":false},"categories":[7],"tags":[289],"country":[127],"cause":[128],"class_list":["post-6895","noticia","type-noticia","status-publish","has-post-thumbnail","hentry","category-noticia","tag-educacion","country-venezuela","cause-educacion"],"acf":[],"yoast_head":"<!-- This site is optimized with the Yoast SEO Premium plugin v21.6 (Yoast SEO v27.5) - https:\/\/yoast.com\/product\/yoast-seo-premium-wordpress\/ -->\n<title>La realidad educativa en Venezuela - Entreculturas<\/title>\n<meta name=\"robots\" content=\"index, follow, max-snippet:-1, max-image-preview:large, max-video-preview:-1\" \/>\n<link rel=\"canonical\" href=\"https:\/\/www.entreculturas.org\/fr\/noticia\/la-realidad-educativa-en-venezuela\/\" \/>\n<meta property=\"og:locale\" content=\"fr_FR\" \/>\n<meta property=\"og:type\" content=\"article\" \/>\n<meta property=\"og:title\" content=\"La realidad educativa en Venezuela\" \/>\n<meta property=\"og:description\" content=\"Nos acercamos a la realidad educativa y social de Venezuela en esta entrevista a tres voces de la mano de Yaika Webber, Ricardo Cabrero y Javier Izquierdo. Yaika trabaja en Fe y Alegr\u00eda Venezuela, donde coordina el desarrollo de una unidad que tiene como misi\u00f3n apoyar, promover e impulsar el desarrollo de los 4 programas de educaci\u00f3n, y Ricardo y Javier son t\u00e9cnicos de proyectos de Entreculturas, y trabajan como expatriados desde Venezuela.\" \/>\n<meta property=\"og:url\" content=\"https:\/\/www.entreculturas.org\/fr\/noticia\/la-realidad-educativa-en-venezuela\/\" \/>\n<meta property=\"og:site_name\" content=\"Entreculturas\" \/>\n<meta property=\"article:publisher\" content=\"https:\/\/www.facebook.com\/entreculturas\" \/>\n<meta property=\"article:modified_time\" content=\"2024-02-14T15:30:39+00:00\" \/>\n<meta property=\"og:image\" content=\"https:\/\/www.entreculturas.org\/wp-content\/uploads\/2023\/03\/foto_1.jpg\" \/>\n\t<meta property=\"og:image:width\" content=\"800\" \/>\n\t<meta property=\"og:image:height\" content=\"533\" \/>\n\t<meta property=\"og:image:type\" content=\"image\/jpeg\" \/>\n<meta name=\"twitter:card\" content=\"summary_large_image\" \/>\n<meta name=\"twitter:site\" content=\"@Entreculturas\" \/>\n<script type=\"application\/ld+json\" class=\"yoast-schema-graph\">{\"@context\":\"https:\\\/\\\/schema.org\",\"@graph\":[{\"@type\":\"WebPage\",\"@id\":\"https:\\\/\\\/www.entreculturas.org\\\/fr\\\/noticia\\\/la-realidad-educativa-en-venezuela\\\/\",\"url\":\"https:\\\/\\\/www.entreculturas.org\\\/fr\\\/noticia\\\/la-realidad-educativa-en-venezuela\\\/\",\"name\":\"La realidad educativa en Venezuela - Entreculturas\",\"isPartOf\":{\"@id\":\"https:\\\/\\\/www.entreculturas.org\\\/fr\\\/#website\"},\"primaryImageOfPage\":{\"@id\":\"https:\\\/\\\/www.entreculturas.org\\\/fr\\\/noticia\\\/la-realidad-educativa-en-venezuela\\\/#primaryimage\"},\"image\":{\"@id\":\"https:\\\/\\\/www.entreculturas.org\\\/fr\\\/noticia\\\/la-realidad-educativa-en-venezuela\\\/#primaryimage\"},\"thumbnailUrl\":\"https:\\\/\\\/www.entreculturas.org\\\/wp-content\\\/uploads\\\/2023\\\/03\\\/foto_1.jpg\",\"datePublished\":\"2023-03-02T10:24:02+00:00\",\"dateModified\":\"2024-02-14T15:30:39+00:00\",\"breadcrumb\":{\"@id\":\"https:\\\/\\\/www.entreculturas.org\\\/fr\\\/noticia\\\/la-realidad-educativa-en-venezuela\\\/#breadcrumb\"},\"inLanguage\":\"fr-FR\",\"potentialAction\":[{\"@type\":\"ReadAction\",\"target\":[\"https:\\\/\\\/www.entreculturas.org\\\/fr\\\/noticia\\\/la-realidad-educativa-en-venezuela\\\/\"]}]},{\"@type\":\"ImageObject\",\"inLanguage\":\"fr-FR\",\"@id\":\"https:\\\/\\\/www.entreculturas.org\\\/fr\\\/noticia\\\/la-realidad-educativa-en-venezuela\\\/#primaryimage\",\"url\":\"https:\\\/\\\/www.entreculturas.org\\\/wp-content\\\/uploads\\\/2023\\\/03\\\/foto_1.jpg\",\"contentUrl\":\"https:\\\/\\\/www.entreculturas.org\\\/wp-content\\\/uploads\\\/2023\\\/03\\\/foto_1.jpg\",\"width\":800,\"height\":533},{\"@type\":\"BreadcrumbList\",\"@id\":\"https:\\\/\\\/www.entreculturas.org\\\/fr\\\/noticia\\\/la-realidad-educativa-en-venezuela\\\/#breadcrumb\",\"itemListElement\":[{\"@type\":\"ListItem\",\"position\":1,\"name\":\"Home\",\"item\":\"https:\\\/\\\/www.entreculturas.org\\\/fr\\\/\"},{\"@type\":\"ListItem\",\"position\":2,\"name\":\"Noticias\",\"item\":\"https:\\\/\\\/www.entreculturas.org\\\/fr\\\/noticias\\\/\"},{\"@type\":\"ListItem\",\"position\":3,\"name\":\"La realidad educativa en Venezuela\"}]},{\"@type\":\"WebSite\",\"@id\":\"https:\\\/\\\/www.entreculturas.org\\\/fr\\\/#website\",\"url\":\"https:\\\/\\\/www.entreculturas.org\\\/fr\\\/\",\"name\":\"Entreculturas\",\"description\":\"\",\"publisher\":{\"@id\":\"https:\\\/\\\/www.entreculturas.org\\\/fr\\\/#organization\"},\"alternateName\":\"Entreculturas\",\"potentialAction\":[{\"@type\":\"SearchAction\",\"target\":{\"@type\":\"EntryPoint\",\"urlTemplate\":\"https:\\\/\\\/www.entreculturas.org\\\/fr\\\/?s={search_term_string}\"},\"query-input\":{\"@type\":\"PropertyValueSpecification\",\"valueRequired\":true,\"valueName\":\"search_term_string\"}}],\"inLanguage\":\"fr-FR\"},{\"@type\":\"Organization\",\"@id\":\"https:\\\/\\\/www.entreculturas.org\\\/fr\\\/#organization\",\"name\":\"Entreculturas\",\"url\":\"https:\\\/\\\/www.entreculturas.org\\\/fr\\\/\",\"logo\":{\"@type\":\"ImageObject\",\"inLanguage\":\"fr-FR\",\"@id\":\"https:\\\/\\\/www.entreculturas.org\\\/fr\\\/#\\\/schema\\\/logo\\\/image\\\/\",\"url\":\"https:\\\/\\\/www.entreculturas.org\\\/wp-content\\\/uploads\\\/2025\\\/10\\\/ESP.svg\",\"contentUrl\":\"https:\\\/\\\/www.entreculturas.org\\\/wp-content\\\/uploads\\\/2025\\\/10\\\/ESP.svg\",\"caption\":\"Entreculturas\"},\"image\":{\"@id\":\"https:\\\/\\\/www.entreculturas.org\\\/fr\\\/#\\\/schema\\\/logo\\\/image\\\/\"},\"sameAs\":[\"https:\\\/\\\/www.facebook.com\\\/entreculturas\",\"https:\\\/\\\/x.com\\\/Entreculturas\",\"https:\\\/\\\/www.instagram.com\\\/entreculturas\\\/\",\"https:\\\/\\\/www.youtube.com\\\/user\\\/entreculturasvideo\",\"https:\\\/\\\/www.linkedin.com\\\/company\\\/fundacion-entreculturas-ngdo\\\/\",\"https:\\\/\\\/www.flickr.com\\\/photos\\\/98455522@N04\\\/albums\\\/\"]}]}<\/script>\n<!-- \/ Yoast SEO Premium plugin. -->","yoast_head_json":{"title":"La realidad educativa en Venezuela - Entreculturas","robots":{"index":"index","follow":"follow","max-snippet":"max-snippet:-1","max-image-preview":"max-image-preview:large","max-video-preview":"max-video-preview:-1"},"canonical":"https:\/\/www.entreculturas.org\/fr\/noticia\/la-realidad-educativa-en-venezuela\/","og_locale":"fr_FR","og_type":"article","og_title":"La realidad educativa en Venezuela","og_description":"Nos acercamos a la realidad educativa y social de Venezuela en esta entrevista a tres voces de la mano de Yaika Webber, Ricardo Cabrero y Javier Izquierdo. Yaika trabaja en Fe y Alegr\u00eda Venezuela, donde coordina el desarrollo de una unidad que tiene como misi\u00f3n apoyar, promover e impulsar el desarrollo de los 4 programas de educaci\u00f3n, y Ricardo y Javier son t\u00e9cnicos de proyectos de Entreculturas, y trabajan como expatriados desde Venezuela.","og_url":"https:\/\/www.entreculturas.org\/fr\/noticia\/la-realidad-educativa-en-venezuela\/","og_site_name":"Entreculturas","article_publisher":"https:\/\/www.facebook.com\/entreculturas","article_modified_time":"2024-02-14T15:30:39+00:00","og_image":[{"width":800,"height":533,"url":"https:\/\/www.entreculturas.org\/wp-content\/uploads\/2023\/03\/foto_1.jpg","type":"image\/jpeg"}],"twitter_card":"summary_large_image","twitter_site":"@Entreculturas","schema":{"@context":"https:\/\/schema.org","@graph":[{"@type":"WebPage","@id":"https:\/\/www.entreculturas.org\/fr\/noticia\/la-realidad-educativa-en-venezuela\/","url":"https:\/\/www.entreculturas.org\/fr\/noticia\/la-realidad-educativa-en-venezuela\/","name":"La realidad educativa en Venezuela - Entreculturas","isPartOf":{"@id":"https:\/\/www.entreculturas.org\/fr\/#website"},"primaryImageOfPage":{"@id":"https:\/\/www.entreculturas.org\/fr\/noticia\/la-realidad-educativa-en-venezuela\/#primaryimage"},"image":{"@id":"https:\/\/www.entreculturas.org\/fr\/noticia\/la-realidad-educativa-en-venezuela\/#primaryimage"},"thumbnailUrl":"https:\/\/www.entreculturas.org\/wp-content\/uploads\/2023\/03\/foto_1.jpg","datePublished":"2023-03-02T10:24:02+00:00","dateModified":"2024-02-14T15:30:39+00:00","breadcrumb":{"@id":"https:\/\/www.entreculturas.org\/fr\/noticia\/la-realidad-educativa-en-venezuela\/#breadcrumb"},"inLanguage":"fr-FR","potentialAction":[{"@type":"ReadAction","target":["https:\/\/www.entreculturas.org\/fr\/noticia\/la-realidad-educativa-en-venezuela\/"]}]},{"@type":"ImageObject","inLanguage":"fr-FR","@id":"https:\/\/www.entreculturas.org\/fr\/noticia\/la-realidad-educativa-en-venezuela\/#primaryimage","url":"https:\/\/www.entreculturas.org\/wp-content\/uploads\/2023\/03\/foto_1.jpg","contentUrl":"https:\/\/www.entreculturas.org\/wp-content\/uploads\/2023\/03\/foto_1.jpg","width":800,"height":533},{"@type":"BreadcrumbList","@id":"https:\/\/www.entreculturas.org\/fr\/noticia\/la-realidad-educativa-en-venezuela\/#breadcrumb","itemListElement":[{"@type":"ListItem","position":1,"name":"Home","item":"https:\/\/www.entreculturas.org\/fr\/"},{"@type":"ListItem","position":2,"name":"Noticias","item":"https:\/\/www.entreculturas.org\/fr\/noticias\/"},{"@type":"ListItem","position":3,"name":"La realidad educativa en Venezuela"}]},{"@type":"WebSite","@id":"https:\/\/www.entreculturas.org\/fr\/#website","url":"https:\/\/www.entreculturas.org\/fr\/","name":"Entreculturas","description":"","publisher":{"@id":"https:\/\/www.entreculturas.org\/fr\/#organization"},"alternateName":"Entreculturas","potentialAction":[{"@type":"SearchAction","target":{"@type":"EntryPoint","urlTemplate":"https:\/\/www.entreculturas.org\/fr\/?s={search_term_string}"},"query-input":{"@type":"PropertyValueSpecification","valueRequired":true,"valueName":"search_term_string"}}],"inLanguage":"fr-FR"},{"@type":"Organization","@id":"https:\/\/www.entreculturas.org\/fr\/#organization","name":"Entreculturas","url":"https:\/\/www.entreculturas.org\/fr\/","logo":{"@type":"ImageObject","inLanguage":"fr-FR","@id":"https:\/\/www.entreculturas.org\/fr\/#\/schema\/logo\/image\/","url":"https:\/\/www.entreculturas.org\/wp-content\/uploads\/2025\/10\/ESP.svg","contentUrl":"https:\/\/www.entreculturas.org\/wp-content\/uploads\/2025\/10\/ESP.svg","caption":"Entreculturas"},"image":{"@id":"https:\/\/www.entreculturas.org\/fr\/#\/schema\/logo\/image\/"},"sameAs":["https:\/\/www.facebook.com\/entreculturas","https:\/\/x.com\/Entreculturas","https:\/\/www.instagram.com\/entreculturas\/","https:\/\/www.youtube.com\/user\/entreculturasvideo","https:\/\/www.linkedin.com\/company\/fundacion-entreculturas-ngdo\/","https:\/\/www.flickr.com\/photos\/98455522@N04\/albums\/"]}]}},"_links":{"self":[{"href":"https:\/\/www.entreculturas.org\/fr\/wp-json\/wp\/v2\/noticia\/6895","targetHints":{"allow":["GET"]}}],"collection":[{"href":"https:\/\/www.entreculturas.org\/fr\/wp-json\/wp\/v2\/noticia"}],"about":[{"href":"https:\/\/www.entreculturas.org\/fr\/wp-json\/wp\/v2\/types\/noticia"}],"wp:featuredmedia":[{"embeddable":true,"href":"https:\/\/www.entreculturas.org\/fr\/wp-json\/wp\/v2\/media\/6894"}],"wp:attachment":[{"href":"https:\/\/www.entreculturas.org\/fr\/wp-json\/wp\/v2\/media?parent=6895"}],"wp:term":[{"taxonomy":"category","embeddable":true,"href":"https:\/\/www.entreculturas.org\/fr\/wp-json\/wp\/v2\/categories?post=6895"},{"taxonomy":"post_tag","embeddable":true,"href":"https:\/\/www.entreculturas.org\/fr\/wp-json\/wp\/v2\/tags?post=6895"},{"taxonomy":"country","embeddable":true,"href":"https:\/\/www.entreculturas.org\/fr\/wp-json\/wp\/v2\/country?post=6895"},{"taxonomy":"cause","embeddable":true,"href":"https:\/\/www.entreculturas.org\/fr\/wp-json\/wp\/v2\/cause?post=6895"}],"curies":[{"name":"wp","href":"https:\/\/api.w.org\/{rel}","templated":true}]}}