{"id":6793,"date":"2022-11-24T12:09:05","date_gmt":"2022-11-24T12:09:05","guid":{"rendered":"https:\/\/entreculturasi.wpenginepowered.com\/?noticias=el-objetivo-es-que-tengan-la-sensacion-de-compartir-un-espacio-de-acogida-esther-fraile"},"modified":"2024-02-15T13:49:24","modified_gmt":"2024-02-15T12:49:24","slug":"el-objetivo-es-que-tengan-la-sensacion-de-compartir-un-espacio-de-acogida-esther-fraile","status":"publish","type":"noticia","link":"https:\/\/www.entreculturas.org\/fr\/noticia\/el-objetivo-es-que-tengan-la-sensacion-de-compartir-un-espacio-de-acogida-esther-fraile\/","title":{"rendered":"\u201cEl objetivo es que tengan la sensaci\u00f3n de compartir un espacio de acogida\u201d, Esther Fraile &#8211; Psic\u00f3loga especialista en migraciones"},"content":{"rendered":"<p>Esther Fraile es Psic\u00f3loga experta en el \u00e1mbito psicosocial y comunitario en Marruecos.&nbsp;Desde 2020 ha trabajado en Nador (Marruecos), junto a la Delegaci\u00f3n Diocesana de Migraciones (DDM) con el apoyo de la Uni\u00f3n Europea en un programa&nbsp; que busca asistir y proteger a la poblaci\u00f3n migrante y refugiada en situaci\u00f3n de vulnerabilidad en la costa norte de Marruecos, a trav\u00e9s de un acompa\u00f1amiento m\u00e9dico, psicosocial, administrativo-jur\u00eddico y espacios de acogida. Recientemente le hemos entrevistado y esto es lo que nos ha contado.<\/p>\n<p><span style=\"color:#FF0000\"><strong>\u00bfEn qu\u00e9 consiste el trabajo de la intervenci\u00f3n psicosocial?<\/strong><\/span><br \/>El rol de la psic\u00f3loga es el acompa\u00f1amiento al equipo, la integraci\u00f3n de la mirada, la perspectiva psicosocial en todos los \u00e1mbitos de la intervenci\u00f3n, no solo en las actividades que dirige el equipo psicosocial, sino tambi\u00e9n la parte m\u00e9dica, de acompa\u00f1amiento a mujeres, en lo administrativo, en acogida y en espacios de protecci\u00f3n. Luego hay una parte de acompa\u00f1amiento psicol\u00f3gico y terap\u00e9utico a nivel individual, que da paso a un desarrollo comunitario y transversalizaci\u00f3n a trav\u00e9s de actividades de prevenci\u00f3n y promoci\u00f3n del bienestar y salud mental.<\/p>\n<p>&nbsp;<\/p>\n<\/p>\n<p><span style=\"color:#FF0000\"><strong>\u00bfC\u00f3mo es el contexto en el que trabaj\u00e1is y las dificultades qu\u00e9 present\u00e1is?<\/strong><\/span><br \/>La situaci\u00f3n de Nador es un contexto de urgencia y se ha degradado en los \u00faltimos a\u00f1os, las personas viven con condiciones de vida realmente complicadas. La COVID-19 ha tra\u00eddo un impacto muy negativo, por ejemplo cambios de las rutas migratorias. Esto ha producido una degradaci\u00f3n en el \u00e1mbito del bienestar de la salud f\u00edsica y mental de las personas, que tienen cada vez m\u00e1s dificultad para acceder a los servicios y recursos b\u00e1sicos.<br \/>Una vez que lo b\u00e1sico no est\u00e1 cubierto, \u00bfc\u00f3mo podemos ofrecer una asistencia a un grado mayor que es ese bienestar psicol\u00f3gico? Por eso es fundamental el trabajo con la comunidad de base y las relaciones de apoyo mutuo y acompa\u00f1amiento psicosocial.<\/p>\n<p><span style=\"color:#FF0000\"><strong>\u00bfCu\u00e1les son las principales estrategias que us\u00e1is para llegar a la comunidad migrante?<\/strong><\/span><br \/>La principal es el acompa\u00f1amiento con la comunidad, actitud de empat\u00eda, mirar a la persona con dignidad y sobre todo desde una perspectiva de capacidades y de recursos. Se tiende a poner el foco en las vulnerabilidades de las personas de comunidades migrantes y olvidamos que tienen muchas capacidades, competencias y recursos disponibles. Ellos mismos pueden sobrellevar estas circunstancias sobrevenidas y continuar con su proyecto de vida, tanto individual como de su familia y de su comunidad.&nbsp;<\/p>\n<p>Mucho del trabajo que se hace es en base a recuperar esas estrategias y capacidades de afrontamiento de la comunidad a trav\u00e9s de actividades de diagn\u00f3sticos participativos o implicaci\u00f3n directa en el desarrollo e implementaci\u00f3n y puesta en marcha de actividades. Nuestro enfoque no se centra solo en las vulnerabilidades, sino en los derechos de la persona, con el fin de que se sienta part\u00edcipe del desarrollo de su proyecto de vida.<\/p>\n<p><span style=\"color:#FF0000\"><strong>\u00bfCu\u00e1l es el mayor cambio que ha aportado este proyecto de la Uni\u00f3n Europea en la poblaci\u00f3n migrante?<\/strong><\/span><br \/>Yo creo que ha sido un cambio cualitativo. El equipo ha ido creciendo, se ha intentado mejorar la calidad de la intervenci\u00f3n, adoptando una perspectiva com\u00fan en las diferentes zonas donde se interviene en todo el norte de la costa marroqu\u00ed. Esto es muy importante, sobre todo porque son personas que se encuentran en situaci\u00f3n de movilidad (un d\u00eda pueden estar en Nador, pero dentro de 5 d\u00edas en T\u00e1nger), y el objetivo es que compartan esa misma sensaci\u00f3n de tener un espacio de acogida: igual como me han atendido en Nador, pueda ser atendido en T\u00e1nger, sentir que soy tratado con dignidad, con respeto, de igual a igual en dos puntos de la geograf\u00eda marroqu\u00ed que son completamente diferentes.<\/p>\n<p><span style=\"color:#FF0000\"><strong>\u00bfCu\u00e1les han sido tus mayores aprendizajes durante tus a\u00f1os de trabajo?<\/strong><\/span><br \/>Es dif\u00edcil saber c\u00f3mo todo esto me ha cambiado o qu\u00e9 me ha aportado en la vida, pero principalmente ha sido defender el derecho a la movilidad humana, recordar que todas las personas, independientemente de las circunstancias en las que est\u00e9n, tienen muchas capacidades de afrontar circunstancias muy dif\u00edciles.<\/p>\n<p>Tambi\u00e9n que la comunidad y el acompa\u00f1amiento con la base, la ciudadan\u00eda, es fundamental para mejorar su calidad de vida y prevenir otro tipo de problem\u00e1ticas futuras.<\/p>\n<p>Por \u00faltimo, que el respeto a la dignidad humana tiene que ser la base de cualquier intervenci\u00f3n y proyecto de trabajo con personas y comunidades.<\/p>\n<p>&nbsp;<\/p>\n<p><em>Esta publicaci\u00f3n ha sido producida con el apoyo financiero de la Uni\u00f3n Europea. Su contenido es responsabilidad exclusiva de la DDM y no refleja necesariamente los puntos de vista de la Uni\u00f3n Europea.<\/em><\/p>\n","protected":false},"excerpt":{"rendered":"<p>Desde 2020 Esther ha trabajado en Nador (Marruecos), junto a la Delegaci\u00f3n Diocesana de Migraciones (DDM) con el apoyo de la Uni\u00f3n Europea en un programa  que busca asistir y proteger a la poblaci\u00f3n migrante y refugiada en situaci\u00f3n de vulnerabilidad en la costa norte de Marruecos, a trav\u00e9s de un acompa\u00f1amiento m\u00e9dico, psicosocial, administrativo-jur\u00eddico y espacios de acogida.<\/p>\n","protected":false},"featured_media":6792,"template":"single-noticia","meta":{"_acf_changed":false},"categories":[7],"tags":[10],"country":[120],"cause":[129],"class_list":["post-6793","noticia","type-noticia","status-publish","has-post-thumbnail","hentry","category-noticia","tag-migracion-y-refugio","country-espana","cause-migracion-y-refugio"],"acf":[],"yoast_head":"<!-- This site is optimized with the Yoast SEO Premium plugin v21.6 (Yoast SEO v27.5) - https:\/\/yoast.com\/product\/yoast-seo-premium-wordpress\/ -->\n<title>\u201cEl objetivo es que tengan la sensaci\u00f3n de compartir un espacio de acogida\u201d, Esther Fraile - Psic\u00f3loga especialista en migraciones - Entreculturas<\/title>\n<meta name=\"robots\" content=\"index, follow, max-snippet:-1, max-image-preview:large, max-video-preview:-1\" \/>\n<link rel=\"canonical\" href=\"https:\/\/www.entreculturas.org\/fr\/noticia\/el-objetivo-es-que-tengan-la-sensacion-de-compartir-un-espacio-de-acogida-esther-fraile\/\" \/>\n<meta property=\"og:locale\" content=\"fr_FR\" \/>\n<meta property=\"og:type\" content=\"article\" \/>\n<meta property=\"og:title\" content=\"\u201cEl objetivo es que tengan la sensaci\u00f3n de compartir un espacio de acogida\u201d, Esther Fraile - Psic\u00f3loga especialista en migraciones\" \/>\n<meta property=\"og:description\" content=\"Desde 2020 Esther ha trabajado en Nador (Marruecos), junto a la Delegaci\u00f3n Diocesana de Migraciones (DDM) con el apoyo de la Uni\u00f3n Europea en un programa que busca asistir y proteger a la poblaci\u00f3n migrante y refugiada en situaci\u00f3n de vulnerabilidad en la costa norte de Marruecos, a trav\u00e9s de un acompa\u00f1amiento m\u00e9dico, psicosocial, administrativo-jur\u00eddico y espacios de acogida.\" \/>\n<meta property=\"og:url\" content=\"https:\/\/www.entreculturas.org\/fr\/noticia\/el-objetivo-es-que-tengan-la-sensacion-de-compartir-un-espacio-de-acogida-esther-fraile\/\" \/>\n<meta property=\"og:site_name\" content=\"Entreculturas\" \/>\n<meta property=\"article:publisher\" content=\"https:\/\/www.facebook.com\/entreculturas\" \/>\n<meta property=\"article:modified_time\" content=\"2024-02-15T12:49:24+00:00\" \/>\n<meta property=\"og:image\" content=\"https:\/\/www.entreculturas.org\/wp-content\/uploads\/2022\/11\/img-20220727-wa0001_1.jpg\" \/>\n\t<meta property=\"og:image:width\" content=\"800\" \/>\n\t<meta property=\"og:image:height\" content=\"534\" \/>\n\t<meta property=\"og:image:type\" content=\"image\/jpeg\" \/>\n<meta name=\"twitter:card\" content=\"summary_large_image\" \/>\n<meta name=\"twitter:site\" content=\"@Entreculturas\" \/>\n<script type=\"application\/ld+json\" class=\"yoast-schema-graph\">{\"@context\":\"https:\\\/\\\/schema.org\",\"@graph\":[{\"@type\":\"WebPage\",\"@id\":\"https:\\\/\\\/www.entreculturas.org\\\/fr\\\/noticia\\\/el-objetivo-es-que-tengan-la-sensacion-de-compartir-un-espacio-de-acogida-esther-fraile\\\/\",\"url\":\"https:\\\/\\\/www.entreculturas.org\\\/fr\\\/noticia\\\/el-objetivo-es-que-tengan-la-sensacion-de-compartir-un-espacio-de-acogida-esther-fraile\\\/\",\"name\":\"\u201cEl objetivo es que tengan la sensaci\u00f3n de compartir un espacio de acogida\u201d, Esther Fraile - Psic\u00f3loga especialista en migraciones - Entreculturas\",\"isPartOf\":{\"@id\":\"https:\\\/\\\/www.entreculturas.org\\\/fr\\\/#website\"},\"primaryImageOfPage\":{\"@id\":\"https:\\\/\\\/www.entreculturas.org\\\/fr\\\/noticia\\\/el-objetivo-es-que-tengan-la-sensacion-de-compartir-un-espacio-de-acogida-esther-fraile\\\/#primaryimage\"},\"image\":{\"@id\":\"https:\\\/\\\/www.entreculturas.org\\\/fr\\\/noticia\\\/el-objetivo-es-que-tengan-la-sensacion-de-compartir-un-espacio-de-acogida-esther-fraile\\\/#primaryimage\"},\"thumbnailUrl\":\"https:\\\/\\\/www.entreculturas.org\\\/wp-content\\\/uploads\\\/2022\\\/11\\\/img-20220727-wa0001_1.jpg\",\"datePublished\":\"2022-11-24T12:09:05+00:00\",\"dateModified\":\"2024-02-15T12:49:24+00:00\",\"breadcrumb\":{\"@id\":\"https:\\\/\\\/www.entreculturas.org\\\/fr\\\/noticia\\\/el-objetivo-es-que-tengan-la-sensacion-de-compartir-un-espacio-de-acogida-esther-fraile\\\/#breadcrumb\"},\"inLanguage\":\"fr-FR\",\"potentialAction\":[{\"@type\":\"ReadAction\",\"target\":[\"https:\\\/\\\/www.entreculturas.org\\\/fr\\\/noticia\\\/el-objetivo-es-que-tengan-la-sensacion-de-compartir-un-espacio-de-acogida-esther-fraile\\\/\"]}]},{\"@type\":\"ImageObject\",\"inLanguage\":\"fr-FR\",\"@id\":\"https:\\\/\\\/www.entreculturas.org\\\/fr\\\/noticia\\\/el-objetivo-es-que-tengan-la-sensacion-de-compartir-un-espacio-de-acogida-esther-fraile\\\/#primaryimage\",\"url\":\"https:\\\/\\\/www.entreculturas.org\\\/wp-content\\\/uploads\\\/2022\\\/11\\\/img-20220727-wa0001_1.jpg\",\"contentUrl\":\"https:\\\/\\\/www.entreculturas.org\\\/wp-content\\\/uploads\\\/2022\\\/11\\\/img-20220727-wa0001_1.jpg\",\"width\":800,\"height\":534},{\"@type\":\"BreadcrumbList\",\"@id\":\"https:\\\/\\\/www.entreculturas.org\\\/fr\\\/noticia\\\/el-objetivo-es-que-tengan-la-sensacion-de-compartir-un-espacio-de-acogida-esther-fraile\\\/#breadcrumb\",\"itemListElement\":[{\"@type\":\"ListItem\",\"position\":1,\"name\":\"Home\",\"item\":\"https:\\\/\\\/www.entreculturas.org\\\/fr\\\/\"},{\"@type\":\"ListItem\",\"position\":2,\"name\":\"Noticias\",\"item\":\"https:\\\/\\\/www.entreculturas.org\\\/fr\\\/noticias\\\/\"},{\"@type\":\"ListItem\",\"position\":3,\"name\":\"\u201cEl objetivo es que tengan la sensaci\u00f3n de compartir un espacio de acogida\u201d, Esther Fraile &#8211; Psic\u00f3loga especialista en migraciones\"}]},{\"@type\":\"WebSite\",\"@id\":\"https:\\\/\\\/www.entreculturas.org\\\/fr\\\/#website\",\"url\":\"https:\\\/\\\/www.entreculturas.org\\\/fr\\\/\",\"name\":\"Entreculturas\",\"description\":\"\",\"publisher\":{\"@id\":\"https:\\\/\\\/www.entreculturas.org\\\/fr\\\/#organization\"},\"alternateName\":\"Entreculturas\",\"potentialAction\":[{\"@type\":\"SearchAction\",\"target\":{\"@type\":\"EntryPoint\",\"urlTemplate\":\"https:\\\/\\\/www.entreculturas.org\\\/fr\\\/?s={search_term_string}\"},\"query-input\":{\"@type\":\"PropertyValueSpecification\",\"valueRequired\":true,\"valueName\":\"search_term_string\"}}],\"inLanguage\":\"fr-FR\"},{\"@type\":\"Organization\",\"@id\":\"https:\\\/\\\/www.entreculturas.org\\\/fr\\\/#organization\",\"name\":\"Entreculturas\",\"url\":\"https:\\\/\\\/www.entreculturas.org\\\/fr\\\/\",\"logo\":{\"@type\":\"ImageObject\",\"inLanguage\":\"fr-FR\",\"@id\":\"https:\\\/\\\/www.entreculturas.org\\\/fr\\\/#\\\/schema\\\/logo\\\/image\\\/\",\"url\":\"https:\\\/\\\/www.entreculturas.org\\\/wp-content\\\/uploads\\\/2025\\\/10\\\/ESP.svg\",\"contentUrl\":\"https:\\\/\\\/www.entreculturas.org\\\/wp-content\\\/uploads\\\/2025\\\/10\\\/ESP.svg\",\"caption\":\"Entreculturas\"},\"image\":{\"@id\":\"https:\\\/\\\/www.entreculturas.org\\\/fr\\\/#\\\/schema\\\/logo\\\/image\\\/\"},\"sameAs\":[\"https:\\\/\\\/www.facebook.com\\\/entreculturas\",\"https:\\\/\\\/x.com\\\/Entreculturas\",\"https:\\\/\\\/www.instagram.com\\\/entreculturas\\\/\",\"https:\\\/\\\/www.youtube.com\\\/user\\\/entreculturasvideo\",\"https:\\\/\\\/www.linkedin.com\\\/company\\\/fundacion-entreculturas-ngdo\\\/\",\"https:\\\/\\\/www.flickr.com\\\/photos\\\/98455522@N04\\\/albums\\\/\"]}]}<\/script>\n<!-- \/ Yoast SEO Premium plugin. -->","yoast_head_json":{"title":"\u201cEl objetivo es que tengan la sensaci\u00f3n de compartir un espacio de acogida\u201d, Esther Fraile - Psic\u00f3loga especialista en migraciones - Entreculturas","robots":{"index":"index","follow":"follow","max-snippet":"max-snippet:-1","max-image-preview":"max-image-preview:large","max-video-preview":"max-video-preview:-1"},"canonical":"https:\/\/www.entreculturas.org\/fr\/noticia\/el-objetivo-es-que-tengan-la-sensacion-de-compartir-un-espacio-de-acogida-esther-fraile\/","og_locale":"fr_FR","og_type":"article","og_title":"\u201cEl objetivo es que tengan la sensaci\u00f3n de compartir un espacio de acogida\u201d, Esther Fraile - Psic\u00f3loga especialista en migraciones","og_description":"Desde 2020 Esther ha trabajado en Nador (Marruecos), junto a la Delegaci\u00f3n Diocesana de Migraciones (DDM) con el apoyo de la Uni\u00f3n Europea en un programa que busca asistir y proteger a la poblaci\u00f3n migrante y refugiada en situaci\u00f3n de vulnerabilidad en la costa norte de Marruecos, a trav\u00e9s de un acompa\u00f1amiento m\u00e9dico, psicosocial, administrativo-jur\u00eddico y espacios de acogida.","og_url":"https:\/\/www.entreculturas.org\/fr\/noticia\/el-objetivo-es-que-tengan-la-sensacion-de-compartir-un-espacio-de-acogida-esther-fraile\/","og_site_name":"Entreculturas","article_publisher":"https:\/\/www.facebook.com\/entreculturas","article_modified_time":"2024-02-15T12:49:24+00:00","og_image":[{"width":800,"height":534,"url":"https:\/\/www.entreculturas.org\/wp-content\/uploads\/2022\/11\/img-20220727-wa0001_1.jpg","type":"image\/jpeg"}],"twitter_card":"summary_large_image","twitter_site":"@Entreculturas","schema":{"@context":"https:\/\/schema.org","@graph":[{"@type":"WebPage","@id":"https:\/\/www.entreculturas.org\/fr\/noticia\/el-objetivo-es-que-tengan-la-sensacion-de-compartir-un-espacio-de-acogida-esther-fraile\/","url":"https:\/\/www.entreculturas.org\/fr\/noticia\/el-objetivo-es-que-tengan-la-sensacion-de-compartir-un-espacio-de-acogida-esther-fraile\/","name":"\u201cEl objetivo es que tengan la sensaci\u00f3n de compartir un espacio de acogida\u201d, Esther Fraile - Psic\u00f3loga especialista en migraciones - Entreculturas","isPartOf":{"@id":"https:\/\/www.entreculturas.org\/fr\/#website"},"primaryImageOfPage":{"@id":"https:\/\/www.entreculturas.org\/fr\/noticia\/el-objetivo-es-que-tengan-la-sensacion-de-compartir-un-espacio-de-acogida-esther-fraile\/#primaryimage"},"image":{"@id":"https:\/\/www.entreculturas.org\/fr\/noticia\/el-objetivo-es-que-tengan-la-sensacion-de-compartir-un-espacio-de-acogida-esther-fraile\/#primaryimage"},"thumbnailUrl":"https:\/\/www.entreculturas.org\/wp-content\/uploads\/2022\/11\/img-20220727-wa0001_1.jpg","datePublished":"2022-11-24T12:09:05+00:00","dateModified":"2024-02-15T12:49:24+00:00","breadcrumb":{"@id":"https:\/\/www.entreculturas.org\/fr\/noticia\/el-objetivo-es-que-tengan-la-sensacion-de-compartir-un-espacio-de-acogida-esther-fraile\/#breadcrumb"},"inLanguage":"fr-FR","potentialAction":[{"@type":"ReadAction","target":["https:\/\/www.entreculturas.org\/fr\/noticia\/el-objetivo-es-que-tengan-la-sensacion-de-compartir-un-espacio-de-acogida-esther-fraile\/"]}]},{"@type":"ImageObject","inLanguage":"fr-FR","@id":"https:\/\/www.entreculturas.org\/fr\/noticia\/el-objetivo-es-que-tengan-la-sensacion-de-compartir-un-espacio-de-acogida-esther-fraile\/#primaryimage","url":"https:\/\/www.entreculturas.org\/wp-content\/uploads\/2022\/11\/img-20220727-wa0001_1.jpg","contentUrl":"https:\/\/www.entreculturas.org\/wp-content\/uploads\/2022\/11\/img-20220727-wa0001_1.jpg","width":800,"height":534},{"@type":"BreadcrumbList","@id":"https:\/\/www.entreculturas.org\/fr\/noticia\/el-objetivo-es-que-tengan-la-sensacion-de-compartir-un-espacio-de-acogida-esther-fraile\/#breadcrumb","itemListElement":[{"@type":"ListItem","position":1,"name":"Home","item":"https:\/\/www.entreculturas.org\/fr\/"},{"@type":"ListItem","position":2,"name":"Noticias","item":"https:\/\/www.entreculturas.org\/fr\/noticias\/"},{"@type":"ListItem","position":3,"name":"\u201cEl objetivo es que tengan la sensaci\u00f3n de compartir un espacio de acogida\u201d, Esther Fraile &#8211; Psic\u00f3loga especialista en migraciones"}]},{"@type":"WebSite","@id":"https:\/\/www.entreculturas.org\/fr\/#website","url":"https:\/\/www.entreculturas.org\/fr\/","name":"Entreculturas","description":"","publisher":{"@id":"https:\/\/www.entreculturas.org\/fr\/#organization"},"alternateName":"Entreculturas","potentialAction":[{"@type":"SearchAction","target":{"@type":"EntryPoint","urlTemplate":"https:\/\/www.entreculturas.org\/fr\/?s={search_term_string}"},"query-input":{"@type":"PropertyValueSpecification","valueRequired":true,"valueName":"search_term_string"}}],"inLanguage":"fr-FR"},{"@type":"Organization","@id":"https:\/\/www.entreculturas.org\/fr\/#organization","name":"Entreculturas","url":"https:\/\/www.entreculturas.org\/fr\/","logo":{"@type":"ImageObject","inLanguage":"fr-FR","@id":"https:\/\/www.entreculturas.org\/fr\/#\/schema\/logo\/image\/","url":"https:\/\/www.entreculturas.org\/wp-content\/uploads\/2025\/10\/ESP.svg","contentUrl":"https:\/\/www.entreculturas.org\/wp-content\/uploads\/2025\/10\/ESP.svg","caption":"Entreculturas"},"image":{"@id":"https:\/\/www.entreculturas.org\/fr\/#\/schema\/logo\/image\/"},"sameAs":["https:\/\/www.facebook.com\/entreculturas","https:\/\/x.com\/Entreculturas","https:\/\/www.instagram.com\/entreculturas\/","https:\/\/www.youtube.com\/user\/entreculturasvideo","https:\/\/www.linkedin.com\/company\/fundacion-entreculturas-ngdo\/","https:\/\/www.flickr.com\/photos\/98455522@N04\/albums\/"]}]}},"_links":{"self":[{"href":"https:\/\/www.entreculturas.org\/fr\/wp-json\/wp\/v2\/noticia\/6793","targetHints":{"allow":["GET"]}}],"collection":[{"href":"https:\/\/www.entreculturas.org\/fr\/wp-json\/wp\/v2\/noticia"}],"about":[{"href":"https:\/\/www.entreculturas.org\/fr\/wp-json\/wp\/v2\/types\/noticia"}],"wp:featuredmedia":[{"embeddable":true,"href":"https:\/\/www.entreculturas.org\/fr\/wp-json\/wp\/v2\/media\/6792"}],"wp:attachment":[{"href":"https:\/\/www.entreculturas.org\/fr\/wp-json\/wp\/v2\/media?parent=6793"}],"wp:term":[{"taxonomy":"category","embeddable":true,"href":"https:\/\/www.entreculturas.org\/fr\/wp-json\/wp\/v2\/categories?post=6793"},{"taxonomy":"post_tag","embeddable":true,"href":"https:\/\/www.entreculturas.org\/fr\/wp-json\/wp\/v2\/tags?post=6793"},{"taxonomy":"country","embeddable":true,"href":"https:\/\/www.entreculturas.org\/fr\/wp-json\/wp\/v2\/country?post=6793"},{"taxonomy":"cause","embeddable":true,"href":"https:\/\/www.entreculturas.org\/fr\/wp-json\/wp\/v2\/cause?post=6793"}],"curies":[{"name":"wp","href":"https:\/\/api.w.org\/{rel}","templated":true}]}}