{"id":6789,"date":"2022-11-11T11:57:08","date_gmt":"2022-11-11T11:57:08","guid":{"rendered":"https:\/\/entreculturasi.wpenginepowered.com\/?noticias=recicoles-la-propuesta-de-la-ong-entreculturas-por-el-reciclaje-solidario"},"modified":"2024-02-15T13:55:24","modified_gmt":"2024-02-15T12:55:24","slug":"recicoles-la-propuesta-de-la-ong-entreculturas-por-el-reciclaje-solidario","status":"publish","type":"noticia","link":"https:\/\/www.entreculturas.org\/fr\/noticia\/recicoles-la-propuesta-de-la-ong-entreculturas-por-el-reciclaje-solidario\/","title":{"rendered":"RECICOLES: LA PROPUESTA DE LA ONG ENTRECULTURAS POR EL RECICLAJE SOLIDARIO"},"content":{"rendered":"<\/p>\n<p>En estos d\u00edas se celebra la <strong>COP27 en Egipto <\/strong>en el que la comunidad internacional tiene como objetivo avanzar en la acci\u00f3n clim\u00e1tica internacional y lograr los objetivos del Acuerdo de Par\u00eds. En este marco, la ONG Entreculturas vuelve a reiterar su compromiso con el cuidado del medioambiente y el desarrollo sostenible. En esta ocasi\u00f3n, la organizaci\u00f3n pone el foco en la importancia de implicar a la sociedad civil y, en especial, a empresas y centros educativos en la consecuci\u00f3n de una transformaci\u00f3n social real que defienda el medioambiente. Para ello, desde Entreculturas apostamos por establecer <strong>alianzas s\u00f3lidas y transparentes con compa\u00f1\u00edas y escuelas <\/strong>socialmente responsables a trav\u00e9s de diferentes programas.<\/p>\n<p>Una de estas iniciativas es <a href=\"https:\/\/www.entreculturas.org\/es\/recicoles\/\" target=\"_blank\" rel=\"noopener\">Recicoles, nuestro&nbsp;programa de reciclaje solidario<\/a>&nbsp;con el que queremos animar a empresas y centros educativos a cuidar el medioambiente y a contribuir a una causa social con algo tan sencillo como el <strong>reciclaje de material de escritura<\/strong>. Y es que, tanto unos como otros son lugares en los que se utiliza diariamente una gran cantidad de materiales de escritura y papeler\u00eda que no pueden ser reciclados a trav\u00e9s de los contenedores habituales, lo que les convierte en el escenario ideal para llevar a cabo este programa.&nbsp;<\/p>\n<p>Con un enfoque integral, desde el \u00e1mbito escolar y empresarial, Recicoles busca <strong>impulsar la sensibilizaci\u00f3n medioambiental y el fomento de los h\u00e1bitos de reciclaje<\/strong>, ya que, como relata <strong>Lydia Caballero, t\u00e9cnica de Responsabilidad Social Corporativa (RSC) de Entreculturas<\/strong>, \u201clas empresas son el motor de la econom\u00eda y tienen la capacidad de incidir en la sociedad y en nuestros patrones de consumo, al igual que en los centros educativos transmitiendo y educando en buenas pr\u00e1cticas y h\u00e1bitos<\/p>\n<p>Caballero se\u00f1ala tambi\u00e9n que, a trav\u00e9s de esta iniciativa, Entreculturas trabaja \u201cde la mano de dos actores fundamentales para el cambio\u201d como son los centros educativos y las empresas. Dos espacios donde un gran n\u00famero de personas pasan mucho tiempo juntas compartiendo experiencias y aprendizajes, lo que facilita la reflexi\u00f3n colectiva y la implementaci\u00f3n de este tipo de pr\u00e1cticas.<\/p>\n<p>Una prueba de ello es lo que ocurre en compa\u00f1\u00edas tan importantes como el Banco Santander, el Hotel Intercontinental de Madrid, el Grupo Lar, IDEAM o ClaroSol, donde sus empleados colaboran activamente con Recicoles. Una alianza que en el plano educativo cuenta con el apoyo de la Fundaci\u00f3n CEMU y el Colegio CiudadEscuela Muchachos, adem\u00e1s de tener una unidad did\u00e1ctica destinada al alumnado de Infantil, Primaria y Secundaria.&nbsp;<\/p>\n<p>&nbsp;<\/p>\n<p><img decoding=\"async\" alt=\"\" src=\"https:\/\/www.entreculturas.org\/wp-content\/uploads\/2022\/11\/colegio_cemu.jpg\" style=\"width: 800px;height: 600px\"><\/p>\n<p>La iniciativa Recicoles no es solamente <strong>una forma de educar en pr\u00e1cticas sostenibles<\/strong> para el cuidado de nuestro planeta, sino que tambi\u00e9n permite apoyar econ\u00f3micamente a nuestros proyectos. Esto es posible gracias al acuerdo&nbsp;con <strong>TerraCycle<\/strong>, la empresa de reciclaje, la cual<strong> realiza un donativo a Entreculturas seg\u00fan la cantidad de material que reciba<\/strong>. Una alianza que permite transformar bol\u00edgrafos, rotuladores y subrayadores.<\/p>\n<p>En concreto, <strong>los fondos recaudados con el programa Recicoles se destinar\u00e1n a diferentes proyectos que llevamos a cabo en la Amazon\u00eda<\/strong>. A trav\u00e9s de ellos, se promueve una educaci\u00f3n intercultural biling\u00fce para ni\u00f1os y ni\u00f1as ind\u00edgenas amaz\u00f3nicos; se provee de atenci\u00f3n humanitaria a la poblaci\u00f3n ind\u00edgena vulnerable tanto en materia alimentaria como sanitaria, y se defiende los derechos y el territorio ind\u00edgena del pueblo Sater\u00e9 Maw\u00e9 en Brasil.&nbsp;<\/p>\n<p><strong>Participar en esta iniciativa es muy sencillo<\/strong>, tan solo se debe depositar en un contenedor, facilitado por la ONG, todo aquel material de escritura gastado o que ya no vayamos a utilizar. Se pueden reciclar bol\u00edgrafos, rotuladores, subrayadores, portamilas y correctores l\u00edquidos. Cuando el contenedor est\u00e1 lleno, se env\u00eda a Entreculturas y \u00e9sta se encarga de hac\u00e9rselo llegar a Terracycle, la empresa de reciclaje que transforma el material.<\/p>\n","protected":false},"excerpt":{"rendered":"<p>Con Recicoles, nuestro programa de reciclaje solidario, queremos animar a empresas y centros educativos a cuidar el medioambiente y a contribuir a una causa social con algo tan sencillo como el reciclaje de material de escritura.<\/p>\n","protected":false},"featured_media":6788,"template":"single-noticia","meta":{"_acf_changed":false},"categories":[7],"tags":[196],"country":[120],"cause":[131],"class_list":["post-6789","noticia","type-noticia","status-publish","has-post-thumbnail","hentry","category-noticia","tag-rsc","country-espana","cause-justicia-medioambiental"],"acf":[],"yoast_head":"<!-- This site is optimized with the Yoast SEO Premium plugin v21.6 (Yoast SEO v27.5) - https:\/\/yoast.com\/product\/yoast-seo-premium-wordpress\/ -->\n<title>RECICOLES: LA PROPUESTA DE LA ONG ENTRECULTURAS POR EL RECICLAJE SOLIDARIO - Entreculturas<\/title>\n<meta name=\"robots\" content=\"index, follow, max-snippet:-1, max-image-preview:large, max-video-preview:-1\" \/>\n<link rel=\"canonical\" href=\"https:\/\/www.entreculturas.org\/fr\/noticia\/recicoles-la-propuesta-de-la-ong-entreculturas-por-el-reciclaje-solidario\/\" \/>\n<meta property=\"og:locale\" content=\"fr_FR\" \/>\n<meta property=\"og:type\" content=\"article\" \/>\n<meta property=\"og:title\" content=\"RECICOLES: LA PROPUESTA DE LA ONG ENTRECULTURAS POR EL RECICLAJE SOLIDARIO\" \/>\n<meta property=\"og:description\" content=\"Con Recicoles, nuestro programa de reciclaje solidario, queremos animar a empresas y centros educativos a cuidar el medioambiente y a contribuir a una causa social con algo tan sencillo como el reciclaje de material de escritura.\" \/>\n<meta property=\"og:url\" content=\"https:\/\/www.entreculturas.org\/fr\/noticia\/recicoles-la-propuesta-de-la-ong-entreculturas-por-el-reciclaje-solidario\/\" \/>\n<meta property=\"og:site_name\" content=\"Entreculturas\" \/>\n<meta property=\"article:publisher\" content=\"https:\/\/www.facebook.com\/entreculturas\" \/>\n<meta property=\"article:modified_time\" content=\"2024-02-15T12:55:24+00:00\" \/>\n<meta property=\"og:image\" content=\"https:\/\/www.entreculturas.org\/wp-content\/uploads\/2022\/11\/colegio_cemu.jpg\" \/>\n\t<meta property=\"og:image:width\" content=\"800\" \/>\n\t<meta property=\"og:image:height\" content=\"600\" \/>\n\t<meta property=\"og:image:type\" content=\"image\/jpeg\" \/>\n<meta name=\"twitter:card\" content=\"summary_large_image\" \/>\n<meta name=\"twitter:site\" content=\"@Entreculturas\" \/>\n<script type=\"application\/ld+json\" class=\"yoast-schema-graph\">{\"@context\":\"https:\\\/\\\/schema.org\",\"@graph\":[{\"@type\":\"WebPage\",\"@id\":\"https:\\\/\\\/www.entreculturas.org\\\/fr\\\/noticia\\\/recicoles-la-propuesta-de-la-ong-entreculturas-por-el-reciclaje-solidario\\\/\",\"url\":\"https:\\\/\\\/www.entreculturas.org\\\/fr\\\/noticia\\\/recicoles-la-propuesta-de-la-ong-entreculturas-por-el-reciclaje-solidario\\\/\",\"name\":\"RECICOLES: LA PROPUESTA DE LA ONG ENTRECULTURAS POR EL RECICLAJE SOLIDARIO - Entreculturas\",\"isPartOf\":{\"@id\":\"https:\\\/\\\/www.entreculturas.org\\\/fr\\\/#website\"},\"primaryImageOfPage\":{\"@id\":\"https:\\\/\\\/www.entreculturas.org\\\/fr\\\/noticia\\\/recicoles-la-propuesta-de-la-ong-entreculturas-por-el-reciclaje-solidario\\\/#primaryimage\"},\"image\":{\"@id\":\"https:\\\/\\\/www.entreculturas.org\\\/fr\\\/noticia\\\/recicoles-la-propuesta-de-la-ong-entreculturas-por-el-reciclaje-solidario\\\/#primaryimage\"},\"thumbnailUrl\":\"https:\\\/\\\/www.entreculturas.org\\\/wp-content\\\/uploads\\\/2022\\\/11\\\/colegio_cemu.jpg\",\"datePublished\":\"2022-11-11T11:57:08+00:00\",\"dateModified\":\"2024-02-15T12:55:24+00:00\",\"breadcrumb\":{\"@id\":\"https:\\\/\\\/www.entreculturas.org\\\/fr\\\/noticia\\\/recicoles-la-propuesta-de-la-ong-entreculturas-por-el-reciclaje-solidario\\\/#breadcrumb\"},\"inLanguage\":\"fr-FR\",\"potentialAction\":[{\"@type\":\"ReadAction\",\"target\":[\"https:\\\/\\\/www.entreculturas.org\\\/fr\\\/noticia\\\/recicoles-la-propuesta-de-la-ong-entreculturas-por-el-reciclaje-solidario\\\/\"]}]},{\"@type\":\"ImageObject\",\"inLanguage\":\"fr-FR\",\"@id\":\"https:\\\/\\\/www.entreculturas.org\\\/fr\\\/noticia\\\/recicoles-la-propuesta-de-la-ong-entreculturas-por-el-reciclaje-solidario\\\/#primaryimage\",\"url\":\"https:\\\/\\\/www.entreculturas.org\\\/wp-content\\\/uploads\\\/2022\\\/11\\\/colegio_cemu.jpg\",\"contentUrl\":\"https:\\\/\\\/www.entreculturas.org\\\/wp-content\\\/uploads\\\/2022\\\/11\\\/colegio_cemu.jpg\",\"width\":800,\"height\":600},{\"@type\":\"BreadcrumbList\",\"@id\":\"https:\\\/\\\/www.entreculturas.org\\\/fr\\\/noticia\\\/recicoles-la-propuesta-de-la-ong-entreculturas-por-el-reciclaje-solidario\\\/#breadcrumb\",\"itemListElement\":[{\"@type\":\"ListItem\",\"position\":1,\"name\":\"Home\",\"item\":\"https:\\\/\\\/www.entreculturas.org\\\/fr\\\/\"},{\"@type\":\"ListItem\",\"position\":2,\"name\":\"Noticias\",\"item\":\"https:\\\/\\\/www.entreculturas.org\\\/fr\\\/noticias\\\/\"},{\"@type\":\"ListItem\",\"position\":3,\"name\":\"RECICOLES: LA PROPUESTA DE LA ONG ENTRECULTURAS POR EL RECICLAJE SOLIDARIO\"}]},{\"@type\":\"WebSite\",\"@id\":\"https:\\\/\\\/www.entreculturas.org\\\/fr\\\/#website\",\"url\":\"https:\\\/\\\/www.entreculturas.org\\\/fr\\\/\",\"name\":\"Entreculturas\",\"description\":\"\",\"publisher\":{\"@id\":\"https:\\\/\\\/www.entreculturas.org\\\/fr\\\/#organization\"},\"alternateName\":\"Entreculturas\",\"potentialAction\":[{\"@type\":\"SearchAction\",\"target\":{\"@type\":\"EntryPoint\",\"urlTemplate\":\"https:\\\/\\\/www.entreculturas.org\\\/fr\\\/?s={search_term_string}\"},\"query-input\":{\"@type\":\"PropertyValueSpecification\",\"valueRequired\":true,\"valueName\":\"search_term_string\"}}],\"inLanguage\":\"fr-FR\"},{\"@type\":\"Organization\",\"@id\":\"https:\\\/\\\/www.entreculturas.org\\\/fr\\\/#organization\",\"name\":\"Entreculturas\",\"url\":\"https:\\\/\\\/www.entreculturas.org\\\/fr\\\/\",\"logo\":{\"@type\":\"ImageObject\",\"inLanguage\":\"fr-FR\",\"@id\":\"https:\\\/\\\/www.entreculturas.org\\\/fr\\\/#\\\/schema\\\/logo\\\/image\\\/\",\"url\":\"https:\\\/\\\/www.entreculturas.org\\\/wp-content\\\/uploads\\\/2025\\\/10\\\/ESP.svg\",\"contentUrl\":\"https:\\\/\\\/www.entreculturas.org\\\/wp-content\\\/uploads\\\/2025\\\/10\\\/ESP.svg\",\"caption\":\"Entreculturas\"},\"image\":{\"@id\":\"https:\\\/\\\/www.entreculturas.org\\\/fr\\\/#\\\/schema\\\/logo\\\/image\\\/\"},\"sameAs\":[\"https:\\\/\\\/www.facebook.com\\\/entreculturas\",\"https:\\\/\\\/x.com\\\/Entreculturas\",\"https:\\\/\\\/www.instagram.com\\\/entreculturas\\\/\",\"https:\\\/\\\/www.youtube.com\\\/user\\\/entreculturasvideo\",\"https:\\\/\\\/www.linkedin.com\\\/company\\\/fundacion-entreculturas-ngdo\\\/\",\"https:\\\/\\\/www.flickr.com\\\/photos\\\/98455522@N04\\\/albums\\\/\"]}]}<\/script>\n<!-- \/ Yoast SEO Premium plugin. -->","yoast_head_json":{"title":"RECICOLES: LA PROPUESTA DE LA ONG ENTRECULTURAS POR EL RECICLAJE SOLIDARIO - Entreculturas","robots":{"index":"index","follow":"follow","max-snippet":"max-snippet:-1","max-image-preview":"max-image-preview:large","max-video-preview":"max-video-preview:-1"},"canonical":"https:\/\/www.entreculturas.org\/fr\/noticia\/recicoles-la-propuesta-de-la-ong-entreculturas-por-el-reciclaje-solidario\/","og_locale":"fr_FR","og_type":"article","og_title":"RECICOLES: LA PROPUESTA DE LA ONG ENTRECULTURAS POR EL RECICLAJE SOLIDARIO","og_description":"Con Recicoles, nuestro programa de reciclaje solidario, queremos animar a empresas y centros educativos a cuidar el medioambiente y a contribuir a una causa social con algo tan sencillo como el reciclaje de material de escritura.","og_url":"https:\/\/www.entreculturas.org\/fr\/noticia\/recicoles-la-propuesta-de-la-ong-entreculturas-por-el-reciclaje-solidario\/","og_site_name":"Entreculturas","article_publisher":"https:\/\/www.facebook.com\/entreculturas","article_modified_time":"2024-02-15T12:55:24+00:00","og_image":[{"width":800,"height":600,"url":"https:\/\/www.entreculturas.org\/wp-content\/uploads\/2022\/11\/colegio_cemu.jpg","type":"image\/jpeg"}],"twitter_card":"summary_large_image","twitter_site":"@Entreculturas","schema":{"@context":"https:\/\/schema.org","@graph":[{"@type":"WebPage","@id":"https:\/\/www.entreculturas.org\/fr\/noticia\/recicoles-la-propuesta-de-la-ong-entreculturas-por-el-reciclaje-solidario\/","url":"https:\/\/www.entreculturas.org\/fr\/noticia\/recicoles-la-propuesta-de-la-ong-entreculturas-por-el-reciclaje-solidario\/","name":"RECICOLES: LA PROPUESTA DE LA ONG ENTRECULTURAS POR EL RECICLAJE SOLIDARIO - Entreculturas","isPartOf":{"@id":"https:\/\/www.entreculturas.org\/fr\/#website"},"primaryImageOfPage":{"@id":"https:\/\/www.entreculturas.org\/fr\/noticia\/recicoles-la-propuesta-de-la-ong-entreculturas-por-el-reciclaje-solidario\/#primaryimage"},"image":{"@id":"https:\/\/www.entreculturas.org\/fr\/noticia\/recicoles-la-propuesta-de-la-ong-entreculturas-por-el-reciclaje-solidario\/#primaryimage"},"thumbnailUrl":"https:\/\/www.entreculturas.org\/wp-content\/uploads\/2022\/11\/colegio_cemu.jpg","datePublished":"2022-11-11T11:57:08+00:00","dateModified":"2024-02-15T12:55:24+00:00","breadcrumb":{"@id":"https:\/\/www.entreculturas.org\/fr\/noticia\/recicoles-la-propuesta-de-la-ong-entreculturas-por-el-reciclaje-solidario\/#breadcrumb"},"inLanguage":"fr-FR","potentialAction":[{"@type":"ReadAction","target":["https:\/\/www.entreculturas.org\/fr\/noticia\/recicoles-la-propuesta-de-la-ong-entreculturas-por-el-reciclaje-solidario\/"]}]},{"@type":"ImageObject","inLanguage":"fr-FR","@id":"https:\/\/www.entreculturas.org\/fr\/noticia\/recicoles-la-propuesta-de-la-ong-entreculturas-por-el-reciclaje-solidario\/#primaryimage","url":"https:\/\/www.entreculturas.org\/wp-content\/uploads\/2022\/11\/colegio_cemu.jpg","contentUrl":"https:\/\/www.entreculturas.org\/wp-content\/uploads\/2022\/11\/colegio_cemu.jpg","width":800,"height":600},{"@type":"BreadcrumbList","@id":"https:\/\/www.entreculturas.org\/fr\/noticia\/recicoles-la-propuesta-de-la-ong-entreculturas-por-el-reciclaje-solidario\/#breadcrumb","itemListElement":[{"@type":"ListItem","position":1,"name":"Home","item":"https:\/\/www.entreculturas.org\/fr\/"},{"@type":"ListItem","position":2,"name":"Noticias","item":"https:\/\/www.entreculturas.org\/fr\/noticias\/"},{"@type":"ListItem","position":3,"name":"RECICOLES: LA PROPUESTA DE LA ONG ENTRECULTURAS POR EL RECICLAJE SOLIDARIO"}]},{"@type":"WebSite","@id":"https:\/\/www.entreculturas.org\/fr\/#website","url":"https:\/\/www.entreculturas.org\/fr\/","name":"Entreculturas","description":"","publisher":{"@id":"https:\/\/www.entreculturas.org\/fr\/#organization"},"alternateName":"Entreculturas","potentialAction":[{"@type":"SearchAction","target":{"@type":"EntryPoint","urlTemplate":"https:\/\/www.entreculturas.org\/fr\/?s={search_term_string}"},"query-input":{"@type":"PropertyValueSpecification","valueRequired":true,"valueName":"search_term_string"}}],"inLanguage":"fr-FR"},{"@type":"Organization","@id":"https:\/\/www.entreculturas.org\/fr\/#organization","name":"Entreculturas","url":"https:\/\/www.entreculturas.org\/fr\/","logo":{"@type":"ImageObject","inLanguage":"fr-FR","@id":"https:\/\/www.entreculturas.org\/fr\/#\/schema\/logo\/image\/","url":"https:\/\/www.entreculturas.org\/wp-content\/uploads\/2025\/10\/ESP.svg","contentUrl":"https:\/\/www.entreculturas.org\/wp-content\/uploads\/2025\/10\/ESP.svg","caption":"Entreculturas"},"image":{"@id":"https:\/\/www.entreculturas.org\/fr\/#\/schema\/logo\/image\/"},"sameAs":["https:\/\/www.facebook.com\/entreculturas","https:\/\/x.com\/Entreculturas","https:\/\/www.instagram.com\/entreculturas\/","https:\/\/www.youtube.com\/user\/entreculturasvideo","https:\/\/www.linkedin.com\/company\/fundacion-entreculturas-ngdo\/","https:\/\/www.flickr.com\/photos\/98455522@N04\/albums\/"]}]}},"_links":{"self":[{"href":"https:\/\/www.entreculturas.org\/fr\/wp-json\/wp\/v2\/noticia\/6789","targetHints":{"allow":["GET"]}}],"collection":[{"href":"https:\/\/www.entreculturas.org\/fr\/wp-json\/wp\/v2\/noticia"}],"about":[{"href":"https:\/\/www.entreculturas.org\/fr\/wp-json\/wp\/v2\/types\/noticia"}],"wp:featuredmedia":[{"embeddable":true,"href":"https:\/\/www.entreculturas.org\/fr\/wp-json\/wp\/v2\/media\/6788"}],"wp:attachment":[{"href":"https:\/\/www.entreculturas.org\/fr\/wp-json\/wp\/v2\/media?parent=6789"}],"wp:term":[{"taxonomy":"category","embeddable":true,"href":"https:\/\/www.entreculturas.org\/fr\/wp-json\/wp\/v2\/categories?post=6789"},{"taxonomy":"post_tag","embeddable":true,"href":"https:\/\/www.entreculturas.org\/fr\/wp-json\/wp\/v2\/tags?post=6789"},{"taxonomy":"country","embeddable":true,"href":"https:\/\/www.entreculturas.org\/fr\/wp-json\/wp\/v2\/country?post=6789"},{"taxonomy":"cause","embeddable":true,"href":"https:\/\/www.entreculturas.org\/fr\/wp-json\/wp\/v2\/cause?post=6789"}],"curies":[{"name":"wp","href":"https:\/\/api.w.org\/{rel}","templated":true}]}}