{"id":6765,"date":"2022-11-08T13:19:12","date_gmt":"2022-11-08T13:19:12","guid":{"rendered":"https:\/\/entreculturasi.wpenginepowered.com\/?noticias=cop27-por-una-transicion-energetica-que-sea-justa-y-equitativa"},"modified":"2024-02-15T13:57:13","modified_gmt":"2024-02-15T12:57:13","slug":"cop27-por-una-transicion-energetica-que-sea-justa-y-equitativa","status":"publish","type":"noticia","link":"https:\/\/www.entreculturas.org\/fr\/noticia\/cop27-por-una-transicion-energetica-que-sea-justa-y-equitativa\/","title":{"rendered":"COP27: Por una transici\u00f3n energ\u00e9tica que sea justa y equitativa"},"content":{"rendered":"<\/p>\n<p>Esta semana comienza la vig\u00e9simo s\u00e9ptima Conferencia de Naciones Unidas sobre Cambio Clim\u00e1tico en Sharm El-Sheikh, Egipto. La conocida como COP27 tendr\u00e1 lugar del 6 al 18 de noviembre de 2022 y reunir\u00e1 a cerca de 35.000 participantes de todo el mundo en la ciudad egipcia. Entre los asistentes se incluyen las delegaciones de 190 pa\u00edses que han suscrito la Convenci\u00f3n Marco de Naciones Unidas sobre Cambio Clim\u00e1tico, as\u00ed como organizaciones internacionales, Agencias especializadas de Naciones Unidas, ONG, empresas y medios de comunicaci\u00f3n.&nbsp;<\/p>\n<p>Se trata de una <a href=\"https:\/\/jesc.eu\/wp-content\/uploads\/2022\/10\/COP27-Guide.pdf\">cita importante<\/a> porque en ella se abordan aspectos fundamentales para luchar contra el cambio clim\u00e1tico dentro del Acuerdo de Par\u00eds, ratificado en 2015 por 195 pa\u00edses. El objetivo principal de dicho acuerdo es alinear esfuerzos para limitar el calentamiento global por debajo de los 2 grados cent\u00edgrados por encima de los niveles preindustriales, y proseguir los esfuerzos para limitar dicho aumento a\u00fan m\u00e1s dej\u00e1ndolo en 1,5 grados cent\u00edgrados.&nbsp;<\/p>\n<h3>La primera COP en \u00c1frica<\/h3>\n<p>El hecho de que la conferencia se celebre por primera vez en \u00c1frica representa una oportunidad para escuchar a las <a href=\"https:\/\/www.ej.jesuits.africa\/\">voces y preocupaciones<\/a> del continente que menos ha contribuido al calentamiento global y uno de los que, sin embargo,&nbsp; est\u00e1 m\u00e1s expuesto a las peores consecuencias de la crisis clim\u00e1tica. El a\u00f1o pasado, con motivo de la COP26, desde Entreculturas y Alboan, junto con otras organizaciones de la Red Xavier y a la Conferencia Jesuita de \u00c1frica y Madagascar, ya <a href=\"https:\/\/www.alboan.org\/es\/actualidad\/internacional\/alboan-y-entreculturas-hacemos-un-llamamiento-al-gobierno-espanol-la-accion\">demandamos a nuestro gobierno<\/a> la necesidad de reforzar la cooperaci\u00f3n entre Europa y \u00c1frica en la lucha contra el cambio clim\u00e1tico.&nbsp;<\/p>\n<p>En esta l\u00ednea, uno de los temas pendientes de la COP27 como han se\u00f1alado desde Ecojesuit es la necesidad de lograr un acuerdo que establezca un <a href=\"https:\/\/www.ecojesuit.com\/re-building-to-commit-in-cop27-with-faith\/\">mecanismo de \u201cp\u00e9rdidas y da\u00f1os\u201d<\/a> a trav\u00e9s del cual los pa\u00edses desarrollados puedan proporcionar apoyo financiero a los pa\u00edses vulnerables que ya est\u00e1n sufriendo los efectos del cambio clim\u00e1tico. Iniciativas como esta sin duda contribuir\u00edan a introducir criterios de equidad en la lucha contra el calentamiento global.&nbsp;<\/p>\n<p>Sin embargo, como explica en este <a href=\"https:\/\/economicsforenergy.wordpress.com\/2022\/11\/04\/que-esperar-de-la-cop27\/\">art\u00edculo de Pedro Linares<\/a>, de la Universidad de Comillas-ICAI, \u201ces siempre eso, un pendiente, porque dif\u00edcilmente los pa\u00edses desarrollados aceptar\u00e1n responsabilidades legales sobre los da\u00f1os causados por el cambio clim\u00e1tico. Lo m\u00e1s probable es que se siga contemporizando sobre este asunto durante mucho tiempo sin llegar a nada concreto\u201d.<\/p>\n<p>Esta sensaci\u00f3n de agotamiento es compartida por buena parte de la sociedad civil global, especialmente los activistas m\u00e1s j\u00f3venes, que ven c\u00f3mo una vez alcanzados los acuerdos pol\u00edticos clave, las negociaciones se tornan cada vez m\u00e1s t\u00e9cnicas y se dan en espacios menos accesibles. La falta de transparencia y participaci\u00f3n abierta, y la tendencia a cerrar acuerdos con anterioridad a las negociaciones oficiales, pueden terminar convirtiendo a la&nbsp; COP en un espacio muy medi\u00e1tico pero vac\u00edo de contenido sustantivo.<\/p>\n<h3><img decoding=\"async\" alt=\"\" src=\"https:\/\/www.entreculturas.org\/wp-content\/uploads\/2022\/11\/10_octubre_people-protesting-with-placards-close-up_0-scaled-1.jpg\" style=\"width: 800px;height: 589px\"><\/h3>\n<h3>La sociedad civil se moviliza: Es hora de actuar<\/h3>\n<p>Esta semana veremos movilizaciones a lo largo y ancho del mundo para exigir a los gobiernos y empresas acciones m\u00e1s contundentes de cara a lograr el cumplimiento del Acuerdo de Par\u00eds. Muchas de estas movilizaciones son expresi\u00f3n de un malestar social que va m\u00e1s all\u00e1 de la crisis clim\u00e1tica y tiene que ver con la necesidad de imaginar otros modelos de desarrollo m\u00e1s orientados al bienestar humano y a la sostenibilidad de la vida. Por eso necesitamos recordar una vez m\u00e1s las palabras del papa Francisco en Laudato Si\u2019, cuando afirma que \u201cno hay dos crisis separadas, una social y otra ambiental, sino una sola y compleja crisis socio-ambiental. Las l\u00edneas para la soluci\u00f3n requieren una aproximaci\u00f3n integral para combatir la pobreza, para devolver la dignidad a los excluidos y simult\u00e1neamente para cuidar la naturaleza\u201d (LS 139).<\/p>\n<p>En esta l\u00ednea, desde Entreculturas y Alboan apoyamos el manifiesto \u201cJusticia Clim\u00e1tica y Energ\u00e9tica Ya\u201d firmado por la <a href=\"https:\/\/alianza-clima.blogspot.com\/\">Alianza por el Clima<\/a>, que agrupa a una diversa representaci\u00f3n de organizaciones de la sociedad civil espa\u00f1ola, para demandar a nuestro gobierno las siguientes medidas de cara al cumplimiento del Acuerdo de Par\u00eds y al inicio de una transici\u00f3n energ\u00e9tica justa y equitativa. Pedimos a nuestros representantes pol\u00edticos:<\/p>\n<p>\u25cf Incrementar la acci\u00f3n clim\u00e1tica elevando los objetivos incluidos en la ley de cambio clim\u00e1tico y transici\u00f3n energ\u00e9tica, as\u00ed como los compromisos internacionales adquiridos, en l\u00ednea con las indicaciones cient\u00edficas y la justicia social (objetivos de reducci\u00f3n de emisiones y de apoyo financiero para adaptaci\u00f3n y para p\u00e9rdidas y da\u00f1os del cambio clim\u00e1tico).<\/p>\n<p>\u25cf Hacer frente a la deuda de carbono adquirida por el Estado Espa\u00f1ol con el sur global aumentando decididamente la financiaci\u00f3n de la adaptaci\u00f3n de las personas y comunidades m\u00e1s vulnerables del planeta, y de las p\u00e9rdidas y da\u00f1os que ya est\u00e1n sufriendo, asegurando que se cubre la cantidad necesaria.<\/p>\n<p>\u25cf Acelerar la transici\u00f3n a un nuevo modelo energ\u00e9tico mucho m\u00e1s participado por la sociedad basado en el ahorro y la eficiencia energ\u00e9tica y en las energ\u00edas renovables, abandonando las energ\u00edas f\u00f3siles y nucleares, con una adecuada planificaci\u00f3n que permita compatibilizar el despliegue renovable con la conservaci\u00f3n de la biodiversidad, el reparto de sus beneficios a sus habitantes y territorio y la preservaci\u00f3n e impulso de los modos de vida rurales sostenibles.<\/p>\n<p>\u25cf Democratizar la energ\u00eda fomentando el autoconsumo y las comunidades energ\u00e9ticas.<\/p>\n<p>\u25cf Impulsar un modelo alimentario de proximidad, sostenible y ecol\u00f3gico.<\/p>\n<p>\u25cf Descarbonizar el transporte con un cambio hacia modos m\u00e1s sostenibles (fomentar la bicicleta con redes de calles y carriles exclusivos para las bicis), el transporte p\u00fablico y la disminuci\u00f3n de las necesidades de movilidad (por ejemplo, garantizando servicios p\u00fablicos de proximidad para evitar desplazamientos).<\/p>\n<p>\u25cf Eliminar la subvenci\u00f3n de 20 c\u00e9ntimos\/litro al combustible, porque fomenta el consumismo de un recurso que se est\u00e1 agotando y que adem\u00e1s provoca gran parte del calentamiento clim\u00e1tico.<\/p>\n<p>\u25cf Aplicar y comprobar que se cumple el l\u00edmite de velocidad m\u00e1xima intraurbana de 30 km\/h en todas las ciudades; as\u00ed como la interurbana, limitando m\u00e1s la velocidad interurbana m\u00e1xima.<\/p>\n<p>\u25cf Eliminaci\u00f3n de vuelos cortos que tengan alternativa ferroviaria.<\/p>\n<p>\u25cf Mejorar la red y los servicios ferroviarios para vertebrar el territorio y enfriar el planeta.<\/p>\n<p>\u25cf Asegurar una transici\u00f3n justa para las personas trabajadoras y para los colectivos vulnerables.<\/p>\n<p>\u25cf Establecer medidas garantistas frente a la pobreza energ\u00e9tica y contra la estafa del oligopolio energ\u00e9tico.<\/p>\n<p>\u25cf Recuperar un mundo rural que lleva a\u00f1os enfrent\u00e1ndose al abandono.<\/p>\n<p>\u25cf Abrir la definici\u00f3n de las pol\u00edticas clim\u00e1ticas a la participaci\u00f3n de la ciudadan\u00eda, de las entidades cient\u00edficas y de la sociedad civil organizada.<\/p>\n<p>\u25cf Promover un modelo que revalorice y redistribuya los trabajos de cuidados.<\/p>\n<h3>\u00bfQu\u00e9 puedes hacer t\u00fa?<\/h3>\n<p>Puedes ayudarnos a difundir el <a href=\"https:\/\/alianza-clima.blogspot.com\/2022\/10\/manifiesto12N2022.html\">manifiesto de la Alianza por el Clima<\/a> en redes sociales.&nbsp;<\/p>\n<p>Informate en la web de la Alianza por el Clima si en tu ciudad se est\u00e1n organizando movilizaciones para este s\u00e1bado 12 de noviembre o b\u00fascalo en redes con el hashtag #12NxClima<\/p>\n<p><strong>\u00a1SUMATE A LAS MOVILIZACIONES! \u00a1NOS VEMOS EL 12 DE NOVIEMBRE!<\/strong>&nbsp;&nbsp;<\/p>\n","protected":false},"excerpt":{"rendered":"<p>Esta semana comienza la vig\u00e9simo s\u00e9ptima Conferencia de Naciones Unidas sobre Cambio Clim\u00e1tico en Sharm El-Sheikh, Egipto. La conocida como COP27 tendr\u00e1 lugar del 6 al 18 de noviembre de 2022 y reunir\u00e1 a cerca de 35.000 participantes de todo el mundo en la ciudad egipcia. Entre los asistentes se incluyen las delegaciones de 190 pa\u00edses que han suscrito la Convenci\u00f3n Marco de Naciones Unidas sobre Cambio Clim\u00e1tico, as\u00ed como organizaciones internacionales, Agencias especializadas de Naciones Unidas, ONG, empresas y medios de comunicaci\u00f3n. <\/p>\n","protected":false},"featured_media":6764,"template":"single-noticia","meta":{"_acf_changed":false},"categories":[7],"tags":[256],"country":[],"cause":[131],"class_list":["post-6765","noticia","type-noticia","status-publish","has-post-thumbnail","hentry","category-noticia","tag-justicia-socioambiental","cause-justicia-medioambiental"],"acf":[],"yoast_head":"<!-- This site is optimized with the Yoast SEO Premium plugin v21.6 (Yoast SEO v27.5) - https:\/\/yoast.com\/product\/yoast-seo-premium-wordpress\/ -->\n<title>COP27: Por una transici\u00f3n energ\u00e9tica que sea justa y equitativa - Entreculturas<\/title>\n<meta name=\"robots\" content=\"index, follow, max-snippet:-1, max-image-preview:large, max-video-preview:-1\" \/>\n<link rel=\"canonical\" href=\"https:\/\/www.entreculturas.org\/fr\/noticia\/cop27-por-una-transicion-energetica-que-sea-justa-y-equitativa\/\" \/>\n<meta property=\"og:locale\" content=\"fr_FR\" \/>\n<meta property=\"og:type\" content=\"article\" \/>\n<meta property=\"og:title\" content=\"COP27: Por una transici\u00f3n energ\u00e9tica que sea justa y equitativa\" \/>\n<meta property=\"og:description\" content=\"Esta semana comienza la vig\u00e9simo s\u00e9ptima Conferencia de Naciones Unidas sobre Cambio Clim\u00e1tico en Sharm El-Sheikh, Egipto. La conocida como COP27 tendr\u00e1 lugar del 6 al 18 de noviembre de 2022 y reunir\u00e1 a cerca de 35.000 participantes de todo el mundo en la ciudad egipcia. Entre los asistentes se incluyen las delegaciones de 190 pa\u00edses que han suscrito la Convenci\u00f3n Marco de Naciones Unidas sobre Cambio Clim\u00e1tico, as\u00ed como organizaciones internacionales, Agencias especializadas de Naciones Unidas, ONG, empresas y medios de comunicaci\u00f3n.\" \/>\n<meta property=\"og:url\" content=\"https:\/\/www.entreculturas.org\/fr\/noticia\/cop27-por-una-transicion-energetica-que-sea-justa-y-equitativa\/\" \/>\n<meta property=\"og:site_name\" content=\"Entreculturas\" \/>\n<meta property=\"article:publisher\" content=\"https:\/\/www.facebook.com\/entreculturas\" \/>\n<meta property=\"article:modified_time\" content=\"2024-02-15T12:57:13+00:00\" \/>\n<meta property=\"og:image\" content=\"https:\/\/www.entreculturas.org\/wp-content\/uploads\/2022\/11\/10_octubre_people-protesting-with-placards-close-up_0-scaled-1.jpg\" \/>\n\t<meta property=\"og:image:width\" content=\"2560\" \/>\n\t<meta property=\"og:image:height\" content=\"1885\" \/>\n\t<meta property=\"og:image:type\" content=\"image\/jpeg\" \/>\n<meta name=\"twitter:card\" content=\"summary_large_image\" \/>\n<meta name=\"twitter:site\" content=\"@Entreculturas\" \/>\n<script type=\"application\/ld+json\" class=\"yoast-schema-graph\">{\"@context\":\"https:\\\/\\\/schema.org\",\"@graph\":[{\"@type\":\"WebPage\",\"@id\":\"https:\\\/\\\/www.entreculturas.org\\\/fr\\\/noticia\\\/cop27-por-una-transicion-energetica-que-sea-justa-y-equitativa\\\/\",\"url\":\"https:\\\/\\\/www.entreculturas.org\\\/fr\\\/noticia\\\/cop27-por-una-transicion-energetica-que-sea-justa-y-equitativa\\\/\",\"name\":\"COP27: Por una transici\u00f3n energ\u00e9tica que sea justa y equitativa - Entreculturas\",\"isPartOf\":{\"@id\":\"https:\\\/\\\/www.entreculturas.org\\\/fr\\\/#website\"},\"primaryImageOfPage\":{\"@id\":\"https:\\\/\\\/www.entreculturas.org\\\/fr\\\/noticia\\\/cop27-por-una-transicion-energetica-que-sea-justa-y-equitativa\\\/#primaryimage\"},\"image\":{\"@id\":\"https:\\\/\\\/www.entreculturas.org\\\/fr\\\/noticia\\\/cop27-por-una-transicion-energetica-que-sea-justa-y-equitativa\\\/#primaryimage\"},\"thumbnailUrl\":\"https:\\\/\\\/www.entreculturas.org\\\/wp-content\\\/uploads\\\/2022\\\/11\\\/10_octubre_people-protesting-with-placards-close-up_0-scaled-1.jpg\",\"datePublished\":\"2022-11-08T13:19:12+00:00\",\"dateModified\":\"2024-02-15T12:57:13+00:00\",\"breadcrumb\":{\"@id\":\"https:\\\/\\\/www.entreculturas.org\\\/fr\\\/noticia\\\/cop27-por-una-transicion-energetica-que-sea-justa-y-equitativa\\\/#breadcrumb\"},\"inLanguage\":\"fr-FR\",\"potentialAction\":[{\"@type\":\"ReadAction\",\"target\":[\"https:\\\/\\\/www.entreculturas.org\\\/fr\\\/noticia\\\/cop27-por-una-transicion-energetica-que-sea-justa-y-equitativa\\\/\"]}]},{\"@type\":\"ImageObject\",\"inLanguage\":\"fr-FR\",\"@id\":\"https:\\\/\\\/www.entreculturas.org\\\/fr\\\/noticia\\\/cop27-por-una-transicion-energetica-que-sea-justa-y-equitativa\\\/#primaryimage\",\"url\":\"https:\\\/\\\/www.entreculturas.org\\\/wp-content\\\/uploads\\\/2022\\\/11\\\/10_octubre_people-protesting-with-placards-close-up_0-scaled-1.jpg\",\"contentUrl\":\"https:\\\/\\\/www.entreculturas.org\\\/wp-content\\\/uploads\\\/2022\\\/11\\\/10_octubre_people-protesting-with-placards-close-up_0-scaled-1.jpg\",\"width\":2560,\"height\":1885},{\"@type\":\"BreadcrumbList\",\"@id\":\"https:\\\/\\\/www.entreculturas.org\\\/fr\\\/noticia\\\/cop27-por-una-transicion-energetica-que-sea-justa-y-equitativa\\\/#breadcrumb\",\"itemListElement\":[{\"@type\":\"ListItem\",\"position\":1,\"name\":\"Home\",\"item\":\"https:\\\/\\\/www.entreculturas.org\\\/fr\\\/\"},{\"@type\":\"ListItem\",\"position\":2,\"name\":\"Noticias\",\"item\":\"https:\\\/\\\/www.entreculturas.org\\\/fr\\\/noticias\\\/\"},{\"@type\":\"ListItem\",\"position\":3,\"name\":\"COP27: Por una transici\u00f3n energ\u00e9tica que sea justa y equitativa\"}]},{\"@type\":\"WebSite\",\"@id\":\"https:\\\/\\\/www.entreculturas.org\\\/fr\\\/#website\",\"url\":\"https:\\\/\\\/www.entreculturas.org\\\/fr\\\/\",\"name\":\"Entreculturas\",\"description\":\"\",\"publisher\":{\"@id\":\"https:\\\/\\\/www.entreculturas.org\\\/fr\\\/#organization\"},\"alternateName\":\"Entreculturas\",\"potentialAction\":[{\"@type\":\"SearchAction\",\"target\":{\"@type\":\"EntryPoint\",\"urlTemplate\":\"https:\\\/\\\/www.entreculturas.org\\\/fr\\\/?s={search_term_string}\"},\"query-input\":{\"@type\":\"PropertyValueSpecification\",\"valueRequired\":true,\"valueName\":\"search_term_string\"}}],\"inLanguage\":\"fr-FR\"},{\"@type\":\"Organization\",\"@id\":\"https:\\\/\\\/www.entreculturas.org\\\/fr\\\/#organization\",\"name\":\"Entreculturas\",\"url\":\"https:\\\/\\\/www.entreculturas.org\\\/fr\\\/\",\"logo\":{\"@type\":\"ImageObject\",\"inLanguage\":\"fr-FR\",\"@id\":\"https:\\\/\\\/www.entreculturas.org\\\/fr\\\/#\\\/schema\\\/logo\\\/image\\\/\",\"url\":\"https:\\\/\\\/www.entreculturas.org\\\/wp-content\\\/uploads\\\/2025\\\/10\\\/ESP.svg\",\"contentUrl\":\"https:\\\/\\\/www.entreculturas.org\\\/wp-content\\\/uploads\\\/2025\\\/10\\\/ESP.svg\",\"caption\":\"Entreculturas\"},\"image\":{\"@id\":\"https:\\\/\\\/www.entreculturas.org\\\/fr\\\/#\\\/schema\\\/logo\\\/image\\\/\"},\"sameAs\":[\"https:\\\/\\\/www.facebook.com\\\/entreculturas\",\"https:\\\/\\\/x.com\\\/Entreculturas\",\"https:\\\/\\\/www.instagram.com\\\/entreculturas\\\/\",\"https:\\\/\\\/www.youtube.com\\\/user\\\/entreculturasvideo\",\"https:\\\/\\\/www.linkedin.com\\\/company\\\/fundacion-entreculturas-ngdo\\\/\",\"https:\\\/\\\/www.flickr.com\\\/photos\\\/98455522@N04\\\/albums\\\/\"]}]}<\/script>\n<!-- \/ Yoast SEO Premium plugin. -->","yoast_head_json":{"title":"COP27: Por una transici\u00f3n energ\u00e9tica que sea justa y equitativa - Entreculturas","robots":{"index":"index","follow":"follow","max-snippet":"max-snippet:-1","max-image-preview":"max-image-preview:large","max-video-preview":"max-video-preview:-1"},"canonical":"https:\/\/www.entreculturas.org\/fr\/noticia\/cop27-por-una-transicion-energetica-que-sea-justa-y-equitativa\/","og_locale":"fr_FR","og_type":"article","og_title":"COP27: Por una transici\u00f3n energ\u00e9tica que sea justa y equitativa","og_description":"Esta semana comienza la vig\u00e9simo s\u00e9ptima Conferencia de Naciones Unidas sobre Cambio Clim\u00e1tico en Sharm El-Sheikh, Egipto. La conocida como COP27 tendr\u00e1 lugar del 6 al 18 de noviembre de 2022 y reunir\u00e1 a cerca de 35.000 participantes de todo el mundo en la ciudad egipcia. Entre los asistentes se incluyen las delegaciones de 190 pa\u00edses que han suscrito la Convenci\u00f3n Marco de Naciones Unidas sobre Cambio Clim\u00e1tico, as\u00ed como organizaciones internacionales, Agencias especializadas de Naciones Unidas, ONG, empresas y medios de comunicaci\u00f3n.","og_url":"https:\/\/www.entreculturas.org\/fr\/noticia\/cop27-por-una-transicion-energetica-que-sea-justa-y-equitativa\/","og_site_name":"Entreculturas","article_publisher":"https:\/\/www.facebook.com\/entreculturas","article_modified_time":"2024-02-15T12:57:13+00:00","og_image":[{"width":2560,"height":1885,"url":"https:\/\/www.entreculturas.org\/wp-content\/uploads\/2022\/11\/10_octubre_people-protesting-with-placards-close-up_0-scaled-1.jpg","type":"image\/jpeg"}],"twitter_card":"summary_large_image","twitter_site":"@Entreculturas","schema":{"@context":"https:\/\/schema.org","@graph":[{"@type":"WebPage","@id":"https:\/\/www.entreculturas.org\/fr\/noticia\/cop27-por-una-transicion-energetica-que-sea-justa-y-equitativa\/","url":"https:\/\/www.entreculturas.org\/fr\/noticia\/cop27-por-una-transicion-energetica-que-sea-justa-y-equitativa\/","name":"COP27: Por una transici\u00f3n energ\u00e9tica que sea justa y equitativa - Entreculturas","isPartOf":{"@id":"https:\/\/www.entreculturas.org\/fr\/#website"},"primaryImageOfPage":{"@id":"https:\/\/www.entreculturas.org\/fr\/noticia\/cop27-por-una-transicion-energetica-que-sea-justa-y-equitativa\/#primaryimage"},"image":{"@id":"https:\/\/www.entreculturas.org\/fr\/noticia\/cop27-por-una-transicion-energetica-que-sea-justa-y-equitativa\/#primaryimage"},"thumbnailUrl":"https:\/\/www.entreculturas.org\/wp-content\/uploads\/2022\/11\/10_octubre_people-protesting-with-placards-close-up_0-scaled-1.jpg","datePublished":"2022-11-08T13:19:12+00:00","dateModified":"2024-02-15T12:57:13+00:00","breadcrumb":{"@id":"https:\/\/www.entreculturas.org\/fr\/noticia\/cop27-por-una-transicion-energetica-que-sea-justa-y-equitativa\/#breadcrumb"},"inLanguage":"fr-FR","potentialAction":[{"@type":"ReadAction","target":["https:\/\/www.entreculturas.org\/fr\/noticia\/cop27-por-una-transicion-energetica-que-sea-justa-y-equitativa\/"]}]},{"@type":"ImageObject","inLanguage":"fr-FR","@id":"https:\/\/www.entreculturas.org\/fr\/noticia\/cop27-por-una-transicion-energetica-que-sea-justa-y-equitativa\/#primaryimage","url":"https:\/\/www.entreculturas.org\/wp-content\/uploads\/2022\/11\/10_octubre_people-protesting-with-placards-close-up_0-scaled-1.jpg","contentUrl":"https:\/\/www.entreculturas.org\/wp-content\/uploads\/2022\/11\/10_octubre_people-protesting-with-placards-close-up_0-scaled-1.jpg","width":2560,"height":1885},{"@type":"BreadcrumbList","@id":"https:\/\/www.entreculturas.org\/fr\/noticia\/cop27-por-una-transicion-energetica-que-sea-justa-y-equitativa\/#breadcrumb","itemListElement":[{"@type":"ListItem","position":1,"name":"Home","item":"https:\/\/www.entreculturas.org\/fr\/"},{"@type":"ListItem","position":2,"name":"Noticias","item":"https:\/\/www.entreculturas.org\/fr\/noticias\/"},{"@type":"ListItem","position":3,"name":"COP27: Por una transici\u00f3n energ\u00e9tica que sea justa y equitativa"}]},{"@type":"WebSite","@id":"https:\/\/www.entreculturas.org\/fr\/#website","url":"https:\/\/www.entreculturas.org\/fr\/","name":"Entreculturas","description":"","publisher":{"@id":"https:\/\/www.entreculturas.org\/fr\/#organization"},"alternateName":"Entreculturas","potentialAction":[{"@type":"SearchAction","target":{"@type":"EntryPoint","urlTemplate":"https:\/\/www.entreculturas.org\/fr\/?s={search_term_string}"},"query-input":{"@type":"PropertyValueSpecification","valueRequired":true,"valueName":"search_term_string"}}],"inLanguage":"fr-FR"},{"@type":"Organization","@id":"https:\/\/www.entreculturas.org\/fr\/#organization","name":"Entreculturas","url":"https:\/\/www.entreculturas.org\/fr\/","logo":{"@type":"ImageObject","inLanguage":"fr-FR","@id":"https:\/\/www.entreculturas.org\/fr\/#\/schema\/logo\/image\/","url":"https:\/\/www.entreculturas.org\/wp-content\/uploads\/2025\/10\/ESP.svg","contentUrl":"https:\/\/www.entreculturas.org\/wp-content\/uploads\/2025\/10\/ESP.svg","caption":"Entreculturas"},"image":{"@id":"https:\/\/www.entreculturas.org\/fr\/#\/schema\/logo\/image\/"},"sameAs":["https:\/\/www.facebook.com\/entreculturas","https:\/\/x.com\/Entreculturas","https:\/\/www.instagram.com\/entreculturas\/","https:\/\/www.youtube.com\/user\/entreculturasvideo","https:\/\/www.linkedin.com\/company\/fundacion-entreculturas-ngdo\/","https:\/\/www.flickr.com\/photos\/98455522@N04\/albums\/"]}]}},"_links":{"self":[{"href":"https:\/\/www.entreculturas.org\/fr\/wp-json\/wp\/v2\/noticia\/6765","targetHints":{"allow":["GET"]}}],"collection":[{"href":"https:\/\/www.entreculturas.org\/fr\/wp-json\/wp\/v2\/noticia"}],"about":[{"href":"https:\/\/www.entreculturas.org\/fr\/wp-json\/wp\/v2\/types\/noticia"}],"wp:featuredmedia":[{"embeddable":true,"href":"https:\/\/www.entreculturas.org\/fr\/wp-json\/wp\/v2\/media\/6764"}],"wp:attachment":[{"href":"https:\/\/www.entreculturas.org\/fr\/wp-json\/wp\/v2\/media?parent=6765"}],"wp:term":[{"taxonomy":"category","embeddable":true,"href":"https:\/\/www.entreculturas.org\/fr\/wp-json\/wp\/v2\/categories?post=6765"},{"taxonomy":"post_tag","embeddable":true,"href":"https:\/\/www.entreculturas.org\/fr\/wp-json\/wp\/v2\/tags?post=6765"},{"taxonomy":"country","embeddable":true,"href":"https:\/\/www.entreculturas.org\/fr\/wp-json\/wp\/v2\/country?post=6765"},{"taxonomy":"cause","embeddable":true,"href":"https:\/\/www.entreculturas.org\/fr\/wp-json\/wp\/v2\/cause?post=6765"}],"curies":[{"name":"wp","href":"https:\/\/api.w.org\/{rel}","templated":true}]}}