{"id":6741,"date":"2022-10-14T07:51:29","date_gmt":"2022-10-14T07:51:29","guid":{"rendered":"https:\/\/entreculturasi.wpenginepowered.com\/?noticias=sembrando-semillas-para-la-educacion-en-madagascar"},"modified":"2024-06-26T09:48:10","modified_gmt":"2024-06-26T07:48:10","slug":"sembrando-semillas-para-la-educacion-en-madagascar","status":"publish","type":"noticia","link":"https:\/\/www.entreculturas.org\/fr\/noticia\/sembrando-semillas-para-la-educacion-en-madagascar\/","title":{"rendered":"Sembrando semillas para la educaci\u00f3n en Madagascar"},"content":{"rendered":"<p>Dec\u00eda \u200b\u200bManuel Aristorena SJ, Director de Fe y Alegr\u00eda Venezuela, que hay que <strong>\u201ccomer para aprender\u201d<\/strong>, refiri\u00e9ndose a que para tener la capacidad de concentrarse, atender y estudiar es necesario contar con una alimentaci\u00f3n completa y nutritiva. <strong>Cuando hay hambre, el aprendizaje se ve comprometido.&nbsp;<\/strong><\/p>\n<p>Hoy, <strong>D\u00eda Mundial de la Alimentaci\u00f3n<\/strong>, queremos hablar de la relaci\u00f3n que hay entre la comida y la educaci\u00f3n acerc\u00e1ndonos a Madagascar y a un proyecto que estamos llevando a cabo junto a Fe y Alegr\u00eda Madagascar y otras obras jesuitas.<\/p>\n<\/p>\n<p><em><strong>Entrega de semillas en Solila.<\/strong><\/em><\/p>\n<p>Se trata del <strong>Proyecto Seed<\/strong>, una iniciativa que tiene el objetivo de ayudar a las familias para que pueda<strong>n cultivar sus alimentos de forma aut\u00f3noma<\/strong> y no depender de los ingresos y de los precios oscilantes de los alimentos. Cumpliendo la primera premisa, la alimentaci\u00f3n, se pone la pieza fundamental&nbsp;para cumplir la segunda: la educaci\u00f3n de los ni\u00f1os y ni\u00f1as.<\/p>\n<p>Tal y como abordamos en el reportaje sobre <a href=\"https:\/\/www.entreculturas.org\/es\/noticias\/crisis-olvidadas-en-africa\" target=\"_blank\" rel=\"noopener\">\u2018Crisis olvidadas en \u00c1frica\u2019<\/a>, Madagascar sufre una<strong> hambruna<\/strong> que afecta especialmente al sur del pa\u00eds debido a la violencia, la devastadora sequ\u00eda y sobre todo, a los efectos del cambio clim\u00e1tico. Todo ello est\u00e1 poniendo en <strong>riesgo la seguridad alimentaria de m\u00e1s de un mill\u00f3n de personas<\/strong> que habitan esta extensa isla ubicada en \u00c1frica Oriental.&nbsp;<\/p>\n<p>&nbsp;<\/p>\n<p><img decoding=\"async\" alt=\"\" src=\"https:\/\/www.entreculturas.org\/wp-content\/uploads\/2022\/10\/madagascar_mujer_arando.png\" style=\"width: 800px;height: 533px\"><\/p>\n<p><span style=\"color:#FF0000\"><strong>La alimentaci\u00f3n y la educaci\u00f3n van de la mano<\/strong><\/span><\/p>\n<p>En los distritos de Solila, Ikalamavony y Mangidy (pertenecientes a la regi\u00f3n de Haute Matsiatra), donde estamos presentes, existe una problem\u00e1tica com\u00fan: los padres y las madres no tienen<strong> medios econ\u00f3micos para apoyar la educaci\u00f3n <\/strong>de sus hijos e hijas.&nbsp;<\/p>\n<p>Con tal de paliar esta situaci\u00f3n, a trav\u00e9s del Proyecto Seed <strong>repartimos semillas con un doble prop\u00f3sito<\/strong>: por una parte, para que los padres y madres <strong>garanticen la alimentaci\u00f3n<\/strong> de sus familias, y por otra, para que puedan vender los excedentes y con ello <strong>adquirir material escolar y enviar a sus hijos e hijas a al colegio.&nbsp;<\/strong><\/p>\n<p>El proyecto, que se inici\u00f3 en abril de este a\u00f1o, <strong>ya ha beneficiado a 192 familias<\/strong> en situaci\u00f3n de vulnerabilidad y est\u00e1 en nuestra&nbsp;meta&nbsp;llegar a 400 familias en total. La distribuci\u00f3n de semillas depende de las estaciones del a\u00f1o: primero, repartimos <strong>10 kilos de semillas de frijoles para cada familia<\/strong> y recientemente se han repartido las semillas de cebolla. Adem\u00e1s del reparto, el proyecto contempla el s<strong>eguimiento de los cultivos<\/strong> para asegurar que las semillas den sus frutos y as\u00ed las familias puedan beneficiarse tanto del alimento como de la venta de los excedentes. En el caso de los frijoles la<strong> tasa de germinaci\u00f3n de las semillas ha alcanzado el 96%.&nbsp;<\/strong><\/p>\n<p><img decoding=\"async\" alt=\"\" src=\"https:\/\/www.entreculturas.org\/wp-content\/uploads\/2022\/10\/madagascar_mujer_mirando_a_camara.png\" style=\"width: 800px;height: 530px\"><\/p>\n<p><em><strong>Brotes verdes tras el cultivo de frijoles.<\/strong><\/em><\/p>\n<p>Adem\u00e1s de ayudar a las familias a superar sus dificultades econ\u00f3micas, este proyecto busca especialmente <strong>evitar que ni\u00f1os y ni\u00f1as abandonen la escuela y reducir as\u00ed la tasa de analfabetismo<\/strong>. Estos dos objetivos se est\u00e1n alcanzando; ya contemplamos que la distribuci\u00f3n de semillas ha contribuido a que los ni\u00f1os y ni\u00f1as hayan podido terminar el a\u00f1o escolar en el plazo previsto.<\/p>\n","protected":false},"excerpt":{"rendered":"<p>Hoy, D\u00eda Mundial de la Alimentaci\u00f3n, queremos hablar de la relaci\u00f3n que hay entre la comida y la educaci\u00f3n acerc\u00e1ndonos a Madagascar y a un proyecto que estamos llevando a cabo junto a Fe y Alegr\u00eda Madagascar y otras obras jesuitas. Se trata del Proyecto Seed, una iniciativa que tiene el objetivo de ayudar a las familias para que puedan cultivar sus alimentos de forma aut\u00f3noma y no depender de los ingresos y de los precios oscilantes de los alimentos.<\/p>\n","protected":false},"featured_media":6740,"template":"single-noticia","meta":{"_acf_changed":false},"categories":[7],"tags":[289],"country":[],"cause":[128],"class_list":["post-6741","noticia","type-noticia","status-publish","has-post-thumbnail","hentry","category-noticia","tag-educacion","cause-educacion"],"acf":[],"yoast_head":"<!-- This site is optimized with the Yoast SEO Premium plugin v21.6 (Yoast SEO v27.5) - https:\/\/yoast.com\/product\/yoast-seo-premium-wordpress\/ -->\n<title>Sembrando semillas para la educaci\u00f3n en Madagascar - Entreculturas<\/title>\n<meta name=\"robots\" content=\"index, follow, max-snippet:-1, max-image-preview:large, max-video-preview:-1\" \/>\n<link rel=\"canonical\" href=\"https:\/\/www.entreculturas.org\/fr\/noticia\/sembrando-semillas-para-la-educacion-en-madagascar\/\" \/>\n<meta property=\"og:locale\" content=\"fr_FR\" \/>\n<meta property=\"og:type\" content=\"article\" \/>\n<meta property=\"og:title\" content=\"Sembrando semillas para la educaci\u00f3n en Madagascar\" \/>\n<meta property=\"og:description\" content=\"Hoy, D\u00eda Mundial de la Alimentaci\u00f3n, queremos hablar de la relaci\u00f3n que hay entre la comida y la educaci\u00f3n acerc\u00e1ndonos a Madagascar y a un proyecto que estamos llevando a cabo junto a Fe y Alegr\u00eda Madagascar y otras obras jesuitas. Se trata del Proyecto Seed, una iniciativa que tiene el objetivo de ayudar a las familias para que puedan cultivar sus alimentos de forma aut\u00f3noma y no depender de los ingresos y de los precios oscilantes de los alimentos.\" \/>\n<meta property=\"og:url\" content=\"https:\/\/www.entreculturas.org\/fr\/noticia\/sembrando-semillas-para-la-educacion-en-madagascar\/\" \/>\n<meta property=\"og:site_name\" content=\"Entreculturas\" \/>\n<meta property=\"article:publisher\" content=\"https:\/\/www.facebook.com\/entreculturas\" \/>\n<meta property=\"article:modified_time\" content=\"2024-06-26T07:48:10+00:00\" \/>\n<meta property=\"og:image\" content=\"https:\/\/www.entreculturas.org\/wp-content\/uploads\/2022\/10\/madagascar_mujer_mirando_a_camara-e1719388059479.png\" \/>\n\t<meta property=\"og:image:width\" content=\"843\" \/>\n\t<meta property=\"og:image:height\" content=\"387\" \/>\n\t<meta property=\"og:image:type\" content=\"image\/png\" \/>\n<meta name=\"twitter:card\" content=\"summary_large_image\" \/>\n<meta name=\"twitter:site\" content=\"@Entreculturas\" \/>\n<script type=\"application\/ld+json\" class=\"yoast-schema-graph\">{\"@context\":\"https:\\\/\\\/schema.org\",\"@graph\":[{\"@type\":\"WebPage\",\"@id\":\"https:\\\/\\\/www.entreculturas.org\\\/fr\\\/noticia\\\/sembrando-semillas-para-la-educacion-en-madagascar\\\/\",\"url\":\"https:\\\/\\\/www.entreculturas.org\\\/fr\\\/noticia\\\/sembrando-semillas-para-la-educacion-en-madagascar\\\/\",\"name\":\"Sembrando semillas para la educaci\u00f3n en Madagascar - Entreculturas\",\"isPartOf\":{\"@id\":\"https:\\\/\\\/www.entreculturas.org\\\/fr\\\/#website\"},\"primaryImageOfPage\":{\"@id\":\"https:\\\/\\\/www.entreculturas.org\\\/fr\\\/noticia\\\/sembrando-semillas-para-la-educacion-en-madagascar\\\/#primaryimage\"},\"image\":{\"@id\":\"https:\\\/\\\/www.entreculturas.org\\\/fr\\\/noticia\\\/sembrando-semillas-para-la-educacion-en-madagascar\\\/#primaryimage\"},\"thumbnailUrl\":\"https:\\\/\\\/www.entreculturas.org\\\/wp-content\\\/uploads\\\/2022\\\/10\\\/madagascar_mujer_mirando_a_camara-e1719388059479.png\",\"datePublished\":\"2022-10-14T07:51:29+00:00\",\"dateModified\":\"2024-06-26T07:48:10+00:00\",\"breadcrumb\":{\"@id\":\"https:\\\/\\\/www.entreculturas.org\\\/fr\\\/noticia\\\/sembrando-semillas-para-la-educacion-en-madagascar\\\/#breadcrumb\"},\"inLanguage\":\"fr-FR\",\"potentialAction\":[{\"@type\":\"ReadAction\",\"target\":[\"https:\\\/\\\/www.entreculturas.org\\\/fr\\\/noticia\\\/sembrando-semillas-para-la-educacion-en-madagascar\\\/\"]}]},{\"@type\":\"ImageObject\",\"inLanguage\":\"fr-FR\",\"@id\":\"https:\\\/\\\/www.entreculturas.org\\\/fr\\\/noticia\\\/sembrando-semillas-para-la-educacion-en-madagascar\\\/#primaryimage\",\"url\":\"https:\\\/\\\/www.entreculturas.org\\\/wp-content\\\/uploads\\\/2022\\\/10\\\/madagascar_mujer_mirando_a_camara-e1719388059479.png\",\"contentUrl\":\"https:\\\/\\\/www.entreculturas.org\\\/wp-content\\\/uploads\\\/2022\\\/10\\\/madagascar_mujer_mirando_a_camara-e1719388059479.png\",\"width\":843,\"height\":387},{\"@type\":\"BreadcrumbList\",\"@id\":\"https:\\\/\\\/www.entreculturas.org\\\/fr\\\/noticia\\\/sembrando-semillas-para-la-educacion-en-madagascar\\\/#breadcrumb\",\"itemListElement\":[{\"@type\":\"ListItem\",\"position\":1,\"name\":\"Home\",\"item\":\"https:\\\/\\\/www.entreculturas.org\\\/fr\\\/\"},{\"@type\":\"ListItem\",\"position\":2,\"name\":\"Noticias\",\"item\":\"https:\\\/\\\/www.entreculturas.org\\\/fr\\\/noticias\\\/\"},{\"@type\":\"ListItem\",\"position\":3,\"name\":\"Sembrando semillas para la educaci\u00f3n en Madagascar\"}]},{\"@type\":\"WebSite\",\"@id\":\"https:\\\/\\\/www.entreculturas.org\\\/fr\\\/#website\",\"url\":\"https:\\\/\\\/www.entreculturas.org\\\/fr\\\/\",\"name\":\"Entreculturas\",\"description\":\"\",\"publisher\":{\"@id\":\"https:\\\/\\\/www.entreculturas.org\\\/fr\\\/#organization\"},\"alternateName\":\"Entreculturas\",\"potentialAction\":[{\"@type\":\"SearchAction\",\"target\":{\"@type\":\"EntryPoint\",\"urlTemplate\":\"https:\\\/\\\/www.entreculturas.org\\\/fr\\\/?s={search_term_string}\"},\"query-input\":{\"@type\":\"PropertyValueSpecification\",\"valueRequired\":true,\"valueName\":\"search_term_string\"}}],\"inLanguage\":\"fr-FR\"},{\"@type\":\"Organization\",\"@id\":\"https:\\\/\\\/www.entreculturas.org\\\/fr\\\/#organization\",\"name\":\"Entreculturas\",\"url\":\"https:\\\/\\\/www.entreculturas.org\\\/fr\\\/\",\"logo\":{\"@type\":\"ImageObject\",\"inLanguage\":\"fr-FR\",\"@id\":\"https:\\\/\\\/www.entreculturas.org\\\/fr\\\/#\\\/schema\\\/logo\\\/image\\\/\",\"url\":\"https:\\\/\\\/www.entreculturas.org\\\/wp-content\\\/uploads\\\/2025\\\/10\\\/ESP.svg\",\"contentUrl\":\"https:\\\/\\\/www.entreculturas.org\\\/wp-content\\\/uploads\\\/2025\\\/10\\\/ESP.svg\",\"caption\":\"Entreculturas\"},\"image\":{\"@id\":\"https:\\\/\\\/www.entreculturas.org\\\/fr\\\/#\\\/schema\\\/logo\\\/image\\\/\"},\"sameAs\":[\"https:\\\/\\\/www.facebook.com\\\/entreculturas\",\"https:\\\/\\\/x.com\\\/Entreculturas\",\"https:\\\/\\\/www.instagram.com\\\/entreculturas\\\/\",\"https:\\\/\\\/www.youtube.com\\\/user\\\/entreculturasvideo\",\"https:\\\/\\\/www.linkedin.com\\\/company\\\/fundacion-entreculturas-ngdo\\\/\",\"https:\\\/\\\/www.flickr.com\\\/photos\\\/98455522@N04\\\/albums\\\/\"]}]}<\/script>\n<!-- \/ Yoast SEO Premium plugin. -->","yoast_head_json":{"title":"Sembrando semillas para la educaci\u00f3n en Madagascar - Entreculturas","robots":{"index":"index","follow":"follow","max-snippet":"max-snippet:-1","max-image-preview":"max-image-preview:large","max-video-preview":"max-video-preview:-1"},"canonical":"https:\/\/www.entreculturas.org\/fr\/noticia\/sembrando-semillas-para-la-educacion-en-madagascar\/","og_locale":"fr_FR","og_type":"article","og_title":"Sembrando semillas para la educaci\u00f3n en Madagascar","og_description":"Hoy, D\u00eda Mundial de la Alimentaci\u00f3n, queremos hablar de la relaci\u00f3n que hay entre la comida y la educaci\u00f3n acerc\u00e1ndonos a Madagascar y a un proyecto que estamos llevando a cabo junto a Fe y Alegr\u00eda Madagascar y otras obras jesuitas. Se trata del Proyecto Seed, una iniciativa que tiene el objetivo de ayudar a las familias para que puedan cultivar sus alimentos de forma aut\u00f3noma y no depender de los ingresos y de los precios oscilantes de los alimentos.","og_url":"https:\/\/www.entreculturas.org\/fr\/noticia\/sembrando-semillas-para-la-educacion-en-madagascar\/","og_site_name":"Entreculturas","article_publisher":"https:\/\/www.facebook.com\/entreculturas","article_modified_time":"2024-06-26T07:48:10+00:00","og_image":[{"width":843,"height":387,"url":"https:\/\/www.entreculturas.org\/wp-content\/uploads\/2022\/10\/madagascar_mujer_mirando_a_camara-e1719388059479.png","type":"image\/png"}],"twitter_card":"summary_large_image","twitter_site":"@Entreculturas","schema":{"@context":"https:\/\/schema.org","@graph":[{"@type":"WebPage","@id":"https:\/\/www.entreculturas.org\/fr\/noticia\/sembrando-semillas-para-la-educacion-en-madagascar\/","url":"https:\/\/www.entreculturas.org\/fr\/noticia\/sembrando-semillas-para-la-educacion-en-madagascar\/","name":"Sembrando semillas para la educaci\u00f3n en Madagascar - Entreculturas","isPartOf":{"@id":"https:\/\/www.entreculturas.org\/fr\/#website"},"primaryImageOfPage":{"@id":"https:\/\/www.entreculturas.org\/fr\/noticia\/sembrando-semillas-para-la-educacion-en-madagascar\/#primaryimage"},"image":{"@id":"https:\/\/www.entreculturas.org\/fr\/noticia\/sembrando-semillas-para-la-educacion-en-madagascar\/#primaryimage"},"thumbnailUrl":"https:\/\/www.entreculturas.org\/wp-content\/uploads\/2022\/10\/madagascar_mujer_mirando_a_camara-e1719388059479.png","datePublished":"2022-10-14T07:51:29+00:00","dateModified":"2024-06-26T07:48:10+00:00","breadcrumb":{"@id":"https:\/\/www.entreculturas.org\/fr\/noticia\/sembrando-semillas-para-la-educacion-en-madagascar\/#breadcrumb"},"inLanguage":"fr-FR","potentialAction":[{"@type":"ReadAction","target":["https:\/\/www.entreculturas.org\/fr\/noticia\/sembrando-semillas-para-la-educacion-en-madagascar\/"]}]},{"@type":"ImageObject","inLanguage":"fr-FR","@id":"https:\/\/www.entreculturas.org\/fr\/noticia\/sembrando-semillas-para-la-educacion-en-madagascar\/#primaryimage","url":"https:\/\/www.entreculturas.org\/wp-content\/uploads\/2022\/10\/madagascar_mujer_mirando_a_camara-e1719388059479.png","contentUrl":"https:\/\/www.entreculturas.org\/wp-content\/uploads\/2022\/10\/madagascar_mujer_mirando_a_camara-e1719388059479.png","width":843,"height":387},{"@type":"BreadcrumbList","@id":"https:\/\/www.entreculturas.org\/fr\/noticia\/sembrando-semillas-para-la-educacion-en-madagascar\/#breadcrumb","itemListElement":[{"@type":"ListItem","position":1,"name":"Home","item":"https:\/\/www.entreculturas.org\/fr\/"},{"@type":"ListItem","position":2,"name":"Noticias","item":"https:\/\/www.entreculturas.org\/fr\/noticias\/"},{"@type":"ListItem","position":3,"name":"Sembrando semillas para la educaci\u00f3n en Madagascar"}]},{"@type":"WebSite","@id":"https:\/\/www.entreculturas.org\/fr\/#website","url":"https:\/\/www.entreculturas.org\/fr\/","name":"Entreculturas","description":"","publisher":{"@id":"https:\/\/www.entreculturas.org\/fr\/#organization"},"alternateName":"Entreculturas","potentialAction":[{"@type":"SearchAction","target":{"@type":"EntryPoint","urlTemplate":"https:\/\/www.entreculturas.org\/fr\/?s={search_term_string}"},"query-input":{"@type":"PropertyValueSpecification","valueRequired":true,"valueName":"search_term_string"}}],"inLanguage":"fr-FR"},{"@type":"Organization","@id":"https:\/\/www.entreculturas.org\/fr\/#organization","name":"Entreculturas","url":"https:\/\/www.entreculturas.org\/fr\/","logo":{"@type":"ImageObject","inLanguage":"fr-FR","@id":"https:\/\/www.entreculturas.org\/fr\/#\/schema\/logo\/image\/","url":"https:\/\/www.entreculturas.org\/wp-content\/uploads\/2025\/10\/ESP.svg","contentUrl":"https:\/\/www.entreculturas.org\/wp-content\/uploads\/2025\/10\/ESP.svg","caption":"Entreculturas"},"image":{"@id":"https:\/\/www.entreculturas.org\/fr\/#\/schema\/logo\/image\/"},"sameAs":["https:\/\/www.facebook.com\/entreculturas","https:\/\/x.com\/Entreculturas","https:\/\/www.instagram.com\/entreculturas\/","https:\/\/www.youtube.com\/user\/entreculturasvideo","https:\/\/www.linkedin.com\/company\/fundacion-entreculturas-ngdo\/","https:\/\/www.flickr.com\/photos\/98455522@N04\/albums\/"]}]}},"_links":{"self":[{"href":"https:\/\/www.entreculturas.org\/fr\/wp-json\/wp\/v2\/noticia\/6741","targetHints":{"allow":["GET"]}}],"collection":[{"href":"https:\/\/www.entreculturas.org\/fr\/wp-json\/wp\/v2\/noticia"}],"about":[{"href":"https:\/\/www.entreculturas.org\/fr\/wp-json\/wp\/v2\/types\/noticia"}],"wp:featuredmedia":[{"embeddable":true,"href":"https:\/\/www.entreculturas.org\/fr\/wp-json\/wp\/v2\/media\/6740"}],"wp:attachment":[{"href":"https:\/\/www.entreculturas.org\/fr\/wp-json\/wp\/v2\/media?parent=6741"}],"wp:term":[{"taxonomy":"category","embeddable":true,"href":"https:\/\/www.entreculturas.org\/fr\/wp-json\/wp\/v2\/categories?post=6741"},{"taxonomy":"post_tag","embeddable":true,"href":"https:\/\/www.entreculturas.org\/fr\/wp-json\/wp\/v2\/tags?post=6741"},{"taxonomy":"country","embeddable":true,"href":"https:\/\/www.entreculturas.org\/fr\/wp-json\/wp\/v2\/country?post=6741"},{"taxonomy":"cause","embeddable":true,"href":"https:\/\/www.entreculturas.org\/fr\/wp-json\/wp\/v2\/cause?post=6741"}],"curies":[{"name":"wp","href":"https:\/\/api.w.org\/{rel}","templated":true}]}}