{"id":6724,"date":"2022-10-03T10:47:55","date_gmt":"2022-10-03T10:47:55","guid":{"rendered":"https:\/\/entreculturasi.wpenginepowered.com\/?noticias=23-encuentro-anual-entreculturas"},"modified":"2023-12-18T10:31:17","modified_gmt":"2023-12-18T09:31:17","slug":"23-encuentro-anual-entreculturas","status":"publish","type":"noticia","link":"https:\/\/www.entreculturas.org\/fr\/noticia\/23-encuentro-anual-entreculturas\/","title":{"rendered":"Bajo el lema \u201cVidas en movimiento\u201d, Entreculturas celebra su #22EncuentroAnual volviendo a la presencialidad"},"content":{"rendered":"<p>Tras dos a\u00f1os de ediciones realizadas a trav\u00e9s de la pantalla, la ONG Entreculturas, con la participaci\u00f3n de Alboan, ha retomado la presencialidad en su <strong>XXII Encuentro Anual<\/strong>. Reunidos entre el 30 de septiembre y el 2 de octubre en El Escorial, m\u00e1s de <strong>230 personas<\/strong> vinculadas a Entreculturas y llegadas de las 27 delegaciones se dieron cita bajo el lema <strong>\u201cVidas en movimiento\u201d<\/strong>. Dos d\u00edas de talleres y di\u00e1logos en torno a la <strong>defensa de la vida digna de las personas migrantes y refugiadas<\/strong>, una de las cinco causas que vertebran el trabajo de Entreculturas y Alboan tanto en Espa\u00f1a como en el resto del mundo. Desde el compromiso con el derecho a la educaci\u00f3n y utilizando una perspectiva de g\u00e9nero y medioambiental, en el Encuentro se profundiz\u00f3 en las causas de las movilidad forzosa, as\u00ed como en las distintas fases que componen la ruta migratoria.<\/p>\n<p><!--break--><\/p>\n[video:https:\/\/youtu.be\/Zb5xDiUJPFw width:800 align:left]\n<p>A nivel institucional contamos con la presencia de Antonio Espa\u00f1a SJ, Provincial de Espa\u00f1a, Luis Arancibia, Delegado del Sector Social y \u00c1lvaro Lobo SJ, subdelegado de pastoral colegial. En total participaron en el encuentro 12 jesuitas, parte de nuestros \u00f3rganos de gobierno o colaboradores en delegaciones: Rub\u00e9n Alonso, Baltasar Delgado, Alvar S\u00e1nchez (Nador), Gonzalo Castro (JRS-Siria), Dan Corrou (JRS-Oriente Medio), Josemi Colina, Javi Montes, Mart\u00edn Iriberri, Alvaro Lobo, Agust\u00edn Alonso, Dani Villanueva y Antonio Espa\u00f1a.&nbsp;<\/p>\n<p>Durante la jornada del s\u00e1bado se present\u00f3 una<strong> mirada global de la migraci\u00f3n en el mundo<\/strong> y de los principales flujos migratorios regionales que existen, as\u00ed como un acercamiento a la labor que Entreculturas ya est\u00e1 haciendo o que proyecta hacer en el futuro. El domingo se realizaron <strong>talleres para abordar los compromisos personales e institucionales de cara a seguir trabajando por la defensa de la vida digna de las personas migrantes y refugiadas<\/strong>, se celebr\u00f3 una Eucarist\u00eda y se clausur\u00f3 el encuentro haciendo \u00e9nfasis en los hitos estrat\u00e9gicos de este a\u00f1o.<\/p>\n<\/p>\n<p><u><span style=\"font-size:16px\"><strong>S\u00e1bado 1 de octubre<\/strong><\/span><\/u><\/p>\n<p>Tras un arranque espectacular con un interpelador mon\u00f3logo del senegal\u00e9s <strong>Thiambou Samb<\/strong>, el encuentro comenz\u00f3 con unas palabras de <strong>Daniel Villanueva SJ<\/strong>, Vicepresidente Ejecutivo de Entreculturas y Alboan, qui\u00e9n afirm\u00f3 que \u201cen el futuro, mirar\u00e1n en este tiempo y nos juzgar\u00e1n por la forma de haber abordado el dilema de las fronteras de una manera inhumana\u201d y \u201cque nuestro estado de bienestar est\u00e1 basado en flagrantes vulneraciones de derechos\u201d. Tambi\u00e9n resalt\u00f3 que \u201cla movilidad humana es la gran causa de nuestra era y por eso es una de las causas justas de Entreculturas y la hemos elegido como tem\u00e1tica de este Encuentro\u201d. Dani afirm\u00f3 tambi\u00e9n que \u201cEl futuro pasa por construir una cultura de inclusi\u00f3n, integraci\u00f3n y hospitalidad como \u00fanico camino para construir sociedades justas, pac\u00edficas y sostenibles a futuro.\u201d En el plan institucional resalt\u00f3 los avances del proceso de integraci\u00f3n de Entreculturas y Alboan que se est\u00e1 convirtiendo en la plataforma de Cooperaci\u00f3n y Ciudadan\u00eda de la Provincia multiplicando las oportunidades de ambas organizaciones y el trabajo cada vez mayor con las obras sociales de la Provincia.<\/p>\n<p>Tambi\u00e9n particip\u00f3 el Delegado del Sector Social de la Provincia, <strong>Luis Arancibia<\/strong> que agradeci\u00f3 las vidas en Movimiento, tanto de las personas que salen de su pa\u00eds como las que tambi\u00e9n se mueven para ayudar a otros. Resalt\u00f3&nbsp;m\u00e1s espacios donde encontrarnos, donde todo es posible, donde generamos comunidad y destac\u00f3 la capacidad de Entreculturas de entrelazarse y generar v\u00ednculos y concretamente cada vez m\u00e1s con las obras del sector social en Espa\u00f1a y las oportunidades que se abren trabajando conjuntamente en la causa de la Movilidad humana.<\/p>\n<p><strong>Alvaro Lobo SJ<\/strong>, Subdelegado de Pastoral Colegial, intervino igualmente destacando la importancia&nbsp;de que en este Encuentro haya tanta gente trabajando por la educaci\u00f3n y agradeci\u00f3 el trabajo de Entreculturas ayudando a crear conciencia en nuestros colegios y nuestro alumnado.<\/p>\n<p>Finalmente intervino <strong>Antonio Espa\u00f1a SJ<\/strong>, Provincial de Espa\u00f1a, que comenz\u00f3 su discurso citando a Arrupe: \u201cla lucha por la justicia no termina nunca\u201d. Agradeci\u00f3 en su intervenci\u00f3n la diversidad, creatividad y fuerza que Entreculturas, junto con Alboan, est\u00e1 aportando a la Provincia y el trabajo que est\u00e1 realizando junto a otras obras del Sector Social con el sector de EDUCSI, UNIJES y Servicio de la Fe como factor clave para toda la misi\u00f3n que se despliega en la Provincia. Agradeci\u00f3 igualmente el apoyo y liderazgo que aporta Entreculturas en las Plataformas Apost\u00f3licas a trav\u00e9s de su despliegue territorial.<\/p>\n<table border=\"0\" cellpadding=\"1\" cellspacing=\"1\" style=\"width:850px\">\n<tbody>\n<tr>\n<td><img decoding=\"async\" alt=\"\" src=\"https:\/\/www.entreculturas.org\/wp-content\/uploads\/2022\/10\/52398162697_a40a6fb555_w.jpg\" style=\"width: 400px;height: 267px;float: left\"><\/td>\n<td><img decoding=\"async\" alt=\"\" src=\"https:\/\/www.entreculturas.org\/wp-content\/uploads\/2022\/10\/52399115765_2e02fef6f7_w.jpg\" style=\"width: 400px;height: 267px;float: left\"><\/td>\n<\/tr>\n<tr>\n<td>&nbsp;<\/td>\n<td>&nbsp;<\/td>\n<\/tr>\n<tr>\n<td><img decoding=\"async\" alt=\"\" src=\"https:\/\/www.entreculturas.org\/wp-content\/uploads\/2022\/10\/52398688426_ec871e8291_w.jpg\" style=\"width: 400px;height: 267px;float: left\"><\/td>\n<td><img decoding=\"async\" alt=\"\" src=\"https:\/\/www.entreculturas.org\/wp-content\/uploads\/2022\/10\/52398150347_1c65190649_w.jpg\" style=\"width: 400px;height: 267px;float: left\"><\/td>\n<\/tr>\n<\/tbody>\n<\/table>\n<p>Posteriormente, comenz\u00f3 la primera charla de la mano de <strong>Amaya Valc\u00e1rcel, <\/strong>Responsable de Incidencia en el Servicio Jesuita a Refugiados. Amaya, present\u00f3 una mirada global a las migraciones en el mundo. Habl\u00f3 de datos globales como el promedio de 17 a\u00f1os en el exilio y que \u201dhay personas que nacen y mueren en un campo de refugiados por eso es muy importante en estos contextos la educaci\u00f3n ya que estructura la vida y es la base de la reconciliaci\u00f3n y la paz\u201d<\/p>\n<p>Tras esta primera aproximaci\u00f3n a la realidad migratoria en el mundo, fue el turno de una mesa redonda sobre los flujos migratorios de Centroam\u00e9rica, \u00c1frica-Europa y Oriente Medio-Asia. Moderada por <strong>Luc\u00eda Rodr\u00edguez Donate<\/strong>, responsable de Incidencia Pol\u00edtica de Entreculturas, la mesa estuvo compuesta por distintas personalidades relacionadas con Entreculturas que trabajan sobre el terreno. La investigadora en Derechos Humanos de la Universidad de Deusto y miembro de la Red Jesuitas con Migrantes de Latinoam\u00e9rica y Caribe,<strong> Mariana Zaragoza Gonz\u00e1lez<\/strong>, abord\u00f3 el flujo centroamericano, destacando el problema de la salud mental de las personas migrantes&nbsp; pero tambi\u00e9n las personas trabajadoras de la red de albergues que les acompa\u00f1an. Tambi\u00e9n destac\u00f3 las consecuencias que est\u00e1 teniendo en la migraci\u00f3n el cambio clim\u00e1tico, la actividad industrial extractivista y la vulneraci\u00f3n de derechos humanos y la violencia contra los defensores de la tierra.<\/p>\n<p><strong>\u00c0lvar S\u00e1nchez<\/strong>, Delegado de Migraciones de la Archidi\u00f3cesis de T\u00e1nger, se centr\u00f3 en el flujo migratorio de nuestra \u00ab\u00a0frontera sur\u00a0\u00bb.&nbsp;Habl\u00f3 sobre la b\u00fasqueda de nuevas rutas que generan mayor vulnerabilidad, viajes m\u00e1s largos, peligrosos y con menos posibilidades de llegar a destino de una forma segura. Destac\u00f3 el peligro del discurso que criminaliza a las personas migrantes que llegan a nuestras fronteras y explic\u00f3 las diversas causas que generan la movilidad humana en origen en el continente africano. \u00c1lvar record\u00f3 que \u201c\u00c1frica sufre mucho pero acoge mucho tambi\u00e9n, siendo el continente donde m\u00e1s personas migrantes y refugiadas son acogidas\u201d. Por \u00faltimo, plante\u00f3 la importancia de compartir nuestra vulnerabilidad com\u00fan y enfatiz\u00f3 que proteger la vida del otro es algo esencial que debe estar en nuestro ADN.<\/p>\n<p>Por \u00faltimo, <strong>Dan Corrou SJ<\/strong>, Director regional de JRS en Oriente Medio y el Norte de \u00c1frica, relat\u00f3 que la realidad del flujo de oriente medio y de la crisis de Siria que ya dura 11 a\u00f1os. En su intervenci\u00f3n destac\u00f3 los efectos a largo plazo del conflicto: \u201cPara reconstruir el esp\u00edritu de un pueblo y sanar tanto dolor hace falta mucho m\u00e1s tiempo que para reconstruir los edificios de una ciudad.\u201d Dan cont\u00f3 la situaci\u00f3n de las personas refugiadas sirias en L\u00edbano que, pese a la crisis que vive el pa\u00eds que hace a las personas refugiadas m\u00e1s vulnerables, prefieren seguir en L\u00edbano a retornar a Siria donde no hay esperanza. Ante&nbsp;esta situaci\u00f3n el JRS trata de responder con la educaci\u00f3n y el cuidado de la persona y de la salud mental.<\/p>\n<p>Durante la tarde se pudo profundizar en la tem\u00e1tica a trav\u00e9s de diferentes talleres especializados sobre estos 3 flujos migratorios en sus fases de origen, tr\u00e1nsito y destino. Para ello, se cont\u00f3 con facilitadores privilegiados que conocen de primera mano lo que ocurre en cada una de las etapas. En el flujo de Oriente Medio participaron <strong>Gon\u00e7alo Castro Fonseca SJ,<\/strong> que fue director de JRS en Siria;&nbsp;<strong>Heba Al Basha<\/strong>, Directora Nacional de JRS en L\u00edbano y <strong>Ruba Hassan<\/strong>, mediadora cultural en patrocinio comunitario con Alboan. En el flujo \u00c1frica &#8211; Frontera Sur se cont\u00f3 con el testimonio de <strong>Esther Fraile<\/strong>, psic\u00f3loga en SIRA (grupo de acci\u00f3n psico-social y comunitario);&nbsp;<strong>Mamadou Mouctar Bah<\/strong>, responsable del proyecto pa\u00eds de origen \u2018Guinea\u2019 con la Delegaci\u00f3n Diocesana de Migraciones;&nbsp;<strong>Alvar S\u00e1nchez SJ<\/strong>, Delegado de Migraciones de la Archidi\u00f3cesis de T\u00e1nger y <strong>Samuel Maiorana,<\/strong>&nbsp;Coordinador del \u00c1rea de J\u00f3venes en Pueblos Unidos. Finalmente en el flujo de Centroam\u00e9rica compartieron su testimonio <strong>Mireille Joseph,<\/strong> del Servicio Jesuita a Migrantes en Argentina \u2013 Uruguay (SJM-ARU) \/ Oficina CABA;&nbsp;<strong>Mariana Guadalupe Zaragoza,<\/strong> miembro de la Red Jesuita con Migrantes Latinoam\u00e9rica y Caribe y <strong>Pady Miranda,<\/strong> que participa en el proyecto de la casa de acogida Ana Leal de Valladolid.<\/p>\n<p><span style=\"font-size:16px\"><u><strong>Domingo 2 de octubre<\/strong><\/u><\/span><\/p>\n<p>La ma\u00f1ana del domingo arranc\u00f3 con la celebraci\u00f3n de una Eucarist\u00eda oficiada por <strong>Daniel Villanueva SJ, Mart\u00edn&nbsp;Iriberri SJ y Javier Montes SJ<\/strong>.&nbsp; Adem\u00e1s se realizaron talleres para motivar a las personas asistentes a definir compromisos personales e institucionales para seguir trabajando por la defensa de la vida digna de las personas migrantes y refugiadas.&nbsp;<\/p>\n<p>El acto de clausura cont\u00f3 con una mesa de Alboan y Entreculturas que resumi\u00f3 los principales mensajes del debate de estos d\u00edas. <strong>Raquel Mart\u00edn<\/strong>, Directora de Comunicaci\u00f3n y Relaciones Institucionales de Entreculturas que nos record\u00f3 que \u201cla movilidad humana es parte de nuestras vidas y como desde las fronteras empatizamos con nuestros semejantes y el reto de construir un somos m\u00e1s grande, en una Europa que nos preocupa pero con una sociedad civil que se rebela\u201d.&nbsp;<strong>Mary Tere Guzm\u00e1n<\/strong>,&nbsp; Adjunta a la Direcci\u00f3n de Alboan que nos record\u00f3 el grito contenido de tantas mujeres migrantes que no son escuchadas, el grito de la dignidad humana y el reto de ser una ciudadan\u00eda cr\u00edtica y comprometida. Y<strong> Luca Fabris<\/strong>, Coordinador de la Causa de Movilidad Humana, quien nos invit\u00f3 a escuchar la voz de las personas migrantes y refugiadas como forma de dignificarla y transformarnos a nosotros mismos y el reto de c\u00f3mo acompa\u00f1ar a las personas migrantes y refugiadas.<\/p>\n<table border=\"0\" cellpadding=\"1\" cellspacing=\"1\" style=\"width:100%\">\n<tbody>\n<tr>\n<td><img decoding=\"async\" alt=\"\" height=\"267\" src=\"https:\/\/www.entreculturas.org\/wp-content\/uploads\/2022\/10\/52399223151_18a642eb03_w.jpg\" width=\"400\"><\/td>\n<td><img decoding=\"async\" alt=\"\" height=\"267\" src=\"https:\/\/www.entreculturas.org\/wp-content\/uploads\/2022\/10\/52399224381_882979aa0e_w.jpg\" width=\"400\"><\/td>\n<td><img decoding=\"async\" alt=\"\" height=\"267\" src=\"https:\/\/www.entreculturas.org\/wp-content\/uploads\/2022\/10\/52398705542_9613cd7862_w.jpg\" width=\"400\"><\/td>\n<\/tr>\n<\/tbody>\n<\/table>\n<p>El Encuentro lo cerr\u00f3 <strong>Ram\u00f3n Almansa,<\/strong> Director Ejecutivo de Entreculturas, quien agradeci\u00f3 a los distintos equipos y a nuestros hermanos y hermanas de Alboan que han participado en el Encuentro. Destac\u00f3 la importancia del hacer encuentro&nbsp;y encontrarse, lo fundamental de \u00ab\u00a0des-centrarnos\u00a0\u00bb de nosotros mismos para centrarnos en los que m\u00e1s sufren y el proceso de integraci\u00f3n de Alboan y Entreculturas como una oportunidad para responder mejor a nuestro entorno y nuestros retos. Termin\u00f3 su intervenci\u00f3n invit\u00e1ndonos a tener ilusi\u00f3n, profunda, por lo que hacemos y a trabajar con conciencia de sostener la esperanza.<\/p>\n","protected":false},"excerpt":{"rendered":"<p>Tras dos a\u00f1os de ediciones realizadas a trav\u00e9s de la pantalla, la ONG Entreculturas, con la participaci\u00f3n de Alboan, ha retomado la presencialidad en su XXII Encuentro Anual. Reunidos entre el 30 de septiembre y el 2 de octubre en El Escorial, m\u00e1s de 230 personas vinculadas a Entreculturas y llegadas de las 27 delegaciones se dieron cita bajo el lema \u201cVidas en movimiento\u201d.<\/p>\n","protected":false},"featured_media":6725,"template":"single-noticia","meta":{"_acf_changed":false},"categories":[7],"tags":[185],"country":[],"cause":[],"class_list":["post-6724","noticia","type-noticia","status-publish","has-post-thumbnail","hentry","category-noticia","tag-entreculturas"],"acf":[],"yoast_head":"<!-- This site is optimized with the Yoast SEO Premium plugin v21.6 (Yoast SEO v27.5) - https:\/\/yoast.com\/product\/yoast-seo-premium-wordpress\/ -->\n<title>Bajo el lema \u201cVidas en movimiento\u201d, Entreculturas celebra su #22EncuentroAnual volviendo a la presencialidad - Entreculturas<\/title>\n<meta name=\"robots\" content=\"index, follow, max-snippet:-1, max-image-preview:large, max-video-preview:-1\" \/>\n<link rel=\"canonical\" href=\"https:\/\/www.entreculturas.org\/fr\/noticia\/23-encuentro-anual-entreculturas\/\" \/>\n<meta property=\"og:locale\" content=\"fr_FR\" \/>\n<meta property=\"og:type\" content=\"article\" \/>\n<meta property=\"og:title\" content=\"Bajo el lema \u201cVidas en movimiento\u201d, Entreculturas celebra su #22EncuentroAnual volviendo a la presencialidad\" \/>\n<meta property=\"og:description\" content=\"Tras dos a\u00f1os de ediciones realizadas a trav\u00e9s de la pantalla, la ONG Entreculturas, con la participaci\u00f3n de Alboan, ha retomado la presencialidad en su XXII Encuentro Anual. Reunidos entre el 30 de septiembre y el 2 de octubre en El Escorial, m\u00e1s de 230 personas vinculadas a Entreculturas y llegadas de las 27 delegaciones se dieron cita bajo el lema \u201cVidas en movimiento\u201d.\" \/>\n<meta property=\"og:url\" content=\"https:\/\/www.entreculturas.org\/fr\/noticia\/23-encuentro-anual-entreculturas\/\" \/>\n<meta property=\"og:site_name\" content=\"Entreculturas\" \/>\n<meta property=\"article:publisher\" content=\"https:\/\/www.facebook.com\/entreculturas\" \/>\n<meta property=\"article:modified_time\" content=\"2023-12-18T09:31:17+00:00\" \/>\n<meta property=\"og:image\" content=\"https:\/\/www.entreculturas.org\/wp-content\/uploads\/2022\/10\/vidas-en-movimiento_encuentro-anual-2021.jpg\" \/>\n\t<meta property=\"og:image:width\" content=\"800\" \/>\n\t<meta property=\"og:image:height\" content=\"566\" \/>\n\t<meta property=\"og:image:type\" content=\"image\/jpeg\" \/>\n<meta name=\"twitter:card\" content=\"summary_large_image\" \/>\n<meta name=\"twitter:site\" content=\"@Entreculturas\" \/>\n<script type=\"application\/ld+json\" class=\"yoast-schema-graph\">{\"@context\":\"https:\\\/\\\/schema.org\",\"@graph\":[{\"@type\":\"WebPage\",\"@id\":\"https:\\\/\\\/www.entreculturas.org\\\/fr\\\/noticia\\\/23-encuentro-anual-entreculturas\\\/\",\"url\":\"https:\\\/\\\/www.entreculturas.org\\\/fr\\\/noticia\\\/23-encuentro-anual-entreculturas\\\/\",\"name\":\"Bajo el lema \u201cVidas en movimiento\u201d, Entreculturas celebra su #22EncuentroAnual volviendo a la presencialidad - Entreculturas\",\"isPartOf\":{\"@id\":\"https:\\\/\\\/www.entreculturas.org\\\/fr\\\/#website\"},\"primaryImageOfPage\":{\"@id\":\"https:\\\/\\\/www.entreculturas.org\\\/fr\\\/noticia\\\/23-encuentro-anual-entreculturas\\\/#primaryimage\"},\"image\":{\"@id\":\"https:\\\/\\\/www.entreculturas.org\\\/fr\\\/noticia\\\/23-encuentro-anual-entreculturas\\\/#primaryimage\"},\"thumbnailUrl\":\"https:\\\/\\\/www.entreculturas.org\\\/wp-content\\\/uploads\\\/2022\\\/10\\\/vidas-en-movimiento_encuentro-anual-2021.jpg\",\"datePublished\":\"2022-10-03T10:47:55+00:00\",\"dateModified\":\"2023-12-18T09:31:17+00:00\",\"breadcrumb\":{\"@id\":\"https:\\\/\\\/www.entreculturas.org\\\/fr\\\/noticia\\\/23-encuentro-anual-entreculturas\\\/#breadcrumb\"},\"inLanguage\":\"fr-FR\",\"potentialAction\":[{\"@type\":\"ReadAction\",\"target\":[\"https:\\\/\\\/www.entreculturas.org\\\/fr\\\/noticia\\\/23-encuentro-anual-entreculturas\\\/\"]}]},{\"@type\":\"ImageObject\",\"inLanguage\":\"fr-FR\",\"@id\":\"https:\\\/\\\/www.entreculturas.org\\\/fr\\\/noticia\\\/23-encuentro-anual-entreculturas\\\/#primaryimage\",\"url\":\"https:\\\/\\\/www.entreculturas.org\\\/wp-content\\\/uploads\\\/2022\\\/10\\\/vidas-en-movimiento_encuentro-anual-2021.jpg\",\"contentUrl\":\"https:\\\/\\\/www.entreculturas.org\\\/wp-content\\\/uploads\\\/2022\\\/10\\\/vidas-en-movimiento_encuentro-anual-2021.jpg\",\"width\":800,\"height\":566,\"caption\":\"Encuentro Anual Entreculturas 2022 - Vidas en Movimiento\"},{\"@type\":\"BreadcrumbList\",\"@id\":\"https:\\\/\\\/www.entreculturas.org\\\/fr\\\/noticia\\\/23-encuentro-anual-entreculturas\\\/#breadcrumb\",\"itemListElement\":[{\"@type\":\"ListItem\",\"position\":1,\"name\":\"Home\",\"item\":\"https:\\\/\\\/www.entreculturas.org\\\/fr\\\/\"},{\"@type\":\"ListItem\",\"position\":2,\"name\":\"Noticias\",\"item\":\"https:\\\/\\\/www.entreculturas.org\\\/fr\\\/noticias\\\/\"},{\"@type\":\"ListItem\",\"position\":3,\"name\":\"Bajo el lema \u201cVidas en movimiento\u201d, Entreculturas celebra su #22EncuentroAnual volviendo a la presencialidad\"}]},{\"@type\":\"WebSite\",\"@id\":\"https:\\\/\\\/www.entreculturas.org\\\/fr\\\/#website\",\"url\":\"https:\\\/\\\/www.entreculturas.org\\\/fr\\\/\",\"name\":\"Entreculturas\",\"description\":\"\",\"publisher\":{\"@id\":\"https:\\\/\\\/www.entreculturas.org\\\/fr\\\/#organization\"},\"alternateName\":\"Entreculturas\",\"potentialAction\":[{\"@type\":\"SearchAction\",\"target\":{\"@type\":\"EntryPoint\",\"urlTemplate\":\"https:\\\/\\\/www.entreculturas.org\\\/fr\\\/?s={search_term_string}\"},\"query-input\":{\"@type\":\"PropertyValueSpecification\",\"valueRequired\":true,\"valueName\":\"search_term_string\"}}],\"inLanguage\":\"fr-FR\"},{\"@type\":\"Organization\",\"@id\":\"https:\\\/\\\/www.entreculturas.org\\\/fr\\\/#organization\",\"name\":\"Entreculturas\",\"url\":\"https:\\\/\\\/www.entreculturas.org\\\/fr\\\/\",\"logo\":{\"@type\":\"ImageObject\",\"inLanguage\":\"fr-FR\",\"@id\":\"https:\\\/\\\/www.entreculturas.org\\\/fr\\\/#\\\/schema\\\/logo\\\/image\\\/\",\"url\":\"https:\\\/\\\/www.entreculturas.org\\\/wp-content\\\/uploads\\\/2025\\\/10\\\/ESP.svg\",\"contentUrl\":\"https:\\\/\\\/www.entreculturas.org\\\/wp-content\\\/uploads\\\/2025\\\/10\\\/ESP.svg\",\"caption\":\"Entreculturas\"},\"image\":{\"@id\":\"https:\\\/\\\/www.entreculturas.org\\\/fr\\\/#\\\/schema\\\/logo\\\/image\\\/\"},\"sameAs\":[\"https:\\\/\\\/www.facebook.com\\\/entreculturas\",\"https:\\\/\\\/x.com\\\/Entreculturas\",\"https:\\\/\\\/www.instagram.com\\\/entreculturas\\\/\",\"https:\\\/\\\/www.youtube.com\\\/user\\\/entreculturasvideo\",\"https:\\\/\\\/www.linkedin.com\\\/company\\\/fundacion-entreculturas-ngdo\\\/\",\"https:\\\/\\\/www.flickr.com\\\/photos\\\/98455522@N04\\\/albums\\\/\"]}]}<\/script>\n<!-- \/ Yoast SEO Premium plugin. -->","yoast_head_json":{"title":"Bajo el lema \u201cVidas en movimiento\u201d, Entreculturas celebra su #22EncuentroAnual volviendo a la presencialidad - Entreculturas","robots":{"index":"index","follow":"follow","max-snippet":"max-snippet:-1","max-image-preview":"max-image-preview:large","max-video-preview":"max-video-preview:-1"},"canonical":"https:\/\/www.entreculturas.org\/fr\/noticia\/23-encuentro-anual-entreculturas\/","og_locale":"fr_FR","og_type":"article","og_title":"Bajo el lema \u201cVidas en movimiento\u201d, Entreculturas celebra su #22EncuentroAnual volviendo a la presencialidad","og_description":"Tras dos a\u00f1os de ediciones realizadas a trav\u00e9s de la pantalla, la ONG Entreculturas, con la participaci\u00f3n de Alboan, ha retomado la presencialidad en su XXII Encuentro Anual. Reunidos entre el 30 de septiembre y el 2 de octubre en El Escorial, m\u00e1s de 230 personas vinculadas a Entreculturas y llegadas de las 27 delegaciones se dieron cita bajo el lema \u201cVidas en movimiento\u201d.","og_url":"https:\/\/www.entreculturas.org\/fr\/noticia\/23-encuentro-anual-entreculturas\/","og_site_name":"Entreculturas","article_publisher":"https:\/\/www.facebook.com\/entreculturas","article_modified_time":"2023-12-18T09:31:17+00:00","og_image":[{"width":800,"height":566,"url":"https:\/\/www.entreculturas.org\/wp-content\/uploads\/2022\/10\/vidas-en-movimiento_encuentro-anual-2021.jpg","type":"image\/jpeg"}],"twitter_card":"summary_large_image","twitter_site":"@Entreculturas","schema":{"@context":"https:\/\/schema.org","@graph":[{"@type":"WebPage","@id":"https:\/\/www.entreculturas.org\/fr\/noticia\/23-encuentro-anual-entreculturas\/","url":"https:\/\/www.entreculturas.org\/fr\/noticia\/23-encuentro-anual-entreculturas\/","name":"Bajo el lema \u201cVidas en movimiento\u201d, Entreculturas celebra su #22EncuentroAnual volviendo a la presencialidad - Entreculturas","isPartOf":{"@id":"https:\/\/www.entreculturas.org\/fr\/#website"},"primaryImageOfPage":{"@id":"https:\/\/www.entreculturas.org\/fr\/noticia\/23-encuentro-anual-entreculturas\/#primaryimage"},"image":{"@id":"https:\/\/www.entreculturas.org\/fr\/noticia\/23-encuentro-anual-entreculturas\/#primaryimage"},"thumbnailUrl":"https:\/\/www.entreculturas.org\/wp-content\/uploads\/2022\/10\/vidas-en-movimiento_encuentro-anual-2021.jpg","datePublished":"2022-10-03T10:47:55+00:00","dateModified":"2023-12-18T09:31:17+00:00","breadcrumb":{"@id":"https:\/\/www.entreculturas.org\/fr\/noticia\/23-encuentro-anual-entreculturas\/#breadcrumb"},"inLanguage":"fr-FR","potentialAction":[{"@type":"ReadAction","target":["https:\/\/www.entreculturas.org\/fr\/noticia\/23-encuentro-anual-entreculturas\/"]}]},{"@type":"ImageObject","inLanguage":"fr-FR","@id":"https:\/\/www.entreculturas.org\/fr\/noticia\/23-encuentro-anual-entreculturas\/#primaryimage","url":"https:\/\/www.entreculturas.org\/wp-content\/uploads\/2022\/10\/vidas-en-movimiento_encuentro-anual-2021.jpg","contentUrl":"https:\/\/www.entreculturas.org\/wp-content\/uploads\/2022\/10\/vidas-en-movimiento_encuentro-anual-2021.jpg","width":800,"height":566,"caption":"Encuentro Anual Entreculturas 2022 - Vidas en Movimiento"},{"@type":"BreadcrumbList","@id":"https:\/\/www.entreculturas.org\/fr\/noticia\/23-encuentro-anual-entreculturas\/#breadcrumb","itemListElement":[{"@type":"ListItem","position":1,"name":"Home","item":"https:\/\/www.entreculturas.org\/fr\/"},{"@type":"ListItem","position":2,"name":"Noticias","item":"https:\/\/www.entreculturas.org\/fr\/noticias\/"},{"@type":"ListItem","position":3,"name":"Bajo el lema \u201cVidas en movimiento\u201d, Entreculturas celebra su #22EncuentroAnual volviendo a la presencialidad"}]},{"@type":"WebSite","@id":"https:\/\/www.entreculturas.org\/fr\/#website","url":"https:\/\/www.entreculturas.org\/fr\/","name":"Entreculturas","description":"","publisher":{"@id":"https:\/\/www.entreculturas.org\/fr\/#organization"},"alternateName":"Entreculturas","potentialAction":[{"@type":"SearchAction","target":{"@type":"EntryPoint","urlTemplate":"https:\/\/www.entreculturas.org\/fr\/?s={search_term_string}"},"query-input":{"@type":"PropertyValueSpecification","valueRequired":true,"valueName":"search_term_string"}}],"inLanguage":"fr-FR"},{"@type":"Organization","@id":"https:\/\/www.entreculturas.org\/fr\/#organization","name":"Entreculturas","url":"https:\/\/www.entreculturas.org\/fr\/","logo":{"@type":"ImageObject","inLanguage":"fr-FR","@id":"https:\/\/www.entreculturas.org\/fr\/#\/schema\/logo\/image\/","url":"https:\/\/www.entreculturas.org\/wp-content\/uploads\/2025\/10\/ESP.svg","contentUrl":"https:\/\/www.entreculturas.org\/wp-content\/uploads\/2025\/10\/ESP.svg","caption":"Entreculturas"},"image":{"@id":"https:\/\/www.entreculturas.org\/fr\/#\/schema\/logo\/image\/"},"sameAs":["https:\/\/www.facebook.com\/entreculturas","https:\/\/x.com\/Entreculturas","https:\/\/www.instagram.com\/entreculturas\/","https:\/\/www.youtube.com\/user\/entreculturasvideo","https:\/\/www.linkedin.com\/company\/fundacion-entreculturas-ngdo\/","https:\/\/www.flickr.com\/photos\/98455522@N04\/albums\/"]}]}},"_links":{"self":[{"href":"https:\/\/www.entreculturas.org\/fr\/wp-json\/wp\/v2\/noticia\/6724","targetHints":{"allow":["GET"]}}],"collection":[{"href":"https:\/\/www.entreculturas.org\/fr\/wp-json\/wp\/v2\/noticia"}],"about":[{"href":"https:\/\/www.entreculturas.org\/fr\/wp-json\/wp\/v2\/types\/noticia"}],"wp:featuredmedia":[{"embeddable":true,"href":"https:\/\/www.entreculturas.org\/fr\/wp-json\/wp\/v2\/media\/6725"}],"wp:attachment":[{"href":"https:\/\/www.entreculturas.org\/fr\/wp-json\/wp\/v2\/media?parent=6724"}],"wp:term":[{"taxonomy":"category","embeddable":true,"href":"https:\/\/www.entreculturas.org\/fr\/wp-json\/wp\/v2\/categories?post=6724"},{"taxonomy":"post_tag","embeddable":true,"href":"https:\/\/www.entreculturas.org\/fr\/wp-json\/wp\/v2\/tags?post=6724"},{"taxonomy":"country","embeddable":true,"href":"https:\/\/www.entreculturas.org\/fr\/wp-json\/wp\/v2\/country?post=6724"},{"taxonomy":"cause","embeddable":true,"href":"https:\/\/www.entreculturas.org\/fr\/wp-json\/wp\/v2\/cause?post=6724"}],"curies":[{"name":"wp","href":"https:\/\/api.w.org\/{rel}","templated":true}]}}