{"id":6709,"date":"2022-09-23T12:13:57","date_gmt":"2022-09-23T12:13:57","guid":{"rendered":"https:\/\/entreculturasi.wpenginepowered.com\/?noticias=huracan-fiona-avanza-con-fuerza-por-centroamerica"},"modified":"2023-12-18T10:31:17","modified_gmt":"2023-12-18T09:31:17","slug":"huracan-fiona-avanza-con-fuerza-por-centroamerica","status":"publish","type":"noticia","link":"https:\/\/www.entreculturas.org\/fr\/noticia\/huracan-fiona-avanza-con-fuerza-por-centroamerica\/","title":{"rendered":"HURAC\u00c1N FIONA AVANZA CON FUERZA POR CENTROAM\u00c9RICA"},"content":{"rendered":"<p>Desde inicios de septiembre de este a\u00f1o, lluvias persistentes han ca\u00eddo en pa\u00edses de Centroam\u00e9rica, lo que ha generado <strong>inundaciones y deslizamientos de lodo<\/strong> <strong>significativos<\/strong> y potencialmente mortales en toda la zona.&nbsp;<\/p>\n<p><strong>Fiona<\/strong> es un hurac\u00e1n de categor\u00eda 3 en la escala de Saffir Simpson, con vientos cerca de 185 km\/h. Seg\u00fan datos de la Oficina de Coordinaci\u00f3n de Asuntos Humanitarios (OCHA), entre el <strong>16 y 18 de septiembre<\/strong> el hurac\u00e1n cruz\u00f3 El Caribe oriental en forma de tormenta tropical y caus\u00f3 da\u00f1os menores, excepto en la isla <strong>Guadalupe<\/strong> donde falleci\u00f3 una persona y da\u00f1\u00f3 la infraestructura. Adem\u00e1s, en <strong>Puerto Rico<\/strong> y en la costa de <strong>Rep\u00fablica Dominicana<\/strong>, hubo cortes de energ\u00eda y bloqueos de carreteras debido a escombros.<\/p>\n<p>Seg\u00fan la Agencia Federal para el Manejo de Emergencias (FEMA), en Puerto Rico cayeron fuertes lluvias de 25 pulgadas que causaron lodo y deslizamientos de tierra, inundaciones y <strong>corte de electricidad<\/strong> en toda la isla, dejando a m\u00e1s de 3 millones de personas sin energ\u00eda el\u00e9ctrica.&nbsp;<\/p>\n<p>En Rep\u00fablica Dominicana, las autoridades nacionales confirmaron que 13 mil personas fueron trasladadas a lugares seguros y <strong>1.500 personas est\u00e1n en 49 albergues de emergencia<\/strong>. M\u00e1s de un mill\u00f3n de personas tienen problemas de suministro de agua y 400 mil habitantes se han visto afectados por los cortes de energ\u00eda.<\/p>\n<\/p>\n<p>Fiona tambi\u00e9n ha afectado principalmente a la parte occidental de <strong>Honduras<\/strong>, espec\u00edficamente en el valle del Sula, a ra\u00edz de importantes crecidas de los r\u00edos que lo cursan. En este valle cruzan dos grandes r\u00edos, el Chamelec\u00f3n y el Ul\u00faa, y la saturaci\u00f3n de agua en la superficie lo hace muy vulnerable y pone en alerta a la poblaci\u00f3n, ya que los bordes son d\u00e9biles debido a que no se repararon tras el paso de los <strong>huracanes Eta e Iota en 2020<\/strong>.&nbsp;<\/p>\n<p>Desde Fe y Alegr\u00eda Honduras informan que <strong>80 mil habitantes de El Progreso est\u00e1n en riesgo de inundarse por la crecida del r\u00edo Ul\u00faa<\/strong>, pero quienes habitan zonas aleda\u00f1as ya han sido evacuadas. La secretar\u00eda de Gesti\u00f3n de Riesgos y Contingencias Nacionales (COPECO) declar\u00f3 alerta roja en los municipios cercanos al r\u00edo, pidi\u00f3 la evacuaci\u00f3n de varias localidades de la regi\u00f3n y el 21 de septiembre report\u00f3 220 personas evacuadas en lanchas. En el \u00e1mbito educacional, <strong>las actividades acad\u00e9micas se han suspendido por 48 horas<\/strong> como m\u00ednimo.<\/p>\n<table border=\"0\" cellpadding=\"1\" cellspacing=\"1\" style=\"width:100%\">\n<tbody>\n<tr>\n<td><img decoding=\"async\" alt=\"\" height=\"241\" src=\"https:\/\/www.entreculturas.org\/wp-content\/uploads\/2022\/09\/honduras-fiona-inundaciones-evacuacion-familias.jpg\" width=\"500\"><\/td>\n<td><img decoding=\"async\" alt=\"\" height=\"241\" src=\"https:\/\/www.entreculturas.org\/wp-content\/uploads\/2022\/09\/honduras-fiona-inundaciones-hombre-agua-hombros.jpg\" width=\"180\"><\/td>\n<\/tr>\n<\/tbody>\n<\/table>\n<p>La situaci\u00f3n actual de los <strong>centros educativos Fe y Alegr\u00eda Honduras<\/strong> es diferente en cada sector. La ciudad de El Progreso cuenta con tres centros de albergues coordinados por el Comit\u00e9 de Emergencia Municipal (CODEM). Aqu\u00ed se alberga a 252 personas de 55 familias. Se espera que a otro centro lleguen m\u00e1s de 180 familias de diversas zonas afectadas. El Centro Loyola y Centro Bandeira est\u00e1n siendo utilizados como <strong>centros de acopio y albergues <\/strong>para m\u00e1s de 60 personas, donde se les brinda servicios b\u00e1sicos. El Centro Nazaret de Urraco est\u00e1 en una zona de riesgo inundable, por lo que movilizaron el material y equipos a partes seguras del edificio, y se espera que lleguen 7 familias evacuadas del sector hoy 23 de septiembre.&nbsp;<\/p>\n<p>Asimismo, las escuelas asociadas a Fe y Alegr\u00eda tambi\u00e9n son utilizadas como albergues o centros de acopio. Tres centros habilitados por el CODEM albergan a 55 familias de 11 comunidades de Honduras. Lamentablemente, no todas las escuelas cuentan con todos los servicios b\u00e1sicos para albergar personas, ni todas las zonas son seguras para la comunidad.<\/p>\n","protected":false},"excerpt":{"rendered":"<p>Fiona es un hurac\u00e1n de categor\u00eda 3 en la escala de Saffir Simpson, con vientos cerca de 185 km\/h. Seg\u00fan datos de la Oficina de Coordinaci\u00f3n de Asuntos Humanitarios (OCHA), entre el 16 y 18 de septiembre el hurac\u00e1n cruz\u00f3 El Caribe oriental en forma de tormenta tropical y caus\u00f3 da\u00f1os menores, excepto en la isla Guadalupe donde falleci\u00f3 una persona y da\u00f1\u00f3 la infraestructura. Adem\u00e1s, en Puerto Rico y en la costa de Rep\u00fablica Dominicana, hubo cortes de energ\u00eda y bloqueos de carreteras debido a escombros.<\/p>\n","protected":false},"featured_media":6706,"template":"single-noticia","meta":{"_acf_changed":false},"categories":[7],"tags":[185],"country":[],"cause":[],"class_list":["post-6709","noticia","type-noticia","status-publish","has-post-thumbnail","hentry","category-noticia","tag-entreculturas"],"acf":[],"yoast_head":"<!-- This site is optimized with the Yoast SEO Premium plugin v21.6 (Yoast SEO v27.5) - https:\/\/yoast.com\/product\/yoast-seo-premium-wordpress\/ -->\n<title>HURAC\u00c1N FIONA AVANZA CON FUERZA POR CENTROAM\u00c9RICA - Entreculturas<\/title>\n<meta name=\"robots\" content=\"index, follow, max-snippet:-1, max-image-preview:large, max-video-preview:-1\" \/>\n<link rel=\"canonical\" href=\"https:\/\/www.entreculturas.org\/fr\/noticia\/huracan-fiona-avanza-con-fuerza-por-centroamerica\/\" \/>\n<meta property=\"og:locale\" content=\"fr_FR\" \/>\n<meta property=\"og:type\" content=\"article\" \/>\n<meta property=\"og:title\" content=\"HURAC\u00c1N FIONA AVANZA CON FUERZA POR CENTROAM\u00c9RICA\" \/>\n<meta property=\"og:description\" content=\"Fiona es un hurac\u00e1n de categor\u00eda 3 en la escala de Saffir Simpson, con vientos cerca de 185 km\/h. Seg\u00fan datos de la Oficina de Coordinaci\u00f3n de Asuntos Humanitarios (OCHA), entre el 16 y 18 de septiembre el hurac\u00e1n cruz\u00f3 El Caribe oriental en forma de tormenta tropical y caus\u00f3 da\u00f1os menores, excepto en la isla Guadalupe donde falleci\u00f3 una persona y da\u00f1\u00f3 la infraestructura. Adem\u00e1s, en Puerto Rico y en la costa de Rep\u00fablica Dominicana, hubo cortes de energ\u00eda y bloqueos de carreteras debido a escombros.\" \/>\n<meta property=\"og:url\" content=\"https:\/\/www.entreculturas.org\/fr\/noticia\/huracan-fiona-avanza-con-fuerza-por-centroamerica\/\" \/>\n<meta property=\"og:site_name\" content=\"Entreculturas\" \/>\n<meta property=\"article:publisher\" content=\"https:\/\/www.facebook.com\/entreculturas\" \/>\n<meta property=\"article:modified_time\" content=\"2023-12-18T09:31:17+00:00\" \/>\n<meta property=\"og:image\" content=\"https:\/\/www.entreculturas.org\/wp-content\/uploads\/2022\/09\/captura_de_pantalla_2022-09-23_a_las_14.12.00.png\" \/>\n\t<meta property=\"og:image:width\" content=\"732\" \/>\n\t<meta property=\"og:image:height\" content=\"417\" \/>\n\t<meta property=\"og:image:type\" content=\"image\/png\" \/>\n<meta name=\"twitter:card\" content=\"summary_large_image\" \/>\n<meta name=\"twitter:site\" content=\"@Entreculturas\" \/>\n<script type=\"application\/ld+json\" class=\"yoast-schema-graph\">{\"@context\":\"https:\\\/\\\/schema.org\",\"@graph\":[{\"@type\":\"WebPage\",\"@id\":\"https:\\\/\\\/www.entreculturas.org\\\/fr\\\/noticia\\\/huracan-fiona-avanza-con-fuerza-por-centroamerica\\\/\",\"url\":\"https:\\\/\\\/www.entreculturas.org\\\/fr\\\/noticia\\\/huracan-fiona-avanza-con-fuerza-por-centroamerica\\\/\",\"name\":\"HURAC\u00c1N FIONA AVANZA CON FUERZA POR CENTROAM\u00c9RICA - Entreculturas\",\"isPartOf\":{\"@id\":\"https:\\\/\\\/www.entreculturas.org\\\/fr\\\/#website\"},\"primaryImageOfPage\":{\"@id\":\"https:\\\/\\\/www.entreculturas.org\\\/fr\\\/noticia\\\/huracan-fiona-avanza-con-fuerza-por-centroamerica\\\/#primaryimage\"},\"image\":{\"@id\":\"https:\\\/\\\/www.entreculturas.org\\\/fr\\\/noticia\\\/huracan-fiona-avanza-con-fuerza-por-centroamerica\\\/#primaryimage\"},\"thumbnailUrl\":\"https:\\\/\\\/www.entreculturas.org\\\/wp-content\\\/uploads\\\/2022\\\/09\\\/captura_de_pantalla_2022-09-23_a_las_14.12.00.png\",\"datePublished\":\"2022-09-23T12:13:57+00:00\",\"dateModified\":\"2023-12-18T09:31:17+00:00\",\"breadcrumb\":{\"@id\":\"https:\\\/\\\/www.entreculturas.org\\\/fr\\\/noticia\\\/huracan-fiona-avanza-con-fuerza-por-centroamerica\\\/#breadcrumb\"},\"inLanguage\":\"fr-FR\",\"potentialAction\":[{\"@type\":\"ReadAction\",\"target\":[\"https:\\\/\\\/www.entreculturas.org\\\/fr\\\/noticia\\\/huracan-fiona-avanza-con-fuerza-por-centroamerica\\\/\"]}]},{\"@type\":\"ImageObject\",\"inLanguage\":\"fr-FR\",\"@id\":\"https:\\\/\\\/www.entreculturas.org\\\/fr\\\/noticia\\\/huracan-fiona-avanza-con-fuerza-por-centroamerica\\\/#primaryimage\",\"url\":\"https:\\\/\\\/www.entreculturas.org\\\/wp-content\\\/uploads\\\/2022\\\/09\\\/captura_de_pantalla_2022-09-23_a_las_14.12.00.png\",\"contentUrl\":\"https:\\\/\\\/www.entreculturas.org\\\/wp-content\\\/uploads\\\/2022\\\/09\\\/captura_de_pantalla_2022-09-23_a_las_14.12.00.png\",\"width\":732,\"height\":417},{\"@type\":\"BreadcrumbList\",\"@id\":\"https:\\\/\\\/www.entreculturas.org\\\/fr\\\/noticia\\\/huracan-fiona-avanza-con-fuerza-por-centroamerica\\\/#breadcrumb\",\"itemListElement\":[{\"@type\":\"ListItem\",\"position\":1,\"name\":\"Home\",\"item\":\"https:\\\/\\\/www.entreculturas.org\\\/fr\\\/\"},{\"@type\":\"ListItem\",\"position\":2,\"name\":\"Noticias\",\"item\":\"https:\\\/\\\/www.entreculturas.org\\\/fr\\\/noticias\\\/\"},{\"@type\":\"ListItem\",\"position\":3,\"name\":\"HURAC\u00c1N FIONA AVANZA CON FUERZA POR CENTROAM\u00c9RICA\"}]},{\"@type\":\"WebSite\",\"@id\":\"https:\\\/\\\/www.entreculturas.org\\\/fr\\\/#website\",\"url\":\"https:\\\/\\\/www.entreculturas.org\\\/fr\\\/\",\"name\":\"Entreculturas\",\"description\":\"\",\"publisher\":{\"@id\":\"https:\\\/\\\/www.entreculturas.org\\\/fr\\\/#organization\"},\"alternateName\":\"Entreculturas\",\"potentialAction\":[{\"@type\":\"SearchAction\",\"target\":{\"@type\":\"EntryPoint\",\"urlTemplate\":\"https:\\\/\\\/www.entreculturas.org\\\/fr\\\/?s={search_term_string}\"},\"query-input\":{\"@type\":\"PropertyValueSpecification\",\"valueRequired\":true,\"valueName\":\"search_term_string\"}}],\"inLanguage\":\"fr-FR\"},{\"@type\":\"Organization\",\"@id\":\"https:\\\/\\\/www.entreculturas.org\\\/fr\\\/#organization\",\"name\":\"Entreculturas\",\"url\":\"https:\\\/\\\/www.entreculturas.org\\\/fr\\\/\",\"logo\":{\"@type\":\"ImageObject\",\"inLanguage\":\"fr-FR\",\"@id\":\"https:\\\/\\\/www.entreculturas.org\\\/fr\\\/#\\\/schema\\\/logo\\\/image\\\/\",\"url\":\"https:\\\/\\\/www.entreculturas.org\\\/wp-content\\\/uploads\\\/2025\\\/10\\\/ESP.svg\",\"contentUrl\":\"https:\\\/\\\/www.entreculturas.org\\\/wp-content\\\/uploads\\\/2025\\\/10\\\/ESP.svg\",\"caption\":\"Entreculturas\"},\"image\":{\"@id\":\"https:\\\/\\\/www.entreculturas.org\\\/fr\\\/#\\\/schema\\\/logo\\\/image\\\/\"},\"sameAs\":[\"https:\\\/\\\/www.facebook.com\\\/entreculturas\",\"https:\\\/\\\/x.com\\\/Entreculturas\",\"https:\\\/\\\/www.instagram.com\\\/entreculturas\\\/\",\"https:\\\/\\\/www.youtube.com\\\/user\\\/entreculturasvideo\",\"https:\\\/\\\/www.linkedin.com\\\/company\\\/fundacion-entreculturas-ngdo\\\/\",\"https:\\\/\\\/www.flickr.com\\\/photos\\\/98455522@N04\\\/albums\\\/\"]}]}<\/script>\n<!-- \/ Yoast SEO Premium plugin. -->","yoast_head_json":{"title":"HURAC\u00c1N FIONA AVANZA CON FUERZA POR CENTROAM\u00c9RICA - Entreculturas","robots":{"index":"index","follow":"follow","max-snippet":"max-snippet:-1","max-image-preview":"max-image-preview:large","max-video-preview":"max-video-preview:-1"},"canonical":"https:\/\/www.entreculturas.org\/fr\/noticia\/huracan-fiona-avanza-con-fuerza-por-centroamerica\/","og_locale":"fr_FR","og_type":"article","og_title":"HURAC\u00c1N FIONA AVANZA CON FUERZA POR CENTROAM\u00c9RICA","og_description":"Fiona es un hurac\u00e1n de categor\u00eda 3 en la escala de Saffir Simpson, con vientos cerca de 185 km\/h. Seg\u00fan datos de la Oficina de Coordinaci\u00f3n de Asuntos Humanitarios (OCHA), entre el 16 y 18 de septiembre el hurac\u00e1n cruz\u00f3 El Caribe oriental en forma de tormenta tropical y caus\u00f3 da\u00f1os menores, excepto en la isla Guadalupe donde falleci\u00f3 una persona y da\u00f1\u00f3 la infraestructura. Adem\u00e1s, en Puerto Rico y en la costa de Rep\u00fablica Dominicana, hubo cortes de energ\u00eda y bloqueos de carreteras debido a escombros.","og_url":"https:\/\/www.entreculturas.org\/fr\/noticia\/huracan-fiona-avanza-con-fuerza-por-centroamerica\/","og_site_name":"Entreculturas","article_publisher":"https:\/\/www.facebook.com\/entreculturas","article_modified_time":"2023-12-18T09:31:17+00:00","og_image":[{"width":732,"height":417,"url":"https:\/\/www.entreculturas.org\/wp-content\/uploads\/2022\/09\/captura_de_pantalla_2022-09-23_a_las_14.12.00.png","type":"image\/png"}],"twitter_card":"summary_large_image","twitter_site":"@Entreculturas","schema":{"@context":"https:\/\/schema.org","@graph":[{"@type":"WebPage","@id":"https:\/\/www.entreculturas.org\/fr\/noticia\/huracan-fiona-avanza-con-fuerza-por-centroamerica\/","url":"https:\/\/www.entreculturas.org\/fr\/noticia\/huracan-fiona-avanza-con-fuerza-por-centroamerica\/","name":"HURAC\u00c1N FIONA AVANZA CON FUERZA POR CENTROAM\u00c9RICA - Entreculturas","isPartOf":{"@id":"https:\/\/www.entreculturas.org\/fr\/#website"},"primaryImageOfPage":{"@id":"https:\/\/www.entreculturas.org\/fr\/noticia\/huracan-fiona-avanza-con-fuerza-por-centroamerica\/#primaryimage"},"image":{"@id":"https:\/\/www.entreculturas.org\/fr\/noticia\/huracan-fiona-avanza-con-fuerza-por-centroamerica\/#primaryimage"},"thumbnailUrl":"https:\/\/www.entreculturas.org\/wp-content\/uploads\/2022\/09\/captura_de_pantalla_2022-09-23_a_las_14.12.00.png","datePublished":"2022-09-23T12:13:57+00:00","dateModified":"2023-12-18T09:31:17+00:00","breadcrumb":{"@id":"https:\/\/www.entreculturas.org\/fr\/noticia\/huracan-fiona-avanza-con-fuerza-por-centroamerica\/#breadcrumb"},"inLanguage":"fr-FR","potentialAction":[{"@type":"ReadAction","target":["https:\/\/www.entreculturas.org\/fr\/noticia\/huracan-fiona-avanza-con-fuerza-por-centroamerica\/"]}]},{"@type":"ImageObject","inLanguage":"fr-FR","@id":"https:\/\/www.entreculturas.org\/fr\/noticia\/huracan-fiona-avanza-con-fuerza-por-centroamerica\/#primaryimage","url":"https:\/\/www.entreculturas.org\/wp-content\/uploads\/2022\/09\/captura_de_pantalla_2022-09-23_a_las_14.12.00.png","contentUrl":"https:\/\/www.entreculturas.org\/wp-content\/uploads\/2022\/09\/captura_de_pantalla_2022-09-23_a_las_14.12.00.png","width":732,"height":417},{"@type":"BreadcrumbList","@id":"https:\/\/www.entreculturas.org\/fr\/noticia\/huracan-fiona-avanza-con-fuerza-por-centroamerica\/#breadcrumb","itemListElement":[{"@type":"ListItem","position":1,"name":"Home","item":"https:\/\/www.entreculturas.org\/fr\/"},{"@type":"ListItem","position":2,"name":"Noticias","item":"https:\/\/www.entreculturas.org\/fr\/noticias\/"},{"@type":"ListItem","position":3,"name":"HURAC\u00c1N FIONA AVANZA CON FUERZA POR CENTROAM\u00c9RICA"}]},{"@type":"WebSite","@id":"https:\/\/www.entreculturas.org\/fr\/#website","url":"https:\/\/www.entreculturas.org\/fr\/","name":"Entreculturas","description":"","publisher":{"@id":"https:\/\/www.entreculturas.org\/fr\/#organization"},"alternateName":"Entreculturas","potentialAction":[{"@type":"SearchAction","target":{"@type":"EntryPoint","urlTemplate":"https:\/\/www.entreculturas.org\/fr\/?s={search_term_string}"},"query-input":{"@type":"PropertyValueSpecification","valueRequired":true,"valueName":"search_term_string"}}],"inLanguage":"fr-FR"},{"@type":"Organization","@id":"https:\/\/www.entreculturas.org\/fr\/#organization","name":"Entreculturas","url":"https:\/\/www.entreculturas.org\/fr\/","logo":{"@type":"ImageObject","inLanguage":"fr-FR","@id":"https:\/\/www.entreculturas.org\/fr\/#\/schema\/logo\/image\/","url":"https:\/\/www.entreculturas.org\/wp-content\/uploads\/2025\/10\/ESP.svg","contentUrl":"https:\/\/www.entreculturas.org\/wp-content\/uploads\/2025\/10\/ESP.svg","caption":"Entreculturas"},"image":{"@id":"https:\/\/www.entreculturas.org\/fr\/#\/schema\/logo\/image\/"},"sameAs":["https:\/\/www.facebook.com\/entreculturas","https:\/\/x.com\/Entreculturas","https:\/\/www.instagram.com\/entreculturas\/","https:\/\/www.youtube.com\/user\/entreculturasvideo","https:\/\/www.linkedin.com\/company\/fundacion-entreculturas-ngdo\/","https:\/\/www.flickr.com\/photos\/98455522@N04\/albums\/"]}]}},"_links":{"self":[{"href":"https:\/\/www.entreculturas.org\/fr\/wp-json\/wp\/v2\/noticia\/6709","targetHints":{"allow":["GET"]}}],"collection":[{"href":"https:\/\/www.entreculturas.org\/fr\/wp-json\/wp\/v2\/noticia"}],"about":[{"href":"https:\/\/www.entreculturas.org\/fr\/wp-json\/wp\/v2\/types\/noticia"}],"wp:featuredmedia":[{"embeddable":true,"href":"https:\/\/www.entreculturas.org\/fr\/wp-json\/wp\/v2\/media\/6706"}],"wp:attachment":[{"href":"https:\/\/www.entreculturas.org\/fr\/wp-json\/wp\/v2\/media?parent=6709"}],"wp:term":[{"taxonomy":"category","embeddable":true,"href":"https:\/\/www.entreculturas.org\/fr\/wp-json\/wp\/v2\/categories?post=6709"},{"taxonomy":"post_tag","embeddable":true,"href":"https:\/\/www.entreculturas.org\/fr\/wp-json\/wp\/v2\/tags?post=6709"},{"taxonomy":"country","embeddable":true,"href":"https:\/\/www.entreculturas.org\/fr\/wp-json\/wp\/v2\/country?post=6709"},{"taxonomy":"cause","embeddable":true,"href":"https:\/\/www.entreculturas.org\/fr\/wp-json\/wp\/v2\/cause?post=6709"}],"curies":[{"name":"wp","href":"https:\/\/api.w.org\/{rel}","templated":true}]}}