{"id":6679,"date":"2022-07-27T10:44:45","date_gmt":"2022-07-27T10:44:45","guid":{"rendered":"https:\/\/entreculturasi.wpenginepowered.com\/?noticias=ecuador-la-sororidad-en-la-base-de-un-camino-de-resiliencia-y-de-progreso"},"modified":"2024-02-15T14:12:41","modified_gmt":"2024-02-15T13:12:41","slug":"ecuador-la-sororidad-en-la-base-de-un-camino-de-resiliencia-y-de-progreso","status":"publish","type":"noticia","link":"https:\/\/www.entreculturas.org\/fr\/noticia\/ecuador-la-sororidad-en-la-base-de-un-camino-de-resiliencia-y-de-progreso\/","title":{"rendered":"Ecuador: la sororidad en la base de un camino de resiliencia y de progreso"},"content":{"rendered":"<p>En la ciudad de Tulc\u00e1n, en la frontera norte de Ecuador con Colombia, confluyen <strong>distintas problem\u00e1ticas sociales y econ\u00f3micas que afectan de manera diferenciada a las mujeres<\/strong> migrantes, mujeres cabeza de hogar, en condici\u00f3n de discapacidad y sobrevivientes de violencia basada en g\u00e9nero, unas problem\u00e1ticas que agudizan sus condiciones de precariedad econ\u00f3mica y falta de oportunidades.&nbsp;<\/p>\n<p>Ante este contexto, desde <strong>Entreculturas y el Servicio Jesuita a Refugiados (JRS) Ecuador<\/strong> estamos generando espacios de protecci\u00f3n y resiliencia que trascienden la b\u00fasqueda de soluciones inmediatas ante las necesidades de<strong> atenci\u00f3n humanitaria y protecci\u00f3n internacional<\/strong>, y se consolidan como un proyecto com\u00fan de mujeres que, desde su diversidad, apuestan por construir nuevos sue\u00f1os, sanar heridas, superar obst\u00e1culos y empoderarse.<\/p>\n<\/p>\n<p>Clara Moreno es la representante de<strong> \u201cCreativas por la Vida\u201d<\/strong>, un grupo de 15 mujeres cabezas de hogar y personas con discapacidad que se unieron desde 2017 para <strong>dar respuesta a las necesidades de alimentaci\u00f3n de ellas y sus familias<\/strong>. Gracias a la Junta Parroquial de Urbina, dispusieron de un terreno para el<strong> cultivo de hortalizas y plantas medicinales para el autoconsumo<\/strong>, as\u00ed como la oportunidad de aprender de mejor manera el ciclo siembra-cosecha-consumo. En 2019, descubrieron la <strong>huerto-terapia<\/strong>, que tiene como objetivo desarrollar procesos terap\u00e9uticos a trav\u00e9s del cultivo de productos agr\u00edcolas org\u00e1nicos y plantas medicinales, a la vez que fueron ampliando el campo de distribuci\u00f3n del fruto de su trabajo colectivo: adem\u00e1s de lograr un consumo para ellas y sus familias, comenzaron a distribuir lo cosechado a otras personas de la comunidad.&nbsp;<\/p>\n<p>En su caminar de cinco a\u00f1os, ellas han encontrado nuevas formas de vida, convivencia, trabajo colaborativo y cuidado mutuo, <strong>girando en torno a la relaci\u00f3n con la Madre Tierra, su cultivo y la posibilidad de una alimentaci\u00f3n sana y soberana<\/strong>. Su experiencia en ella es tan significativa, que le permite afirmar: \u201ces muy bonito porque, no solamente se trata de cultivar, hay momentos en los que <strong>nos sentamos en el mismo lugar donde se siembra y conversamos sobre las cosas que queremos cultivar y c\u00f3mo quisi\u00e9ramos ver la huerta\u201d.&nbsp;&nbsp;<\/strong><\/p>\n<p>La tierra, la siembra, el alimento y la vida se convirtieron en parte de su uni\u00f3n y de su sustento, e inspiraron mucha m\u00e1s creatividad en ellas y sus familias. En el 2021, con el acompa\u00f1amiento de JRS Ecuador y el gobierno parroquial, lograron capacitarse e implementar un invernadero, un sistema de riego por goteo y la adquisici\u00f3n de las fresas a ser cultivadas. Adem\u00e1s, lograron ser m\u00e1s visibles para la comunidad y tambi\u00e9n para la ciudad de Tulc\u00e1n, por lo que han sido invitadas a diferentes ferias gastron\u00f3micas, de emprendimientos y de medio ambiente en la ciudad.<\/p>\n<p>\u201cGracias al apoyo de JRS el emprendimiento\u201d, nos cuenta Clara, \u201cse ha fortalecido de manera estructural y sus integrantes han recibido tambi\u00e9n apoyo psicol\u00f3gico; esto <strong>ha motivado al resto de participantes a estar m\u00e1s unidas y a continuar con la actividad y a generar nuevos ingresos econ\u00f3micos.\u201d&nbsp;<\/strong><\/p>\n<p><img decoding=\"async\" alt=\"\" src=\"https:\/\/www.entreculturas.org\/wp-content\/uploads\/2022\/07\/creativas_por_la_vida_02.jpeg\" style=\"width: 800px;height: 600px\"><\/p>\n<p>Clara quiere seguir aportando a la vida de su grupo: <strong>sue\u00f1a dar muchos otros pasos con sus compa\u00f1eras y que el grupo sea \u201cuna asociaci\u00f3n <\/strong>y se integren m\u00e1s mujeres para que se fortalezca m\u00e1s; y aprender a hacer lo que siempre he so\u00f1ado: pulpas de frutas y mermeladas\u201d. El grupo tambi\u00e9n tiene como objetivo fortalecer la Caja de Ahorros y, para lograrlo, esperan cosechar las fresas para realizar mermeladas y helados, y tambi\u00e9n comercializar los productos agr\u00edcolas como hortalizas.<\/p>\n<p>El apoyo a este emprendimiento no s\u00f3lo ha impactado al grupo de mujeres fundadoras de \u201cCreativas por la vida\u201d, sino que ahora les permite sumar a m\u00e1s personas y beneficiar a aquellos que tienen necesidades en su comunidad.<\/p>\n<p>*Un proyecto apoyado por Inditex.<\/p>\n","protected":false},"excerpt":{"rendered":"<p>desde Entreculturas y el Servicio Jesuita a Refugiados (JRS) Ecuador estamos generando espacios de protecci\u00f3n y resiliencia que trascienden la b\u00fasqueda de soluciones inmediatas ante las necesidades de atenci\u00f3n humanitaria y protecci\u00f3n internacional, y se consolidan como un proyecto com\u00fan de mujeres que, desde su diversidad, apuestan por construir nuevos sue\u00f1os, sanar heridas, superar obst\u00e1culos y empoderarse.<\/p>\n","protected":false},"featured_media":6677,"template":"single-noticia","meta":{"_acf_changed":false},"categories":[7],"tags":[10],"country":[119],"cause":[129],"class_list":["post-6679","noticia","type-noticia","status-publish","has-post-thumbnail","hentry","category-noticia","tag-migracion-y-refugio","country-ecuador","cause-migracion-y-refugio"],"acf":[],"yoast_head":"<!-- This site is optimized with the Yoast SEO Premium plugin v21.6 (Yoast SEO v27.5) - https:\/\/yoast.com\/product\/yoast-seo-premium-wordpress\/ -->\n<title>Ecuador: la sororidad en la base de un camino de resiliencia y de progreso - Entreculturas<\/title>\n<meta name=\"robots\" content=\"index, follow, max-snippet:-1, max-image-preview:large, max-video-preview:-1\" \/>\n<link rel=\"canonical\" href=\"https:\/\/www.entreculturas.org\/fr\/noticia\/ecuador-la-sororidad-en-la-base-de-un-camino-de-resiliencia-y-de-progreso\/\" \/>\n<meta property=\"og:locale\" content=\"fr_FR\" \/>\n<meta property=\"og:type\" content=\"article\" \/>\n<meta property=\"og:title\" content=\"Ecuador: la sororidad en la base de un camino de resiliencia y de progreso\" \/>\n<meta property=\"og:description\" content=\"desde Entreculturas y el Servicio Jesuita a Refugiados (JRS) Ecuador estamos generando espacios de protecci\u00f3n y resiliencia que trascienden la b\u00fasqueda de soluciones inmediatas ante las necesidades de atenci\u00f3n humanitaria y protecci\u00f3n internacional, y se consolidan como un proyecto com\u00fan de mujeres que, desde su diversidad, apuestan por construir nuevos sue\u00f1os, sanar heridas, superar obst\u00e1culos y empoderarse.\" \/>\n<meta property=\"og:url\" content=\"https:\/\/www.entreculturas.org\/fr\/noticia\/ecuador-la-sororidad-en-la-base-de-un-camino-de-resiliencia-y-de-progreso\/\" \/>\n<meta property=\"og:site_name\" content=\"Entreculturas\" \/>\n<meta property=\"article:publisher\" content=\"https:\/\/www.facebook.com\/entreculturas\" \/>\n<meta property=\"article:modified_time\" content=\"2024-02-15T13:12:41+00:00\" \/>\n<meta property=\"og:image\" content=\"https:\/\/www.entreculturas.org\/wp-content\/uploads\/2022\/07\/creativas_por_la_vida_03.jpeg\" \/>\n\t<meta property=\"og:image:width\" content=\"960\" \/>\n\t<meta property=\"og:image:height\" content=\"1280\" \/>\n\t<meta property=\"og:image:type\" content=\"image\/jpeg\" \/>\n<meta name=\"twitter:card\" content=\"summary_large_image\" \/>\n<meta name=\"twitter:site\" content=\"@Entreculturas\" \/>\n<script type=\"application\/ld+json\" class=\"yoast-schema-graph\">{\"@context\":\"https:\\\/\\\/schema.org\",\"@graph\":[{\"@type\":\"WebPage\",\"@id\":\"https:\\\/\\\/www.entreculturas.org\\\/fr\\\/noticia\\\/ecuador-la-sororidad-en-la-base-de-un-camino-de-resiliencia-y-de-progreso\\\/\",\"url\":\"https:\\\/\\\/www.entreculturas.org\\\/fr\\\/noticia\\\/ecuador-la-sororidad-en-la-base-de-un-camino-de-resiliencia-y-de-progreso\\\/\",\"name\":\"Ecuador: la sororidad en la base de un camino de resiliencia y de progreso - Entreculturas\",\"isPartOf\":{\"@id\":\"https:\\\/\\\/www.entreculturas.org\\\/fr\\\/#website\"},\"primaryImageOfPage\":{\"@id\":\"https:\\\/\\\/www.entreculturas.org\\\/fr\\\/noticia\\\/ecuador-la-sororidad-en-la-base-de-un-camino-de-resiliencia-y-de-progreso\\\/#primaryimage\"},\"image\":{\"@id\":\"https:\\\/\\\/www.entreculturas.org\\\/fr\\\/noticia\\\/ecuador-la-sororidad-en-la-base-de-un-camino-de-resiliencia-y-de-progreso\\\/#primaryimage\"},\"thumbnailUrl\":\"https:\\\/\\\/www.entreculturas.org\\\/wp-content\\\/uploads\\\/2022\\\/07\\\/creativas_por_la_vida_03.jpeg\",\"datePublished\":\"2022-07-27T10:44:45+00:00\",\"dateModified\":\"2024-02-15T13:12:41+00:00\",\"breadcrumb\":{\"@id\":\"https:\\\/\\\/www.entreculturas.org\\\/fr\\\/noticia\\\/ecuador-la-sororidad-en-la-base-de-un-camino-de-resiliencia-y-de-progreso\\\/#breadcrumb\"},\"inLanguage\":\"fr-FR\",\"potentialAction\":[{\"@type\":\"ReadAction\",\"target\":[\"https:\\\/\\\/www.entreculturas.org\\\/fr\\\/noticia\\\/ecuador-la-sororidad-en-la-base-de-un-camino-de-resiliencia-y-de-progreso\\\/\"]}]},{\"@type\":\"ImageObject\",\"inLanguage\":\"fr-FR\",\"@id\":\"https:\\\/\\\/www.entreculturas.org\\\/fr\\\/noticia\\\/ecuador-la-sororidad-en-la-base-de-un-camino-de-resiliencia-y-de-progreso\\\/#primaryimage\",\"url\":\"https:\\\/\\\/www.entreculturas.org\\\/wp-content\\\/uploads\\\/2022\\\/07\\\/creativas_por_la_vida_03.jpeg\",\"contentUrl\":\"https:\\\/\\\/www.entreculturas.org\\\/wp-content\\\/uploads\\\/2022\\\/07\\\/creativas_por_la_vida_03.jpeg\",\"width\":960,\"height\":1280},{\"@type\":\"BreadcrumbList\",\"@id\":\"https:\\\/\\\/www.entreculturas.org\\\/fr\\\/noticia\\\/ecuador-la-sororidad-en-la-base-de-un-camino-de-resiliencia-y-de-progreso\\\/#breadcrumb\",\"itemListElement\":[{\"@type\":\"ListItem\",\"position\":1,\"name\":\"Home\",\"item\":\"https:\\\/\\\/www.entreculturas.org\\\/fr\\\/\"},{\"@type\":\"ListItem\",\"position\":2,\"name\":\"Noticias\",\"item\":\"https:\\\/\\\/www.entreculturas.org\\\/fr\\\/noticias\\\/\"},{\"@type\":\"ListItem\",\"position\":3,\"name\":\"Ecuador: la sororidad en la base de un camino de resiliencia y de progreso\"}]},{\"@type\":\"WebSite\",\"@id\":\"https:\\\/\\\/www.entreculturas.org\\\/fr\\\/#website\",\"url\":\"https:\\\/\\\/www.entreculturas.org\\\/fr\\\/\",\"name\":\"Entreculturas\",\"description\":\"\",\"publisher\":{\"@id\":\"https:\\\/\\\/www.entreculturas.org\\\/fr\\\/#organization\"},\"alternateName\":\"Entreculturas\",\"potentialAction\":[{\"@type\":\"SearchAction\",\"target\":{\"@type\":\"EntryPoint\",\"urlTemplate\":\"https:\\\/\\\/www.entreculturas.org\\\/fr\\\/?s={search_term_string}\"},\"query-input\":{\"@type\":\"PropertyValueSpecification\",\"valueRequired\":true,\"valueName\":\"search_term_string\"}}],\"inLanguage\":\"fr-FR\"},{\"@type\":\"Organization\",\"@id\":\"https:\\\/\\\/www.entreculturas.org\\\/fr\\\/#organization\",\"name\":\"Entreculturas\",\"url\":\"https:\\\/\\\/www.entreculturas.org\\\/fr\\\/\",\"logo\":{\"@type\":\"ImageObject\",\"inLanguage\":\"fr-FR\",\"@id\":\"https:\\\/\\\/www.entreculturas.org\\\/fr\\\/#\\\/schema\\\/logo\\\/image\\\/\",\"url\":\"https:\\\/\\\/www.entreculturas.org\\\/wp-content\\\/uploads\\\/2025\\\/10\\\/ESP.svg\",\"contentUrl\":\"https:\\\/\\\/www.entreculturas.org\\\/wp-content\\\/uploads\\\/2025\\\/10\\\/ESP.svg\",\"caption\":\"Entreculturas\"},\"image\":{\"@id\":\"https:\\\/\\\/www.entreculturas.org\\\/fr\\\/#\\\/schema\\\/logo\\\/image\\\/\"},\"sameAs\":[\"https:\\\/\\\/www.facebook.com\\\/entreculturas\",\"https:\\\/\\\/x.com\\\/Entreculturas\",\"https:\\\/\\\/www.instagram.com\\\/entreculturas\\\/\",\"https:\\\/\\\/www.youtube.com\\\/user\\\/entreculturasvideo\",\"https:\\\/\\\/www.linkedin.com\\\/company\\\/fundacion-entreculturas-ngdo\\\/\",\"https:\\\/\\\/www.flickr.com\\\/photos\\\/98455522@N04\\\/albums\\\/\"]}]}<\/script>\n<!-- \/ Yoast SEO Premium plugin. -->","yoast_head_json":{"title":"Ecuador: la sororidad en la base de un camino de resiliencia y de progreso - Entreculturas","robots":{"index":"index","follow":"follow","max-snippet":"max-snippet:-1","max-image-preview":"max-image-preview:large","max-video-preview":"max-video-preview:-1"},"canonical":"https:\/\/www.entreculturas.org\/fr\/noticia\/ecuador-la-sororidad-en-la-base-de-un-camino-de-resiliencia-y-de-progreso\/","og_locale":"fr_FR","og_type":"article","og_title":"Ecuador: la sororidad en la base de un camino de resiliencia y de progreso","og_description":"desde Entreculturas y el Servicio Jesuita a Refugiados (JRS) Ecuador estamos generando espacios de protecci\u00f3n y resiliencia que trascienden la b\u00fasqueda de soluciones inmediatas ante las necesidades de atenci\u00f3n humanitaria y protecci\u00f3n internacional, y se consolidan como un proyecto com\u00fan de mujeres que, desde su diversidad, apuestan por construir nuevos sue\u00f1os, sanar heridas, superar obst\u00e1culos y empoderarse.","og_url":"https:\/\/www.entreculturas.org\/fr\/noticia\/ecuador-la-sororidad-en-la-base-de-un-camino-de-resiliencia-y-de-progreso\/","og_site_name":"Entreculturas","article_publisher":"https:\/\/www.facebook.com\/entreculturas","article_modified_time":"2024-02-15T13:12:41+00:00","og_image":[{"width":960,"height":1280,"url":"https:\/\/www.entreculturas.org\/wp-content\/uploads\/2022\/07\/creativas_por_la_vida_03.jpeg","type":"image\/jpeg"}],"twitter_card":"summary_large_image","twitter_site":"@Entreculturas","schema":{"@context":"https:\/\/schema.org","@graph":[{"@type":"WebPage","@id":"https:\/\/www.entreculturas.org\/fr\/noticia\/ecuador-la-sororidad-en-la-base-de-un-camino-de-resiliencia-y-de-progreso\/","url":"https:\/\/www.entreculturas.org\/fr\/noticia\/ecuador-la-sororidad-en-la-base-de-un-camino-de-resiliencia-y-de-progreso\/","name":"Ecuador: la sororidad en la base de un camino de resiliencia y de progreso - Entreculturas","isPartOf":{"@id":"https:\/\/www.entreculturas.org\/fr\/#website"},"primaryImageOfPage":{"@id":"https:\/\/www.entreculturas.org\/fr\/noticia\/ecuador-la-sororidad-en-la-base-de-un-camino-de-resiliencia-y-de-progreso\/#primaryimage"},"image":{"@id":"https:\/\/www.entreculturas.org\/fr\/noticia\/ecuador-la-sororidad-en-la-base-de-un-camino-de-resiliencia-y-de-progreso\/#primaryimage"},"thumbnailUrl":"https:\/\/www.entreculturas.org\/wp-content\/uploads\/2022\/07\/creativas_por_la_vida_03.jpeg","datePublished":"2022-07-27T10:44:45+00:00","dateModified":"2024-02-15T13:12:41+00:00","breadcrumb":{"@id":"https:\/\/www.entreculturas.org\/fr\/noticia\/ecuador-la-sororidad-en-la-base-de-un-camino-de-resiliencia-y-de-progreso\/#breadcrumb"},"inLanguage":"fr-FR","potentialAction":[{"@type":"ReadAction","target":["https:\/\/www.entreculturas.org\/fr\/noticia\/ecuador-la-sororidad-en-la-base-de-un-camino-de-resiliencia-y-de-progreso\/"]}]},{"@type":"ImageObject","inLanguage":"fr-FR","@id":"https:\/\/www.entreculturas.org\/fr\/noticia\/ecuador-la-sororidad-en-la-base-de-un-camino-de-resiliencia-y-de-progreso\/#primaryimage","url":"https:\/\/www.entreculturas.org\/wp-content\/uploads\/2022\/07\/creativas_por_la_vida_03.jpeg","contentUrl":"https:\/\/www.entreculturas.org\/wp-content\/uploads\/2022\/07\/creativas_por_la_vida_03.jpeg","width":960,"height":1280},{"@type":"BreadcrumbList","@id":"https:\/\/www.entreculturas.org\/fr\/noticia\/ecuador-la-sororidad-en-la-base-de-un-camino-de-resiliencia-y-de-progreso\/#breadcrumb","itemListElement":[{"@type":"ListItem","position":1,"name":"Home","item":"https:\/\/www.entreculturas.org\/fr\/"},{"@type":"ListItem","position":2,"name":"Noticias","item":"https:\/\/www.entreculturas.org\/fr\/noticias\/"},{"@type":"ListItem","position":3,"name":"Ecuador: la sororidad en la base de un camino de resiliencia y de progreso"}]},{"@type":"WebSite","@id":"https:\/\/www.entreculturas.org\/fr\/#website","url":"https:\/\/www.entreculturas.org\/fr\/","name":"Entreculturas","description":"","publisher":{"@id":"https:\/\/www.entreculturas.org\/fr\/#organization"},"alternateName":"Entreculturas","potentialAction":[{"@type":"SearchAction","target":{"@type":"EntryPoint","urlTemplate":"https:\/\/www.entreculturas.org\/fr\/?s={search_term_string}"},"query-input":{"@type":"PropertyValueSpecification","valueRequired":true,"valueName":"search_term_string"}}],"inLanguage":"fr-FR"},{"@type":"Organization","@id":"https:\/\/www.entreculturas.org\/fr\/#organization","name":"Entreculturas","url":"https:\/\/www.entreculturas.org\/fr\/","logo":{"@type":"ImageObject","inLanguage":"fr-FR","@id":"https:\/\/www.entreculturas.org\/fr\/#\/schema\/logo\/image\/","url":"https:\/\/www.entreculturas.org\/wp-content\/uploads\/2025\/10\/ESP.svg","contentUrl":"https:\/\/www.entreculturas.org\/wp-content\/uploads\/2025\/10\/ESP.svg","caption":"Entreculturas"},"image":{"@id":"https:\/\/www.entreculturas.org\/fr\/#\/schema\/logo\/image\/"},"sameAs":["https:\/\/www.facebook.com\/entreculturas","https:\/\/x.com\/Entreculturas","https:\/\/www.instagram.com\/entreculturas\/","https:\/\/www.youtube.com\/user\/entreculturasvideo","https:\/\/www.linkedin.com\/company\/fundacion-entreculturas-ngdo\/","https:\/\/www.flickr.com\/photos\/98455522@N04\/albums\/"]}]}},"_links":{"self":[{"href":"https:\/\/www.entreculturas.org\/fr\/wp-json\/wp\/v2\/noticia\/6679","targetHints":{"allow":["GET"]}}],"collection":[{"href":"https:\/\/www.entreculturas.org\/fr\/wp-json\/wp\/v2\/noticia"}],"about":[{"href":"https:\/\/www.entreculturas.org\/fr\/wp-json\/wp\/v2\/types\/noticia"}],"wp:featuredmedia":[{"embeddable":true,"href":"https:\/\/www.entreculturas.org\/fr\/wp-json\/wp\/v2\/media\/6677"}],"wp:attachment":[{"href":"https:\/\/www.entreculturas.org\/fr\/wp-json\/wp\/v2\/media?parent=6679"}],"wp:term":[{"taxonomy":"category","embeddable":true,"href":"https:\/\/www.entreculturas.org\/fr\/wp-json\/wp\/v2\/categories?post=6679"},{"taxonomy":"post_tag","embeddable":true,"href":"https:\/\/www.entreculturas.org\/fr\/wp-json\/wp\/v2\/tags?post=6679"},{"taxonomy":"country","embeddable":true,"href":"https:\/\/www.entreculturas.org\/fr\/wp-json\/wp\/v2\/country?post=6679"},{"taxonomy":"cause","embeddable":true,"href":"https:\/\/www.entreculturas.org\/fr\/wp-json\/wp\/v2\/cause?post=6679"}],"curies":[{"name":"wp","href":"https:\/\/api.w.org\/{rel}","templated":true}]}}