{"id":6658,"date":"2022-07-19T07:42:28","date_gmt":"2022-07-19T07:42:28","guid":{"rendered":"https:\/\/entreculturasi.wpenginepowered.com\/?noticias=mi-deseo-mas-grande-es-mostrar-los-demas-padres-que-nosotras-las-mujeres-podemos-salir"},"modified":"2024-02-15T14:14:59","modified_gmt":"2024-02-15T13:14:59","slug":"mi-deseo-mas-grande-es-mostrar-los-demas-padres-que-nosotras-las-mujeres-podemos-salir","status":"publish","type":"noticia","link":"https:\/\/www.entreculturas.org\/fr\/noticia\/mi-deseo-mas-grande-es-mostrar-los-demas-padres-que-nosotras-las-mujeres-podemos-salir\/","title":{"rendered":"\u201cMi deseo m\u00e1s grande es mostrar a los dem\u00e1s padres que nosotras, las mujeres, podemos salir adelante\u00a0\u00bb"},"content":{"rendered":"<p style=\"text-align: justify\">&nbsp;<\/p>\n<p style=\"text-align: justify\">En el contexto latinoamericano, <strong>el 40% de los estudiantes no termina la educaci\u00f3n secundaria<\/strong>, brecha que se ha hecho m\u00e1s profunda durante los dos a\u00f1os de pandemia. Adem\u00e1s, el hecho de ser mujeres implica abandono de la escuela en muchos casos para atender labores del hogar.&nbsp;Josefina es una chica de 18 a\u00f1os de edad que vive en Santa Luc\u00eda La Reforma, en el Municipio de Totonicap\u00e1n, Guatemala, y es el reflejo de la realidad que sufren muchas ni\u00f1as latinoamericanas. En su casa son cuatro personas y la \u00fanica que siempre la ha apoyado a la hora de estudiar ha sido su madre, la familia paterna no considera que las ni\u00f1as tengan derecho a la educaci\u00f3n.<\/p>\n<p style=\"text-align: justify\">Al igual que muchas otras ni\u00f1as, Josefina no ten\u00eda los recursos econ\u00f3micos suficientes para continuar estudiando, pero <strong>gracias al programa #VoyaSer impulsado por Santillana, Entreculturas y Fe y Alegr\u00eda podr\u00e1 continuar sus estudios y, adem\u00e1s, formarse en competencias digitales y emocionales<\/strong>. El proyecto busca ayudar a ni\u00f1as como Josefina a terminar sus estudios y contribuir a que sean ciudadanas activas y comprometidas con la sociedad: \u201cPara m\u00ed es algo muy importante, me ha motivado bastante para seguir adelante, tener el apoyo de ellos, para m\u00ed es muy grande, me sent\u00ed muy feliz\u201d, comenta Josefina.<\/p>\n<p style=\"text-align: justify\">Gracias al proyecto y al apoyo de Santillana, buscamos que estas ni\u00f1as tengan un futuro, que no dejen de luchar por los derechos que le corresponden y que sean mujeres transformadoras para el mundo.<\/p>\n<p style=\"text-align: justify\">\u201cMi deseo m\u00e1s grande es mostrar a los dem\u00e1s padres que nosotras, las mujeres, podemos salir adelante, el programa #VoyaSer, como dice, yo voy a ser un ejemplo para las dem\u00e1s ni\u00f1as\u201d.<br \/>&nbsp;<\/p><\/p>\n","protected":false},"excerpt":{"rendered":"<p>En el contexto latinoamericano, el 40% de los estudiantes no termina la educaci\u00f3n secundaria, brecha que se ha hecho m\u00e1s profunda durante los dos a\u00f1os de pandemia. Josefina sabe lo importante que es estudiar y acceder a una educaci\u00f3n de calidad.<\/p>\n","protected":false},"featured_media":6657,"template":"single-noticia","meta":{"_acf_changed":false},"categories":[7],"tags":[293],"country":[],"cause":[130],"class_list":["post-6658","noticia","type-noticia","status-publish","has-post-thumbnail","hentry","category-noticia","tag-genero","cause-genero"],"acf":[],"yoast_head":"<!-- This site is optimized with the Yoast SEO Premium plugin v21.6 (Yoast SEO v27.5) - https:\/\/yoast.com\/product\/yoast-seo-premium-wordpress\/ -->\n<title>\u201cMi deseo m\u00e1s grande es mostrar a los dem\u00e1s padres que nosotras, las mujeres, podemos salir adelante&quot; - Entreculturas<\/title>\n<meta name=\"robots\" content=\"index, follow, max-snippet:-1, max-image-preview:large, max-video-preview:-1\" \/>\n<link rel=\"canonical\" href=\"https:\/\/www.entreculturas.org\/fr\/noticia\/mi-deseo-mas-grande-es-mostrar-los-demas-padres-que-nosotras-las-mujeres-podemos-salir\/\" \/>\n<meta property=\"og:locale\" content=\"fr_FR\" \/>\n<meta property=\"og:type\" content=\"article\" \/>\n<meta property=\"og:title\" content=\"\u201cMi deseo m\u00e1s grande es mostrar a los dem\u00e1s padres que nosotras, las mujeres, podemos salir adelante&quot;\" \/>\n<meta property=\"og:description\" content=\"En el contexto latinoamericano, el 40% de los estudiantes no termina la educaci\u00f3n secundaria, brecha que se ha hecho m\u00e1s profunda durante los dos a\u00f1os de pandemia. Josefina sabe lo importante que es estudiar y acceder a una educaci\u00f3n de calidad.\" \/>\n<meta property=\"og:url\" content=\"https:\/\/www.entreculturas.org\/fr\/noticia\/mi-deseo-mas-grande-es-mostrar-los-demas-padres-que-nosotras-las-mujeres-podemos-salir\/\" \/>\n<meta property=\"og:site_name\" content=\"Entreculturas\" \/>\n<meta property=\"article:publisher\" content=\"https:\/\/www.facebook.com\/entreculturas\" \/>\n<meta property=\"article:modified_time\" content=\"2024-02-15T13:14:59+00:00\" \/>\n<meta property=\"og:image\" content=\"https:\/\/www.entreculturas.org\/wp-content\/uploads\/2022\/07\/cdca2bf6-d41c-48f1-8e95-c415a22d604a.jpg\" \/>\n\t<meta property=\"og:image:width\" content=\"1600\" \/>\n\t<meta property=\"og:image:height\" content=\"1066\" \/>\n\t<meta property=\"og:image:type\" content=\"image\/jpeg\" \/>\n<meta name=\"twitter:card\" content=\"summary_large_image\" \/>\n<meta name=\"twitter:site\" content=\"@Entreculturas\" \/>\n<script type=\"application\/ld+json\" class=\"yoast-schema-graph\">{\"@context\":\"https:\\\/\\\/schema.org\",\"@graph\":[{\"@type\":\"WebPage\",\"@id\":\"https:\\\/\\\/www.entreculturas.org\\\/fr\\\/noticia\\\/mi-deseo-mas-grande-es-mostrar-los-demas-padres-que-nosotras-las-mujeres-podemos-salir\\\/\",\"url\":\"https:\\\/\\\/www.entreculturas.org\\\/fr\\\/noticia\\\/mi-deseo-mas-grande-es-mostrar-los-demas-padres-que-nosotras-las-mujeres-podemos-salir\\\/\",\"name\":\"\u201cMi deseo m\u00e1s grande es mostrar a los dem\u00e1s padres que nosotras, las mujeres, podemos salir adelante\\\" - Entreculturas\",\"isPartOf\":{\"@id\":\"https:\\\/\\\/www.entreculturas.org\\\/fr\\\/#website\"},\"primaryImageOfPage\":{\"@id\":\"https:\\\/\\\/www.entreculturas.org\\\/fr\\\/noticia\\\/mi-deseo-mas-grande-es-mostrar-los-demas-padres-que-nosotras-las-mujeres-podemos-salir\\\/#primaryimage\"},\"image\":{\"@id\":\"https:\\\/\\\/www.entreculturas.org\\\/fr\\\/noticia\\\/mi-deseo-mas-grande-es-mostrar-los-demas-padres-que-nosotras-las-mujeres-podemos-salir\\\/#primaryimage\"},\"thumbnailUrl\":\"https:\\\/\\\/www.entreculturas.org\\\/wp-content\\\/uploads\\\/2022\\\/07\\\/cdca2bf6-d41c-48f1-8e95-c415a22d604a.jpg\",\"datePublished\":\"2022-07-19T07:42:28+00:00\",\"dateModified\":\"2024-02-15T13:14:59+00:00\",\"breadcrumb\":{\"@id\":\"https:\\\/\\\/www.entreculturas.org\\\/fr\\\/noticia\\\/mi-deseo-mas-grande-es-mostrar-los-demas-padres-que-nosotras-las-mujeres-podemos-salir\\\/#breadcrumb\"},\"inLanguage\":\"fr-FR\",\"potentialAction\":[{\"@type\":\"ReadAction\",\"target\":[\"https:\\\/\\\/www.entreculturas.org\\\/fr\\\/noticia\\\/mi-deseo-mas-grande-es-mostrar-los-demas-padres-que-nosotras-las-mujeres-podemos-salir\\\/\"]}]},{\"@type\":\"ImageObject\",\"inLanguage\":\"fr-FR\",\"@id\":\"https:\\\/\\\/www.entreculturas.org\\\/fr\\\/noticia\\\/mi-deseo-mas-grande-es-mostrar-los-demas-padres-que-nosotras-las-mujeres-podemos-salir\\\/#primaryimage\",\"url\":\"https:\\\/\\\/www.entreculturas.org\\\/wp-content\\\/uploads\\\/2022\\\/07\\\/cdca2bf6-d41c-48f1-8e95-c415a22d604a.jpg\",\"contentUrl\":\"https:\\\/\\\/www.entreculturas.org\\\/wp-content\\\/uploads\\\/2022\\\/07\\\/cdca2bf6-d41c-48f1-8e95-c415a22d604a.jpg\",\"width\":1600,\"height\":1066,\"caption\":\"cdca2bf6-d41c-48f1-8e95-c415a22d604a\"},{\"@type\":\"BreadcrumbList\",\"@id\":\"https:\\\/\\\/www.entreculturas.org\\\/fr\\\/noticia\\\/mi-deseo-mas-grande-es-mostrar-los-demas-padres-que-nosotras-las-mujeres-podemos-salir\\\/#breadcrumb\",\"itemListElement\":[{\"@type\":\"ListItem\",\"position\":1,\"name\":\"Home\",\"item\":\"https:\\\/\\\/www.entreculturas.org\\\/fr\\\/\"},{\"@type\":\"ListItem\",\"position\":2,\"name\":\"Noticias\",\"item\":\"https:\\\/\\\/www.entreculturas.org\\\/fr\\\/noticias\\\/\"},{\"@type\":\"ListItem\",\"position\":3,\"name\":\"\u201cMi deseo m\u00e1s grande es mostrar a los dem\u00e1s padres que nosotras, las mujeres, podemos salir adelante\u00a0\u00bb\"}]},{\"@type\":\"WebSite\",\"@id\":\"https:\\\/\\\/www.entreculturas.org\\\/fr\\\/#website\",\"url\":\"https:\\\/\\\/www.entreculturas.org\\\/fr\\\/\",\"name\":\"Entreculturas\",\"description\":\"\",\"publisher\":{\"@id\":\"https:\\\/\\\/www.entreculturas.org\\\/fr\\\/#organization\"},\"alternateName\":\"Entreculturas\",\"potentialAction\":[{\"@type\":\"SearchAction\",\"target\":{\"@type\":\"EntryPoint\",\"urlTemplate\":\"https:\\\/\\\/www.entreculturas.org\\\/fr\\\/?s={search_term_string}\"},\"query-input\":{\"@type\":\"PropertyValueSpecification\",\"valueRequired\":true,\"valueName\":\"search_term_string\"}}],\"inLanguage\":\"fr-FR\"},{\"@type\":\"Organization\",\"@id\":\"https:\\\/\\\/www.entreculturas.org\\\/fr\\\/#organization\",\"name\":\"Entreculturas\",\"url\":\"https:\\\/\\\/www.entreculturas.org\\\/fr\\\/\",\"logo\":{\"@type\":\"ImageObject\",\"inLanguage\":\"fr-FR\",\"@id\":\"https:\\\/\\\/www.entreculturas.org\\\/fr\\\/#\\\/schema\\\/logo\\\/image\\\/\",\"url\":\"https:\\\/\\\/www.entreculturas.org\\\/wp-content\\\/uploads\\\/2025\\\/10\\\/ESP.svg\",\"contentUrl\":\"https:\\\/\\\/www.entreculturas.org\\\/wp-content\\\/uploads\\\/2025\\\/10\\\/ESP.svg\",\"caption\":\"Entreculturas\"},\"image\":{\"@id\":\"https:\\\/\\\/www.entreculturas.org\\\/fr\\\/#\\\/schema\\\/logo\\\/image\\\/\"},\"sameAs\":[\"https:\\\/\\\/www.facebook.com\\\/entreculturas\",\"https:\\\/\\\/x.com\\\/Entreculturas\",\"https:\\\/\\\/www.instagram.com\\\/entreculturas\\\/\",\"https:\\\/\\\/www.youtube.com\\\/user\\\/entreculturasvideo\",\"https:\\\/\\\/www.linkedin.com\\\/company\\\/fundacion-entreculturas-ngdo\\\/\",\"https:\\\/\\\/www.flickr.com\\\/photos\\\/98455522@N04\\\/albums\\\/\"]}]}<\/script>\n<!-- \/ Yoast SEO Premium plugin. -->","yoast_head_json":{"title":"\u201cMi deseo m\u00e1s grande es mostrar a los dem\u00e1s padres que nosotras, las mujeres, podemos salir adelante\" - Entreculturas","robots":{"index":"index","follow":"follow","max-snippet":"max-snippet:-1","max-image-preview":"max-image-preview:large","max-video-preview":"max-video-preview:-1"},"canonical":"https:\/\/www.entreculturas.org\/fr\/noticia\/mi-deseo-mas-grande-es-mostrar-los-demas-padres-que-nosotras-las-mujeres-podemos-salir\/","og_locale":"fr_FR","og_type":"article","og_title":"\u201cMi deseo m\u00e1s grande es mostrar a los dem\u00e1s padres que nosotras, las mujeres, podemos salir adelante\"","og_description":"En el contexto latinoamericano, el 40% de los estudiantes no termina la educaci\u00f3n secundaria, brecha que se ha hecho m\u00e1s profunda durante los dos a\u00f1os de pandemia. Josefina sabe lo importante que es estudiar y acceder a una educaci\u00f3n de calidad.","og_url":"https:\/\/www.entreculturas.org\/fr\/noticia\/mi-deseo-mas-grande-es-mostrar-los-demas-padres-que-nosotras-las-mujeres-podemos-salir\/","og_site_name":"Entreculturas","article_publisher":"https:\/\/www.facebook.com\/entreculturas","article_modified_time":"2024-02-15T13:14:59+00:00","og_image":[{"width":1600,"height":1066,"url":"https:\/\/www.entreculturas.org\/wp-content\/uploads\/2022\/07\/cdca2bf6-d41c-48f1-8e95-c415a22d604a.jpg","type":"image\/jpeg"}],"twitter_card":"summary_large_image","twitter_site":"@Entreculturas","schema":{"@context":"https:\/\/schema.org","@graph":[{"@type":"WebPage","@id":"https:\/\/www.entreculturas.org\/fr\/noticia\/mi-deseo-mas-grande-es-mostrar-los-demas-padres-que-nosotras-las-mujeres-podemos-salir\/","url":"https:\/\/www.entreculturas.org\/fr\/noticia\/mi-deseo-mas-grande-es-mostrar-los-demas-padres-que-nosotras-las-mujeres-podemos-salir\/","name":"\u201cMi deseo m\u00e1s grande es mostrar a los dem\u00e1s padres que nosotras, las mujeres, podemos salir adelante\" - Entreculturas","isPartOf":{"@id":"https:\/\/www.entreculturas.org\/fr\/#website"},"primaryImageOfPage":{"@id":"https:\/\/www.entreculturas.org\/fr\/noticia\/mi-deseo-mas-grande-es-mostrar-los-demas-padres-que-nosotras-las-mujeres-podemos-salir\/#primaryimage"},"image":{"@id":"https:\/\/www.entreculturas.org\/fr\/noticia\/mi-deseo-mas-grande-es-mostrar-los-demas-padres-que-nosotras-las-mujeres-podemos-salir\/#primaryimage"},"thumbnailUrl":"https:\/\/www.entreculturas.org\/wp-content\/uploads\/2022\/07\/cdca2bf6-d41c-48f1-8e95-c415a22d604a.jpg","datePublished":"2022-07-19T07:42:28+00:00","dateModified":"2024-02-15T13:14:59+00:00","breadcrumb":{"@id":"https:\/\/www.entreculturas.org\/fr\/noticia\/mi-deseo-mas-grande-es-mostrar-los-demas-padres-que-nosotras-las-mujeres-podemos-salir\/#breadcrumb"},"inLanguage":"fr-FR","potentialAction":[{"@type":"ReadAction","target":["https:\/\/www.entreculturas.org\/fr\/noticia\/mi-deseo-mas-grande-es-mostrar-los-demas-padres-que-nosotras-las-mujeres-podemos-salir\/"]}]},{"@type":"ImageObject","inLanguage":"fr-FR","@id":"https:\/\/www.entreculturas.org\/fr\/noticia\/mi-deseo-mas-grande-es-mostrar-los-demas-padres-que-nosotras-las-mujeres-podemos-salir\/#primaryimage","url":"https:\/\/www.entreculturas.org\/wp-content\/uploads\/2022\/07\/cdca2bf6-d41c-48f1-8e95-c415a22d604a.jpg","contentUrl":"https:\/\/www.entreculturas.org\/wp-content\/uploads\/2022\/07\/cdca2bf6-d41c-48f1-8e95-c415a22d604a.jpg","width":1600,"height":1066,"caption":"cdca2bf6-d41c-48f1-8e95-c415a22d604a"},{"@type":"BreadcrumbList","@id":"https:\/\/www.entreculturas.org\/fr\/noticia\/mi-deseo-mas-grande-es-mostrar-los-demas-padres-que-nosotras-las-mujeres-podemos-salir\/#breadcrumb","itemListElement":[{"@type":"ListItem","position":1,"name":"Home","item":"https:\/\/www.entreculturas.org\/fr\/"},{"@type":"ListItem","position":2,"name":"Noticias","item":"https:\/\/www.entreculturas.org\/fr\/noticias\/"},{"@type":"ListItem","position":3,"name":"\u201cMi deseo m\u00e1s grande es mostrar a los dem\u00e1s padres que nosotras, las mujeres, podemos salir adelante\u00a0\u00bb"}]},{"@type":"WebSite","@id":"https:\/\/www.entreculturas.org\/fr\/#website","url":"https:\/\/www.entreculturas.org\/fr\/","name":"Entreculturas","description":"","publisher":{"@id":"https:\/\/www.entreculturas.org\/fr\/#organization"},"alternateName":"Entreculturas","potentialAction":[{"@type":"SearchAction","target":{"@type":"EntryPoint","urlTemplate":"https:\/\/www.entreculturas.org\/fr\/?s={search_term_string}"},"query-input":{"@type":"PropertyValueSpecification","valueRequired":true,"valueName":"search_term_string"}}],"inLanguage":"fr-FR"},{"@type":"Organization","@id":"https:\/\/www.entreculturas.org\/fr\/#organization","name":"Entreculturas","url":"https:\/\/www.entreculturas.org\/fr\/","logo":{"@type":"ImageObject","inLanguage":"fr-FR","@id":"https:\/\/www.entreculturas.org\/fr\/#\/schema\/logo\/image\/","url":"https:\/\/www.entreculturas.org\/wp-content\/uploads\/2025\/10\/ESP.svg","contentUrl":"https:\/\/www.entreculturas.org\/wp-content\/uploads\/2025\/10\/ESP.svg","caption":"Entreculturas"},"image":{"@id":"https:\/\/www.entreculturas.org\/fr\/#\/schema\/logo\/image\/"},"sameAs":["https:\/\/www.facebook.com\/entreculturas","https:\/\/x.com\/Entreculturas","https:\/\/www.instagram.com\/entreculturas\/","https:\/\/www.youtube.com\/user\/entreculturasvideo","https:\/\/www.linkedin.com\/company\/fundacion-entreculturas-ngdo\/","https:\/\/www.flickr.com\/photos\/98455522@N04\/albums\/"]}]}},"_links":{"self":[{"href":"https:\/\/www.entreculturas.org\/fr\/wp-json\/wp\/v2\/noticia\/6658","targetHints":{"allow":["GET"]}}],"collection":[{"href":"https:\/\/www.entreculturas.org\/fr\/wp-json\/wp\/v2\/noticia"}],"about":[{"href":"https:\/\/www.entreculturas.org\/fr\/wp-json\/wp\/v2\/types\/noticia"}],"wp:featuredmedia":[{"embeddable":true,"href":"https:\/\/www.entreculturas.org\/fr\/wp-json\/wp\/v2\/media\/6657"}],"wp:attachment":[{"href":"https:\/\/www.entreculturas.org\/fr\/wp-json\/wp\/v2\/media?parent=6658"}],"wp:term":[{"taxonomy":"category","embeddable":true,"href":"https:\/\/www.entreculturas.org\/fr\/wp-json\/wp\/v2\/categories?post=6658"},{"taxonomy":"post_tag","embeddable":true,"href":"https:\/\/www.entreculturas.org\/fr\/wp-json\/wp\/v2\/tags?post=6658"},{"taxonomy":"country","embeddable":true,"href":"https:\/\/www.entreculturas.org\/fr\/wp-json\/wp\/v2\/country?post=6658"},{"taxonomy":"cause","embeddable":true,"href":"https:\/\/www.entreculturas.org\/fr\/wp-json\/wp\/v2\/cause?post=6658"}],"curies":[{"name":"wp","href":"https:\/\/api.w.org\/{rel}","templated":true}]}}