{"id":6656,"date":"2022-07-14T11:52:00","date_gmt":"2022-07-14T11:52:00","guid":{"rendered":"https:\/\/entreculturasi.wpenginepowered.com\/?noticias=las-redes-verdes-de-entreculturas-y-la-fundacion-fuhem-presentan-su-manifiesto-verde-en-la"},"modified":"2024-02-15T14:15:29","modified_gmt":"2024-02-15T13:15:29","slug":"las-redes-verdes-de-entreculturas-y-la-fundacion-fuhem-presentan-su-manifiesto-verde-en-la","status":"publish","type":"noticia","link":"https:\/\/www.entreculturas.org\/fr\/noticia\/las-redes-verdes-de-entreculturas-y-la-fundacion-fuhem-presentan-su-manifiesto-verde-en-la\/","title":{"rendered":"Las \u201cRedes Verdes\u201d de Entreculturas y la Fundaci\u00f3n FUHEM presentan su \u2018Manifiesto Verde\u2019 en la Junta Municipal del Distrito de Tetu\u00e1n"},"content":{"rendered":"<\/p>\n<p>El pasado 24 de junio, los y las j\u00f3venes participantes de la <strong>Red Verde del colegio Divino Coraz\u00f3n de Madrid <\/strong>realizaron una acci\u00f3n de incidencia p\u00fablica en la J<strong>unta Municipal del Distrito de Tetu\u00e1n<\/strong>. En ella, se hizo lectura y entrega a las autoridades del <a href=\"https:\/\/redec.org\/app\/uploads\/2022\/04\/Manifiesto-Verde-Labortatorio-Internacional-por-los-ODS.pdf\" target=\"_blank\" rel=\"noopener\">Manifiesto Verde de incidencia<\/a>. Este documento, elaborado por la propia juventud, recoge peticiones y propuestas de cambio para la sostenibilidad medioambiental de la ciudad y est\u00e1 dirigido a la ciudadan\u00eda, a la comunidad educativa y a las instituciones p\u00fablicas madrile\u00f1as.<\/p>\n<p>Antes de la acci\u00f3n, el alumnado analiz\u00f3 desde una perspectiva global y municipal la situaci\u00f3n medioambiental actual en varias sesiones, para despu\u00e9s profundizar en lo local, concretamente en la situaci\u00f3n del distrito de Tetu\u00e1n. As\u00ed fue como, en peque\u00f1os grupos, trabajaron y <strong>reflexionaron sobre los diferentes retos medioambientales que tiene la ciudad de Madrid<\/strong> a partir del \u00abManifiesto Verde\u00bb de incidencia. Un plan de acci\u00f3n ya elaborado de forma conjunta por los y las j\u00f3venes en el \u2018Laboratorio Internacional por los ODS\u2019.&nbsp;<\/p>\n<p><img decoding=\"async\" alt=\"\" src=\"https:\/\/www.entreculturas.org\/wp-content\/uploads\/2022\/07\/acto_incidencia_1.jpeg\" style=\"width: 800px;height: 935px\"><\/p>\n<p>Finalmente, en la sesi\u00f3n previa a la movilizaci\u00f3n se prepararon <strong>carteles con lemas a favor del cuidado medioambiental<\/strong> que recog\u00edan propuestas realizadas en los talleres, en el manifiesto verde y en la publicaci\u00f3n de \u00abUn mundo sostenible\u00bb. Todo ello se llev\u00f3 a la Junta de Distrito de Tetu\u00e1n y se entreg\u00f3 en registro. Con esta actividad se puso punto final a un curso lleno de propuestas de cambio por un mundo m\u00e1s sostenible.<\/p>\n<p>Esta acci\u00f3n de incidencia p\u00fablica se enmarca dentro del proyecto <strong>\u2018Nuestro momento es ahora: La juventud madrile\u00f1a impulsa los ODS para construir una ciudad sostenible y resiliente\u2019,<\/strong> que cuenta con el apoyo del Ayuntamiento de Madrid y en el que colaboran Entreculturas y FUHEM.&nbsp;<\/p>\n","protected":false},"excerpt":{"rendered":"<p>El pasado 24 de junio, los y las j\u00f3venes participantes de la Red Verde del colegio Divino Coraz\u00f3n de Madrid realizaron una acci\u00f3n de incidencia p\u00fablica en la Junta Municipal del Distrito de Tetu\u00e1n. <\/p>\n","protected":false},"featured_media":6654,"template":"single-noticia","meta":{"_acf_changed":false},"categories":[7],"tags":[256],"country":[],"cause":[131],"class_list":["post-6656","noticia","type-noticia","status-publish","has-post-thumbnail","hentry","category-noticia","tag-justicia-socioambiental","cause-justicia-medioambiental"],"acf":[],"yoast_head":"<!-- This site is optimized with the Yoast SEO Premium plugin v21.6 (Yoast SEO v27.5) - https:\/\/yoast.com\/product\/yoast-seo-premium-wordpress\/ -->\n<title>Las \u201cRedes Verdes\u201d de Entreculturas y la Fundaci\u00f3n FUHEM presentan su \u2018Manifiesto Verde\u2019 en la Junta Municipal del Distrito de Tetu\u00e1n - Entreculturas<\/title>\n<meta name=\"robots\" content=\"index, follow, max-snippet:-1, max-image-preview:large, max-video-preview:-1\" \/>\n<link rel=\"canonical\" href=\"https:\/\/www.entreculturas.org\/fr\/noticia\/las-redes-verdes-de-entreculturas-y-la-fundacion-fuhem-presentan-su-manifiesto-verde-en-la\/\" \/>\n<meta property=\"og:locale\" content=\"fr_FR\" \/>\n<meta property=\"og:type\" content=\"article\" \/>\n<meta property=\"og:title\" content=\"Las \u201cRedes Verdes\u201d de Entreculturas y la Fundaci\u00f3n FUHEM presentan su \u2018Manifiesto Verde\u2019 en la Junta Municipal del Distrito de Tetu\u00e1n\" \/>\n<meta property=\"og:description\" content=\"El pasado 24 de junio, los y las j\u00f3venes participantes de la Red Verde del colegio Divino Coraz\u00f3n de Madrid realizaron una acci\u00f3n de incidencia p\u00fablica en la Junta Municipal del Distrito de Tetu\u00e1n.\" \/>\n<meta property=\"og:url\" content=\"https:\/\/www.entreculturas.org\/fr\/noticia\/las-redes-verdes-de-entreculturas-y-la-fundacion-fuhem-presentan-su-manifiesto-verde-en-la\/\" \/>\n<meta property=\"og:site_name\" content=\"Entreculturas\" \/>\n<meta property=\"article:publisher\" content=\"https:\/\/www.facebook.com\/entreculturas\" \/>\n<meta property=\"article:modified_time\" content=\"2024-02-15T13:15:29+00:00\" \/>\n<meta property=\"og:image\" content=\"https:\/\/www.entreculturas.org\/wp-content\/uploads\/2022\/07\/acto_incidencia_4.jpeg\" \/>\n\t<meta property=\"og:image:width\" content=\"2048\" \/>\n\t<meta property=\"og:image:height\" content=\"1363\" \/>\n\t<meta property=\"og:image:type\" content=\"image\/jpeg\" \/>\n<meta name=\"twitter:card\" content=\"summary_large_image\" \/>\n<meta name=\"twitter:site\" content=\"@Entreculturas\" \/>\n<script type=\"application\/ld+json\" class=\"yoast-schema-graph\">{\"@context\":\"https:\\\/\\\/schema.org\",\"@graph\":[{\"@type\":\"WebPage\",\"@id\":\"https:\\\/\\\/www.entreculturas.org\\\/fr\\\/noticia\\\/las-redes-verdes-de-entreculturas-y-la-fundacion-fuhem-presentan-su-manifiesto-verde-en-la\\\/\",\"url\":\"https:\\\/\\\/www.entreculturas.org\\\/fr\\\/noticia\\\/las-redes-verdes-de-entreculturas-y-la-fundacion-fuhem-presentan-su-manifiesto-verde-en-la\\\/\",\"name\":\"Las \u201cRedes Verdes\u201d de Entreculturas y la Fundaci\u00f3n FUHEM presentan su \u2018Manifiesto Verde\u2019 en la Junta Municipal del Distrito de Tetu\u00e1n - Entreculturas\",\"isPartOf\":{\"@id\":\"https:\\\/\\\/www.entreculturas.org\\\/fr\\\/#website\"},\"primaryImageOfPage\":{\"@id\":\"https:\\\/\\\/www.entreculturas.org\\\/fr\\\/noticia\\\/las-redes-verdes-de-entreculturas-y-la-fundacion-fuhem-presentan-su-manifiesto-verde-en-la\\\/#primaryimage\"},\"image\":{\"@id\":\"https:\\\/\\\/www.entreculturas.org\\\/fr\\\/noticia\\\/las-redes-verdes-de-entreculturas-y-la-fundacion-fuhem-presentan-su-manifiesto-verde-en-la\\\/#primaryimage\"},\"thumbnailUrl\":\"https:\\\/\\\/www.entreculturas.org\\\/wp-content\\\/uploads\\\/2022\\\/07\\\/acto_incidencia_4.jpeg\",\"datePublished\":\"2022-07-14T11:52:00+00:00\",\"dateModified\":\"2024-02-15T13:15:29+00:00\",\"breadcrumb\":{\"@id\":\"https:\\\/\\\/www.entreculturas.org\\\/fr\\\/noticia\\\/las-redes-verdes-de-entreculturas-y-la-fundacion-fuhem-presentan-su-manifiesto-verde-en-la\\\/#breadcrumb\"},\"inLanguage\":\"fr-FR\",\"potentialAction\":[{\"@type\":\"ReadAction\",\"target\":[\"https:\\\/\\\/www.entreculturas.org\\\/fr\\\/noticia\\\/las-redes-verdes-de-entreculturas-y-la-fundacion-fuhem-presentan-su-manifiesto-verde-en-la\\\/\"]}]},{\"@type\":\"ImageObject\",\"inLanguage\":\"fr-FR\",\"@id\":\"https:\\\/\\\/www.entreculturas.org\\\/fr\\\/noticia\\\/las-redes-verdes-de-entreculturas-y-la-fundacion-fuhem-presentan-su-manifiesto-verde-en-la\\\/#primaryimage\",\"url\":\"https:\\\/\\\/www.entreculturas.org\\\/wp-content\\\/uploads\\\/2022\\\/07\\\/acto_incidencia_4.jpeg\",\"contentUrl\":\"https:\\\/\\\/www.entreculturas.org\\\/wp-content\\\/uploads\\\/2022\\\/07\\\/acto_incidencia_4.jpeg\",\"width\":2048,\"height\":1363},{\"@type\":\"BreadcrumbList\",\"@id\":\"https:\\\/\\\/www.entreculturas.org\\\/fr\\\/noticia\\\/las-redes-verdes-de-entreculturas-y-la-fundacion-fuhem-presentan-su-manifiesto-verde-en-la\\\/#breadcrumb\",\"itemListElement\":[{\"@type\":\"ListItem\",\"position\":1,\"name\":\"Home\",\"item\":\"https:\\\/\\\/www.entreculturas.org\\\/fr\\\/\"},{\"@type\":\"ListItem\",\"position\":2,\"name\":\"Noticias\",\"item\":\"https:\\\/\\\/www.entreculturas.org\\\/fr\\\/noticias\\\/\"},{\"@type\":\"ListItem\",\"position\":3,\"name\":\"Las \u201cRedes Verdes\u201d de Entreculturas y la Fundaci\u00f3n FUHEM presentan su \u2018Manifiesto Verde\u2019 en la Junta Municipal del Distrito de Tetu\u00e1n\"}]},{\"@type\":\"WebSite\",\"@id\":\"https:\\\/\\\/www.entreculturas.org\\\/fr\\\/#website\",\"url\":\"https:\\\/\\\/www.entreculturas.org\\\/fr\\\/\",\"name\":\"Entreculturas\",\"description\":\"\",\"publisher\":{\"@id\":\"https:\\\/\\\/www.entreculturas.org\\\/fr\\\/#organization\"},\"alternateName\":\"Entreculturas\",\"potentialAction\":[{\"@type\":\"SearchAction\",\"target\":{\"@type\":\"EntryPoint\",\"urlTemplate\":\"https:\\\/\\\/www.entreculturas.org\\\/fr\\\/?s={search_term_string}\"},\"query-input\":{\"@type\":\"PropertyValueSpecification\",\"valueRequired\":true,\"valueName\":\"search_term_string\"}}],\"inLanguage\":\"fr-FR\"},{\"@type\":\"Organization\",\"@id\":\"https:\\\/\\\/www.entreculturas.org\\\/fr\\\/#organization\",\"name\":\"Entreculturas\",\"url\":\"https:\\\/\\\/www.entreculturas.org\\\/fr\\\/\",\"logo\":{\"@type\":\"ImageObject\",\"inLanguage\":\"fr-FR\",\"@id\":\"https:\\\/\\\/www.entreculturas.org\\\/fr\\\/#\\\/schema\\\/logo\\\/image\\\/\",\"url\":\"https:\\\/\\\/www.entreculturas.org\\\/wp-content\\\/uploads\\\/2025\\\/10\\\/ESP.svg\",\"contentUrl\":\"https:\\\/\\\/www.entreculturas.org\\\/wp-content\\\/uploads\\\/2025\\\/10\\\/ESP.svg\",\"caption\":\"Entreculturas\"},\"image\":{\"@id\":\"https:\\\/\\\/www.entreculturas.org\\\/fr\\\/#\\\/schema\\\/logo\\\/image\\\/\"},\"sameAs\":[\"https:\\\/\\\/www.facebook.com\\\/entreculturas\",\"https:\\\/\\\/x.com\\\/Entreculturas\",\"https:\\\/\\\/www.instagram.com\\\/entreculturas\\\/\",\"https:\\\/\\\/www.youtube.com\\\/user\\\/entreculturasvideo\",\"https:\\\/\\\/www.linkedin.com\\\/company\\\/fundacion-entreculturas-ngdo\\\/\",\"https:\\\/\\\/www.flickr.com\\\/photos\\\/98455522@N04\\\/albums\\\/\"]}]}<\/script>\n<!-- \/ Yoast SEO Premium plugin. -->","yoast_head_json":{"title":"Las \u201cRedes Verdes\u201d de Entreculturas y la Fundaci\u00f3n FUHEM presentan su \u2018Manifiesto Verde\u2019 en la Junta Municipal del Distrito de Tetu\u00e1n - Entreculturas","robots":{"index":"index","follow":"follow","max-snippet":"max-snippet:-1","max-image-preview":"max-image-preview:large","max-video-preview":"max-video-preview:-1"},"canonical":"https:\/\/www.entreculturas.org\/fr\/noticia\/las-redes-verdes-de-entreculturas-y-la-fundacion-fuhem-presentan-su-manifiesto-verde-en-la\/","og_locale":"fr_FR","og_type":"article","og_title":"Las \u201cRedes Verdes\u201d de Entreculturas y la Fundaci\u00f3n FUHEM presentan su \u2018Manifiesto Verde\u2019 en la Junta Municipal del Distrito de Tetu\u00e1n","og_description":"El pasado 24 de junio, los y las j\u00f3venes participantes de la Red Verde del colegio Divino Coraz\u00f3n de Madrid realizaron una acci\u00f3n de incidencia p\u00fablica en la Junta Municipal del Distrito de Tetu\u00e1n.","og_url":"https:\/\/www.entreculturas.org\/fr\/noticia\/las-redes-verdes-de-entreculturas-y-la-fundacion-fuhem-presentan-su-manifiesto-verde-en-la\/","og_site_name":"Entreculturas","article_publisher":"https:\/\/www.facebook.com\/entreculturas","article_modified_time":"2024-02-15T13:15:29+00:00","og_image":[{"width":2048,"height":1363,"url":"https:\/\/www.entreculturas.org\/wp-content\/uploads\/2022\/07\/acto_incidencia_4.jpeg","type":"image\/jpeg"}],"twitter_card":"summary_large_image","twitter_site":"@Entreculturas","schema":{"@context":"https:\/\/schema.org","@graph":[{"@type":"WebPage","@id":"https:\/\/www.entreculturas.org\/fr\/noticia\/las-redes-verdes-de-entreculturas-y-la-fundacion-fuhem-presentan-su-manifiesto-verde-en-la\/","url":"https:\/\/www.entreculturas.org\/fr\/noticia\/las-redes-verdes-de-entreculturas-y-la-fundacion-fuhem-presentan-su-manifiesto-verde-en-la\/","name":"Las \u201cRedes Verdes\u201d de Entreculturas y la Fundaci\u00f3n FUHEM presentan su \u2018Manifiesto Verde\u2019 en la Junta Municipal del Distrito de Tetu\u00e1n - Entreculturas","isPartOf":{"@id":"https:\/\/www.entreculturas.org\/fr\/#website"},"primaryImageOfPage":{"@id":"https:\/\/www.entreculturas.org\/fr\/noticia\/las-redes-verdes-de-entreculturas-y-la-fundacion-fuhem-presentan-su-manifiesto-verde-en-la\/#primaryimage"},"image":{"@id":"https:\/\/www.entreculturas.org\/fr\/noticia\/las-redes-verdes-de-entreculturas-y-la-fundacion-fuhem-presentan-su-manifiesto-verde-en-la\/#primaryimage"},"thumbnailUrl":"https:\/\/www.entreculturas.org\/wp-content\/uploads\/2022\/07\/acto_incidencia_4.jpeg","datePublished":"2022-07-14T11:52:00+00:00","dateModified":"2024-02-15T13:15:29+00:00","breadcrumb":{"@id":"https:\/\/www.entreculturas.org\/fr\/noticia\/las-redes-verdes-de-entreculturas-y-la-fundacion-fuhem-presentan-su-manifiesto-verde-en-la\/#breadcrumb"},"inLanguage":"fr-FR","potentialAction":[{"@type":"ReadAction","target":["https:\/\/www.entreculturas.org\/fr\/noticia\/las-redes-verdes-de-entreculturas-y-la-fundacion-fuhem-presentan-su-manifiesto-verde-en-la\/"]}]},{"@type":"ImageObject","inLanguage":"fr-FR","@id":"https:\/\/www.entreculturas.org\/fr\/noticia\/las-redes-verdes-de-entreculturas-y-la-fundacion-fuhem-presentan-su-manifiesto-verde-en-la\/#primaryimage","url":"https:\/\/www.entreculturas.org\/wp-content\/uploads\/2022\/07\/acto_incidencia_4.jpeg","contentUrl":"https:\/\/www.entreculturas.org\/wp-content\/uploads\/2022\/07\/acto_incidencia_4.jpeg","width":2048,"height":1363},{"@type":"BreadcrumbList","@id":"https:\/\/www.entreculturas.org\/fr\/noticia\/las-redes-verdes-de-entreculturas-y-la-fundacion-fuhem-presentan-su-manifiesto-verde-en-la\/#breadcrumb","itemListElement":[{"@type":"ListItem","position":1,"name":"Home","item":"https:\/\/www.entreculturas.org\/fr\/"},{"@type":"ListItem","position":2,"name":"Noticias","item":"https:\/\/www.entreculturas.org\/fr\/noticias\/"},{"@type":"ListItem","position":3,"name":"Las \u201cRedes Verdes\u201d de Entreculturas y la Fundaci\u00f3n FUHEM presentan su \u2018Manifiesto Verde\u2019 en la Junta Municipal del Distrito de Tetu\u00e1n"}]},{"@type":"WebSite","@id":"https:\/\/www.entreculturas.org\/fr\/#website","url":"https:\/\/www.entreculturas.org\/fr\/","name":"Entreculturas","description":"","publisher":{"@id":"https:\/\/www.entreculturas.org\/fr\/#organization"},"alternateName":"Entreculturas","potentialAction":[{"@type":"SearchAction","target":{"@type":"EntryPoint","urlTemplate":"https:\/\/www.entreculturas.org\/fr\/?s={search_term_string}"},"query-input":{"@type":"PropertyValueSpecification","valueRequired":true,"valueName":"search_term_string"}}],"inLanguage":"fr-FR"},{"@type":"Organization","@id":"https:\/\/www.entreculturas.org\/fr\/#organization","name":"Entreculturas","url":"https:\/\/www.entreculturas.org\/fr\/","logo":{"@type":"ImageObject","inLanguage":"fr-FR","@id":"https:\/\/www.entreculturas.org\/fr\/#\/schema\/logo\/image\/","url":"https:\/\/www.entreculturas.org\/wp-content\/uploads\/2025\/10\/ESP.svg","contentUrl":"https:\/\/www.entreculturas.org\/wp-content\/uploads\/2025\/10\/ESP.svg","caption":"Entreculturas"},"image":{"@id":"https:\/\/www.entreculturas.org\/fr\/#\/schema\/logo\/image\/"},"sameAs":["https:\/\/www.facebook.com\/entreculturas","https:\/\/x.com\/Entreculturas","https:\/\/www.instagram.com\/entreculturas\/","https:\/\/www.youtube.com\/user\/entreculturasvideo","https:\/\/www.linkedin.com\/company\/fundacion-entreculturas-ngdo\/","https:\/\/www.flickr.com\/photos\/98455522@N04\/albums\/"]}]}},"_links":{"self":[{"href":"https:\/\/www.entreculturas.org\/fr\/wp-json\/wp\/v2\/noticia\/6656","targetHints":{"allow":["GET"]}}],"collection":[{"href":"https:\/\/www.entreculturas.org\/fr\/wp-json\/wp\/v2\/noticia"}],"about":[{"href":"https:\/\/www.entreculturas.org\/fr\/wp-json\/wp\/v2\/types\/noticia"}],"wp:featuredmedia":[{"embeddable":true,"href":"https:\/\/www.entreculturas.org\/fr\/wp-json\/wp\/v2\/media\/6654"}],"wp:attachment":[{"href":"https:\/\/www.entreculturas.org\/fr\/wp-json\/wp\/v2\/media?parent=6656"}],"wp:term":[{"taxonomy":"category","embeddable":true,"href":"https:\/\/www.entreculturas.org\/fr\/wp-json\/wp\/v2\/categories?post=6656"},{"taxonomy":"post_tag","embeddable":true,"href":"https:\/\/www.entreculturas.org\/fr\/wp-json\/wp\/v2\/tags?post=6656"},{"taxonomy":"country","embeddable":true,"href":"https:\/\/www.entreculturas.org\/fr\/wp-json\/wp\/v2\/country?post=6656"},{"taxonomy":"cause","embeddable":true,"href":"https:\/\/www.entreculturas.org\/fr\/wp-json\/wp\/v2\/cause?post=6656"}],"curies":[{"name":"wp","href":"https:\/\/api.w.org\/{rel}","templated":true}]}}