{"id":6627,"date":"2022-06-29T09:28:49","date_gmt":"2022-06-29T09:28:49","guid":{"rendered":"https:\/\/entreculturasi.wpenginepowered.com\/?noticias=la-fresca-conectando-el-barrio"},"modified":"2024-02-19T11:27:50","modified_gmt":"2024-02-19T10:27:50","slug":"la-fresca-conectando-el-barrio","status":"publish","type":"noticia","link":"https:\/\/www.entreculturas.org\/fr\/noticia\/la-fresca-conectando-el-barrio\/","title":{"rendered":"A la fresca, conectando el barrio"},"content":{"rendered":"<p>Durante los \u00faltimos dos a\u00f1os, Entreculturas ha llevado a cabo el <strong>proyecto &lsquo;A la fresca&rsquo;<\/strong> en la Comunidad Valenciana, una propuesta de educaci\u00f3n no formal para<strong> fomentar la interculturalidad y la participaci\u00f3n ciudadana en los barrios<\/strong>. Concretamente,<strong> Camins al Grau y Algir\u00f3s (en Val\u00e8ncia<\/strong>) y <strong>Distrito 2 (en Alicante)<\/strong> son los distritos donde se han desarrollado las actividades del proyecto: acciones formativas, socioculturales y de movilizaci\u00f3n social alrededor de diferentes tem\u00e1ticas relacionadas con los <strong>ODS y la Agenda 2030.<\/strong><br \/>&nbsp;<\/p>\n<\/p>\n<p><span style=\"color:#FF0000\"><strong>La mirada, un punto clave de encuentro<\/strong><\/span><\/p>\n<p>\u00ab\u00a0Es necesario el encuentro con otros ojos para saber que los m\u00edos est\u00e1n mirando\u00a0\u00bb. Con esta frase de la obra de teatro \u201cEl sue\u00f1o es vida\u201d, el actor Thimbo Samb nos invitaba a reflexionar sobre la<strong> migraci\u00f3n y la realidad de las personas \u2018sin papeles\u2019<\/strong>, a menudo invisibilizadas. La representaci\u00f3n de la obra, con su posterior coloquio, fue una de las propuestas socioculturales que llevamos a Valencia y Alicante y que reuni\u00f3 a decenas de personas de diferentes culturas y realidades sociales. Era un punto de inicio de encuentro y de di\u00e1logo\u2026 \u00a1y tambi\u00e9n de acci\u00f3n! Muchas personas se unieron a la campa\u00f1a por la regularizaci\u00f3n de personas migrantes a trav\u00e9s de su firma, una iniciativa apoyada por Entreculturas que trata precisamente de revertir esa invisibilidad y que supone \u201cnacer de nuevo\u201d para muchas personas en nuestro pa\u00eds, tal y como planteaba la obra.&nbsp;<\/p>\n<p><img decoding=\"async\" alt=\"\" height=\"533\" src=\"https:\/\/www.entreculturas.org\/wp-content\/uploads\/2022\/06\/54a4411.jpg\" width=\"800\"><\/p>\n<p>Sin saberlo, Thimbo nos regalaba esta frase que daba sentido a todo el trabajo del proyecto &lsquo;A la fresca&rsquo;. <strong>Crear conexiones, generar v\u00ednculos, conocer otras realidades y culturas<\/strong>\u2026 La mirada y el encuentro, a menudo, improbable. Con esta motivaci\u00f3n llevamos a cabo <strong>\u201cMir\u00e9monos\u201d, un proyecto del fot\u00f3grafo Jos\u00e9 Bravo<\/strong> que nos invita a volver a conectar y compartirnos a trav\u00e9s de la mirada, en di\u00e1logo con el espacio p\u00fablico. En estos tiempos de pandemia, fue una experiencia transformadora y renovadora que junt\u00f3 a diferentes personas en una explanada de Ayora, un lugar cotidiano de encuentro vecinal.&nbsp;&nbsp;<\/p>\n<p><span style=\"color:#FF0000\"><\/span><\/p>\n<p><span style=\"color:#FF0000\"><strong>El arte, una herramienta para la ciudadan\u00eda global<\/strong><\/span><\/p>\n<p>El arte ha ocupado un lugar muy importante en A la fresca. Hemos llevado a cabo diversas acciones socioculturales alrededor de diferentes disciplinas art\u00edsticas con la convicci\u00f3n de estar propiciando procesos de cohesi\u00f3n social, sensibilizaci\u00f3n y movilizaci\u00f3n para el cambio.&nbsp;<\/p>\n<p>El pasado marzo realizamos un taller de poes\u00eda para mujeres migrantes con el objetivo de utilizar<strong> la escritura como m\u00e9todo de expresi\u00f3n y sanaci\u00f3n del proceso migratorio<\/strong>. A trav\u00e9s de la fotograf\u00eda, conseguimos reunir a entidades sociales y vecindario alrededor de una exposici\u00f3n del barrio. Mediante la <strong>escritura, la poes\u00eda y la m\u00fasica<\/strong>, los alumnos y alumnas del colegio Nazaret (Alicante) consiguieron transformar sus an\u00e9cdotas m\u00e1s cotidianas en leyendas para transmitir de generaci\u00f3n en generaci\u00f3n. El resultado de <strong>\u201cMitolog\u00eda de barrio\u201d<\/strong> fueron unas canciones recogidas en un peque\u00f1o libro. Su metodolog\u00eda nos ofrece una forma de trabajar la creatividad, la expresi\u00f3n y la participaci\u00f3n de los y las j\u00f3venes novedosa y refrescante.&nbsp;<\/p>\n<p><img decoding=\"async\" alt=\"\" height=\"533\" src=\"https:\/\/www.entreculturas.org\/wp-content\/uploads\/2022\/06\/2022_03_31_entreculturas_exposicion_07570.jpg\" width=\"800\"><br \/>&nbsp;<\/p>\n<p><span style=\"color:#FF0000\"><strong>Arte urbano, danza, cocina \u00a1y mucho m\u00e1s!<\/strong><\/span><\/p>\n<p>El proyecto lleg\u00f3 a su fin con la<strong> Jornada de Interculturalidad y Arte<\/strong>, celebrada el 19 de mayo en Las Naves, con la participaci\u00f3n de diferentes artivistas en charlas y una muestra de arte, que tuvo muy buena acogida.&nbsp;<\/p>\n<p>Todas estas actividades han contribuido a generar espacios de reflexi\u00f3n y participaci\u00f3n alrededor de diferentes ejes tem\u00e1ticos como la diversidad cultural, las migraciones, la igualdad de g\u00e9nero o los derechos humanos, con una mirada de ciudadan\u00eda global. <strong>Una ciudadan\u00eda global desde los barrios y la acci\u00f3n local<\/strong> que hemos desarrollado en A la fresca y que continuaremos desarrollando en los pr\u00f3ximos proyectos.<\/p>\n","protected":false},"excerpt":{"rendered":"<p>Durante los \u00faltimos dos a\u00f1os, Entreculturas ha llevado a cabo el proyecto &lsquo;A la fresca&rsquo; en la Comunidad Valenciana, una propuesta de educaci\u00f3n no formal para fomentar la interculturalidad y la participaci\u00f3n ciudadana en los barrios. Concretamente, Camins al Grau y Algir\u00f3s (en Val\u00e8ncia) y Distrito 2 (en Alicante).<\/p>\n","protected":false},"featured_media":6624,"template":"single-noticia","meta":{"_acf_changed":false},"categories":[7],"tags":[8],"country":[120],"cause":[132],"class_list":["post-6627","noticia","type-noticia","status-publish","has-post-thumbnail","hentry","category-noticia","tag-participacion-y-ciudadania-global","country-espana","cause-participacion-y-ciudadania-global"],"acf":[],"yoast_head":"<!-- This site is optimized with the Yoast SEO Premium plugin v21.6 (Yoast SEO v27.5) - https:\/\/yoast.com\/product\/yoast-seo-premium-wordpress\/ -->\n<title>A la fresca, conectando el barrio - Entreculturas<\/title>\n<meta name=\"robots\" content=\"index, follow, max-snippet:-1, max-image-preview:large, max-video-preview:-1\" \/>\n<link rel=\"canonical\" href=\"https:\/\/www.entreculturas.org\/fr\/noticia\/la-fresca-conectando-el-barrio\/\" \/>\n<meta property=\"og:locale\" content=\"fr_FR\" \/>\n<meta property=\"og:type\" content=\"article\" \/>\n<meta property=\"og:title\" content=\"A la fresca, conectando el barrio\" \/>\n<meta property=\"og:description\" content=\"Durante los \u00faltimos dos a\u00f1os, Entreculturas ha llevado a cabo el proyecto &#039;A la fresca&#039; en la Comunidad Valenciana, una propuesta de educaci\u00f3n no formal para fomentar la interculturalidad y la participaci\u00f3n ciudadana en los barrios. Concretamente, Camins al Grau y Algir\u00f3s (en Val\u00e8ncia) y Distrito 2 (en Alicante).\" \/>\n<meta property=\"og:url\" content=\"https:\/\/www.entreculturas.org\/fr\/noticia\/la-fresca-conectando-el-barrio\/\" \/>\n<meta property=\"og:site_name\" content=\"Entreculturas\" \/>\n<meta property=\"article:publisher\" content=\"https:\/\/www.facebook.com\/entreculturas\" \/>\n<meta property=\"article:modified_time\" content=\"2024-02-19T10:27:50+00:00\" \/>\n<meta property=\"og:image\" content=\"https:\/\/www.entreculturas.org\/wp-content\/uploads\/2022\/06\/collage_a_la_fresca.jpg\" \/>\n\t<meta property=\"og:image:width\" content=\"940\" \/>\n\t<meta property=\"og:image:height\" content=\"788\" \/>\n\t<meta property=\"og:image:type\" content=\"image\/jpeg\" \/>\n<meta name=\"twitter:card\" content=\"summary_large_image\" \/>\n<meta name=\"twitter:site\" content=\"@Entreculturas\" \/>\n<script type=\"application\/ld+json\" class=\"yoast-schema-graph\">{\"@context\":\"https:\\\/\\\/schema.org\",\"@graph\":[{\"@type\":\"WebPage\",\"@id\":\"https:\\\/\\\/www.entreculturas.org\\\/fr\\\/noticia\\\/la-fresca-conectando-el-barrio\\\/\",\"url\":\"https:\\\/\\\/www.entreculturas.org\\\/fr\\\/noticia\\\/la-fresca-conectando-el-barrio\\\/\",\"name\":\"A la fresca, conectando el barrio - Entreculturas\",\"isPartOf\":{\"@id\":\"https:\\\/\\\/www.entreculturas.org\\\/fr\\\/#website\"},\"primaryImageOfPage\":{\"@id\":\"https:\\\/\\\/www.entreculturas.org\\\/fr\\\/noticia\\\/la-fresca-conectando-el-barrio\\\/#primaryimage\"},\"image\":{\"@id\":\"https:\\\/\\\/www.entreculturas.org\\\/fr\\\/noticia\\\/la-fresca-conectando-el-barrio\\\/#primaryimage\"},\"thumbnailUrl\":\"https:\\\/\\\/www.entreculturas.org\\\/wp-content\\\/uploads\\\/2022\\\/06\\\/collage_a_la_fresca.jpg\",\"datePublished\":\"2022-06-29T09:28:49+00:00\",\"dateModified\":\"2024-02-19T10:27:50+00:00\",\"breadcrumb\":{\"@id\":\"https:\\\/\\\/www.entreculturas.org\\\/fr\\\/noticia\\\/la-fresca-conectando-el-barrio\\\/#breadcrumb\"},\"inLanguage\":\"fr-FR\",\"potentialAction\":[{\"@type\":\"ReadAction\",\"target\":[\"https:\\\/\\\/www.entreculturas.org\\\/fr\\\/noticia\\\/la-fresca-conectando-el-barrio\\\/\"]}]},{\"@type\":\"ImageObject\",\"inLanguage\":\"fr-FR\",\"@id\":\"https:\\\/\\\/www.entreculturas.org\\\/fr\\\/noticia\\\/la-fresca-conectando-el-barrio\\\/#primaryimage\",\"url\":\"https:\\\/\\\/www.entreculturas.org\\\/wp-content\\\/uploads\\\/2022\\\/06\\\/collage_a_la_fresca.jpg\",\"contentUrl\":\"https:\\\/\\\/www.entreculturas.org\\\/wp-content\\\/uploads\\\/2022\\\/06\\\/collage_a_la_fresca.jpg\",\"width\":940,\"height\":788},{\"@type\":\"BreadcrumbList\",\"@id\":\"https:\\\/\\\/www.entreculturas.org\\\/fr\\\/noticia\\\/la-fresca-conectando-el-barrio\\\/#breadcrumb\",\"itemListElement\":[{\"@type\":\"ListItem\",\"position\":1,\"name\":\"Home\",\"item\":\"https:\\\/\\\/www.entreculturas.org\\\/fr\\\/\"},{\"@type\":\"ListItem\",\"position\":2,\"name\":\"Noticias\",\"item\":\"https:\\\/\\\/www.entreculturas.org\\\/fr\\\/noticias\\\/\"},{\"@type\":\"ListItem\",\"position\":3,\"name\":\"A la fresca, conectando el barrio\"}]},{\"@type\":\"WebSite\",\"@id\":\"https:\\\/\\\/www.entreculturas.org\\\/fr\\\/#website\",\"url\":\"https:\\\/\\\/www.entreculturas.org\\\/fr\\\/\",\"name\":\"Entreculturas\",\"description\":\"\",\"publisher\":{\"@id\":\"https:\\\/\\\/www.entreculturas.org\\\/fr\\\/#organization\"},\"alternateName\":\"Entreculturas\",\"potentialAction\":[{\"@type\":\"SearchAction\",\"target\":{\"@type\":\"EntryPoint\",\"urlTemplate\":\"https:\\\/\\\/www.entreculturas.org\\\/fr\\\/?s={search_term_string}\"},\"query-input\":{\"@type\":\"PropertyValueSpecification\",\"valueRequired\":true,\"valueName\":\"search_term_string\"}}],\"inLanguage\":\"fr-FR\"},{\"@type\":\"Organization\",\"@id\":\"https:\\\/\\\/www.entreculturas.org\\\/fr\\\/#organization\",\"name\":\"Entreculturas\",\"url\":\"https:\\\/\\\/www.entreculturas.org\\\/fr\\\/\",\"logo\":{\"@type\":\"ImageObject\",\"inLanguage\":\"fr-FR\",\"@id\":\"https:\\\/\\\/www.entreculturas.org\\\/fr\\\/#\\\/schema\\\/logo\\\/image\\\/\",\"url\":\"https:\\\/\\\/www.entreculturas.org\\\/wp-content\\\/uploads\\\/2025\\\/10\\\/ESP.svg\",\"contentUrl\":\"https:\\\/\\\/www.entreculturas.org\\\/wp-content\\\/uploads\\\/2025\\\/10\\\/ESP.svg\",\"caption\":\"Entreculturas\"},\"image\":{\"@id\":\"https:\\\/\\\/www.entreculturas.org\\\/fr\\\/#\\\/schema\\\/logo\\\/image\\\/\"},\"sameAs\":[\"https:\\\/\\\/www.facebook.com\\\/entreculturas\",\"https:\\\/\\\/x.com\\\/Entreculturas\",\"https:\\\/\\\/www.instagram.com\\\/entreculturas\\\/\",\"https:\\\/\\\/www.youtube.com\\\/user\\\/entreculturasvideo\",\"https:\\\/\\\/www.linkedin.com\\\/company\\\/fundacion-entreculturas-ngdo\\\/\",\"https:\\\/\\\/www.flickr.com\\\/photos\\\/98455522@N04\\\/albums\\\/\"]}]}<\/script>\n<!-- \/ Yoast SEO Premium plugin. -->","yoast_head_json":{"title":"A la fresca, conectando el barrio - Entreculturas","robots":{"index":"index","follow":"follow","max-snippet":"max-snippet:-1","max-image-preview":"max-image-preview:large","max-video-preview":"max-video-preview:-1"},"canonical":"https:\/\/www.entreculturas.org\/fr\/noticia\/la-fresca-conectando-el-barrio\/","og_locale":"fr_FR","og_type":"article","og_title":"A la fresca, conectando el barrio","og_description":"Durante los \u00faltimos dos a\u00f1os, Entreculturas ha llevado a cabo el proyecto 'A la fresca' en la Comunidad Valenciana, una propuesta de educaci\u00f3n no formal para fomentar la interculturalidad y la participaci\u00f3n ciudadana en los barrios. Concretamente, Camins al Grau y Algir\u00f3s (en Val\u00e8ncia) y Distrito 2 (en Alicante).","og_url":"https:\/\/www.entreculturas.org\/fr\/noticia\/la-fresca-conectando-el-barrio\/","og_site_name":"Entreculturas","article_publisher":"https:\/\/www.facebook.com\/entreculturas","article_modified_time":"2024-02-19T10:27:50+00:00","og_image":[{"width":940,"height":788,"url":"https:\/\/www.entreculturas.org\/wp-content\/uploads\/2022\/06\/collage_a_la_fresca.jpg","type":"image\/jpeg"}],"twitter_card":"summary_large_image","twitter_site":"@Entreculturas","schema":{"@context":"https:\/\/schema.org","@graph":[{"@type":"WebPage","@id":"https:\/\/www.entreculturas.org\/fr\/noticia\/la-fresca-conectando-el-barrio\/","url":"https:\/\/www.entreculturas.org\/fr\/noticia\/la-fresca-conectando-el-barrio\/","name":"A la fresca, conectando el barrio - Entreculturas","isPartOf":{"@id":"https:\/\/www.entreculturas.org\/fr\/#website"},"primaryImageOfPage":{"@id":"https:\/\/www.entreculturas.org\/fr\/noticia\/la-fresca-conectando-el-barrio\/#primaryimage"},"image":{"@id":"https:\/\/www.entreculturas.org\/fr\/noticia\/la-fresca-conectando-el-barrio\/#primaryimage"},"thumbnailUrl":"https:\/\/www.entreculturas.org\/wp-content\/uploads\/2022\/06\/collage_a_la_fresca.jpg","datePublished":"2022-06-29T09:28:49+00:00","dateModified":"2024-02-19T10:27:50+00:00","breadcrumb":{"@id":"https:\/\/www.entreculturas.org\/fr\/noticia\/la-fresca-conectando-el-barrio\/#breadcrumb"},"inLanguage":"fr-FR","potentialAction":[{"@type":"ReadAction","target":["https:\/\/www.entreculturas.org\/fr\/noticia\/la-fresca-conectando-el-barrio\/"]}]},{"@type":"ImageObject","inLanguage":"fr-FR","@id":"https:\/\/www.entreculturas.org\/fr\/noticia\/la-fresca-conectando-el-barrio\/#primaryimage","url":"https:\/\/www.entreculturas.org\/wp-content\/uploads\/2022\/06\/collage_a_la_fresca.jpg","contentUrl":"https:\/\/www.entreculturas.org\/wp-content\/uploads\/2022\/06\/collage_a_la_fresca.jpg","width":940,"height":788},{"@type":"BreadcrumbList","@id":"https:\/\/www.entreculturas.org\/fr\/noticia\/la-fresca-conectando-el-barrio\/#breadcrumb","itemListElement":[{"@type":"ListItem","position":1,"name":"Home","item":"https:\/\/www.entreculturas.org\/fr\/"},{"@type":"ListItem","position":2,"name":"Noticias","item":"https:\/\/www.entreculturas.org\/fr\/noticias\/"},{"@type":"ListItem","position":3,"name":"A la fresca, conectando el barrio"}]},{"@type":"WebSite","@id":"https:\/\/www.entreculturas.org\/fr\/#website","url":"https:\/\/www.entreculturas.org\/fr\/","name":"Entreculturas","description":"","publisher":{"@id":"https:\/\/www.entreculturas.org\/fr\/#organization"},"alternateName":"Entreculturas","potentialAction":[{"@type":"SearchAction","target":{"@type":"EntryPoint","urlTemplate":"https:\/\/www.entreculturas.org\/fr\/?s={search_term_string}"},"query-input":{"@type":"PropertyValueSpecification","valueRequired":true,"valueName":"search_term_string"}}],"inLanguage":"fr-FR"},{"@type":"Organization","@id":"https:\/\/www.entreculturas.org\/fr\/#organization","name":"Entreculturas","url":"https:\/\/www.entreculturas.org\/fr\/","logo":{"@type":"ImageObject","inLanguage":"fr-FR","@id":"https:\/\/www.entreculturas.org\/fr\/#\/schema\/logo\/image\/","url":"https:\/\/www.entreculturas.org\/wp-content\/uploads\/2025\/10\/ESP.svg","contentUrl":"https:\/\/www.entreculturas.org\/wp-content\/uploads\/2025\/10\/ESP.svg","caption":"Entreculturas"},"image":{"@id":"https:\/\/www.entreculturas.org\/fr\/#\/schema\/logo\/image\/"},"sameAs":["https:\/\/www.facebook.com\/entreculturas","https:\/\/x.com\/Entreculturas","https:\/\/www.instagram.com\/entreculturas\/","https:\/\/www.youtube.com\/user\/entreculturasvideo","https:\/\/www.linkedin.com\/company\/fundacion-entreculturas-ngdo\/","https:\/\/www.flickr.com\/photos\/98455522@N04\/albums\/"]}]}},"_links":{"self":[{"href":"https:\/\/www.entreculturas.org\/fr\/wp-json\/wp\/v2\/noticia\/6627","targetHints":{"allow":["GET"]}}],"collection":[{"href":"https:\/\/www.entreculturas.org\/fr\/wp-json\/wp\/v2\/noticia"}],"about":[{"href":"https:\/\/www.entreculturas.org\/fr\/wp-json\/wp\/v2\/types\/noticia"}],"wp:featuredmedia":[{"embeddable":true,"href":"https:\/\/www.entreculturas.org\/fr\/wp-json\/wp\/v2\/media\/6624"}],"wp:attachment":[{"href":"https:\/\/www.entreculturas.org\/fr\/wp-json\/wp\/v2\/media?parent=6627"}],"wp:term":[{"taxonomy":"category","embeddable":true,"href":"https:\/\/www.entreculturas.org\/fr\/wp-json\/wp\/v2\/categories?post=6627"},{"taxonomy":"post_tag","embeddable":true,"href":"https:\/\/www.entreculturas.org\/fr\/wp-json\/wp\/v2\/tags?post=6627"},{"taxonomy":"country","embeddable":true,"href":"https:\/\/www.entreculturas.org\/fr\/wp-json\/wp\/v2\/country?post=6627"},{"taxonomy":"cause","embeddable":true,"href":"https:\/\/www.entreculturas.org\/fr\/wp-json\/wp\/v2\/cause?post=6627"}],"curies":[{"name":"wp","href":"https:\/\/api.w.org\/{rel}","templated":true}]}}