{"id":6526,"date":"2022-04-26T10:29:33","date_gmt":"2022-04-26T10:29:33","guid":{"rendered":"https:\/\/entreculturasi.wpenginepowered.com\/?noticias=mas-de-200-jovenes-educadoras-y-educadores-de-9-paises-se-han-dado-cita-en-madrid-este-fin"},"modified":"2024-02-19T15:07:27","modified_gmt":"2024-02-19T14:07:27","slug":"mas-de-200-jovenes-educadoras-y-educadores-de-9-paises-se-han-dado-cita-en-madrid-este-fin","status":"publish","type":"noticia","link":"https:\/\/www.entreculturas.org\/fr\/noticia\/mas-de-200-jovenes-educadoras-y-educadores-de-9-paises-se-han-dado-cita-en-madrid-este-fin\/","title":{"rendered":"M\u00e1s de 200 j\u00f3venes, educadoras y educadores de 9 pa\u00edses se han dado cita en Madrid este fin de semana en el VIII Encuentro Global de la Red Solidaria de J\u00f3venes"},"content":{"rendered":"<p>Del 21 al 24 de abril, <strong>221 personas <\/strong>(entre j\u00f3venes, educadores, invitados y voluntariado) han participado en el <strong>#8EncuentroGlobalRSJ&nbsp;<\/strong>de Entreculturas bajo el lema <strong>\u201cAgentes de cambio 4.7\u201d<\/strong>.&nbsp;<\/p>\n<p>Este evento se celebra cada dos a\u00f1os para ofrecer una experiencia de ciudadan\u00eda global a los\/as m\u00e1s j\u00f3venes, que forman parte de sus Red Solidarias locales y participan representando a sus Redes venidos desde 9 comunidades aut\u00f3nomas. Mediante talleres de construcci\u00f3n colectiva son invitados a reflexionar para identificar los<strong> retos de transformaci\u00f3n de sus entornos e invitarles a pasar a la acci\u00f3n<\/strong> y a participar para contribuir a un mundo m\u00e1s justo, igualitario y sostenible. Ha sido una oportunidad \u00fanica para que representantes de los distintos grupos que la forman vuelvan a encontrarse durante cuatro d\u00edas de trabajo. Este a\u00f1o con especial urgencia ya que solo quedan ocho a\u00f1os para cumplir la Agenda 2030.<\/p>\n<\/p>\n<p><span style=\"color:#FF0000\"><strong>Plan de Acci\u00f3n Agentes de Cambio&nbsp;<\/strong><\/span><\/p>\n<p>Durante los talleres del s\u00e1bado las y los j\u00f3venes han dise\u00f1ado conjuntamente a trav\u00e9s de <strong>metodolog\u00edas colaborativas<\/strong> un <strong>\u201cPlan de Acci\u00f3n de Agentes de Cambio\u201d <\/strong>(<a href=\"https:\/\/www.facebook.com\/entreculturas\/videos\/302667411879303\" target=\"_blank\" rel=\"noopener\">accede a su lectura<\/a>)&nbsp;que servir\u00e1 como hoja de ruta a los distintos grupos para guiar acciones de transformaci\u00f3n social en sus entornos, propuestas concretas de acci\u00f3n y compromisos que asumen como Red. Una gu\u00eda para los grupos juveniles durante los siguientes 24 meses.<\/p>\n<p>En este Plan, que est\u00e1 orientado a la incidencia y participaci\u00f3n juvenil, han abordado con perspectiva global los desaf\u00edos, <strong>necesidades y problem\u00e1ticas globales que han surgido en los dos \u00faltimos a\u00f1os<\/strong> en relaci\u00f3n con la igualdad de g\u00e9nero, defensa del medioambiente, interculturalidad y migraciones forzosas, el derecho a la educaci\u00f3n, cultura de paz y desigualdad, poniendo el foco en aquellas que se han acrecentado o vulnerado tanto con la pandemia como la salud mental y la educaci\u00f3n socioemocional.&nbsp;<\/p>\n<p>&nbsp;<\/p>\n<p><a href=\"https:\/\/www.facebook.com\/entreculturas\/videos\/302667411879303\" target=\"_blank\" rel=\"noopener\"><img decoding=\"async\" alt=\"\" height=\"449\" src=\"https:\/\/www.entreculturas.org\/wp-content\/uploads\/2022\/04\/captura_de_pantalla_2022-04-26_a_las_12.29.55.png\" width=\"800\"><\/a><br \/>&nbsp;<\/p>\n<p><span style=\"color:#FF0000\"><strong>Acto de clausura&nbsp;<\/strong><\/span><\/p>\n<p>El encuentro culmin\u00f3 con un evento final en el que reafirmaron su compromiso como juventud global. Paula Yin, una joven de Extremadura, explic\u00f3 \u00ab\u00a0estando aqu\u00ed, y creo que hablo por la mayor\u00eda, <strong>me siento integrada, libre y parte de un bello cambio<\/strong> en el que cada uno podemos aportar nuestro granito de arena y ser escuchados\u00a0\u00bb.&nbsp;<\/p>\n<p>Estefany Vaca, que acudi\u00f3 al Encuentro desde Ecuador a\u00f1adi\u00f3: \u00ab\u00a0sabemos que todos y todas venimos con diferentes historias, que hemos recorrido caminos muy diferentes, pero aqu\u00ed <strong>hemos encontrado nuestro punto de encuentro<\/strong>. No s\u00f3lo somos j\u00f3venes aqu\u00ed, tambi\u00e9n hay adultos referentes que creen en nuestra capacidad de cambiar el mundo\u00a0\u00bb.<\/p>\n<p>Por su parte, Eduardo L\u00f3pez, un profesor de Sevilla afirm\u00f3 que \u00ab\u00a0este encuentro no termina aqu\u00ed, al contrario, comienza aqu\u00ed, llevando este esp\u00edritu de globalizaci\u00f3n en las tareas por conseguir un mundo mejor y en el que participan todas las personas, que aunque separadas por miles de kil\u00f3metros, <strong>latimos con un solo coraz\u00f3n al ritmo de la esperanza en una casa com\u00fan mejor<\/strong>\u00ab\u00a0.<\/p>\n<p><img decoding=\"async\" alt=\"\" height=\"598\" src=\"https:\/\/www.entreculturas.org\/wp-content\/uploads\/2022\/04\/cierre.jpeg\" width=\"800\"><\/p>\n<p>&nbsp;<\/p>\n<p>Irene Ortega, Coordinadora de Ciudadan\u00eda de Entreculturas habl\u00f3 de la apuesta de Entreculturas por la juventud y del compromiso de la organizaci\u00f3n por construir una red cada vez m\u00e1s diversa e inclusiva. <strong>Anim\u00f3 a los y las j\u00f3venes a hacer realidad el Plan de Acci\u00f3n que han dise\u00f1ado <\/strong>y a que inviten a m\u00e1s personas a sumarse a la Red.<\/p>\n<p>Finaliz\u00f3 el acto Iris Trigo, una voluntaria que quiso reafirmar a trav\u00e9s de discurso la importancia de las y los <strong>docentes y educadores\/as como punto de apoyo clave<\/strong> para que los y las j\u00f3venes puedan continuar trabajando en red.&nbsp;<\/p>\n<p>* Este Encuentro es posible gracias al apoyo de la Cooperaci\u00f3n Espa\u00f1ola (AECID) y otros donantes comprometidos con la ciudadan\u00eda global.&nbsp;<\/p>\n<p>&nbsp;<\/p>\n","protected":false},"excerpt":{"rendered":"<p>Del 21 al 24 de abril, 221 personas (entre j\u00f3venes, educadores, invitados y voluntariado) han participado en el #8EncuentroGlobalRSJ de Entreculturas bajo el lema \u201cAgentes de cambio 4.7\u201d. Mediante talleres de construcci\u00f3n colectiva son invitados a reflexionar para identificar los retos de transformaci\u00f3n de sus entornos e invitarles a pasar a la acci\u00f3n y a participar para contribuir a un mundo m\u00e1s justo, igualitario y sostenible. <\/p>\n","protected":false},"featured_media":6523,"template":"single-noticia","meta":{"_acf_changed":false},"categories":[7],"tags":[8],"country":[120],"cause":[132],"class_list":["post-6526","noticia","type-noticia","status-publish","has-post-thumbnail","hentry","category-noticia","tag-participacion-y-ciudadania-global","country-espana","cause-participacion-y-ciudadania-global"],"acf":[],"yoast_head":"<!-- This site is optimized with the Yoast SEO Premium plugin v21.6 (Yoast SEO v27.5) - https:\/\/yoast.com\/product\/yoast-seo-premium-wordpress\/ -->\n<title>M\u00e1s de 200 j\u00f3venes, educadoras y educadores de 9 pa\u00edses se han dado cita en Madrid este fin de semana en el VIII Encuentro Global de la Red Solidaria de J\u00f3venes - Entreculturas<\/title>\n<meta name=\"robots\" content=\"index, follow, max-snippet:-1, max-image-preview:large, max-video-preview:-1\" \/>\n<link rel=\"canonical\" href=\"https:\/\/www.entreculturas.org\/fr\/noticia\/mas-de-200-jovenes-educadoras-y-educadores-de-9-paises-se-han-dado-cita-en-madrid-este-fin\/\" \/>\n<meta property=\"og:locale\" content=\"fr_FR\" \/>\n<meta property=\"og:type\" content=\"article\" \/>\n<meta property=\"og:title\" content=\"M\u00e1s de 200 j\u00f3venes, educadoras y educadores de 9 pa\u00edses se han dado cita en Madrid este fin de semana en el VIII Encuentro Global de la Red Solidaria de J\u00f3venes\" \/>\n<meta property=\"og:description\" content=\"Del 21 al 24 de abril, 221 personas (entre j\u00f3venes, educadores, invitados y voluntariado) han participado en el #8EncuentroGlobalRSJ de Entreculturas bajo el lema \u201cAgentes de cambio 4.7\u201d. Mediante talleres de construcci\u00f3n colectiva son invitados a reflexionar para identificar los retos de transformaci\u00f3n de sus entornos e invitarles a pasar a la acci\u00f3n y a participar para contribuir a un mundo m\u00e1s justo, igualitario y sostenible.\" \/>\n<meta property=\"og:url\" content=\"https:\/\/www.entreculturas.org\/fr\/noticia\/mas-de-200-jovenes-educadoras-y-educadores-de-9-paises-se-han-dado-cita-en-madrid-este-fin\/\" \/>\n<meta property=\"og:site_name\" content=\"Entreculturas\" \/>\n<meta property=\"article:publisher\" content=\"https:\/\/www.facebook.com\/entreculturas\" \/>\n<meta property=\"article:modified_time\" content=\"2024-02-19T14:07:27+00:00\" \/>\n<meta property=\"og:image\" content=\"https:\/\/www.entreculturas.org\/wp-content\/uploads\/2022\/04\/eg_jovenes.jpg\" \/>\n\t<meta property=\"og:image:width\" content=\"800\" \/>\n\t<meta property=\"og:image:height\" content=\"636\" \/>\n\t<meta property=\"og:image:type\" content=\"image\/jpeg\" \/>\n<meta name=\"twitter:card\" content=\"summary_large_image\" \/>\n<meta name=\"twitter:site\" content=\"@Entreculturas\" \/>\n<script type=\"application\/ld+json\" class=\"yoast-schema-graph\">{\"@context\":\"https:\\\/\\\/schema.org\",\"@graph\":[{\"@type\":\"WebPage\",\"@id\":\"https:\\\/\\\/www.entreculturas.org\\\/fr\\\/noticia\\\/mas-de-200-jovenes-educadoras-y-educadores-de-9-paises-se-han-dado-cita-en-madrid-este-fin\\\/\",\"url\":\"https:\\\/\\\/www.entreculturas.org\\\/fr\\\/noticia\\\/mas-de-200-jovenes-educadoras-y-educadores-de-9-paises-se-han-dado-cita-en-madrid-este-fin\\\/\",\"name\":\"M\u00e1s de 200 j\u00f3venes, educadoras y educadores de 9 pa\u00edses se han dado cita en Madrid este fin de semana en el VIII Encuentro Global de la Red Solidaria de J\u00f3venes - Entreculturas\",\"isPartOf\":{\"@id\":\"https:\\\/\\\/www.entreculturas.org\\\/fr\\\/#website\"},\"primaryImageOfPage\":{\"@id\":\"https:\\\/\\\/www.entreculturas.org\\\/fr\\\/noticia\\\/mas-de-200-jovenes-educadoras-y-educadores-de-9-paises-se-han-dado-cita-en-madrid-este-fin\\\/#primaryimage\"},\"image\":{\"@id\":\"https:\\\/\\\/www.entreculturas.org\\\/fr\\\/noticia\\\/mas-de-200-jovenes-educadoras-y-educadores-de-9-paises-se-han-dado-cita-en-madrid-este-fin\\\/#primaryimage\"},\"thumbnailUrl\":\"https:\\\/\\\/www.entreculturas.org\\\/wp-content\\\/uploads\\\/2022\\\/04\\\/eg_jovenes.jpg\",\"datePublished\":\"2022-04-26T10:29:33+00:00\",\"dateModified\":\"2024-02-19T14:07:27+00:00\",\"breadcrumb\":{\"@id\":\"https:\\\/\\\/www.entreculturas.org\\\/fr\\\/noticia\\\/mas-de-200-jovenes-educadoras-y-educadores-de-9-paises-se-han-dado-cita-en-madrid-este-fin\\\/#breadcrumb\"},\"inLanguage\":\"fr-FR\",\"potentialAction\":[{\"@type\":\"ReadAction\",\"target\":[\"https:\\\/\\\/www.entreculturas.org\\\/fr\\\/noticia\\\/mas-de-200-jovenes-educadoras-y-educadores-de-9-paises-se-han-dado-cita-en-madrid-este-fin\\\/\"]}]},{\"@type\":\"ImageObject\",\"inLanguage\":\"fr-FR\",\"@id\":\"https:\\\/\\\/www.entreculturas.org\\\/fr\\\/noticia\\\/mas-de-200-jovenes-educadoras-y-educadores-de-9-paises-se-han-dado-cita-en-madrid-este-fin\\\/#primaryimage\",\"url\":\"https:\\\/\\\/www.entreculturas.org\\\/wp-content\\\/uploads\\\/2022\\\/04\\\/eg_jovenes.jpg\",\"contentUrl\":\"https:\\\/\\\/www.entreculturas.org\\\/wp-content\\\/uploads\\\/2022\\\/04\\\/eg_jovenes.jpg\",\"width\":800,\"height\":636},{\"@type\":\"BreadcrumbList\",\"@id\":\"https:\\\/\\\/www.entreculturas.org\\\/fr\\\/noticia\\\/mas-de-200-jovenes-educadoras-y-educadores-de-9-paises-se-han-dado-cita-en-madrid-este-fin\\\/#breadcrumb\",\"itemListElement\":[{\"@type\":\"ListItem\",\"position\":1,\"name\":\"Home\",\"item\":\"https:\\\/\\\/www.entreculturas.org\\\/fr\\\/\"},{\"@type\":\"ListItem\",\"position\":2,\"name\":\"Noticias\",\"item\":\"https:\\\/\\\/www.entreculturas.org\\\/fr\\\/noticias\\\/\"},{\"@type\":\"ListItem\",\"position\":3,\"name\":\"M\u00e1s de 200 j\u00f3venes, educadoras y educadores de 9 pa\u00edses se han dado cita en Madrid este fin de semana en el VIII Encuentro Global de la Red Solidaria de J\u00f3venes\"}]},{\"@type\":\"WebSite\",\"@id\":\"https:\\\/\\\/www.entreculturas.org\\\/fr\\\/#website\",\"url\":\"https:\\\/\\\/www.entreculturas.org\\\/fr\\\/\",\"name\":\"Entreculturas\",\"description\":\"\",\"publisher\":{\"@id\":\"https:\\\/\\\/www.entreculturas.org\\\/fr\\\/#organization\"},\"alternateName\":\"Entreculturas\",\"potentialAction\":[{\"@type\":\"SearchAction\",\"target\":{\"@type\":\"EntryPoint\",\"urlTemplate\":\"https:\\\/\\\/www.entreculturas.org\\\/fr\\\/?s={search_term_string}\"},\"query-input\":{\"@type\":\"PropertyValueSpecification\",\"valueRequired\":true,\"valueName\":\"search_term_string\"}}],\"inLanguage\":\"fr-FR\"},{\"@type\":\"Organization\",\"@id\":\"https:\\\/\\\/www.entreculturas.org\\\/fr\\\/#organization\",\"name\":\"Entreculturas\",\"url\":\"https:\\\/\\\/www.entreculturas.org\\\/fr\\\/\",\"logo\":{\"@type\":\"ImageObject\",\"inLanguage\":\"fr-FR\",\"@id\":\"https:\\\/\\\/www.entreculturas.org\\\/fr\\\/#\\\/schema\\\/logo\\\/image\\\/\",\"url\":\"https:\\\/\\\/www.entreculturas.org\\\/wp-content\\\/uploads\\\/2025\\\/10\\\/ESP.svg\",\"contentUrl\":\"https:\\\/\\\/www.entreculturas.org\\\/wp-content\\\/uploads\\\/2025\\\/10\\\/ESP.svg\",\"caption\":\"Entreculturas\"},\"image\":{\"@id\":\"https:\\\/\\\/www.entreculturas.org\\\/fr\\\/#\\\/schema\\\/logo\\\/image\\\/\"},\"sameAs\":[\"https:\\\/\\\/www.facebook.com\\\/entreculturas\",\"https:\\\/\\\/x.com\\\/Entreculturas\",\"https:\\\/\\\/www.instagram.com\\\/entreculturas\\\/\",\"https:\\\/\\\/www.youtube.com\\\/user\\\/entreculturasvideo\",\"https:\\\/\\\/www.linkedin.com\\\/company\\\/fundacion-entreculturas-ngdo\\\/\",\"https:\\\/\\\/www.flickr.com\\\/photos\\\/98455522@N04\\\/albums\\\/\"]}]}<\/script>\n<!-- \/ Yoast SEO Premium plugin. -->","yoast_head_json":{"title":"M\u00e1s de 200 j\u00f3venes, educadoras y educadores de 9 pa\u00edses se han dado cita en Madrid este fin de semana en el VIII Encuentro Global de la Red Solidaria de J\u00f3venes - Entreculturas","robots":{"index":"index","follow":"follow","max-snippet":"max-snippet:-1","max-image-preview":"max-image-preview:large","max-video-preview":"max-video-preview:-1"},"canonical":"https:\/\/www.entreculturas.org\/fr\/noticia\/mas-de-200-jovenes-educadoras-y-educadores-de-9-paises-se-han-dado-cita-en-madrid-este-fin\/","og_locale":"fr_FR","og_type":"article","og_title":"M\u00e1s de 200 j\u00f3venes, educadoras y educadores de 9 pa\u00edses se han dado cita en Madrid este fin de semana en el VIII Encuentro Global de la Red Solidaria de J\u00f3venes","og_description":"Del 21 al 24 de abril, 221 personas (entre j\u00f3venes, educadores, invitados y voluntariado) han participado en el #8EncuentroGlobalRSJ de Entreculturas bajo el lema \u201cAgentes de cambio 4.7\u201d. Mediante talleres de construcci\u00f3n colectiva son invitados a reflexionar para identificar los retos de transformaci\u00f3n de sus entornos e invitarles a pasar a la acci\u00f3n y a participar para contribuir a un mundo m\u00e1s justo, igualitario y sostenible.","og_url":"https:\/\/www.entreculturas.org\/fr\/noticia\/mas-de-200-jovenes-educadoras-y-educadores-de-9-paises-se-han-dado-cita-en-madrid-este-fin\/","og_site_name":"Entreculturas","article_publisher":"https:\/\/www.facebook.com\/entreculturas","article_modified_time":"2024-02-19T14:07:27+00:00","og_image":[{"width":800,"height":636,"url":"https:\/\/www.entreculturas.org\/wp-content\/uploads\/2022\/04\/eg_jovenes.jpg","type":"image\/jpeg"}],"twitter_card":"summary_large_image","twitter_site":"@Entreculturas","schema":{"@context":"https:\/\/schema.org","@graph":[{"@type":"WebPage","@id":"https:\/\/www.entreculturas.org\/fr\/noticia\/mas-de-200-jovenes-educadoras-y-educadores-de-9-paises-se-han-dado-cita-en-madrid-este-fin\/","url":"https:\/\/www.entreculturas.org\/fr\/noticia\/mas-de-200-jovenes-educadoras-y-educadores-de-9-paises-se-han-dado-cita-en-madrid-este-fin\/","name":"M\u00e1s de 200 j\u00f3venes, educadoras y educadores de 9 pa\u00edses se han dado cita en Madrid este fin de semana en el VIII Encuentro Global de la Red Solidaria de J\u00f3venes - Entreculturas","isPartOf":{"@id":"https:\/\/www.entreculturas.org\/fr\/#website"},"primaryImageOfPage":{"@id":"https:\/\/www.entreculturas.org\/fr\/noticia\/mas-de-200-jovenes-educadoras-y-educadores-de-9-paises-se-han-dado-cita-en-madrid-este-fin\/#primaryimage"},"image":{"@id":"https:\/\/www.entreculturas.org\/fr\/noticia\/mas-de-200-jovenes-educadoras-y-educadores-de-9-paises-se-han-dado-cita-en-madrid-este-fin\/#primaryimage"},"thumbnailUrl":"https:\/\/www.entreculturas.org\/wp-content\/uploads\/2022\/04\/eg_jovenes.jpg","datePublished":"2022-04-26T10:29:33+00:00","dateModified":"2024-02-19T14:07:27+00:00","breadcrumb":{"@id":"https:\/\/www.entreculturas.org\/fr\/noticia\/mas-de-200-jovenes-educadoras-y-educadores-de-9-paises-se-han-dado-cita-en-madrid-este-fin\/#breadcrumb"},"inLanguage":"fr-FR","potentialAction":[{"@type":"ReadAction","target":["https:\/\/www.entreculturas.org\/fr\/noticia\/mas-de-200-jovenes-educadoras-y-educadores-de-9-paises-se-han-dado-cita-en-madrid-este-fin\/"]}]},{"@type":"ImageObject","inLanguage":"fr-FR","@id":"https:\/\/www.entreculturas.org\/fr\/noticia\/mas-de-200-jovenes-educadoras-y-educadores-de-9-paises-se-han-dado-cita-en-madrid-este-fin\/#primaryimage","url":"https:\/\/www.entreculturas.org\/wp-content\/uploads\/2022\/04\/eg_jovenes.jpg","contentUrl":"https:\/\/www.entreculturas.org\/wp-content\/uploads\/2022\/04\/eg_jovenes.jpg","width":800,"height":636},{"@type":"BreadcrumbList","@id":"https:\/\/www.entreculturas.org\/fr\/noticia\/mas-de-200-jovenes-educadoras-y-educadores-de-9-paises-se-han-dado-cita-en-madrid-este-fin\/#breadcrumb","itemListElement":[{"@type":"ListItem","position":1,"name":"Home","item":"https:\/\/www.entreculturas.org\/fr\/"},{"@type":"ListItem","position":2,"name":"Noticias","item":"https:\/\/www.entreculturas.org\/fr\/noticias\/"},{"@type":"ListItem","position":3,"name":"M\u00e1s de 200 j\u00f3venes, educadoras y educadores de 9 pa\u00edses se han dado cita en Madrid este fin de semana en el VIII Encuentro Global de la Red Solidaria de J\u00f3venes"}]},{"@type":"WebSite","@id":"https:\/\/www.entreculturas.org\/fr\/#website","url":"https:\/\/www.entreculturas.org\/fr\/","name":"Entreculturas","description":"","publisher":{"@id":"https:\/\/www.entreculturas.org\/fr\/#organization"},"alternateName":"Entreculturas","potentialAction":[{"@type":"SearchAction","target":{"@type":"EntryPoint","urlTemplate":"https:\/\/www.entreculturas.org\/fr\/?s={search_term_string}"},"query-input":{"@type":"PropertyValueSpecification","valueRequired":true,"valueName":"search_term_string"}}],"inLanguage":"fr-FR"},{"@type":"Organization","@id":"https:\/\/www.entreculturas.org\/fr\/#organization","name":"Entreculturas","url":"https:\/\/www.entreculturas.org\/fr\/","logo":{"@type":"ImageObject","inLanguage":"fr-FR","@id":"https:\/\/www.entreculturas.org\/fr\/#\/schema\/logo\/image\/","url":"https:\/\/www.entreculturas.org\/wp-content\/uploads\/2025\/10\/ESP.svg","contentUrl":"https:\/\/www.entreculturas.org\/wp-content\/uploads\/2025\/10\/ESP.svg","caption":"Entreculturas"},"image":{"@id":"https:\/\/www.entreculturas.org\/fr\/#\/schema\/logo\/image\/"},"sameAs":["https:\/\/www.facebook.com\/entreculturas","https:\/\/x.com\/Entreculturas","https:\/\/www.instagram.com\/entreculturas\/","https:\/\/www.youtube.com\/user\/entreculturasvideo","https:\/\/www.linkedin.com\/company\/fundacion-entreculturas-ngdo\/","https:\/\/www.flickr.com\/photos\/98455522@N04\/albums\/"]}]}},"_links":{"self":[{"href":"https:\/\/www.entreculturas.org\/fr\/wp-json\/wp\/v2\/noticia\/6526","targetHints":{"allow":["GET"]}}],"collection":[{"href":"https:\/\/www.entreculturas.org\/fr\/wp-json\/wp\/v2\/noticia"}],"about":[{"href":"https:\/\/www.entreculturas.org\/fr\/wp-json\/wp\/v2\/types\/noticia"}],"wp:featuredmedia":[{"embeddable":true,"href":"https:\/\/www.entreculturas.org\/fr\/wp-json\/wp\/v2\/media\/6523"}],"wp:attachment":[{"href":"https:\/\/www.entreculturas.org\/fr\/wp-json\/wp\/v2\/media?parent=6526"}],"wp:term":[{"taxonomy":"category","embeddable":true,"href":"https:\/\/www.entreculturas.org\/fr\/wp-json\/wp\/v2\/categories?post=6526"},{"taxonomy":"post_tag","embeddable":true,"href":"https:\/\/www.entreculturas.org\/fr\/wp-json\/wp\/v2\/tags?post=6526"},{"taxonomy":"country","embeddable":true,"href":"https:\/\/www.entreculturas.org\/fr\/wp-json\/wp\/v2\/country?post=6526"},{"taxonomy":"cause","embeddable":true,"href":"https:\/\/www.entreculturas.org\/fr\/wp-json\/wp\/v2\/cause?post=6526"}],"curies":[{"name":"wp","href":"https:\/\/api.w.org\/{rel}","templated":true}]}}