{"id":6505,"date":"2022-04-05T11:51:36","date_gmt":"2022-04-05T11:51:36","guid":{"rendered":"https:\/\/entreculturasi.wpenginepowered.com\/?noticias=del-campo-de-refugiadosas-las-olimpiadas-especiales-berlin-2023-el-sueno-de-dr-tayal"},"modified":"2024-02-19T15:11:06","modified_gmt":"2024-02-19T14:11:06","slug":"del-campo-de-refugiadosas-las-olimpiadas-especiales-berlin-2023-el-sueno-de-dr-tayal","status":"publish","type":"noticia","link":"https:\/\/www.entreculturas.org\/fr\/noticia\/del-campo-de-refugiadosas-las-olimpiadas-especiales-berlin-2023-el-sueno-de-dr-tayal\/","title":{"rendered":"Del campo de refugiados\/as a las Olimpiadas Especiales Berl\u00edn 2023: el sue\u00f1o de Dr. Tayal"},"content":{"rendered":"<p dir=\"ltr\" style=\"line-height: 1.38;margin-top: 12pt;margin-bottom: 12pt\">\n<p dir=\"ltr\" style=\"line-height: 1.38;margin-top: 12pt;margin-bottom: 12pt\">Del campo de personas refugiadas de Kakuma (al norte de Kenia) a los Juegos Ol\u00edmpicos Especiales Berl\u00edn 2023. El joven burund\u00e9s Dr. Tayal ha conseguido <strong>superar innumerables obst\u00e1culos <\/strong>y ahora se prepara para uno de los acontecimientos mundiales m\u00e1s relevantes que existen en el \u00e1mbito deportivo.<\/p>\n<p>A Dr. Tayal, diagnosticado de discapacidad intelectual, es estudiante del <strong>Centro Educativo Inclusivo de Kakuma<\/strong>, promovido por nuestra organizaci\u00f3n socia, el Servicio Jesuita a Refugiados Kenia (JRS Kenia). Este centro ofrece rehabilitaci\u00f3n, acompa\u00f1amiento y apoyo a ni\u00f1os, ni\u00f1as y j\u00f3venes con necesidades especiales y entiende el <strong>deporte como un aliado fundamental para la rehabilitaci\u00f3n f\u00edsica<\/strong>, y a su vez, como una terapia para <strong>fortalecer la salud mental<\/strong>.&nbsp;<\/p>\n<p>As\u00ed es como descubrieron que <strong>Dr Tayal tiene un gran talent<\/strong>o en disciplinas como el <strong>atletismo o el f\u00fatbol<\/strong>. Tanto es as\u00ed que, tras una competici\u00f3n organizada por el JRS en Kakuma donde consigui\u00f3 excelentes resultados, el Consejo de Derechos Humanos de las Naciones Unidas (que posee un equipo encargado del Comit\u00e9 de Deportes Ol\u00edmpicos) hizo a Dr. Tayal una incre\u00edble oferta: le propusieron un lugar dentro del <strong>Equipo Ol\u00edmpico de Atletas Refugiados para las pr\u00f3ximas Olimpiadas Especiales.&nbsp;<\/strong><\/p>\n<p>Los Juegos tendr\u00e1n lugar en <strong>Berl\u00edn<\/strong> en <strong>2023<\/strong>, tras ser aplazadas de su fecha originalmente prevista para 2022.<\/p>\n<p>La historia de Dr. Tayal es un ejemplo de superaci\u00f3n constante. A lo largo de su vida ha pasado por momentos extremadamente complicados, como el fallecimiento de su madre a\u00f1os atr\u00e1s o recientemente, cuando unas lluvias torrenciales se llevaron por delante varias casas del campo de Kakuma, entre ellas, la suya.&nbsp;<\/p>\n<p>A pesar de todas las dificultades, Dr. Tayal tiene la mirada puesta en los Juegos Ol\u00edmpicos. Su historia, su talento, nos demuestra que <strong>el deporte puede curar<\/strong>, puede hacerte crecer f\u00edsica e intelectualmente e impulsarte para estar m\u00e1s cerca de cumplir tus sue\u00f1os.<\/p>\n<p dir=\"ltr\" style=\"line-height: 1.38;margin-top: 12pt;margin-bottom: 12pt\">&nbsp;<\/p><\/p>\n","protected":false},"excerpt":{"rendered":"<p>Del campo de personas refugiadas de Kakuma (al norte de Kenia) a los Juegos Ol\u00edmpicos Especiales Berl\u00edn 2023. El joven burund\u00e9s Dr. Tayal ha conseguido superar innumerables obst\u00e1culos y ahora se prepara para uno de los acontecimientos mundiales m\u00e1s relevantes que existen en el \u00e1mbito deportivo.<\/p>\n","protected":false},"featured_media":6504,"template":"single-noticia","meta":{"_acf_changed":false},"categories":[7],"tags":[10],"country":[],"cause":[129],"class_list":["post-6505","noticia","type-noticia","status-publish","has-post-thumbnail","hentry","category-noticia","tag-migracion-y-refugio","cause-migracion-y-refugio"],"acf":[],"yoast_head":"<!-- This site is optimized with the Yoast SEO Premium plugin v21.6 (Yoast SEO v27.5) - https:\/\/yoast.com\/product\/yoast-seo-premium-wordpress\/ -->\n<title>Del campo de refugiados\/as a las Olimpiadas Especiales Berl\u00edn 2023: el sue\u00f1o de Dr. Tayal - Entreculturas<\/title>\n<meta name=\"robots\" content=\"index, follow, max-snippet:-1, max-image-preview:large, max-video-preview:-1\" \/>\n<link rel=\"canonical\" href=\"https:\/\/www.entreculturas.org\/fr\/noticia\/del-campo-de-refugiadosas-las-olimpiadas-especiales-berlin-2023-el-sueno-de-dr-tayal\/\" \/>\n<meta property=\"og:locale\" content=\"fr_FR\" \/>\n<meta property=\"og:type\" content=\"article\" \/>\n<meta property=\"og:title\" content=\"Del campo de refugiados\/as a las Olimpiadas Especiales Berl\u00edn 2023: el sue\u00f1o de Dr. Tayal\" \/>\n<meta property=\"og:description\" content=\"Del campo de personas refugiadas de Kakuma (al norte de Kenia) a los Juegos Ol\u00edmpicos Especiales Berl\u00edn 2023. El joven burund\u00e9s Dr. Tayal ha conseguido superar innumerables obst\u00e1culos y ahora se prepara para uno de los acontecimientos mundiales m\u00e1s relevantes que existen en el \u00e1mbito deportivo.\" \/>\n<meta property=\"og:url\" content=\"https:\/\/www.entreculturas.org\/fr\/noticia\/del-campo-de-refugiadosas-las-olimpiadas-especiales-berlin-2023-el-sueno-de-dr-tayal\/\" \/>\n<meta property=\"og:site_name\" content=\"Entreculturas\" \/>\n<meta property=\"article:publisher\" content=\"https:\/\/www.facebook.com\/entreculturas\" \/>\n<meta property=\"article:modified_time\" content=\"2024-02-19T14:11:06+00:00\" \/>\n<meta property=\"og:image\" content=\"https:\/\/www.entreculturas.org\/wp-content\/uploads\/2022\/04\/dr_tayal_pp_copia.png\" \/>\n\t<meta property=\"og:image:width\" content=\"800\" \/>\n\t<meta property=\"og:image:height\" content=\"398\" \/>\n\t<meta property=\"og:image:type\" content=\"image\/png\" \/>\n<meta name=\"twitter:card\" content=\"summary_large_image\" \/>\n<meta name=\"twitter:site\" content=\"@Entreculturas\" \/>\n<script type=\"application\/ld+json\" class=\"yoast-schema-graph\">{\"@context\":\"https:\\\/\\\/schema.org\",\"@graph\":[{\"@type\":\"WebPage\",\"@id\":\"https:\\\/\\\/www.entreculturas.org\\\/fr\\\/noticia\\\/del-campo-de-refugiadosas-las-olimpiadas-especiales-berlin-2023-el-sueno-de-dr-tayal\\\/\",\"url\":\"https:\\\/\\\/www.entreculturas.org\\\/fr\\\/noticia\\\/del-campo-de-refugiadosas-las-olimpiadas-especiales-berlin-2023-el-sueno-de-dr-tayal\\\/\",\"name\":\"Del campo de refugiados\\\/as a las Olimpiadas Especiales Berl\u00edn 2023: el sue\u00f1o de Dr. Tayal - Entreculturas\",\"isPartOf\":{\"@id\":\"https:\\\/\\\/www.entreculturas.org\\\/fr\\\/#website\"},\"primaryImageOfPage\":{\"@id\":\"https:\\\/\\\/www.entreculturas.org\\\/fr\\\/noticia\\\/del-campo-de-refugiadosas-las-olimpiadas-especiales-berlin-2023-el-sueno-de-dr-tayal\\\/#primaryimage\"},\"image\":{\"@id\":\"https:\\\/\\\/www.entreculturas.org\\\/fr\\\/noticia\\\/del-campo-de-refugiadosas-las-olimpiadas-especiales-berlin-2023-el-sueno-de-dr-tayal\\\/#primaryimage\"},\"thumbnailUrl\":\"https:\\\/\\\/www.entreculturas.org\\\/wp-content\\\/uploads\\\/2022\\\/04\\\/dr_tayal_pp_copia.png\",\"datePublished\":\"2022-04-05T11:51:36+00:00\",\"dateModified\":\"2024-02-19T14:11:06+00:00\",\"breadcrumb\":{\"@id\":\"https:\\\/\\\/www.entreculturas.org\\\/fr\\\/noticia\\\/del-campo-de-refugiadosas-las-olimpiadas-especiales-berlin-2023-el-sueno-de-dr-tayal\\\/#breadcrumb\"},\"inLanguage\":\"fr-FR\",\"potentialAction\":[{\"@type\":\"ReadAction\",\"target\":[\"https:\\\/\\\/www.entreculturas.org\\\/fr\\\/noticia\\\/del-campo-de-refugiadosas-las-olimpiadas-especiales-berlin-2023-el-sueno-de-dr-tayal\\\/\"]}]},{\"@type\":\"ImageObject\",\"inLanguage\":\"fr-FR\",\"@id\":\"https:\\\/\\\/www.entreculturas.org\\\/fr\\\/noticia\\\/del-campo-de-refugiadosas-las-olimpiadas-especiales-berlin-2023-el-sueno-de-dr-tayal\\\/#primaryimage\",\"url\":\"https:\\\/\\\/www.entreculturas.org\\\/wp-content\\\/uploads\\\/2022\\\/04\\\/dr_tayal_pp_copia.png\",\"contentUrl\":\"https:\\\/\\\/www.entreculturas.org\\\/wp-content\\\/uploads\\\/2022\\\/04\\\/dr_tayal_pp_copia.png\",\"width\":800,\"height\":398},{\"@type\":\"BreadcrumbList\",\"@id\":\"https:\\\/\\\/www.entreculturas.org\\\/fr\\\/noticia\\\/del-campo-de-refugiadosas-las-olimpiadas-especiales-berlin-2023-el-sueno-de-dr-tayal\\\/#breadcrumb\",\"itemListElement\":[{\"@type\":\"ListItem\",\"position\":1,\"name\":\"Home\",\"item\":\"https:\\\/\\\/www.entreculturas.org\\\/fr\\\/\"},{\"@type\":\"ListItem\",\"position\":2,\"name\":\"Noticias\",\"item\":\"https:\\\/\\\/www.entreculturas.org\\\/fr\\\/noticias\\\/\"},{\"@type\":\"ListItem\",\"position\":3,\"name\":\"Del campo de refugiados\\\/as a las Olimpiadas Especiales Berl\u00edn 2023: el sue\u00f1o de Dr. Tayal\"}]},{\"@type\":\"WebSite\",\"@id\":\"https:\\\/\\\/www.entreculturas.org\\\/fr\\\/#website\",\"url\":\"https:\\\/\\\/www.entreculturas.org\\\/fr\\\/\",\"name\":\"Entreculturas\",\"description\":\"\",\"publisher\":{\"@id\":\"https:\\\/\\\/www.entreculturas.org\\\/fr\\\/#organization\"},\"alternateName\":\"Entreculturas\",\"potentialAction\":[{\"@type\":\"SearchAction\",\"target\":{\"@type\":\"EntryPoint\",\"urlTemplate\":\"https:\\\/\\\/www.entreculturas.org\\\/fr\\\/?s={search_term_string}\"},\"query-input\":{\"@type\":\"PropertyValueSpecification\",\"valueRequired\":true,\"valueName\":\"search_term_string\"}}],\"inLanguage\":\"fr-FR\"},{\"@type\":\"Organization\",\"@id\":\"https:\\\/\\\/www.entreculturas.org\\\/fr\\\/#organization\",\"name\":\"Entreculturas\",\"url\":\"https:\\\/\\\/www.entreculturas.org\\\/fr\\\/\",\"logo\":{\"@type\":\"ImageObject\",\"inLanguage\":\"fr-FR\",\"@id\":\"https:\\\/\\\/www.entreculturas.org\\\/fr\\\/#\\\/schema\\\/logo\\\/image\\\/\",\"url\":\"https:\\\/\\\/www.entreculturas.org\\\/wp-content\\\/uploads\\\/2025\\\/10\\\/ESP.svg\",\"contentUrl\":\"https:\\\/\\\/www.entreculturas.org\\\/wp-content\\\/uploads\\\/2025\\\/10\\\/ESP.svg\",\"caption\":\"Entreculturas\"},\"image\":{\"@id\":\"https:\\\/\\\/www.entreculturas.org\\\/fr\\\/#\\\/schema\\\/logo\\\/image\\\/\"},\"sameAs\":[\"https:\\\/\\\/www.facebook.com\\\/entreculturas\",\"https:\\\/\\\/x.com\\\/Entreculturas\",\"https:\\\/\\\/www.instagram.com\\\/entreculturas\\\/\",\"https:\\\/\\\/www.youtube.com\\\/user\\\/entreculturasvideo\",\"https:\\\/\\\/www.linkedin.com\\\/company\\\/fundacion-entreculturas-ngdo\\\/\",\"https:\\\/\\\/www.flickr.com\\\/photos\\\/98455522@N04\\\/albums\\\/\"]}]}<\/script>\n<!-- \/ Yoast SEO Premium plugin. -->","yoast_head_json":{"title":"Del campo de refugiados\/as a las Olimpiadas Especiales Berl\u00edn 2023: el sue\u00f1o de Dr. Tayal - Entreculturas","robots":{"index":"index","follow":"follow","max-snippet":"max-snippet:-1","max-image-preview":"max-image-preview:large","max-video-preview":"max-video-preview:-1"},"canonical":"https:\/\/www.entreculturas.org\/fr\/noticia\/del-campo-de-refugiadosas-las-olimpiadas-especiales-berlin-2023-el-sueno-de-dr-tayal\/","og_locale":"fr_FR","og_type":"article","og_title":"Del campo de refugiados\/as a las Olimpiadas Especiales Berl\u00edn 2023: el sue\u00f1o de Dr. Tayal","og_description":"Del campo de personas refugiadas de Kakuma (al norte de Kenia) a los Juegos Ol\u00edmpicos Especiales Berl\u00edn 2023. El joven burund\u00e9s Dr. Tayal ha conseguido superar innumerables obst\u00e1culos y ahora se prepara para uno de los acontecimientos mundiales m\u00e1s relevantes que existen en el \u00e1mbito deportivo.","og_url":"https:\/\/www.entreculturas.org\/fr\/noticia\/del-campo-de-refugiadosas-las-olimpiadas-especiales-berlin-2023-el-sueno-de-dr-tayal\/","og_site_name":"Entreculturas","article_publisher":"https:\/\/www.facebook.com\/entreculturas","article_modified_time":"2024-02-19T14:11:06+00:00","og_image":[{"width":800,"height":398,"url":"https:\/\/www.entreculturas.org\/wp-content\/uploads\/2022\/04\/dr_tayal_pp_copia.png","type":"image\/png"}],"twitter_card":"summary_large_image","twitter_site":"@Entreculturas","schema":{"@context":"https:\/\/schema.org","@graph":[{"@type":"WebPage","@id":"https:\/\/www.entreculturas.org\/fr\/noticia\/del-campo-de-refugiadosas-las-olimpiadas-especiales-berlin-2023-el-sueno-de-dr-tayal\/","url":"https:\/\/www.entreculturas.org\/fr\/noticia\/del-campo-de-refugiadosas-las-olimpiadas-especiales-berlin-2023-el-sueno-de-dr-tayal\/","name":"Del campo de refugiados\/as a las Olimpiadas Especiales Berl\u00edn 2023: el sue\u00f1o de Dr. Tayal - Entreculturas","isPartOf":{"@id":"https:\/\/www.entreculturas.org\/fr\/#website"},"primaryImageOfPage":{"@id":"https:\/\/www.entreculturas.org\/fr\/noticia\/del-campo-de-refugiadosas-las-olimpiadas-especiales-berlin-2023-el-sueno-de-dr-tayal\/#primaryimage"},"image":{"@id":"https:\/\/www.entreculturas.org\/fr\/noticia\/del-campo-de-refugiadosas-las-olimpiadas-especiales-berlin-2023-el-sueno-de-dr-tayal\/#primaryimage"},"thumbnailUrl":"https:\/\/www.entreculturas.org\/wp-content\/uploads\/2022\/04\/dr_tayal_pp_copia.png","datePublished":"2022-04-05T11:51:36+00:00","dateModified":"2024-02-19T14:11:06+00:00","breadcrumb":{"@id":"https:\/\/www.entreculturas.org\/fr\/noticia\/del-campo-de-refugiadosas-las-olimpiadas-especiales-berlin-2023-el-sueno-de-dr-tayal\/#breadcrumb"},"inLanguage":"fr-FR","potentialAction":[{"@type":"ReadAction","target":["https:\/\/www.entreculturas.org\/fr\/noticia\/del-campo-de-refugiadosas-las-olimpiadas-especiales-berlin-2023-el-sueno-de-dr-tayal\/"]}]},{"@type":"ImageObject","inLanguage":"fr-FR","@id":"https:\/\/www.entreculturas.org\/fr\/noticia\/del-campo-de-refugiadosas-las-olimpiadas-especiales-berlin-2023-el-sueno-de-dr-tayal\/#primaryimage","url":"https:\/\/www.entreculturas.org\/wp-content\/uploads\/2022\/04\/dr_tayal_pp_copia.png","contentUrl":"https:\/\/www.entreculturas.org\/wp-content\/uploads\/2022\/04\/dr_tayal_pp_copia.png","width":800,"height":398},{"@type":"BreadcrumbList","@id":"https:\/\/www.entreculturas.org\/fr\/noticia\/del-campo-de-refugiadosas-las-olimpiadas-especiales-berlin-2023-el-sueno-de-dr-tayal\/#breadcrumb","itemListElement":[{"@type":"ListItem","position":1,"name":"Home","item":"https:\/\/www.entreculturas.org\/fr\/"},{"@type":"ListItem","position":2,"name":"Noticias","item":"https:\/\/www.entreculturas.org\/fr\/noticias\/"},{"@type":"ListItem","position":3,"name":"Del campo de refugiados\/as a las Olimpiadas Especiales Berl\u00edn 2023: el sue\u00f1o de Dr. Tayal"}]},{"@type":"WebSite","@id":"https:\/\/www.entreculturas.org\/fr\/#website","url":"https:\/\/www.entreculturas.org\/fr\/","name":"Entreculturas","description":"","publisher":{"@id":"https:\/\/www.entreculturas.org\/fr\/#organization"},"alternateName":"Entreculturas","potentialAction":[{"@type":"SearchAction","target":{"@type":"EntryPoint","urlTemplate":"https:\/\/www.entreculturas.org\/fr\/?s={search_term_string}"},"query-input":{"@type":"PropertyValueSpecification","valueRequired":true,"valueName":"search_term_string"}}],"inLanguage":"fr-FR"},{"@type":"Organization","@id":"https:\/\/www.entreculturas.org\/fr\/#organization","name":"Entreculturas","url":"https:\/\/www.entreculturas.org\/fr\/","logo":{"@type":"ImageObject","inLanguage":"fr-FR","@id":"https:\/\/www.entreculturas.org\/fr\/#\/schema\/logo\/image\/","url":"https:\/\/www.entreculturas.org\/wp-content\/uploads\/2025\/10\/ESP.svg","contentUrl":"https:\/\/www.entreculturas.org\/wp-content\/uploads\/2025\/10\/ESP.svg","caption":"Entreculturas"},"image":{"@id":"https:\/\/www.entreculturas.org\/fr\/#\/schema\/logo\/image\/"},"sameAs":["https:\/\/www.facebook.com\/entreculturas","https:\/\/x.com\/Entreculturas","https:\/\/www.instagram.com\/entreculturas\/","https:\/\/www.youtube.com\/user\/entreculturasvideo","https:\/\/www.linkedin.com\/company\/fundacion-entreculturas-ngdo\/","https:\/\/www.flickr.com\/photos\/98455522@N04\/albums\/"]}]}},"_links":{"self":[{"href":"https:\/\/www.entreculturas.org\/fr\/wp-json\/wp\/v2\/noticia\/6505","targetHints":{"allow":["GET"]}}],"collection":[{"href":"https:\/\/www.entreculturas.org\/fr\/wp-json\/wp\/v2\/noticia"}],"about":[{"href":"https:\/\/www.entreculturas.org\/fr\/wp-json\/wp\/v2\/types\/noticia"}],"wp:featuredmedia":[{"embeddable":true,"href":"https:\/\/www.entreculturas.org\/fr\/wp-json\/wp\/v2\/media\/6504"}],"wp:attachment":[{"href":"https:\/\/www.entreculturas.org\/fr\/wp-json\/wp\/v2\/media?parent=6505"}],"wp:term":[{"taxonomy":"category","embeddable":true,"href":"https:\/\/www.entreculturas.org\/fr\/wp-json\/wp\/v2\/categories?post=6505"},{"taxonomy":"post_tag","embeddable":true,"href":"https:\/\/www.entreculturas.org\/fr\/wp-json\/wp\/v2\/tags?post=6505"},{"taxonomy":"country","embeddable":true,"href":"https:\/\/www.entreculturas.org\/fr\/wp-json\/wp\/v2\/country?post=6505"},{"taxonomy":"cause","embeddable":true,"href":"https:\/\/www.entreculturas.org\/fr\/wp-json\/wp\/v2\/cause?post=6505"}],"curies":[{"name":"wp","href":"https:\/\/api.w.org\/{rel}","templated":true}]}}