{"id":6487,"date":"2022-03-27T09:19:33","date_gmt":"2022-03-27T09:19:33","guid":{"rendered":"https:\/\/entreculturasi.wpenginepowered.com\/?noticias=servicio-jesuita-refugiados-junto-otras-organizaciones-cristianas-presenta-un-manifiesto"},"modified":"2024-02-19T15:13:42","modified_gmt":"2024-02-19T14:13:42","slug":"servicio-jesuita-refugiados-junto-otras-organizaciones-cristianas-presenta-un-manifiesto","status":"publish","type":"noticia","link":"https:\/\/www.entreculturas.org\/fr\/noticia\/servicio-jesuita-refugiados-junto-otras-organizaciones-cristianas-presenta-un-manifiesto\/","title":{"rendered":"Servicio Jesuita a Refugiados junto a otras organizaciones cristianas presenta un manifiesto para garantizar los derechos de las personas refugiadas que huyen de Ucrania"},"content":{"rendered":"<\/p>\n<p>Desde Entreculturas hacemos nuestro&nbsp;el&nbsp; manifiesto que han presentado el Servicio Jesuita a Refugiados (JRS) junto a otras organizaciones cristianas, suscribiendo&nbsp;las recomendaciones acerca de garantizar una r\u00e1pida aplicaci\u00f3n de la Directiva de Protecci\u00f3n Temporal y que las personas refugiadas puedan acceder a sus derechos.&nbsp;&nbsp;<\/p>\n<p>Tal y como lo explica el manifiesto,&nbsp;Europa se enfrenta al mayor movimiento de refugiados desde la Segunda Guerra Mundial.&nbsp;<\/p>\n<p>Con el vertiginoso aumento del n\u00famero de personas refugiadas que huyen de la guerra en Ucrania, es necesario proteger, sin distinci\u00f3n, a todas las personas que est\u00e1n saliendo de Ucrania, con especial atenci\u00f3n a las mujeres, ni\u00f1as y ni\u00f1os, para evitar la violencia de g\u00e9nero y los riesgos de trata y explotaci\u00f3n sexual.&nbsp;<\/p>\n<p>Seg\u00fan lo contenido en el manifiesto \u00ab\u00a0Nuestras organizaciones representan a las Iglesias de toda Europa \u2014anglicanas, ortodoxas, protestantes y cat\u00f3licas\u2014, as\u00ed como a las agencias cristianas especialmente preocupadas por los inmigrantes, los refugiados y los solicitantes de asilo. Como organizaciones cristianas, estamos profundamente comprometidos con la dignidad inviolable de la persona humana creada a imagen de Dios, as\u00ed como con los conceptos de bien com\u00fan, solidaridad global y promoci\u00f3n de una sociedad que acoja a los extranjeros y valore la libertad, la seguridad y la justicia en la pol\u00edtica y en la pr\u00e1ctica\u00a0\u00bb<\/p>\n<p>En resumen,&nbsp; las ocho organizaciones involucradas&nbsp;hacen un llamado a las autoridades estatales y de la Uni\u00f3n Europea para:<\/p>\n<ul>\n<li>Garantizar que todas las personas que necesitan protecci\u00f3n y huyen de Ucrania puedan beneficiarse de la protecci\u00f3n, independientemente de su origen, color de piel, g\u00e9nero, orientaci\u00f3n, capacidad o estado de residencia.<\/li>\n<li>Aplicar la Directiva de Protecci\u00f3n Temporal de manera amplia, generosa y armonizada en toda la UE;<\/li>\n<li>Actuar en solidaridad con los pa\u00edses vecinos de Ucrania, facilitando y apoyando el movimiento de refugiados en toda la UE y organizando la reubicaci\u00f3n cuando sea necesario;<\/li>\n<li>Apoyar las iniciativas de vivienda privada y de acogida de voluntarios, al tiempo que se fomenta el establecimiento de est\u00e1ndares m\u00ednimos, la salvaguardia y el suministro estatal oportuno de informaci\u00f3n sobre los derechos de acceso y el estatus legal y la transici\u00f3n a la vivienda permanente;<\/li>\n<li>Si bien reconocen la dificultad de garantizar una cobertura medi\u00e1tica confiable en la frontera de Ucrania, las instituciones de la Uni\u00f3n Europea deben garantizar que se investigue y aborde la supuesta discriminaci\u00f3n contra personas de color o grupos minoritarios como los roman\u00edes cuando intentan ingresar a la UE;<\/li>\n<li>Prestar especial atenci\u00f3n a las necesidades de las personas m\u00e1s vulnerables, en particular los ni\u00f1os y ni\u00f1as (no acompa\u00f1ados), las mujeres, las v\u00edctimas de traumas y las v\u00edctimas de la trata de personas, estableciendo s\u00f3lidos sistemas de apoyo dedicados.<\/li>\n<li>Garantizar que se mantenga la protecci\u00f3n de otros grupos de refugiados y solicitantes de asilo al no descuidarlos, discriminarlos o desviarles recursos.<\/li>\n<\/ul>\n<p>&nbsp;<\/p>\n<p>&nbsp;<\/p>\n<p>&nbsp;<\/p>\n","protected":false},"excerpt":{"rendered":"<p>Desde Entreculturas hacemos nuestro el  manifiesto que han presentado el Servicio Jesuita a Refugiados (JRS) junto a otras organizaciones cristianas, suscribiendo las recomendaciones acerca de garantizar una r\u00e1pida aplicaci\u00f3n de la Directiva de Protecci\u00f3n Temporal y que las personas refugiadas puedan acceder a sus derechos.  <\/p>\n","protected":false},"featured_media":6486,"template":"single-noticia","meta":{"_acf_changed":false},"categories":[7],"tags":[10],"country":[],"cause":[129],"class_list":["post-6487","noticia","type-noticia","status-publish","has-post-thumbnail","hentry","category-noticia","tag-migracion-y-refugio","cause-migracion-y-refugio"],"acf":[],"yoast_head":"<!-- This site is optimized with the Yoast SEO Premium plugin v21.6 (Yoast SEO v27.5) - https:\/\/yoast.com\/product\/yoast-seo-premium-wordpress\/ -->\n<title>Servicio Jesuita a Refugiados junto a otras organizaciones cristianas presenta un manifiesto para garantizar los derechos de las personas refugiadas que huyen de Ucrania - Entreculturas<\/title>\n<meta name=\"robots\" content=\"index, follow, max-snippet:-1, max-image-preview:large, max-video-preview:-1\" \/>\n<link rel=\"canonical\" href=\"https:\/\/www.entreculturas.org\/fr\/noticia\/servicio-jesuita-refugiados-junto-otras-organizaciones-cristianas-presenta-un-manifiesto\/\" \/>\n<meta property=\"og:locale\" content=\"fr_FR\" \/>\n<meta property=\"og:type\" content=\"article\" \/>\n<meta property=\"og:title\" content=\"Servicio Jesuita a Refugiados junto a otras organizaciones cristianas presenta un manifiesto para garantizar los derechos de las personas refugiadas que huyen de Ucrania\" \/>\n<meta property=\"og:description\" content=\"Desde Entreculturas hacemos nuestro el manifiesto que han presentado el Servicio Jesuita a Refugiados (JRS) junto a otras organizaciones cristianas, suscribiendo las recomendaciones acerca de garantizar una r\u00e1pida aplicaci\u00f3n de la Directiva de Protecci\u00f3n Temporal y que las personas refugiadas puedan acceder a sus derechos.\" \/>\n<meta property=\"og:url\" content=\"https:\/\/www.entreculturas.org\/fr\/noticia\/servicio-jesuita-refugiados-junto-otras-organizaciones-cristianas-presenta-un-manifiesto\/\" \/>\n<meta property=\"og:site_name\" content=\"Entreculturas\" \/>\n<meta property=\"article:publisher\" content=\"https:\/\/www.facebook.com\/entreculturas\" \/>\n<meta property=\"article:modified_time\" content=\"2024-02-19T14:13:42+00:00\" \/>\n<meta property=\"og:image\" content=\"https:\/\/www.entreculturas.org\/wp-content\/uploads\/2022\/03\/img_2545-scaled-1.jpg\" \/>\n\t<meta property=\"og:image:width\" content=\"2560\" \/>\n\t<meta property=\"og:image:height\" content=\"1707\" \/>\n\t<meta property=\"og:image:type\" content=\"image\/jpeg\" \/>\n<meta name=\"twitter:card\" content=\"summary_large_image\" \/>\n<meta name=\"twitter:site\" content=\"@Entreculturas\" \/>\n<script type=\"application\/ld+json\" class=\"yoast-schema-graph\">{\"@context\":\"https:\\\/\\\/schema.org\",\"@graph\":[{\"@type\":\"WebPage\",\"@id\":\"https:\\\/\\\/www.entreculturas.org\\\/fr\\\/noticia\\\/servicio-jesuita-refugiados-junto-otras-organizaciones-cristianas-presenta-un-manifiesto\\\/\",\"url\":\"https:\\\/\\\/www.entreculturas.org\\\/fr\\\/noticia\\\/servicio-jesuita-refugiados-junto-otras-organizaciones-cristianas-presenta-un-manifiesto\\\/\",\"name\":\"Servicio Jesuita a Refugiados junto a otras organizaciones cristianas presenta un manifiesto para garantizar los derechos de las personas refugiadas que huyen de Ucrania - Entreculturas\",\"isPartOf\":{\"@id\":\"https:\\\/\\\/www.entreculturas.org\\\/fr\\\/#website\"},\"primaryImageOfPage\":{\"@id\":\"https:\\\/\\\/www.entreculturas.org\\\/fr\\\/noticia\\\/servicio-jesuita-refugiados-junto-otras-organizaciones-cristianas-presenta-un-manifiesto\\\/#primaryimage\"},\"image\":{\"@id\":\"https:\\\/\\\/www.entreculturas.org\\\/fr\\\/noticia\\\/servicio-jesuita-refugiados-junto-otras-organizaciones-cristianas-presenta-un-manifiesto\\\/#primaryimage\"},\"thumbnailUrl\":\"https:\\\/\\\/www.entreculturas.org\\\/wp-content\\\/uploads\\\/2022\\\/03\\\/img_2545-scaled-1.jpg\",\"datePublished\":\"2022-03-27T09:19:33+00:00\",\"dateModified\":\"2024-02-19T14:13:42+00:00\",\"breadcrumb\":{\"@id\":\"https:\\\/\\\/www.entreculturas.org\\\/fr\\\/noticia\\\/servicio-jesuita-refugiados-junto-otras-organizaciones-cristianas-presenta-un-manifiesto\\\/#breadcrumb\"},\"inLanguage\":\"fr-FR\",\"potentialAction\":[{\"@type\":\"ReadAction\",\"target\":[\"https:\\\/\\\/www.entreculturas.org\\\/fr\\\/noticia\\\/servicio-jesuita-refugiados-junto-otras-organizaciones-cristianas-presenta-un-manifiesto\\\/\"]}]},{\"@type\":\"ImageObject\",\"inLanguage\":\"fr-FR\",\"@id\":\"https:\\\/\\\/www.entreculturas.org\\\/fr\\\/noticia\\\/servicio-jesuita-refugiados-junto-otras-organizaciones-cristianas-presenta-un-manifiesto\\\/#primaryimage\",\"url\":\"https:\\\/\\\/www.entreculturas.org\\\/wp-content\\\/uploads\\\/2022\\\/03\\\/img_2545-scaled-1.jpg\",\"contentUrl\":\"https:\\\/\\\/www.entreculturas.org\\\/wp-content\\\/uploads\\\/2022\\\/03\\\/img_2545-scaled-1.jpg\",\"width\":2560,\"height\":1707},{\"@type\":\"BreadcrumbList\",\"@id\":\"https:\\\/\\\/www.entreculturas.org\\\/fr\\\/noticia\\\/servicio-jesuita-refugiados-junto-otras-organizaciones-cristianas-presenta-un-manifiesto\\\/#breadcrumb\",\"itemListElement\":[{\"@type\":\"ListItem\",\"position\":1,\"name\":\"Home\",\"item\":\"https:\\\/\\\/www.entreculturas.org\\\/fr\\\/\"},{\"@type\":\"ListItem\",\"position\":2,\"name\":\"Noticias\",\"item\":\"https:\\\/\\\/www.entreculturas.org\\\/fr\\\/noticias\\\/\"},{\"@type\":\"ListItem\",\"position\":3,\"name\":\"Servicio Jesuita a Refugiados junto a otras organizaciones cristianas presenta un manifiesto para garantizar los derechos de las personas refugiadas que huyen de Ucrania\"}]},{\"@type\":\"WebSite\",\"@id\":\"https:\\\/\\\/www.entreculturas.org\\\/fr\\\/#website\",\"url\":\"https:\\\/\\\/www.entreculturas.org\\\/fr\\\/\",\"name\":\"Entreculturas\",\"description\":\"\",\"publisher\":{\"@id\":\"https:\\\/\\\/www.entreculturas.org\\\/fr\\\/#organization\"},\"alternateName\":\"Entreculturas\",\"potentialAction\":[{\"@type\":\"SearchAction\",\"target\":{\"@type\":\"EntryPoint\",\"urlTemplate\":\"https:\\\/\\\/www.entreculturas.org\\\/fr\\\/?s={search_term_string}\"},\"query-input\":{\"@type\":\"PropertyValueSpecification\",\"valueRequired\":true,\"valueName\":\"search_term_string\"}}],\"inLanguage\":\"fr-FR\"},{\"@type\":\"Organization\",\"@id\":\"https:\\\/\\\/www.entreculturas.org\\\/fr\\\/#organization\",\"name\":\"Entreculturas\",\"url\":\"https:\\\/\\\/www.entreculturas.org\\\/fr\\\/\",\"logo\":{\"@type\":\"ImageObject\",\"inLanguage\":\"fr-FR\",\"@id\":\"https:\\\/\\\/www.entreculturas.org\\\/fr\\\/#\\\/schema\\\/logo\\\/image\\\/\",\"url\":\"https:\\\/\\\/www.entreculturas.org\\\/wp-content\\\/uploads\\\/2025\\\/10\\\/ESP.svg\",\"contentUrl\":\"https:\\\/\\\/www.entreculturas.org\\\/wp-content\\\/uploads\\\/2025\\\/10\\\/ESP.svg\",\"caption\":\"Entreculturas\"},\"image\":{\"@id\":\"https:\\\/\\\/www.entreculturas.org\\\/fr\\\/#\\\/schema\\\/logo\\\/image\\\/\"},\"sameAs\":[\"https:\\\/\\\/www.facebook.com\\\/entreculturas\",\"https:\\\/\\\/x.com\\\/Entreculturas\",\"https:\\\/\\\/www.instagram.com\\\/entreculturas\\\/\",\"https:\\\/\\\/www.youtube.com\\\/user\\\/entreculturasvideo\",\"https:\\\/\\\/www.linkedin.com\\\/company\\\/fundacion-entreculturas-ngdo\\\/\",\"https:\\\/\\\/www.flickr.com\\\/photos\\\/98455522@N04\\\/albums\\\/\"]}]}<\/script>\n<!-- \/ Yoast SEO Premium plugin. -->","yoast_head_json":{"title":"Servicio Jesuita a Refugiados junto a otras organizaciones cristianas presenta un manifiesto para garantizar los derechos de las personas refugiadas que huyen de Ucrania - Entreculturas","robots":{"index":"index","follow":"follow","max-snippet":"max-snippet:-1","max-image-preview":"max-image-preview:large","max-video-preview":"max-video-preview:-1"},"canonical":"https:\/\/www.entreculturas.org\/fr\/noticia\/servicio-jesuita-refugiados-junto-otras-organizaciones-cristianas-presenta-un-manifiesto\/","og_locale":"fr_FR","og_type":"article","og_title":"Servicio Jesuita a Refugiados junto a otras organizaciones cristianas presenta un manifiesto para garantizar los derechos de las personas refugiadas que huyen de Ucrania","og_description":"Desde Entreculturas hacemos nuestro el manifiesto que han presentado el Servicio Jesuita a Refugiados (JRS) junto a otras organizaciones cristianas, suscribiendo las recomendaciones acerca de garantizar una r\u00e1pida aplicaci\u00f3n de la Directiva de Protecci\u00f3n Temporal y que las personas refugiadas puedan acceder a sus derechos.","og_url":"https:\/\/www.entreculturas.org\/fr\/noticia\/servicio-jesuita-refugiados-junto-otras-organizaciones-cristianas-presenta-un-manifiesto\/","og_site_name":"Entreculturas","article_publisher":"https:\/\/www.facebook.com\/entreculturas","article_modified_time":"2024-02-19T14:13:42+00:00","og_image":[{"width":2560,"height":1707,"url":"https:\/\/www.entreculturas.org\/wp-content\/uploads\/2022\/03\/img_2545-scaled-1.jpg","type":"image\/jpeg"}],"twitter_card":"summary_large_image","twitter_site":"@Entreculturas","schema":{"@context":"https:\/\/schema.org","@graph":[{"@type":"WebPage","@id":"https:\/\/www.entreculturas.org\/fr\/noticia\/servicio-jesuita-refugiados-junto-otras-organizaciones-cristianas-presenta-un-manifiesto\/","url":"https:\/\/www.entreculturas.org\/fr\/noticia\/servicio-jesuita-refugiados-junto-otras-organizaciones-cristianas-presenta-un-manifiesto\/","name":"Servicio Jesuita a Refugiados junto a otras organizaciones cristianas presenta un manifiesto para garantizar los derechos de las personas refugiadas que huyen de Ucrania - Entreculturas","isPartOf":{"@id":"https:\/\/www.entreculturas.org\/fr\/#website"},"primaryImageOfPage":{"@id":"https:\/\/www.entreculturas.org\/fr\/noticia\/servicio-jesuita-refugiados-junto-otras-organizaciones-cristianas-presenta-un-manifiesto\/#primaryimage"},"image":{"@id":"https:\/\/www.entreculturas.org\/fr\/noticia\/servicio-jesuita-refugiados-junto-otras-organizaciones-cristianas-presenta-un-manifiesto\/#primaryimage"},"thumbnailUrl":"https:\/\/www.entreculturas.org\/wp-content\/uploads\/2022\/03\/img_2545-scaled-1.jpg","datePublished":"2022-03-27T09:19:33+00:00","dateModified":"2024-02-19T14:13:42+00:00","breadcrumb":{"@id":"https:\/\/www.entreculturas.org\/fr\/noticia\/servicio-jesuita-refugiados-junto-otras-organizaciones-cristianas-presenta-un-manifiesto\/#breadcrumb"},"inLanguage":"fr-FR","potentialAction":[{"@type":"ReadAction","target":["https:\/\/www.entreculturas.org\/fr\/noticia\/servicio-jesuita-refugiados-junto-otras-organizaciones-cristianas-presenta-un-manifiesto\/"]}]},{"@type":"ImageObject","inLanguage":"fr-FR","@id":"https:\/\/www.entreculturas.org\/fr\/noticia\/servicio-jesuita-refugiados-junto-otras-organizaciones-cristianas-presenta-un-manifiesto\/#primaryimage","url":"https:\/\/www.entreculturas.org\/wp-content\/uploads\/2022\/03\/img_2545-scaled-1.jpg","contentUrl":"https:\/\/www.entreculturas.org\/wp-content\/uploads\/2022\/03\/img_2545-scaled-1.jpg","width":2560,"height":1707},{"@type":"BreadcrumbList","@id":"https:\/\/www.entreculturas.org\/fr\/noticia\/servicio-jesuita-refugiados-junto-otras-organizaciones-cristianas-presenta-un-manifiesto\/#breadcrumb","itemListElement":[{"@type":"ListItem","position":1,"name":"Home","item":"https:\/\/www.entreculturas.org\/fr\/"},{"@type":"ListItem","position":2,"name":"Noticias","item":"https:\/\/www.entreculturas.org\/fr\/noticias\/"},{"@type":"ListItem","position":3,"name":"Servicio Jesuita a Refugiados junto a otras organizaciones cristianas presenta un manifiesto para garantizar los derechos de las personas refugiadas que huyen de Ucrania"}]},{"@type":"WebSite","@id":"https:\/\/www.entreculturas.org\/fr\/#website","url":"https:\/\/www.entreculturas.org\/fr\/","name":"Entreculturas","description":"","publisher":{"@id":"https:\/\/www.entreculturas.org\/fr\/#organization"},"alternateName":"Entreculturas","potentialAction":[{"@type":"SearchAction","target":{"@type":"EntryPoint","urlTemplate":"https:\/\/www.entreculturas.org\/fr\/?s={search_term_string}"},"query-input":{"@type":"PropertyValueSpecification","valueRequired":true,"valueName":"search_term_string"}}],"inLanguage":"fr-FR"},{"@type":"Organization","@id":"https:\/\/www.entreculturas.org\/fr\/#organization","name":"Entreculturas","url":"https:\/\/www.entreculturas.org\/fr\/","logo":{"@type":"ImageObject","inLanguage":"fr-FR","@id":"https:\/\/www.entreculturas.org\/fr\/#\/schema\/logo\/image\/","url":"https:\/\/www.entreculturas.org\/wp-content\/uploads\/2025\/10\/ESP.svg","contentUrl":"https:\/\/www.entreculturas.org\/wp-content\/uploads\/2025\/10\/ESP.svg","caption":"Entreculturas"},"image":{"@id":"https:\/\/www.entreculturas.org\/fr\/#\/schema\/logo\/image\/"},"sameAs":["https:\/\/www.facebook.com\/entreculturas","https:\/\/x.com\/Entreculturas","https:\/\/www.instagram.com\/entreculturas\/","https:\/\/www.youtube.com\/user\/entreculturasvideo","https:\/\/www.linkedin.com\/company\/fundacion-entreculturas-ngdo\/","https:\/\/www.flickr.com\/photos\/98455522@N04\/albums\/"]}]}},"_links":{"self":[{"href":"https:\/\/www.entreculturas.org\/fr\/wp-json\/wp\/v2\/noticia\/6487","targetHints":{"allow":["GET"]}}],"collection":[{"href":"https:\/\/www.entreculturas.org\/fr\/wp-json\/wp\/v2\/noticia"}],"about":[{"href":"https:\/\/www.entreculturas.org\/fr\/wp-json\/wp\/v2\/types\/noticia"}],"wp:featuredmedia":[{"embeddable":true,"href":"https:\/\/www.entreculturas.org\/fr\/wp-json\/wp\/v2\/media\/6486"}],"wp:attachment":[{"href":"https:\/\/www.entreculturas.org\/fr\/wp-json\/wp\/v2\/media?parent=6487"}],"wp:term":[{"taxonomy":"category","embeddable":true,"href":"https:\/\/www.entreculturas.org\/fr\/wp-json\/wp\/v2\/categories?post=6487"},{"taxonomy":"post_tag","embeddable":true,"href":"https:\/\/www.entreculturas.org\/fr\/wp-json\/wp\/v2\/tags?post=6487"},{"taxonomy":"country","embeddable":true,"href":"https:\/\/www.entreculturas.org\/fr\/wp-json\/wp\/v2\/country?post=6487"},{"taxonomy":"cause","embeddable":true,"href":"https:\/\/www.entreculturas.org\/fr\/wp-json\/wp\/v2\/cause?post=6487"}],"curies":[{"name":"wp","href":"https:\/\/api.w.org\/{rel}","templated":true}]}}