{"id":6428,"date":"2022-02-14T13:00:49","date_gmt":"2022-02-14T13:00:49","guid":{"rendered":"https:\/\/entreculturasi.wpenginepowered.com\/?noticias=arranca-el-circuito-de-carreras-solidarias-correxunacausa"},"modified":"2024-02-19T15:31:03","modified_gmt":"2024-02-19T14:31:03","slug":"arranca-el-circuito-de-carreras-solidarias-correxunacausa","status":"publish","type":"noticia","link":"https:\/\/www.entreculturas.org\/fr\/noticia\/arranca-el-circuito-de-carreras-solidarias-correxunacausa\/","title":{"rendered":"Arranca el circuito de carreras solidarias #CorreXUnaCausa"},"content":{"rendered":"<p>El pasado domingo&nbsp;dimos el pistoletazo de salida a la<strong> 11\u00aa edici\u00f3n del circuito de carreras solidarias <a href=\"https:\/\/correporunacausa.org\/\" target=\"_blank\" rel=\"noopener\">\u201cCorre por una Causa\u201d<\/a><\/strong>. Este a\u00f1o, con la novedad de la participaci\u00f3n de Alboan que suma al circuito la organizaci\u00f3n de carreras en Pa\u00eds Vasco y Navarra.&nbsp;<\/p>\n<p>Los fondos recaudados en esta ocasi\u00f3n ir\u00e1n destinados a apoyar la <strong>defensa de la Amazon\u00eda y los derechos de los pueblos que la habitan<\/strong>. La Amazon\u00eda es un territorio rico en biodiversidad y recursos naturales que est\u00e1&nbsp;amenazado&nbsp;por la deforestaci\u00f3n, los intereses militares, comerciales e industriales que afectan directamente a la comunidad ind\u00edgena local, que padece los impactos negativos del extractivismo.<\/p>\n<p>Las dos primeras ciudades que se sumaron fueron Madrid y Vitoria.&nbsp;<\/p>\n<\/p>\n<p><span style=\"color:#FF0000\"><strong><span style=\"font-size:18px\">Corre por una Causa en Madrid&nbsp;<\/span><\/strong><\/span><\/p>\n<p><strong>Unas 1.500 personas <\/strong>se reunieron el domingo en la explanada de Puente del Rey, en la Casa de Campo, para correr en solidaridad con la Amazon\u00eda. Ameniz\u00f3 la jornada<strong> la batucada Tabarilea<\/strong>, que aport\u00f3 ritmo y alegr\u00eda a un d\u00eda de encuentro y celebraci\u00f3n.&nbsp;<\/p>\n<p><img decoding=\"async\" alt=\"\" height=\"533\" src=\"https:\/\/www.entreculturas.org\/wp-content\/uploads\/2022\/02\/tabarilea.jpg\" width=\"800\"><\/p>\n<p><strong>Raquel Mart\u00edn, directora de Comunicaci\u00f3n y Relaciones Institucionales<\/strong> fue la encargada de dar la bienvenida: \u201cQu\u00e9 alegr\u00eda ver a tantas personas unidas por una causa, corriendo por la Amazon\u00eda y celebrando que podemos volver a disfrutar de este maravilloso circuito en la Casa de Campo, que podemos volver a correr todos y todas.\u201d Raquel present\u00f3 a la <strong>actriz Cristina Gallego<\/strong> que dio el pistoletazo de salida y agreg\u00f3: \u201cQu\u00e9 emocionante ver a tantas personas unidas para apoyar la defensa de uno de los pulmones de la tierra: la Amazon\u00eda. Uno de los territorios con mayor diversidad cultural y ecol\u00f3gica del planeta.&nbsp;Hogar de 33 millones de personas amenazadas por la deforestaci\u00f3n. Corremos para ser parte del cambio y proteger un bien que nos beneficia a todos\u201d.&nbsp;<\/p>\n<p><img decoding=\"async\" alt=\"\" height=\"533\" src=\"https:\/\/www.entreculturas.org\/wp-content\/uploads\/2022\/02\/cris_y_raquel.jpg\" width=\"799\"><\/p>\n<p>\u201cEmociona pensar que lo que pase aqu\u00ed hoy puede llegar tan lejos\u201d, afirm\u00f3<strong> Beatriz de Felipe, <\/strong>Coordinadora del \u00c1rea de Desarrollo Institucional, que dio paso a la entrega de premios al finalizar las carreras de adultos (donde los\/as participantes ten\u00edan la opci\u00f3n de correr 5km, 10km o 5km en marcha).&nbsp;<strong>Daniel Villanueva, <\/strong>Vicepresidente Ejecutivo de Entreculturas, tom\u00f3 la palabra agradeciendo y recordando: \u201cEste a\u00f1o estamos apoyando la Amazon\u00eda y la defensa de los derechos de los pueblos ind\u00edgenas, especialmente de las mujeres. <strong>Las defensoras del territorio que representan la lucha de la humanidad por preservar el pulm\u00f3n del planeta\u201d.&nbsp;&nbsp;<\/strong><\/p>\n<p>Tras la entrega de premios a corredores, retom\u00f3 Beatriz agradeciendo a las empresas colaboradoras por creer en la responsabilidad social corporativa y apoyar la carrera. Dio paso a <strong>Esperanza Vivanco,<\/strong> Responsable de Responsabilidad Social Corporativa, que agradeci\u00f3 ofreciendo un reconocimiento a <strong>Deloitte, Liferay, Caixabank y Mapfre.<\/strong> \u201cEllos hacen posible que nuestra carrera cada a\u00f1o llegue m\u00e1s lejos\u201d, tambi\u00e9n ofrecieron un reconocimiento a empresas, colegios y organizaciones que apoyaron la carrera.&nbsp;<\/p>\n<p>Los ni\u00f1os y las ni\u00f1as tambi\u00e9n fueron los protagonistas. <em>Alberto Medina<\/em>, T\u00e9cnico de Ciudadan\u00eda, fue el presentador de la carrera infantil. \u201cVosotros\/as cambiar\u00e9is el ma\u00f1ana. Ya est\u00e1is haciendo un presente mejor\u201d.&nbsp;<\/p>\n<p><img decoding=\"async\" alt=\"\" height=\"533\" src=\"https:\/\/www.entreculturas.org\/wp-content\/uploads\/2022\/02\/ninos_0.jpg\" width=\"799\"><\/p>\n<p><span style=\"color:#FF0000\"><strong><span style=\"font-size:18px\">Contin\u00faa el circuito<\/span><\/strong><\/span><\/p>\n<p>Madrid y Vitoria han sido las dos primeras ciudades de un total de 12 localidades que acoger\u00e1n la carrera solidaria \u201cCorre por una Causa\u201d hasta el 3 de abril. Puedes acceder al <a href=\"https:\/\/correporunacausa.org\/\" target=\"_blank\" rel=\"noopener\">calendario de carreras en la web<\/a>. Si ninguna fecha te encaja o, simplemente, prefieres correr por tu cuenta, <strong>tienes la opci\u00f3n de inscribirte desde cualquier parte del mundo en modalidad virtual<\/strong> y participar cuando te venga bien.<\/p>\n<p>&nbsp;<\/p>\n","protected":false},"excerpt":{"rendered":"<p>El pasado domingo dimos el pistoletazo de salida a la 11\u00aa edici\u00f3n del circuito de carreras solidarias \u201cCorre por una Causa\u201d. El objetivo del circuito de carreras es apoyar la defensa de la Amazon\u00eda y los derechos de los pueblos que la habitan. <\/p>\n","protected":false},"featured_media":6424,"template":"single-noticia","meta":{"_acf_changed":false},"categories":[7],"tags":[196],"country":[120],"cause":[131],"class_list":["post-6428","noticia","type-noticia","status-publish","has-post-thumbnail","hentry","category-noticia","tag-rsc","country-espana","cause-justicia-medioambiental"],"acf":[],"yoast_head":"<!-- This site is optimized with the Yoast SEO Premium plugin v21.6 (Yoast SEO v27.5) - https:\/\/yoast.com\/product\/yoast-seo-premium-wordpress\/ -->\n<title>Arranca el circuito de carreras solidarias #CorreXUnaCausa - Entreculturas<\/title>\n<meta name=\"robots\" content=\"index, follow, max-snippet:-1, max-image-preview:large, max-video-preview:-1\" \/>\n<link rel=\"canonical\" href=\"https:\/\/www.entreculturas.org\/fr\/noticia\/arranca-el-circuito-de-carreras-solidarias-correxunacausa\/\" \/>\n<meta property=\"og:locale\" content=\"fr_FR\" \/>\n<meta property=\"og:type\" content=\"article\" \/>\n<meta property=\"og:title\" content=\"Arranca el circuito de carreras solidarias #CorreXUnaCausa\" \/>\n<meta property=\"og:description\" content=\"El pasado domingo dimos el pistoletazo de salida a la 11\u00aa edici\u00f3n del circuito de carreras solidarias \u201cCorre por una Causa\u201d. El objetivo del circuito de carreras es apoyar la defensa de la Amazon\u00eda y los derechos de los pueblos que la habitan.\" \/>\n<meta property=\"og:url\" content=\"https:\/\/www.entreculturas.org\/fr\/noticia\/arranca-el-circuito-de-carreras-solidarias-correxunacausa\/\" \/>\n<meta property=\"og:site_name\" content=\"Entreculturas\" \/>\n<meta property=\"article:publisher\" content=\"https:\/\/www.facebook.com\/entreculturas\" \/>\n<meta property=\"article:modified_time\" content=\"2024-02-19T14:31:03+00:00\" \/>\n<meta property=\"og:image\" content=\"https:\/\/www.entreculturas.org\/wp-content\/uploads\/2022\/02\/salida.jpg\" \/>\n\t<meta property=\"og:image:width\" content=\"799\" \/>\n\t<meta property=\"og:image:height\" content=\"533\" \/>\n\t<meta property=\"og:image:type\" content=\"image\/jpeg\" \/>\n<meta name=\"twitter:card\" content=\"summary_large_image\" \/>\n<meta name=\"twitter:site\" content=\"@Entreculturas\" \/>\n<script type=\"application\/ld+json\" class=\"yoast-schema-graph\">{\"@context\":\"https:\\\/\\\/schema.org\",\"@graph\":[{\"@type\":\"WebPage\",\"@id\":\"https:\\\/\\\/www.entreculturas.org\\\/fr\\\/noticia\\\/arranca-el-circuito-de-carreras-solidarias-correxunacausa\\\/\",\"url\":\"https:\\\/\\\/www.entreculturas.org\\\/fr\\\/noticia\\\/arranca-el-circuito-de-carreras-solidarias-correxunacausa\\\/\",\"name\":\"Arranca el circuito de carreras solidarias #CorreXUnaCausa - Entreculturas\",\"isPartOf\":{\"@id\":\"https:\\\/\\\/www.entreculturas.org\\\/fr\\\/#website\"},\"primaryImageOfPage\":{\"@id\":\"https:\\\/\\\/www.entreculturas.org\\\/fr\\\/noticia\\\/arranca-el-circuito-de-carreras-solidarias-correxunacausa\\\/#primaryimage\"},\"image\":{\"@id\":\"https:\\\/\\\/www.entreculturas.org\\\/fr\\\/noticia\\\/arranca-el-circuito-de-carreras-solidarias-correxunacausa\\\/#primaryimage\"},\"thumbnailUrl\":\"https:\\\/\\\/www.entreculturas.org\\\/wp-content\\\/uploads\\\/2022\\\/02\\\/salida.jpg\",\"datePublished\":\"2022-02-14T13:00:49+00:00\",\"dateModified\":\"2024-02-19T14:31:03+00:00\",\"breadcrumb\":{\"@id\":\"https:\\\/\\\/www.entreculturas.org\\\/fr\\\/noticia\\\/arranca-el-circuito-de-carreras-solidarias-correxunacausa\\\/#breadcrumb\"},\"inLanguage\":\"fr-FR\",\"potentialAction\":[{\"@type\":\"ReadAction\",\"target\":[\"https:\\\/\\\/www.entreculturas.org\\\/fr\\\/noticia\\\/arranca-el-circuito-de-carreras-solidarias-correxunacausa\\\/\"]}]},{\"@type\":\"ImageObject\",\"inLanguage\":\"fr-FR\",\"@id\":\"https:\\\/\\\/www.entreculturas.org\\\/fr\\\/noticia\\\/arranca-el-circuito-de-carreras-solidarias-correxunacausa\\\/#primaryimage\",\"url\":\"https:\\\/\\\/www.entreculturas.org\\\/wp-content\\\/uploads\\\/2022\\\/02\\\/salida.jpg\",\"contentUrl\":\"https:\\\/\\\/www.entreculturas.org\\\/wp-content\\\/uploads\\\/2022\\\/02\\\/salida.jpg\",\"width\":799,\"height\":533},{\"@type\":\"BreadcrumbList\",\"@id\":\"https:\\\/\\\/www.entreculturas.org\\\/fr\\\/noticia\\\/arranca-el-circuito-de-carreras-solidarias-correxunacausa\\\/#breadcrumb\",\"itemListElement\":[{\"@type\":\"ListItem\",\"position\":1,\"name\":\"Home\",\"item\":\"https:\\\/\\\/www.entreculturas.org\\\/fr\\\/\"},{\"@type\":\"ListItem\",\"position\":2,\"name\":\"Noticias\",\"item\":\"https:\\\/\\\/www.entreculturas.org\\\/fr\\\/noticias\\\/\"},{\"@type\":\"ListItem\",\"position\":3,\"name\":\"Arranca el circuito de carreras solidarias #CorreXUnaCausa\"}]},{\"@type\":\"WebSite\",\"@id\":\"https:\\\/\\\/www.entreculturas.org\\\/fr\\\/#website\",\"url\":\"https:\\\/\\\/www.entreculturas.org\\\/fr\\\/\",\"name\":\"Entreculturas\",\"description\":\"\",\"publisher\":{\"@id\":\"https:\\\/\\\/www.entreculturas.org\\\/fr\\\/#organization\"},\"alternateName\":\"Entreculturas\",\"potentialAction\":[{\"@type\":\"SearchAction\",\"target\":{\"@type\":\"EntryPoint\",\"urlTemplate\":\"https:\\\/\\\/www.entreculturas.org\\\/fr\\\/?s={search_term_string}\"},\"query-input\":{\"@type\":\"PropertyValueSpecification\",\"valueRequired\":true,\"valueName\":\"search_term_string\"}}],\"inLanguage\":\"fr-FR\"},{\"@type\":\"Organization\",\"@id\":\"https:\\\/\\\/www.entreculturas.org\\\/fr\\\/#organization\",\"name\":\"Entreculturas\",\"url\":\"https:\\\/\\\/www.entreculturas.org\\\/fr\\\/\",\"logo\":{\"@type\":\"ImageObject\",\"inLanguage\":\"fr-FR\",\"@id\":\"https:\\\/\\\/www.entreculturas.org\\\/fr\\\/#\\\/schema\\\/logo\\\/image\\\/\",\"url\":\"https:\\\/\\\/www.entreculturas.org\\\/wp-content\\\/uploads\\\/2025\\\/10\\\/ESP.svg\",\"contentUrl\":\"https:\\\/\\\/www.entreculturas.org\\\/wp-content\\\/uploads\\\/2025\\\/10\\\/ESP.svg\",\"caption\":\"Entreculturas\"},\"image\":{\"@id\":\"https:\\\/\\\/www.entreculturas.org\\\/fr\\\/#\\\/schema\\\/logo\\\/image\\\/\"},\"sameAs\":[\"https:\\\/\\\/www.facebook.com\\\/entreculturas\",\"https:\\\/\\\/x.com\\\/Entreculturas\",\"https:\\\/\\\/www.instagram.com\\\/entreculturas\\\/\",\"https:\\\/\\\/www.youtube.com\\\/user\\\/entreculturasvideo\",\"https:\\\/\\\/www.linkedin.com\\\/company\\\/fundacion-entreculturas-ngdo\\\/\",\"https:\\\/\\\/www.flickr.com\\\/photos\\\/98455522@N04\\\/albums\\\/\"]}]}<\/script>\n<!-- \/ Yoast SEO Premium plugin. -->","yoast_head_json":{"title":"Arranca el circuito de carreras solidarias #CorreXUnaCausa - Entreculturas","robots":{"index":"index","follow":"follow","max-snippet":"max-snippet:-1","max-image-preview":"max-image-preview:large","max-video-preview":"max-video-preview:-1"},"canonical":"https:\/\/www.entreculturas.org\/fr\/noticia\/arranca-el-circuito-de-carreras-solidarias-correxunacausa\/","og_locale":"fr_FR","og_type":"article","og_title":"Arranca el circuito de carreras solidarias #CorreXUnaCausa","og_description":"El pasado domingo dimos el pistoletazo de salida a la 11\u00aa edici\u00f3n del circuito de carreras solidarias \u201cCorre por una Causa\u201d. El objetivo del circuito de carreras es apoyar la defensa de la Amazon\u00eda y los derechos de los pueblos que la habitan.","og_url":"https:\/\/www.entreculturas.org\/fr\/noticia\/arranca-el-circuito-de-carreras-solidarias-correxunacausa\/","og_site_name":"Entreculturas","article_publisher":"https:\/\/www.facebook.com\/entreculturas","article_modified_time":"2024-02-19T14:31:03+00:00","og_image":[{"width":799,"height":533,"url":"https:\/\/www.entreculturas.org\/wp-content\/uploads\/2022\/02\/salida.jpg","type":"image\/jpeg"}],"twitter_card":"summary_large_image","twitter_site":"@Entreculturas","schema":{"@context":"https:\/\/schema.org","@graph":[{"@type":"WebPage","@id":"https:\/\/www.entreculturas.org\/fr\/noticia\/arranca-el-circuito-de-carreras-solidarias-correxunacausa\/","url":"https:\/\/www.entreculturas.org\/fr\/noticia\/arranca-el-circuito-de-carreras-solidarias-correxunacausa\/","name":"Arranca el circuito de carreras solidarias #CorreXUnaCausa - Entreculturas","isPartOf":{"@id":"https:\/\/www.entreculturas.org\/fr\/#website"},"primaryImageOfPage":{"@id":"https:\/\/www.entreculturas.org\/fr\/noticia\/arranca-el-circuito-de-carreras-solidarias-correxunacausa\/#primaryimage"},"image":{"@id":"https:\/\/www.entreculturas.org\/fr\/noticia\/arranca-el-circuito-de-carreras-solidarias-correxunacausa\/#primaryimage"},"thumbnailUrl":"https:\/\/www.entreculturas.org\/wp-content\/uploads\/2022\/02\/salida.jpg","datePublished":"2022-02-14T13:00:49+00:00","dateModified":"2024-02-19T14:31:03+00:00","breadcrumb":{"@id":"https:\/\/www.entreculturas.org\/fr\/noticia\/arranca-el-circuito-de-carreras-solidarias-correxunacausa\/#breadcrumb"},"inLanguage":"fr-FR","potentialAction":[{"@type":"ReadAction","target":["https:\/\/www.entreculturas.org\/fr\/noticia\/arranca-el-circuito-de-carreras-solidarias-correxunacausa\/"]}]},{"@type":"ImageObject","inLanguage":"fr-FR","@id":"https:\/\/www.entreculturas.org\/fr\/noticia\/arranca-el-circuito-de-carreras-solidarias-correxunacausa\/#primaryimage","url":"https:\/\/www.entreculturas.org\/wp-content\/uploads\/2022\/02\/salida.jpg","contentUrl":"https:\/\/www.entreculturas.org\/wp-content\/uploads\/2022\/02\/salida.jpg","width":799,"height":533},{"@type":"BreadcrumbList","@id":"https:\/\/www.entreculturas.org\/fr\/noticia\/arranca-el-circuito-de-carreras-solidarias-correxunacausa\/#breadcrumb","itemListElement":[{"@type":"ListItem","position":1,"name":"Home","item":"https:\/\/www.entreculturas.org\/fr\/"},{"@type":"ListItem","position":2,"name":"Noticias","item":"https:\/\/www.entreculturas.org\/fr\/noticias\/"},{"@type":"ListItem","position":3,"name":"Arranca el circuito de carreras solidarias #CorreXUnaCausa"}]},{"@type":"WebSite","@id":"https:\/\/www.entreculturas.org\/fr\/#website","url":"https:\/\/www.entreculturas.org\/fr\/","name":"Entreculturas","description":"","publisher":{"@id":"https:\/\/www.entreculturas.org\/fr\/#organization"},"alternateName":"Entreculturas","potentialAction":[{"@type":"SearchAction","target":{"@type":"EntryPoint","urlTemplate":"https:\/\/www.entreculturas.org\/fr\/?s={search_term_string}"},"query-input":{"@type":"PropertyValueSpecification","valueRequired":true,"valueName":"search_term_string"}}],"inLanguage":"fr-FR"},{"@type":"Organization","@id":"https:\/\/www.entreculturas.org\/fr\/#organization","name":"Entreculturas","url":"https:\/\/www.entreculturas.org\/fr\/","logo":{"@type":"ImageObject","inLanguage":"fr-FR","@id":"https:\/\/www.entreculturas.org\/fr\/#\/schema\/logo\/image\/","url":"https:\/\/www.entreculturas.org\/wp-content\/uploads\/2025\/10\/ESP.svg","contentUrl":"https:\/\/www.entreculturas.org\/wp-content\/uploads\/2025\/10\/ESP.svg","caption":"Entreculturas"},"image":{"@id":"https:\/\/www.entreculturas.org\/fr\/#\/schema\/logo\/image\/"},"sameAs":["https:\/\/www.facebook.com\/entreculturas","https:\/\/x.com\/Entreculturas","https:\/\/www.instagram.com\/entreculturas\/","https:\/\/www.youtube.com\/user\/entreculturasvideo","https:\/\/www.linkedin.com\/company\/fundacion-entreculturas-ngdo\/","https:\/\/www.flickr.com\/photos\/98455522@N04\/albums\/"]}]}},"_links":{"self":[{"href":"https:\/\/www.entreculturas.org\/fr\/wp-json\/wp\/v2\/noticia\/6428","targetHints":{"allow":["GET"]}}],"collection":[{"href":"https:\/\/www.entreculturas.org\/fr\/wp-json\/wp\/v2\/noticia"}],"about":[{"href":"https:\/\/www.entreculturas.org\/fr\/wp-json\/wp\/v2\/types\/noticia"}],"wp:featuredmedia":[{"embeddable":true,"href":"https:\/\/www.entreculturas.org\/fr\/wp-json\/wp\/v2\/media\/6424"}],"wp:attachment":[{"href":"https:\/\/www.entreculturas.org\/fr\/wp-json\/wp\/v2\/media?parent=6428"}],"wp:term":[{"taxonomy":"category","embeddable":true,"href":"https:\/\/www.entreculturas.org\/fr\/wp-json\/wp\/v2\/categories?post=6428"},{"taxonomy":"post_tag","embeddable":true,"href":"https:\/\/www.entreculturas.org\/fr\/wp-json\/wp\/v2\/tags?post=6428"},{"taxonomy":"country","embeddable":true,"href":"https:\/\/www.entreculturas.org\/fr\/wp-json\/wp\/v2\/country?post=6428"},{"taxonomy":"cause","embeddable":true,"href":"https:\/\/www.entreculturas.org\/fr\/wp-json\/wp\/v2\/cause?post=6428"}],"curies":[{"name":"wp","href":"https:\/\/api.w.org\/{rel}","templated":true}]}}