{"id":6423,"date":"2022-02-11T10:15:01","date_gmt":"2022-02-11T10:15:01","guid":{"rendered":"https:\/\/entreculturasi.wpenginepowered.com\/?noticias=celebramos-el-dia-de-la-radio-con-la-primera-promocion-kielo-ya-mazaya"},"modified":"2024-02-19T16:20:46","modified_gmt":"2024-02-19T15:20:46","slug":"celebramos-el-dia-de-la-radio-con-la-primera-promocion-kielo-ya-mazaya","status":"publish","type":"noticia","link":"https:\/\/www.entreculturas.org\/fr\/noticia\/celebramos-el-dia-de-la-radio-con-la-primera-promocion-kielo-ya-mazaya\/","title":{"rendered":"Celebramos el D\u00eda de la Radio con la primera promoci\u00f3n Kielo Ya Mazaya"},"content":{"rendered":"<p><strong>\u201cEl curso me ha a\u00f1adido un plus en mi vida. No sab\u00eda ni leer ni escribir.<\/strong> Desde que sigo el curso he aprendido a escribir y leer correctamente e incluso contar el dinero se ha convertido en algo f\u00e1cil para m\u00ed, para manejar mejor mi propia econom\u00eda. Doy las gracias por esta formaci\u00f3n\u201d, explica Maman Micheline, una de las alumnas del curso de alfabetizaci\u00f3n por radio Kielo Ya Mazaya.<\/p>\n<p>Maman Micheline vive en R.D. Congo, un pa\u00eds donde <strong>el 43% de la poblaci\u00f3n adulta no est\u00e1 alfabetizada y el 45% del total de ni\u00f1os y ni\u00f1as abandona la escuela sin finalizar la educaci\u00f3n primaria<\/strong>. Ante esta realidad, desde Fe y Alegr\u00eda R.D. Congo tuvieron la visi\u00f3n y audacia de pensar que el sistema de educaci\u00f3n por radio de Radio ECCA, que ya se ha llevado con \u00e9xito en Canarias y por varios enclaves de Am\u00e9rica Latina y \u00c1frica Subsahariana, podr\u00eda ser \u00fatil en este pa\u00eds africano.<\/p>\n<\/p>\n<p>De esta manera surgi\u00f3 <strong>Kielo Ya Mazaya, \u201cla puerta del saber\u201d<\/strong>, un programa de alfabetizaci\u00f3n a trav\u00e9s de la radio en el que usando la lengua de la regi\u00f3n, el kikongo, como lengua vehicular de aprendizaje tiene como objetivo mejorar las competencias en franc\u00e9s, el idioma que se usa para las cuestiones administrativas. El curso se ha podido llevar a cabo gracias a la alianza entre varias instituciones como son<strong> Fe y Alegr\u00eda R.D. Congo, Alboan, Radio ECCA, el Cabildo de Gran Canaria y Entreculturas.<\/strong><\/p>\n<p>A lo largo de 28 semanas,<strong> 360 personas (principalmente mujeres) <\/strong>de las comunidades de Sankuru y Cimeti\u00e8re Mupepe, han aprendido conocimientos b\u00e1sicos sobre lectura y escritura en franc\u00e9s, as\u00ed como c\u00e1lculo. Durante la formaci\u00f3n han abordado cuestiones tan importantes como el respeto por los bienes p\u00fablicos, la higiene, la importancia de una alimentaci\u00f3n variada, los derechos humanos o la protecci\u00f3n de la biodiversidad.<\/p>\n<p>Cuatro d\u00edas a la semana, los alumnos y alumnas escuchaban su clase diaria de 30 minutos, guiados por el docente Pascal Galande, que en 2020 viaja\u00f3 a Canarias para formarse en el sistema de ense\u00f1anza de Radio ECCA. Adem\u00e1s de las <strong>clases por radio<\/strong>, una vez a la semana se realizaba la <strong>reuni\u00f3n de grupo tutorizada<\/strong> para hacer una actividad individual y apoyar de cerca al alumnado. Un esfuerzo para la mayor\u00eda de las alumnas y alumnos, que ten\u00edan que caminar varias horas para poder seguir el curso y compaginar la formaci\u00f3n con sus trabajos y quehaceres diarios.&nbsp;<\/p>\n<p><img decoding=\"async\" alt=\"\" src=\"https:\/\/www.entreculturas.org\/wp-content\/uploads\/2022\/02\/2.jpeg\" style=\"width: 800px;height: 535px\"><\/p>\n<p><span style=\"color:#FF0000\"><strong>La primera promoci\u00f3n de Kielo Ya Mazaya<\/strong><\/span><br \/>El pasado 15 de enero tuvo lugar en la ciudad de Kikwit el <strong>acto de clausura y entrega de diplomas de la primera promoci\u00f3n de estudiantes de Kielo Ya Mazaya<\/strong>. Estudiantes como Rose, quien hace unos meses nos contaba que el curso le estaba ayudando a \u201cempoderarse, apropiarse de la lectura y aprender a escribir\u201d; o como Marie que destacaba que ahora puede \u201cdefenderse\u201d delante de otras personas hablando franc\u00e9s.<\/p>\n<p>\u201cEste tipo de iniciativas son muy importante porque adem\u00e1s de facilitar nociones b\u00e1sicas sobre lectoescritura y c\u00e1lculo a las personas participantes, consigue<strong> reforzar su autonom\u00eda, ya que dejan de depender de otras personas para cuestiones cotidianas<\/strong>, como realizar tr\u00e1mites administrativos, acudir al m\u00e9dico, entender prospectos de los medicamentos o entender las noticias\u201d, asegura nuestra compa\u00f1era Mar\u00eda Laiglesia, t\u00e9cnica de proyectos, quien resume el objetivo del proyecto en esta frase:&nbsp;<strong>\u201cse trata de poner el foco en la dignidad de la persona\u201d.<\/strong><br \/>&nbsp;<\/p>\n<p><img decoding=\"async\" alt=\"\" height=\"535\" src=\"https:\/\/www.entreculturas.org\/wp-content\/uploads\/2022\/02\/3.jpeg\" width=\"800\"><\/p>\n<p>Tras este primer a\u00f1o de implementaci\u00f3n, durante 2022 la perspectiva es introducir mejoras en el proyecto tras las lecciones aprendidas de esta primera experiencia piloto. Previsiblemente, <strong>la segunda edici\u00f3n del curso comenzar\u00e1 entre marzo y abril<\/strong> y contar\u00e1 con otro piloto en&nbsp; <strong>Kisantu<\/strong>, ciudad situada al oeste del pa\u00eds.&nbsp;<\/p>\n<p>\u201cHabr\u00e1 m\u00e1s promociones, no se trata de una experiencia puntual\u201d, asegura Mar\u00eda Laiglesia. Un proyecto a trav\u00e9s del cual contribuimos a reducir el \u00edndice de analfabetismo de la poblaci\u00f3n adulta de R.D. Congo, fomentando la capacitaci\u00f3n y autonom\u00eda de las personas en situaci\u00f3n de vulnerabilidad. <strong>Una verdadera puerta al saber a trav\u00e9s de la radio.<\/strong><\/p>\n","protected":false},"excerpt":{"rendered":"<p>Kielo Ya Mazaya, \u201cla puerta del saber\u201d, es un programa de alfabetizaci\u00f3n a trav\u00e9s de la radio en el que usando la lengua de la regi\u00f3n, el kikongo, como lengua vehicular de aprendizaje tiene como objetivo mejorar las competencias en franc\u00e9s, el idioma que se usa para las cuestiones administrativas. El curso se ha podido llevar a cabo gracias a la alianza entre varias instituciones como son Fe y Alegr\u00eda R.D. Congo, Alboan, Radio ECCA, el Cabildo de Gran Canaria y Entreculturas.<\/p>\n","protected":false},"featured_media":6421,"template":"single-noticia","meta":{"_acf_changed":false},"categories":[7],"tags":[289],"country":[318],"cause":[128],"class_list":["post-6423","noticia","type-noticia","status-publish","has-post-thumbnail","hentry","category-noticia","tag-educacion","country-republica-democratica-del-congo","cause-educacion"],"acf":[],"yoast_head":"<!-- This site is optimized with the Yoast SEO Premium plugin v21.6 (Yoast SEO v27.5) - https:\/\/yoast.com\/product\/yoast-seo-premium-wordpress\/ -->\n<title>Celebramos el D\u00eda de la Radio con la primera promoci\u00f3n Kielo Ya Mazaya - Entreculturas<\/title>\n<meta name=\"robots\" content=\"index, follow, max-snippet:-1, max-image-preview:large, max-video-preview:-1\" \/>\n<link rel=\"canonical\" href=\"https:\/\/www.entreculturas.org\/fr\/noticia\/celebramos-el-dia-de-la-radio-con-la-primera-promocion-kielo-ya-mazaya\/\" \/>\n<meta property=\"og:locale\" content=\"fr_FR\" \/>\n<meta property=\"og:type\" content=\"article\" \/>\n<meta property=\"og:title\" content=\"Celebramos el D\u00eda de la Radio con la primera promoci\u00f3n Kielo Ya Mazaya\" \/>\n<meta property=\"og:description\" content=\"Kielo Ya Mazaya, \u201cla puerta del saber\u201d, es un programa de alfabetizaci\u00f3n a trav\u00e9s de la radio en el que usando la lengua de la regi\u00f3n, el kikongo, como lengua vehicular de aprendizaje tiene como objetivo mejorar las competencias en franc\u00e9s, el idioma que se usa para las cuestiones administrativas. El curso se ha podido llevar a cabo gracias a la alianza entre varias instituciones como son Fe y Alegr\u00eda R.D. Congo, Alboan, Radio ECCA, el Cabildo de Gran Canaria y Entreculturas.\" \/>\n<meta property=\"og:url\" content=\"https:\/\/www.entreculturas.org\/fr\/noticia\/celebramos-el-dia-de-la-radio-con-la-primera-promocion-kielo-ya-mazaya\/\" \/>\n<meta property=\"og:site_name\" content=\"Entreculturas\" \/>\n<meta property=\"article:publisher\" content=\"https:\/\/www.facebook.com\/entreculturas\" \/>\n<meta property=\"article:modified_time\" content=\"2024-02-19T15:20:46+00:00\" \/>\n<meta property=\"og:image\" content=\"https:\/\/www.entreculturas.org\/wp-content\/uploads\/2022\/02\/2.jpeg\" \/>\n\t<meta property=\"og:image:width\" content=\"800\" \/>\n\t<meta property=\"og:image:height\" content=\"535\" \/>\n\t<meta property=\"og:image:type\" content=\"image\/jpeg\" \/>\n<meta name=\"twitter:card\" content=\"summary_large_image\" \/>\n<meta name=\"twitter:site\" content=\"@Entreculturas\" \/>\n<script type=\"application\/ld+json\" class=\"yoast-schema-graph\">{\"@context\":\"https:\\\/\\\/schema.org\",\"@graph\":[{\"@type\":\"WebPage\",\"@id\":\"https:\\\/\\\/www.entreculturas.org\\\/fr\\\/noticia\\\/celebramos-el-dia-de-la-radio-con-la-primera-promocion-kielo-ya-mazaya\\\/\",\"url\":\"https:\\\/\\\/www.entreculturas.org\\\/fr\\\/noticia\\\/celebramos-el-dia-de-la-radio-con-la-primera-promocion-kielo-ya-mazaya\\\/\",\"name\":\"Celebramos el D\u00eda de la Radio con la primera promoci\u00f3n Kielo Ya Mazaya - Entreculturas\",\"isPartOf\":{\"@id\":\"https:\\\/\\\/www.entreculturas.org\\\/fr\\\/#website\"},\"primaryImageOfPage\":{\"@id\":\"https:\\\/\\\/www.entreculturas.org\\\/fr\\\/noticia\\\/celebramos-el-dia-de-la-radio-con-la-primera-promocion-kielo-ya-mazaya\\\/#primaryimage\"},\"image\":{\"@id\":\"https:\\\/\\\/www.entreculturas.org\\\/fr\\\/noticia\\\/celebramos-el-dia-de-la-radio-con-la-primera-promocion-kielo-ya-mazaya\\\/#primaryimage\"},\"thumbnailUrl\":\"https:\\\/\\\/www.entreculturas.org\\\/wp-content\\\/uploads\\\/2022\\\/02\\\/2.jpeg\",\"datePublished\":\"2022-02-11T10:15:01+00:00\",\"dateModified\":\"2024-02-19T15:20:46+00:00\",\"breadcrumb\":{\"@id\":\"https:\\\/\\\/www.entreculturas.org\\\/fr\\\/noticia\\\/celebramos-el-dia-de-la-radio-con-la-primera-promocion-kielo-ya-mazaya\\\/#breadcrumb\"},\"inLanguage\":\"fr-FR\",\"potentialAction\":[{\"@type\":\"ReadAction\",\"target\":[\"https:\\\/\\\/www.entreculturas.org\\\/fr\\\/noticia\\\/celebramos-el-dia-de-la-radio-con-la-primera-promocion-kielo-ya-mazaya\\\/\"]}]},{\"@type\":\"ImageObject\",\"inLanguage\":\"fr-FR\",\"@id\":\"https:\\\/\\\/www.entreculturas.org\\\/fr\\\/noticia\\\/celebramos-el-dia-de-la-radio-con-la-primera-promocion-kielo-ya-mazaya\\\/#primaryimage\",\"url\":\"https:\\\/\\\/www.entreculturas.org\\\/wp-content\\\/uploads\\\/2022\\\/02\\\/2.jpeg\",\"contentUrl\":\"https:\\\/\\\/www.entreculturas.org\\\/wp-content\\\/uploads\\\/2022\\\/02\\\/2.jpeg\",\"width\":800,\"height\":535},{\"@type\":\"BreadcrumbList\",\"@id\":\"https:\\\/\\\/www.entreculturas.org\\\/fr\\\/noticia\\\/celebramos-el-dia-de-la-radio-con-la-primera-promocion-kielo-ya-mazaya\\\/#breadcrumb\",\"itemListElement\":[{\"@type\":\"ListItem\",\"position\":1,\"name\":\"Home\",\"item\":\"https:\\\/\\\/www.entreculturas.org\\\/fr\\\/\"},{\"@type\":\"ListItem\",\"position\":2,\"name\":\"Noticias\",\"item\":\"https:\\\/\\\/www.entreculturas.org\\\/fr\\\/noticias\\\/\"},{\"@type\":\"ListItem\",\"position\":3,\"name\":\"Celebramos el D\u00eda de la Radio con la primera promoci\u00f3n Kielo Ya Mazaya\"}]},{\"@type\":\"WebSite\",\"@id\":\"https:\\\/\\\/www.entreculturas.org\\\/fr\\\/#website\",\"url\":\"https:\\\/\\\/www.entreculturas.org\\\/fr\\\/\",\"name\":\"Entreculturas\",\"description\":\"\",\"publisher\":{\"@id\":\"https:\\\/\\\/www.entreculturas.org\\\/fr\\\/#organization\"},\"alternateName\":\"Entreculturas\",\"potentialAction\":[{\"@type\":\"SearchAction\",\"target\":{\"@type\":\"EntryPoint\",\"urlTemplate\":\"https:\\\/\\\/www.entreculturas.org\\\/fr\\\/?s={search_term_string}\"},\"query-input\":{\"@type\":\"PropertyValueSpecification\",\"valueRequired\":true,\"valueName\":\"search_term_string\"}}],\"inLanguage\":\"fr-FR\"},{\"@type\":\"Organization\",\"@id\":\"https:\\\/\\\/www.entreculturas.org\\\/fr\\\/#organization\",\"name\":\"Entreculturas\",\"url\":\"https:\\\/\\\/www.entreculturas.org\\\/fr\\\/\",\"logo\":{\"@type\":\"ImageObject\",\"inLanguage\":\"fr-FR\",\"@id\":\"https:\\\/\\\/www.entreculturas.org\\\/fr\\\/#\\\/schema\\\/logo\\\/image\\\/\",\"url\":\"https:\\\/\\\/www.entreculturas.org\\\/wp-content\\\/uploads\\\/2025\\\/10\\\/ESP.svg\",\"contentUrl\":\"https:\\\/\\\/www.entreculturas.org\\\/wp-content\\\/uploads\\\/2025\\\/10\\\/ESP.svg\",\"caption\":\"Entreculturas\"},\"image\":{\"@id\":\"https:\\\/\\\/www.entreculturas.org\\\/fr\\\/#\\\/schema\\\/logo\\\/image\\\/\"},\"sameAs\":[\"https:\\\/\\\/www.facebook.com\\\/entreculturas\",\"https:\\\/\\\/x.com\\\/Entreculturas\",\"https:\\\/\\\/www.instagram.com\\\/entreculturas\\\/\",\"https:\\\/\\\/www.youtube.com\\\/user\\\/entreculturasvideo\",\"https:\\\/\\\/www.linkedin.com\\\/company\\\/fundacion-entreculturas-ngdo\\\/\",\"https:\\\/\\\/www.flickr.com\\\/photos\\\/98455522@N04\\\/albums\\\/\"]}]}<\/script>\n<!-- \/ Yoast SEO Premium plugin. -->","yoast_head_json":{"title":"Celebramos el D\u00eda de la Radio con la primera promoci\u00f3n Kielo Ya Mazaya - Entreculturas","robots":{"index":"index","follow":"follow","max-snippet":"max-snippet:-1","max-image-preview":"max-image-preview:large","max-video-preview":"max-video-preview:-1"},"canonical":"https:\/\/www.entreculturas.org\/fr\/noticia\/celebramos-el-dia-de-la-radio-con-la-primera-promocion-kielo-ya-mazaya\/","og_locale":"fr_FR","og_type":"article","og_title":"Celebramos el D\u00eda de la Radio con la primera promoci\u00f3n Kielo Ya Mazaya","og_description":"Kielo Ya Mazaya, \u201cla puerta del saber\u201d, es un programa de alfabetizaci\u00f3n a trav\u00e9s de la radio en el que usando la lengua de la regi\u00f3n, el kikongo, como lengua vehicular de aprendizaje tiene como objetivo mejorar las competencias en franc\u00e9s, el idioma que se usa para las cuestiones administrativas. El curso se ha podido llevar a cabo gracias a la alianza entre varias instituciones como son Fe y Alegr\u00eda R.D. Congo, Alboan, Radio ECCA, el Cabildo de Gran Canaria y Entreculturas.","og_url":"https:\/\/www.entreculturas.org\/fr\/noticia\/celebramos-el-dia-de-la-radio-con-la-primera-promocion-kielo-ya-mazaya\/","og_site_name":"Entreculturas","article_publisher":"https:\/\/www.facebook.com\/entreculturas","article_modified_time":"2024-02-19T15:20:46+00:00","og_image":[{"width":800,"height":535,"url":"https:\/\/www.entreculturas.org\/wp-content\/uploads\/2022\/02\/2.jpeg","type":"image\/jpeg"}],"twitter_card":"summary_large_image","twitter_site":"@Entreculturas","schema":{"@context":"https:\/\/schema.org","@graph":[{"@type":"WebPage","@id":"https:\/\/www.entreculturas.org\/fr\/noticia\/celebramos-el-dia-de-la-radio-con-la-primera-promocion-kielo-ya-mazaya\/","url":"https:\/\/www.entreculturas.org\/fr\/noticia\/celebramos-el-dia-de-la-radio-con-la-primera-promocion-kielo-ya-mazaya\/","name":"Celebramos el D\u00eda de la Radio con la primera promoci\u00f3n Kielo Ya Mazaya - Entreculturas","isPartOf":{"@id":"https:\/\/www.entreculturas.org\/fr\/#website"},"primaryImageOfPage":{"@id":"https:\/\/www.entreculturas.org\/fr\/noticia\/celebramos-el-dia-de-la-radio-con-la-primera-promocion-kielo-ya-mazaya\/#primaryimage"},"image":{"@id":"https:\/\/www.entreculturas.org\/fr\/noticia\/celebramos-el-dia-de-la-radio-con-la-primera-promocion-kielo-ya-mazaya\/#primaryimage"},"thumbnailUrl":"https:\/\/www.entreculturas.org\/wp-content\/uploads\/2022\/02\/2.jpeg","datePublished":"2022-02-11T10:15:01+00:00","dateModified":"2024-02-19T15:20:46+00:00","breadcrumb":{"@id":"https:\/\/www.entreculturas.org\/fr\/noticia\/celebramos-el-dia-de-la-radio-con-la-primera-promocion-kielo-ya-mazaya\/#breadcrumb"},"inLanguage":"fr-FR","potentialAction":[{"@type":"ReadAction","target":["https:\/\/www.entreculturas.org\/fr\/noticia\/celebramos-el-dia-de-la-radio-con-la-primera-promocion-kielo-ya-mazaya\/"]}]},{"@type":"ImageObject","inLanguage":"fr-FR","@id":"https:\/\/www.entreculturas.org\/fr\/noticia\/celebramos-el-dia-de-la-radio-con-la-primera-promocion-kielo-ya-mazaya\/#primaryimage","url":"https:\/\/www.entreculturas.org\/wp-content\/uploads\/2022\/02\/2.jpeg","contentUrl":"https:\/\/www.entreculturas.org\/wp-content\/uploads\/2022\/02\/2.jpeg","width":800,"height":535},{"@type":"BreadcrumbList","@id":"https:\/\/www.entreculturas.org\/fr\/noticia\/celebramos-el-dia-de-la-radio-con-la-primera-promocion-kielo-ya-mazaya\/#breadcrumb","itemListElement":[{"@type":"ListItem","position":1,"name":"Home","item":"https:\/\/www.entreculturas.org\/fr\/"},{"@type":"ListItem","position":2,"name":"Noticias","item":"https:\/\/www.entreculturas.org\/fr\/noticias\/"},{"@type":"ListItem","position":3,"name":"Celebramos el D\u00eda de la Radio con la primera promoci\u00f3n Kielo Ya Mazaya"}]},{"@type":"WebSite","@id":"https:\/\/www.entreculturas.org\/fr\/#website","url":"https:\/\/www.entreculturas.org\/fr\/","name":"Entreculturas","description":"","publisher":{"@id":"https:\/\/www.entreculturas.org\/fr\/#organization"},"alternateName":"Entreculturas","potentialAction":[{"@type":"SearchAction","target":{"@type":"EntryPoint","urlTemplate":"https:\/\/www.entreculturas.org\/fr\/?s={search_term_string}"},"query-input":{"@type":"PropertyValueSpecification","valueRequired":true,"valueName":"search_term_string"}}],"inLanguage":"fr-FR"},{"@type":"Organization","@id":"https:\/\/www.entreculturas.org\/fr\/#organization","name":"Entreculturas","url":"https:\/\/www.entreculturas.org\/fr\/","logo":{"@type":"ImageObject","inLanguage":"fr-FR","@id":"https:\/\/www.entreculturas.org\/fr\/#\/schema\/logo\/image\/","url":"https:\/\/www.entreculturas.org\/wp-content\/uploads\/2025\/10\/ESP.svg","contentUrl":"https:\/\/www.entreculturas.org\/wp-content\/uploads\/2025\/10\/ESP.svg","caption":"Entreculturas"},"image":{"@id":"https:\/\/www.entreculturas.org\/fr\/#\/schema\/logo\/image\/"},"sameAs":["https:\/\/www.facebook.com\/entreculturas","https:\/\/x.com\/Entreculturas","https:\/\/www.instagram.com\/entreculturas\/","https:\/\/www.youtube.com\/user\/entreculturasvideo","https:\/\/www.linkedin.com\/company\/fundacion-entreculturas-ngdo\/","https:\/\/www.flickr.com\/photos\/98455522@N04\/albums\/"]}]}},"_links":{"self":[{"href":"https:\/\/www.entreculturas.org\/fr\/wp-json\/wp\/v2\/noticia\/6423","targetHints":{"allow":["GET"]}}],"collection":[{"href":"https:\/\/www.entreculturas.org\/fr\/wp-json\/wp\/v2\/noticia"}],"about":[{"href":"https:\/\/www.entreculturas.org\/fr\/wp-json\/wp\/v2\/types\/noticia"}],"wp:featuredmedia":[{"embeddable":true,"href":"https:\/\/www.entreculturas.org\/fr\/wp-json\/wp\/v2\/media\/6421"}],"wp:attachment":[{"href":"https:\/\/www.entreculturas.org\/fr\/wp-json\/wp\/v2\/media?parent=6423"}],"wp:term":[{"taxonomy":"category","embeddable":true,"href":"https:\/\/www.entreculturas.org\/fr\/wp-json\/wp\/v2\/categories?post=6423"},{"taxonomy":"post_tag","embeddable":true,"href":"https:\/\/www.entreculturas.org\/fr\/wp-json\/wp\/v2\/tags?post=6423"},{"taxonomy":"country","embeddable":true,"href":"https:\/\/www.entreculturas.org\/fr\/wp-json\/wp\/v2\/country?post=6423"},{"taxonomy":"cause","embeddable":true,"href":"https:\/\/www.entreculturas.org\/fr\/wp-json\/wp\/v2\/cause?post=6423"}],"curies":[{"name":"wp","href":"https:\/\/api.w.org\/{rel}","templated":true}]}}