{"id":6356,"date":"2021-12-16T13:10:59","date_gmt":"2021-12-16T13:10:59","guid":{"rendered":"https:\/\/entreculturasi.wpenginepowered.com\/?noticias=presentamos-el-informe-la-desproteccion-de-la-infancia-no-acompanada-en-frontera-espana-y"},"modified":"2024-02-19T16:31:37","modified_gmt":"2024-02-19T15:31:37","slug":"presentamos-el-informe-la-desproteccion-de-la-infancia-no-acompanada-en-frontera-espana-y","status":"publish","type":"noticia","link":"https:\/\/www.entreculturas.org\/fr\/noticia\/presentamos-el-informe-la-desproteccion-de-la-infancia-no-acompanada-en-frontera-espana-y\/","title":{"rendered":"Presentamos el informe \u2018La desprotecci\u00f3n de la infancia no acompa\u00f1ada en frontera: Espa\u00f1a y M\u00e9xico, una misma realidad\u2019"},"content":{"rendered":"<p>Con motivo del <strong>D\u00eda Internacional de las Personas Migrantes<\/strong> (que se celebra el pr\u00f3ximo 18 de diciembre), Entreculturas y Alboan, en colaboraci\u00f3n con el Servicio Jesuita a Migrantes (SJM) Espa\u00f1a, SJM M\u00e9xico y la Red de Documentaci\u00f3n de las Organizaciones Defensoras de Migrantes mexicanas (REDODEM) hemos presentado el informe <a href=\"https:\/\/www.entreculturas.org\/es\/publicaciones\/informe-la-desproteccion-de-la-infancia-no-acompanada-en-frontera\" target=\"_blank\" rel=\"noopener\"><strong>\u2018La desprotecci\u00f3n de la infancia no acompa\u00f1ada en frontera: Espa\u00f1a y M\u00e9xico, una misma realidad<\/strong>\u2019<\/a>. En \u00e9l se recogen testimonios y un an\u00e1lisis exhaustivo que constata lo necesario que es cumplir con los objetivos del<strong> Pacto Global para una migraci\u00f3n segura, regular y ordenada<\/strong>.<\/p>\n<p>Las pol\u00edticas y pr\u00e1cticas de control migratorio en fronteras, no est\u00e1n considerando su efecto en los derechos de los ni\u00f1os, ni\u00f1as y adolescentes no acompa\u00f1ados, tal y como se establece en el Pacto Global. <strong>Los sistemas migratorios se centran en el control <\/strong>y no tienen un efectivo enfoque de infancia y de g\u00e9nero.&nbsp;<\/p>\n<p>Temas como las condiciones de acogida en los pa\u00edses de destino, los procedimientos que atentan contra los derechos humanos, lo que supone la separaci\u00f3n familiar, el impacto del proyecto migratorio en su educaci\u00f3n, as\u00ed como las consecuencias que est\u00e1 teniendo las pol\u00edticas de externalizaci\u00f3n de fronteras se han abordado en la presentaci\u00f3n. Todo ello con tres aspiraciones: la despolitizaci\u00f3n en los pa\u00edses de destino y tr\u00e1nsito de la acogida de ni\u00f1os, ni\u00f1as y adolescentes migrantes no acompa\u00f1ados; la generaci\u00f3n de un marco de comprensi\u00f3n que tenga como pilares los derechos humanos de la infancia y la adolescencia, y las obligaciones que de los mismos se derivan para los Estados; y la <strong>construcci\u00f3n de una sociedad de acogida<\/strong> emp\u00e1tica basada en la hospitalidad y en la protecci\u00f3n de los derechos de estos ni\u00f1os, ni\u00f1as, ni\u00f1as y adolescentes por encima de cualquier otra consideraci\u00f3n<\/p>\n<p>Durante la presentaci\u00f3n<strong> Lucia Rodriguez Donate, Responsable del Departamento de Estudios e Incidencia de Entreculturas<\/strong> ha se\u00f1alado que \u201cla Organizaci\u00f3n Mundial Para las Migraciones nos recuerda que en 2020 el n\u00famero de migrantes internacionales en el mundo ascendi\u00f3 a 281 millones.&nbsp; &nbsp;Se estima que el 15% de la poblaci\u00f3n migrante es menor de 18 a\u00f1os\u201d. A\u00f1adi\u00f3 igualmente que \u201cL<strong>as ni\u00f1as, ni\u00f1os y adolescentes migrantes est\u00e1n expuestos a la trata de personas,&nbsp; la explotaci\u00f3n infantil y los malos tratos, especialmente si viajan no acompa\u00f1ados y por v\u00edas de migraci\u00f3n irregular.<\/strong>&nbsp; Durante el camino, <strong>su educaci\u00f3n se ve interrumpida, a veces durante a\u00f1os<\/strong>,&nbsp;rest\u00e1ndoles oportunidades de futuro.&nbsp; Y otros&nbsp; derechos fundamentales son repetidamente vulnerados\u201d.<br \/>&nbsp;<\/p>\n<\/p>\n<p><em>Foto de REDODEM.<\/em><\/p>\n<p>\u00ab\u00a0La <strong>externalizaci\u00f3n de fronteras<\/strong> como pol\u00edtica migratoria europea produce desenlaces tales como los que se vivieron en Ceuta durante el 17 y 18 de mayo de 2021, y que junto a las devoluciones sumarias desprotegen y exponen a\u00fan a m\u00e1s violencias a ni\u00f1os, ni\u00f1as y menores no acompa\u00f1ados\u201d se\u00f1al\u00f3 <strong>Javier Moreno G\u00f3mez, Abogado del \u00c1rea de Frontera Sur de SJM <\/strong>que tambi\u00e9n analiz\u00f3 la situaci\u00f3n tras las fronteras afirmando que \u201cLas Fronteras que cruzan estos ni\u00f1os, ni\u00f1as y menores no acompa\u00f1ados no s\u00f3lo se sit\u00faan en la valla, sino que adem\u00e1s <strong>este informe permite ver como los Centros de Acogida, en vez de ser lugares en los que se restaure unas vidas rotas, se convierten en fronteras interiores<\/strong> en los que el hacinamiento y la mala gesti\u00f3n vuelven a vulnerabilizar a ni\u00f1os\u00a0\u00bb, a\u00f1adiendo que \u00ab\u00a0La administraci\u00f3n tambi\u00e9n impide que los ni\u00f1os se desarrollen de manera \u00edntegra y les excluye de manera directa cu\u00e1ndo no facilita ni les acerca a su realidad,&nbsp; tr\u00e1mites a los que tienen derecho y que, sin embargo, por su engorroso procedimiento y la inactividad de la propia administraci\u00f3n&nbsp; se convierten en laberintos burocr\u00e1ticos y ausencia de tutela de sus derechos. Sobre ellos pesa un estigma que se traduce en tener que luchar ese reconocimiento, muchas veces solos\u201d.<\/p>\n<p><strong>Luis Arturo Mac\u00edas Medina SJ, Director del Servicio Jesuita a Migrantes M\u00e9xico<\/strong>, describi\u00f3 la situaci\u00f3n en M\u00e9xico enfatizando la importancia de este informe para \u201cSeguir visualizando la grave situaci\u00f3n de violaciones a derechos humanos que vive la ni\u00f1ez migrante no acompa\u00f1ada en M\u00e9xico\u201d. Tras analizar las causas de la movilidad en Centroam\u00e9rica EEUU y el propio M\u00e9xico donde se enfrentan a m\u00faltiples peligros, afirmaba en referencia a este \u00faltimo pa\u00eds: \u201c<strong>Nos duele e interpela el dolor y los sufrimientos por los que atraviesan los ni\u00f1os, ni\u00f1as y adolescentes<\/strong>, no solo aquellos de asistencia humanitaria sino tambi\u00e9n aquellas estructurales y ausencias de pol\u00edticas con perspectiva de infancias y g\u00e9nero\u201d.<\/p>\n<p>Por su parte, <strong>Irene Ortega Guerrero, Coordinadora del \u00c1rea de Ciudadan\u00eda de Entreculturas<\/strong> ha hecho un resumen de las recomendaciones que apunta el informe. \u201cLos ni\u00f1os y las ni\u00f1as deben ir primero y en igualdad. Los principios de inter\u00e9s superior de la infancia y de no discriminaci\u00f3n han de ser la piedra angular de un sistema migratorio justo.&nbsp; Debemos ofrecerles protecci\u00f3n frente a la violencia, tratarlos como a ni\u00f1os en los procedimientos fronterizos. Trabajar para que el Pacto Europeo de Migraci\u00f3n y Asilo no establezca la detenci\u00f3n inicial en frontera a mayores de 12 a\u00f1os y menores de 18 y que se les trate como a ni\u00f1os y a ni\u00f1as conforme a la Convenci\u00f3n de los Derechos de la Infancia, que establece que ni\u00f1o o ni\u00f1a es toda persona menor de 18 a\u00f1os. Y por \u00faltimo garantizar sus derechos en tr\u00e1nsito y en el destino, abordando especialmente la continuidad y compensaci\u00f3n educativa, la salud, incluida la salud mental, y el acompa\u00f1amiento en la transici\u00f3n a la vida adulta\u00a0\u00bb.<\/p><\/p>\n","protected":false},"excerpt":{"rendered":"<p>Con motivo del D\u00eda Internacional de las Personas Migrantes (que se celebra el pr\u00f3ximo 18 de diciembre), Entreculturas y Alboan, en colaboraci\u00f3n con el Servicio Jesuita a Migrantes (SJM) Espa\u00f1a, SJM M\u00e9xico y la Red de Documentaci\u00f3n de las Organizaciones Defensoras de Migrantes mexicanas (REDODEM) hemos presentado el informe \u2018La desprotecci\u00f3n de la infancia no acompa\u00f1ada en frontera: Espa\u00f1a y M\u00e9xico, una misma realidad\u2019. En \u00e9l se recogen testimonios y un an\u00e1lisis exhaustivo que constata lo necesario que es cumplir con los objetivos del Pacto Global para una migraci\u00f3n segura, regular y ordenada.<\/p>\n","protected":false},"featured_media":6355,"template":"single-noticia","meta":{"_acf_changed":false},"categories":[7],"tags":[10],"country":[120,121],"cause":[129],"class_list":["post-6356","noticia","type-noticia","status-publish","has-post-thumbnail","hentry","category-noticia","tag-migracion-y-refugio","country-espana","country-mexico","cause-migracion-y-refugio"],"acf":[],"yoast_head":"<!-- This site is optimized with the Yoast SEO Premium plugin v21.6 (Yoast SEO v27.5) - https:\/\/yoast.com\/product\/yoast-seo-premium-wordpress\/ -->\n<title>Presentamos el informe \u2018La desprotecci\u00f3n de la infancia no acompa\u00f1ada en frontera: Espa\u00f1a y M\u00e9xico, una misma realidad\u2019 - Entreculturas<\/title>\n<meta name=\"robots\" content=\"index, follow, max-snippet:-1, max-image-preview:large, max-video-preview:-1\" \/>\n<link rel=\"canonical\" href=\"https:\/\/www.entreculturas.org\/fr\/noticia\/presentamos-el-informe-la-desproteccion-de-la-infancia-no-acompanada-en-frontera-espana-y\/\" \/>\n<meta property=\"og:locale\" content=\"fr_FR\" \/>\n<meta property=\"og:type\" content=\"article\" \/>\n<meta property=\"og:title\" content=\"Presentamos el informe \u2018La desprotecci\u00f3n de la infancia no acompa\u00f1ada en frontera: Espa\u00f1a y M\u00e9xico, una misma realidad\u2019\" \/>\n<meta property=\"og:description\" content=\"Con motivo del D\u00eda Internacional de las Personas Migrantes (que se celebra el pr\u00f3ximo 18 de diciembre), Entreculturas y Alboan, en colaboraci\u00f3n con el Servicio Jesuita a Migrantes (SJM) Espa\u00f1a, SJM M\u00e9xico y la Red de Documentaci\u00f3n de las Organizaciones Defensoras de Migrantes mexicanas (REDODEM) hemos presentado el informe \u2018La desprotecci\u00f3n de la infancia no acompa\u00f1ada en frontera: Espa\u00f1a y M\u00e9xico, una misma realidad\u2019. En \u00e9l se recogen testimonios y un an\u00e1lisis exhaustivo que constata lo necesario que es cumplir con los objetivos del Pacto Global para una migraci\u00f3n segura, regular y ordenada.\" \/>\n<meta property=\"og:url\" content=\"https:\/\/www.entreculturas.org\/fr\/noticia\/presentamos-el-informe-la-desproteccion-de-la-infancia-no-acompanada-en-frontera-espana-y\/\" \/>\n<meta property=\"og:site_name\" content=\"Entreculturas\" \/>\n<meta property=\"article:publisher\" content=\"https:\/\/www.facebook.com\/entreculturas\" \/>\n<meta property=\"article:modified_time\" content=\"2024-02-19T15:31:37+00:00\" \/>\n<meta property=\"og:image\" content=\"https:\/\/www.entreculturas.org\/wp-content\/uploads\/2021\/12\/copia_de_puerta_salida_-_redodem.jpg\" \/>\n\t<meta property=\"og:image:width\" content=\"800\" \/>\n\t<meta property=\"og:image:height\" content=\"533\" \/>\n\t<meta property=\"og:image:type\" content=\"image\/jpeg\" \/>\n<meta name=\"twitter:card\" content=\"summary_large_image\" \/>\n<meta name=\"twitter:site\" content=\"@Entreculturas\" \/>\n<script type=\"application\/ld+json\" class=\"yoast-schema-graph\">{\"@context\":\"https:\\\/\\\/schema.org\",\"@graph\":[{\"@type\":\"WebPage\",\"@id\":\"https:\\\/\\\/www.entreculturas.org\\\/fr\\\/noticia\\\/presentamos-el-informe-la-desproteccion-de-la-infancia-no-acompanada-en-frontera-espana-y\\\/\",\"url\":\"https:\\\/\\\/www.entreculturas.org\\\/fr\\\/noticia\\\/presentamos-el-informe-la-desproteccion-de-la-infancia-no-acompanada-en-frontera-espana-y\\\/\",\"name\":\"Presentamos el informe \u2018La desprotecci\u00f3n de la infancia no acompa\u00f1ada en frontera: Espa\u00f1a y M\u00e9xico, una misma realidad\u2019 - Entreculturas\",\"isPartOf\":{\"@id\":\"https:\\\/\\\/www.entreculturas.org\\\/fr\\\/#website\"},\"primaryImageOfPage\":{\"@id\":\"https:\\\/\\\/www.entreculturas.org\\\/fr\\\/noticia\\\/presentamos-el-informe-la-desproteccion-de-la-infancia-no-acompanada-en-frontera-espana-y\\\/#primaryimage\"},\"image\":{\"@id\":\"https:\\\/\\\/www.entreculturas.org\\\/fr\\\/noticia\\\/presentamos-el-informe-la-desproteccion-de-la-infancia-no-acompanada-en-frontera-espana-y\\\/#primaryimage\"},\"thumbnailUrl\":\"https:\\\/\\\/www.entreculturas.org\\\/wp-content\\\/uploads\\\/2021\\\/12\\\/copia_de_puerta_salida_-_redodem.jpg\",\"datePublished\":\"2021-12-16T13:10:59+00:00\",\"dateModified\":\"2024-02-19T15:31:37+00:00\",\"breadcrumb\":{\"@id\":\"https:\\\/\\\/www.entreculturas.org\\\/fr\\\/noticia\\\/presentamos-el-informe-la-desproteccion-de-la-infancia-no-acompanada-en-frontera-espana-y\\\/#breadcrumb\"},\"inLanguage\":\"fr-FR\",\"potentialAction\":[{\"@type\":\"ReadAction\",\"target\":[\"https:\\\/\\\/www.entreculturas.org\\\/fr\\\/noticia\\\/presentamos-el-informe-la-desproteccion-de-la-infancia-no-acompanada-en-frontera-espana-y\\\/\"]}]},{\"@type\":\"ImageObject\",\"inLanguage\":\"fr-FR\",\"@id\":\"https:\\\/\\\/www.entreculturas.org\\\/fr\\\/noticia\\\/presentamos-el-informe-la-desproteccion-de-la-infancia-no-acompanada-en-frontera-espana-y\\\/#primaryimage\",\"url\":\"https:\\\/\\\/www.entreculturas.org\\\/wp-content\\\/uploads\\\/2021\\\/12\\\/copia_de_puerta_salida_-_redodem.jpg\",\"contentUrl\":\"https:\\\/\\\/www.entreculturas.org\\\/wp-content\\\/uploads\\\/2021\\\/12\\\/copia_de_puerta_salida_-_redodem.jpg\",\"width\":800,\"height\":533},{\"@type\":\"BreadcrumbList\",\"@id\":\"https:\\\/\\\/www.entreculturas.org\\\/fr\\\/noticia\\\/presentamos-el-informe-la-desproteccion-de-la-infancia-no-acompanada-en-frontera-espana-y\\\/#breadcrumb\",\"itemListElement\":[{\"@type\":\"ListItem\",\"position\":1,\"name\":\"Home\",\"item\":\"https:\\\/\\\/www.entreculturas.org\\\/fr\\\/\"},{\"@type\":\"ListItem\",\"position\":2,\"name\":\"Noticias\",\"item\":\"https:\\\/\\\/www.entreculturas.org\\\/fr\\\/noticias\\\/\"},{\"@type\":\"ListItem\",\"position\":3,\"name\":\"Presentamos el informe \u2018La desprotecci\u00f3n de la infancia no acompa\u00f1ada en frontera: Espa\u00f1a y M\u00e9xico, una misma realidad\u2019\"}]},{\"@type\":\"WebSite\",\"@id\":\"https:\\\/\\\/www.entreculturas.org\\\/fr\\\/#website\",\"url\":\"https:\\\/\\\/www.entreculturas.org\\\/fr\\\/\",\"name\":\"Entreculturas\",\"description\":\"\",\"publisher\":{\"@id\":\"https:\\\/\\\/www.entreculturas.org\\\/fr\\\/#organization\"},\"alternateName\":\"Entreculturas\",\"potentialAction\":[{\"@type\":\"SearchAction\",\"target\":{\"@type\":\"EntryPoint\",\"urlTemplate\":\"https:\\\/\\\/www.entreculturas.org\\\/fr\\\/?s={search_term_string}\"},\"query-input\":{\"@type\":\"PropertyValueSpecification\",\"valueRequired\":true,\"valueName\":\"search_term_string\"}}],\"inLanguage\":\"fr-FR\"},{\"@type\":\"Organization\",\"@id\":\"https:\\\/\\\/www.entreculturas.org\\\/fr\\\/#organization\",\"name\":\"Entreculturas\",\"url\":\"https:\\\/\\\/www.entreculturas.org\\\/fr\\\/\",\"logo\":{\"@type\":\"ImageObject\",\"inLanguage\":\"fr-FR\",\"@id\":\"https:\\\/\\\/www.entreculturas.org\\\/fr\\\/#\\\/schema\\\/logo\\\/image\\\/\",\"url\":\"https:\\\/\\\/www.entreculturas.org\\\/wp-content\\\/uploads\\\/2025\\\/10\\\/ESP.svg\",\"contentUrl\":\"https:\\\/\\\/www.entreculturas.org\\\/wp-content\\\/uploads\\\/2025\\\/10\\\/ESP.svg\",\"caption\":\"Entreculturas\"},\"image\":{\"@id\":\"https:\\\/\\\/www.entreculturas.org\\\/fr\\\/#\\\/schema\\\/logo\\\/image\\\/\"},\"sameAs\":[\"https:\\\/\\\/www.facebook.com\\\/entreculturas\",\"https:\\\/\\\/x.com\\\/Entreculturas\",\"https:\\\/\\\/www.instagram.com\\\/entreculturas\\\/\",\"https:\\\/\\\/www.youtube.com\\\/user\\\/entreculturasvideo\",\"https:\\\/\\\/www.linkedin.com\\\/company\\\/fundacion-entreculturas-ngdo\\\/\",\"https:\\\/\\\/www.flickr.com\\\/photos\\\/98455522@N04\\\/albums\\\/\"]}]}<\/script>\n<!-- \/ Yoast SEO Premium plugin. -->","yoast_head_json":{"title":"Presentamos el informe \u2018La desprotecci\u00f3n de la infancia no acompa\u00f1ada en frontera: Espa\u00f1a y M\u00e9xico, una misma realidad\u2019 - Entreculturas","robots":{"index":"index","follow":"follow","max-snippet":"max-snippet:-1","max-image-preview":"max-image-preview:large","max-video-preview":"max-video-preview:-1"},"canonical":"https:\/\/www.entreculturas.org\/fr\/noticia\/presentamos-el-informe-la-desproteccion-de-la-infancia-no-acompanada-en-frontera-espana-y\/","og_locale":"fr_FR","og_type":"article","og_title":"Presentamos el informe \u2018La desprotecci\u00f3n de la infancia no acompa\u00f1ada en frontera: Espa\u00f1a y M\u00e9xico, una misma realidad\u2019","og_description":"Con motivo del D\u00eda Internacional de las Personas Migrantes (que se celebra el pr\u00f3ximo 18 de diciembre), Entreculturas y Alboan, en colaboraci\u00f3n con el Servicio Jesuita a Migrantes (SJM) Espa\u00f1a, SJM M\u00e9xico y la Red de Documentaci\u00f3n de las Organizaciones Defensoras de Migrantes mexicanas (REDODEM) hemos presentado el informe \u2018La desprotecci\u00f3n de la infancia no acompa\u00f1ada en frontera: Espa\u00f1a y M\u00e9xico, una misma realidad\u2019. En \u00e9l se recogen testimonios y un an\u00e1lisis exhaustivo que constata lo necesario que es cumplir con los objetivos del Pacto Global para una migraci\u00f3n segura, regular y ordenada.","og_url":"https:\/\/www.entreculturas.org\/fr\/noticia\/presentamos-el-informe-la-desproteccion-de-la-infancia-no-acompanada-en-frontera-espana-y\/","og_site_name":"Entreculturas","article_publisher":"https:\/\/www.facebook.com\/entreculturas","article_modified_time":"2024-02-19T15:31:37+00:00","og_image":[{"width":800,"height":533,"url":"https:\/\/www.entreculturas.org\/wp-content\/uploads\/2021\/12\/copia_de_puerta_salida_-_redodem.jpg","type":"image\/jpeg"}],"twitter_card":"summary_large_image","twitter_site":"@Entreculturas","schema":{"@context":"https:\/\/schema.org","@graph":[{"@type":"WebPage","@id":"https:\/\/www.entreculturas.org\/fr\/noticia\/presentamos-el-informe-la-desproteccion-de-la-infancia-no-acompanada-en-frontera-espana-y\/","url":"https:\/\/www.entreculturas.org\/fr\/noticia\/presentamos-el-informe-la-desproteccion-de-la-infancia-no-acompanada-en-frontera-espana-y\/","name":"Presentamos el informe \u2018La desprotecci\u00f3n de la infancia no acompa\u00f1ada en frontera: Espa\u00f1a y M\u00e9xico, una misma realidad\u2019 - Entreculturas","isPartOf":{"@id":"https:\/\/www.entreculturas.org\/fr\/#website"},"primaryImageOfPage":{"@id":"https:\/\/www.entreculturas.org\/fr\/noticia\/presentamos-el-informe-la-desproteccion-de-la-infancia-no-acompanada-en-frontera-espana-y\/#primaryimage"},"image":{"@id":"https:\/\/www.entreculturas.org\/fr\/noticia\/presentamos-el-informe-la-desproteccion-de-la-infancia-no-acompanada-en-frontera-espana-y\/#primaryimage"},"thumbnailUrl":"https:\/\/www.entreculturas.org\/wp-content\/uploads\/2021\/12\/copia_de_puerta_salida_-_redodem.jpg","datePublished":"2021-12-16T13:10:59+00:00","dateModified":"2024-02-19T15:31:37+00:00","breadcrumb":{"@id":"https:\/\/www.entreculturas.org\/fr\/noticia\/presentamos-el-informe-la-desproteccion-de-la-infancia-no-acompanada-en-frontera-espana-y\/#breadcrumb"},"inLanguage":"fr-FR","potentialAction":[{"@type":"ReadAction","target":["https:\/\/www.entreculturas.org\/fr\/noticia\/presentamos-el-informe-la-desproteccion-de-la-infancia-no-acompanada-en-frontera-espana-y\/"]}]},{"@type":"ImageObject","inLanguage":"fr-FR","@id":"https:\/\/www.entreculturas.org\/fr\/noticia\/presentamos-el-informe-la-desproteccion-de-la-infancia-no-acompanada-en-frontera-espana-y\/#primaryimage","url":"https:\/\/www.entreculturas.org\/wp-content\/uploads\/2021\/12\/copia_de_puerta_salida_-_redodem.jpg","contentUrl":"https:\/\/www.entreculturas.org\/wp-content\/uploads\/2021\/12\/copia_de_puerta_salida_-_redodem.jpg","width":800,"height":533},{"@type":"BreadcrumbList","@id":"https:\/\/www.entreculturas.org\/fr\/noticia\/presentamos-el-informe-la-desproteccion-de-la-infancia-no-acompanada-en-frontera-espana-y\/#breadcrumb","itemListElement":[{"@type":"ListItem","position":1,"name":"Home","item":"https:\/\/www.entreculturas.org\/fr\/"},{"@type":"ListItem","position":2,"name":"Noticias","item":"https:\/\/www.entreculturas.org\/fr\/noticias\/"},{"@type":"ListItem","position":3,"name":"Presentamos el informe \u2018La desprotecci\u00f3n de la infancia no acompa\u00f1ada en frontera: Espa\u00f1a y M\u00e9xico, una misma realidad\u2019"}]},{"@type":"WebSite","@id":"https:\/\/www.entreculturas.org\/fr\/#website","url":"https:\/\/www.entreculturas.org\/fr\/","name":"Entreculturas","description":"","publisher":{"@id":"https:\/\/www.entreculturas.org\/fr\/#organization"},"alternateName":"Entreculturas","potentialAction":[{"@type":"SearchAction","target":{"@type":"EntryPoint","urlTemplate":"https:\/\/www.entreculturas.org\/fr\/?s={search_term_string}"},"query-input":{"@type":"PropertyValueSpecification","valueRequired":true,"valueName":"search_term_string"}}],"inLanguage":"fr-FR"},{"@type":"Organization","@id":"https:\/\/www.entreculturas.org\/fr\/#organization","name":"Entreculturas","url":"https:\/\/www.entreculturas.org\/fr\/","logo":{"@type":"ImageObject","inLanguage":"fr-FR","@id":"https:\/\/www.entreculturas.org\/fr\/#\/schema\/logo\/image\/","url":"https:\/\/www.entreculturas.org\/wp-content\/uploads\/2025\/10\/ESP.svg","contentUrl":"https:\/\/www.entreculturas.org\/wp-content\/uploads\/2025\/10\/ESP.svg","caption":"Entreculturas"},"image":{"@id":"https:\/\/www.entreculturas.org\/fr\/#\/schema\/logo\/image\/"},"sameAs":["https:\/\/www.facebook.com\/entreculturas","https:\/\/x.com\/Entreculturas","https:\/\/www.instagram.com\/entreculturas\/","https:\/\/www.youtube.com\/user\/entreculturasvideo","https:\/\/www.linkedin.com\/company\/fundacion-entreculturas-ngdo\/","https:\/\/www.flickr.com\/photos\/98455522@N04\/albums\/"]}]}},"_links":{"self":[{"href":"https:\/\/www.entreculturas.org\/fr\/wp-json\/wp\/v2\/noticia\/6356","targetHints":{"allow":["GET"]}}],"collection":[{"href":"https:\/\/www.entreculturas.org\/fr\/wp-json\/wp\/v2\/noticia"}],"about":[{"href":"https:\/\/www.entreculturas.org\/fr\/wp-json\/wp\/v2\/types\/noticia"}],"wp:featuredmedia":[{"embeddable":true,"href":"https:\/\/www.entreculturas.org\/fr\/wp-json\/wp\/v2\/media\/6355"}],"wp:attachment":[{"href":"https:\/\/www.entreculturas.org\/fr\/wp-json\/wp\/v2\/media?parent=6356"}],"wp:term":[{"taxonomy":"category","embeddable":true,"href":"https:\/\/www.entreculturas.org\/fr\/wp-json\/wp\/v2\/categories?post=6356"},{"taxonomy":"post_tag","embeddable":true,"href":"https:\/\/www.entreculturas.org\/fr\/wp-json\/wp\/v2\/tags?post=6356"},{"taxonomy":"country","embeddable":true,"href":"https:\/\/www.entreculturas.org\/fr\/wp-json\/wp\/v2\/country?post=6356"},{"taxonomy":"cause","embeddable":true,"href":"https:\/\/www.entreculturas.org\/fr\/wp-json\/wp\/v2\/cause?post=6356"}],"curies":[{"name":"wp","href":"https:\/\/api.w.org\/{rel}","templated":true}]}}