{"id":6312,"date":"2021-12-03T12:27:36","date_gmt":"2021-12-03T12:27:36","guid":{"rendered":"https:\/\/entreculturasi.wpenginepowered.com\/?noticias=apostar-por-el-voluntariado-internacional-fortalecer-la-cooperacion"},"modified":"2024-02-19T16:33:27","modified_gmt":"2024-02-19T15:33:27","slug":"apostar-por-el-voluntariado-internacional-fortalecer-la-cooperacion","status":"publish","type":"noticia","link":"https:\/\/www.entreculturas.org\/fr\/noticia\/apostar-por-el-voluntariado-internacional-fortalecer-la-cooperacion\/","title":{"rendered":"Apostar por el voluntariado internacional, fortalecer la cooperaci\u00f3n"},"content":{"rendered":"<p>Con motivo del D\u00eda Internacional del Voluntariado que se celebrar\u00e1 el pr\u00f3ximo 5 de diciembre, desde Entreculturas, en colaboraci\u00f3n con Alboan, la Coordinadora de Organizaciones para el Desarrollo y la Red de Entidades para el Desarrollo Solidario, organizamos&nbsp;un evento online titulado <a href=\"https:\/\/youtu.be\/gSfVdf9-I9w\" target=\"_blank\" rel=\"noopener\"><strong>\u201cApostar por el voluntariado internacional, fortalecer la cooperaci\u00f3n\u201d<\/strong><\/a> en el que participaron personas relacionadas con la Cooperaci\u00f3n al Desarrollo y el voluntariado internacional.<\/p>\n<p>Ana V\u00e1zquez, Coordinadora del programa VOLPA, fue la encargada de moderar el evento, dio paso a Ram\u00f3n Almansa, Director Ejecutivo de Entreculturas, que record\u00f3 que el voluntariado internacional se lleva valorando ya desde 1998 en la Ley de Cooperaci\u00f3n Internacional. \u201cDesde Entreculturas creemos que <strong>la elaboraci\u00f3n de la nueva Ley de Cooperaci\u00f3n Internacional es un momento \u00f3ptimo para redefinir, dignificar y potenciar el voluntariado internaciona<\/strong>l\u201d.&nbsp;<\/p>\n<p><strong>Marta Pedrajas, Coordinadora del \u00c1rea Fe y Desarrollo en el Dicasterio para el Servicio del Desarrollo Humano Integral Vaticano<\/strong>, hizo un diagn\u00f3stico de la realidad de nuestro mundo, \u201cturbulento y herido por la pandemia\u201d desde la visi\u00f3n de la carta enc\u00edclica Fratelli Tutti. Apunt\u00f3 que ante esta situaci\u00f3n \u201cdolorosa y vol\u00e1til, es necesario dar una respuesta\u201d. Considera que el voluntariado es \u201cuna soluci\u00f3n estructural para consolidar esta respuesta que se da a un mundo en crisis y que necesita un aporte solidario y nuevo\u201d, concluy\u00f3 su intervenci\u00f3n con el deseo de \u201ccrear espacios de voluntariado que faciliten la<strong> cultura de encuentro\u201d.<\/strong><\/p>\n<p>Ana V\u00e1zquez se\u00f1al\u00f3 que \u201cel voluntariado internacional en Espa\u00f1a cuenta con una trayectoria de m\u00e1s de sesenta a\u00f1os, sin embargo, <strong>dentro del marco europeo de cooperaci\u00f3n se encuentra desprotegido<\/strong> en comparaci\u00f3n con pa\u00edses como Francia, Alemania e Italia, en cuyas pol\u00edticas de cooperaci\u00f3n est\u00e1 recogido el voluntariado internacional\u201d. Ana dio paso a la mesa redonda que moder\u00f3 Gemma L\u00f3pez que fue voluntaria internacional en Nicaragua y actualmente trabaja en Entreculturas coordinando el Departamento de Am\u00e9rica Latina y Caribe.<\/p>\n<\/p>\n<p><strong>Teresa Gonz\u00e1lez, Coordinadora del voluntariado en Intered y del grupo de Voluntariado de la Coordinadora de ONG para el Desarrollo<\/strong>, se\u00f1al\u00f3 los cambios del voluntariado en los \u00faltimos a\u00f1os. \u201cLa sociedad ha cambiado mucho, pero hay motivaciones de fondo que no han cambiado, est\u00e1n ah\u00ed. Como el deseo de lo comunitario\u201d. Tambi\u00e9n coment\u00f3 que han emergido motivaciones nuevas \u201ccomo el <strong>deseo de movilidad, la mirada y pertenencia a una ciudadan\u00eda global, la mejora de la competencia profesiona<\/strong>l&#8230;\u201d. Teresa tiene el convencimiento de que el voluntariado es el \u201chumus de la reforma del sistema de la ayuda, la m\u00e1xima expresi\u00f3n de la sociedad civil organizada para empujar la transformaci\u00f3n del mundo que queremos\u201d.&nbsp; Tambi\u00e9n apunt\u00f3 que el voluntariado ha sido fuente de vocaciones en el sector, hay muchas personas que vienen de vivir experiencias de voluntariado y se profesionalizan en la cooperaci\u00f3n.&nbsp;<\/p>\n<p><strong>Miren Mendiluce fue voluntaria VOLPA y ahora es encargada de Finanzas Programa Mundial de Alimentos de Naciones Unidas<\/strong>. Destac\u00f3 que su \u00e9poca como VOLPA en Burundi fue un \u201ctrampol\u00edn para descubrir mi profesi\u00f3n\u201d. \u201cLo que has vivido es una parte de quien eres, eso tiene impacto en todo lo que haces en tu vida. Estas experiencias marcan mucho\u201d. Tambi\u00e9n cree muy importante acompa\u00f1ar los procesos de retorno \u201cmuchas veces las personas durante su voluntariado cambian muy de base, se sienten fuera de lugar. <strong>Al volver es interesante acompa\u00f1ar y entender desde el agradecimiento lo vivido\u201d.<\/strong><\/p>\n<p>Desde Brasil, <strong>Agnaldo Junior, director del Servicio Jesuita a Migrantes y Refugiados de Brasil<\/strong>, habl\u00f3 del papel que juegan las personas voluntarias y el impacto que tienen en las organizaciones de acogida. Hizo \u00e9nfasis en la riqueza de la<strong> interculturalidad. \u201cCreo en la fuerza&nbsp;que aporta el voluntariado internacional <\/strong>por lo que supone de intercambio de saberes, de compartir buenas pr\u00e1cticas de trabajo, pr\u00e1cticas novedosas&#8230;\u00a0\u00bb.<\/p>\n<p><strong>Gemma L\u00f3pez<\/strong> cit\u00f3 a Ant\u00f3nio Guterres, secretario de Naciones Unidas que defini\u00f3 el voluntariado como \u201cun potente y transversal medio de implementaci\u00f3n de los ODS, <strong>moviliza a las sociedades<\/strong>, mejora la gobernanza, promueve la paz, el desarrollo, facilita el cambio de mentalidad, genera conciencia\u2026\u201d.&nbsp;<\/p>\n<p><strong>Miriam Benterrak, jefa del departamento de ONGD de AECID<\/strong>, afirm\u00f3 \u201cdesde la AECID <strong>tenemos el cometido de apoyar todos aquellos procesos que mejoren y aborden la cooperaci\u00f3n, uno de ellos es el voluntariado internacional\u201d<\/strong>. \u201cNuestra normativa recoge el voluntariado internacional de manera dispersa\u201d, agreg\u00f3.<\/p>\n<p><img decoding=\"async\" alt=\"\" src=\"https:\/\/www.entreculturas.org\/wp-content\/uploads\/2021\/12\/jaime_en_el_campament.jpg\" style=\"width: 800px;height: 533px\"><\/p>\n<p><strong>Sonia Fern\u00e1ndez, Coordinadora del \u00c1rea de Personas y Equipos de Entreculturas<\/strong>, concluy\u00f3 agradeciendo a las participantes y cerr\u00f3 el acto con una s\u00edntesis de los temas tratados. \u201cEl voluntariado internacional es Cooperaci\u00f3n y muchos son los motivos que estamos exponiendo hoy aqu\u00ed para apostar por \u00e9l. Apostamos por el voluntariado porque creemos que es una <strong>escuela de ciudadan\u00eda y participaci\u00f3n<\/strong>\u201d. \u201cPonemos en la mesa el voluntariado internacional de larga duraci\u00f3n porque entendemos que debe tener una regulaci\u00f3n espec\u00edfica\u201d. Sonia se\u00f1al\u00f3 las necesidades que actualmente tiene el voluntariado y la importancia de contar con un reglamento coherente. \u201cEs fundamental financiar programas de voluntariado internacional que sean sostenible para las organizaciones\u201d. \u201cNo pedimos algo excepcional, invitamos a ver pr\u00e1cticas de pa\u00edses vecinos que cuentan con un marco legal.<strong> Necesitamos un voluntariado dignificado, rico y fuerte<\/strong>\u201d, agreg\u00f3.<\/p>\n","protected":false},"excerpt":{"rendered":"<p>Con motivo del D\u00eda Internacional del Voluntariado que se celebrar\u00e1 el pr\u00f3ximo 5 de diciembre, desde Entreculturas, en colaboraci\u00f3n con Alboan, la Coordinadora de Organizaciones para el Desarrollo y la Red de Entidades para el Desarrollo Solidario, organizamos un evento online titulado \u201cApostar por el voluntariado internacional, fortalecer la cooperaci\u00f3n\u201d en el que participaron personas relacionadas con la Cooperaci\u00f3n al Desarrollo y el voluntariado internacional.<\/p>\n","protected":false},"featured_media":6310,"template":"single-noticia","meta":{"_acf_changed":false},"categories":[7],"tags":[8],"country":[],"cause":[132],"class_list":["post-6312","noticia","type-noticia","status-publish","has-post-thumbnail","hentry","category-noticia","tag-participacion-y-ciudadania-global","cause-participacion-y-ciudadania-global"],"acf":[],"yoast_head":"<!-- This site is optimized with the Yoast SEO Premium plugin v21.6 (Yoast SEO v27.5) - https:\/\/yoast.com\/product\/yoast-seo-premium-wordpress\/ -->\n<title>Apostar por el voluntariado internacional, fortalecer la cooperaci\u00f3n - Entreculturas<\/title>\n<meta name=\"robots\" content=\"index, follow, max-snippet:-1, max-image-preview:large, max-video-preview:-1\" \/>\n<link rel=\"canonical\" href=\"https:\/\/www.entreculturas.org\/fr\/noticia\/apostar-por-el-voluntariado-internacional-fortalecer-la-cooperacion\/\" \/>\n<meta property=\"og:locale\" content=\"fr_FR\" \/>\n<meta property=\"og:type\" content=\"article\" \/>\n<meta property=\"og:title\" content=\"Apostar por el voluntariado internacional, fortalecer la cooperaci\u00f3n\" \/>\n<meta property=\"og:description\" content=\"Con motivo del D\u00eda Internacional del Voluntariado que se celebrar\u00e1 el pr\u00f3ximo 5 de diciembre, desde Entreculturas, en colaboraci\u00f3n con Alboan, la Coordinadora de Organizaciones para el Desarrollo y la Red de Entidades para el Desarrollo Solidario, organizamos un evento online titulado \u201cApostar por el voluntariado internacional, fortalecer la cooperaci\u00f3n\u201d en el que participaron personas relacionadas con la Cooperaci\u00f3n al Desarrollo y el voluntariado internacional.\" \/>\n<meta property=\"og:url\" content=\"https:\/\/www.entreculturas.org\/fr\/noticia\/apostar-por-el-voluntariado-internacional-fortalecer-la-cooperacion\/\" \/>\n<meta property=\"og:site_name\" content=\"Entreculturas\" \/>\n<meta property=\"article:publisher\" content=\"https:\/\/www.facebook.com\/entreculturas\" \/>\n<meta property=\"article:modified_time\" content=\"2024-02-19T15:33:27+00:00\" \/>\n<meta property=\"og:image\" content=\"https:\/\/www.entreculturas.org\/wp-content\/uploads\/2021\/12\/jaime_en_el_campament.jpg\" \/>\n\t<meta property=\"og:image:width\" content=\"960\" \/>\n\t<meta property=\"og:image:height\" content=\"640\" \/>\n\t<meta property=\"og:image:type\" content=\"image\/jpeg\" \/>\n<meta name=\"twitter:card\" content=\"summary_large_image\" \/>\n<meta name=\"twitter:site\" content=\"@Entreculturas\" \/>\n<script type=\"application\/ld+json\" class=\"yoast-schema-graph\">{\"@context\":\"https:\\\/\\\/schema.org\",\"@graph\":[{\"@type\":\"WebPage\",\"@id\":\"https:\\\/\\\/www.entreculturas.org\\\/fr\\\/noticia\\\/apostar-por-el-voluntariado-internacional-fortalecer-la-cooperacion\\\/\",\"url\":\"https:\\\/\\\/www.entreculturas.org\\\/fr\\\/noticia\\\/apostar-por-el-voluntariado-internacional-fortalecer-la-cooperacion\\\/\",\"name\":\"Apostar por el voluntariado internacional, fortalecer la cooperaci\u00f3n - Entreculturas\",\"isPartOf\":{\"@id\":\"https:\\\/\\\/www.entreculturas.org\\\/fr\\\/#website\"},\"primaryImageOfPage\":{\"@id\":\"https:\\\/\\\/www.entreculturas.org\\\/fr\\\/noticia\\\/apostar-por-el-voluntariado-internacional-fortalecer-la-cooperacion\\\/#primaryimage\"},\"image\":{\"@id\":\"https:\\\/\\\/www.entreculturas.org\\\/fr\\\/noticia\\\/apostar-por-el-voluntariado-internacional-fortalecer-la-cooperacion\\\/#primaryimage\"},\"thumbnailUrl\":\"https:\\\/\\\/www.entreculturas.org\\\/wp-content\\\/uploads\\\/2021\\\/12\\\/jaime_en_el_campament.jpg\",\"datePublished\":\"2021-12-03T12:27:36+00:00\",\"dateModified\":\"2024-02-19T15:33:27+00:00\",\"breadcrumb\":{\"@id\":\"https:\\\/\\\/www.entreculturas.org\\\/fr\\\/noticia\\\/apostar-por-el-voluntariado-internacional-fortalecer-la-cooperacion\\\/#breadcrumb\"},\"inLanguage\":\"fr-FR\",\"potentialAction\":[{\"@type\":\"ReadAction\",\"target\":[\"https:\\\/\\\/www.entreculturas.org\\\/fr\\\/noticia\\\/apostar-por-el-voluntariado-internacional-fortalecer-la-cooperacion\\\/\"]}]},{\"@type\":\"ImageObject\",\"inLanguage\":\"fr-FR\",\"@id\":\"https:\\\/\\\/www.entreculturas.org\\\/fr\\\/noticia\\\/apostar-por-el-voluntariado-internacional-fortalecer-la-cooperacion\\\/#primaryimage\",\"url\":\"https:\\\/\\\/www.entreculturas.org\\\/wp-content\\\/uploads\\\/2021\\\/12\\\/jaime_en_el_campament.jpg\",\"contentUrl\":\"https:\\\/\\\/www.entreculturas.org\\\/wp-content\\\/uploads\\\/2021\\\/12\\\/jaime_en_el_campament.jpg\",\"width\":960,\"height\":640},{\"@type\":\"BreadcrumbList\",\"@id\":\"https:\\\/\\\/www.entreculturas.org\\\/fr\\\/noticia\\\/apostar-por-el-voluntariado-internacional-fortalecer-la-cooperacion\\\/#breadcrumb\",\"itemListElement\":[{\"@type\":\"ListItem\",\"position\":1,\"name\":\"Home\",\"item\":\"https:\\\/\\\/www.entreculturas.org\\\/fr\\\/\"},{\"@type\":\"ListItem\",\"position\":2,\"name\":\"Noticias\",\"item\":\"https:\\\/\\\/www.entreculturas.org\\\/fr\\\/noticias\\\/\"},{\"@type\":\"ListItem\",\"position\":3,\"name\":\"Apostar por el voluntariado internacional, fortalecer la cooperaci\u00f3n\"}]},{\"@type\":\"WebSite\",\"@id\":\"https:\\\/\\\/www.entreculturas.org\\\/fr\\\/#website\",\"url\":\"https:\\\/\\\/www.entreculturas.org\\\/fr\\\/\",\"name\":\"Entreculturas\",\"description\":\"\",\"publisher\":{\"@id\":\"https:\\\/\\\/www.entreculturas.org\\\/fr\\\/#organization\"},\"alternateName\":\"Entreculturas\",\"potentialAction\":[{\"@type\":\"SearchAction\",\"target\":{\"@type\":\"EntryPoint\",\"urlTemplate\":\"https:\\\/\\\/www.entreculturas.org\\\/fr\\\/?s={search_term_string}\"},\"query-input\":{\"@type\":\"PropertyValueSpecification\",\"valueRequired\":true,\"valueName\":\"search_term_string\"}}],\"inLanguage\":\"fr-FR\"},{\"@type\":\"Organization\",\"@id\":\"https:\\\/\\\/www.entreculturas.org\\\/fr\\\/#organization\",\"name\":\"Entreculturas\",\"url\":\"https:\\\/\\\/www.entreculturas.org\\\/fr\\\/\",\"logo\":{\"@type\":\"ImageObject\",\"inLanguage\":\"fr-FR\",\"@id\":\"https:\\\/\\\/www.entreculturas.org\\\/fr\\\/#\\\/schema\\\/logo\\\/image\\\/\",\"url\":\"https:\\\/\\\/www.entreculturas.org\\\/wp-content\\\/uploads\\\/2025\\\/10\\\/ESP.svg\",\"contentUrl\":\"https:\\\/\\\/www.entreculturas.org\\\/wp-content\\\/uploads\\\/2025\\\/10\\\/ESP.svg\",\"caption\":\"Entreculturas\"},\"image\":{\"@id\":\"https:\\\/\\\/www.entreculturas.org\\\/fr\\\/#\\\/schema\\\/logo\\\/image\\\/\"},\"sameAs\":[\"https:\\\/\\\/www.facebook.com\\\/entreculturas\",\"https:\\\/\\\/x.com\\\/Entreculturas\",\"https:\\\/\\\/www.instagram.com\\\/entreculturas\\\/\",\"https:\\\/\\\/www.youtube.com\\\/user\\\/entreculturasvideo\",\"https:\\\/\\\/www.linkedin.com\\\/company\\\/fundacion-entreculturas-ngdo\\\/\",\"https:\\\/\\\/www.flickr.com\\\/photos\\\/98455522@N04\\\/albums\\\/\"]}]}<\/script>\n<!-- \/ Yoast SEO Premium plugin. -->","yoast_head_json":{"title":"Apostar por el voluntariado internacional, fortalecer la cooperaci\u00f3n - Entreculturas","robots":{"index":"index","follow":"follow","max-snippet":"max-snippet:-1","max-image-preview":"max-image-preview:large","max-video-preview":"max-video-preview:-1"},"canonical":"https:\/\/www.entreculturas.org\/fr\/noticia\/apostar-por-el-voluntariado-internacional-fortalecer-la-cooperacion\/","og_locale":"fr_FR","og_type":"article","og_title":"Apostar por el voluntariado internacional, fortalecer la cooperaci\u00f3n","og_description":"Con motivo del D\u00eda Internacional del Voluntariado que se celebrar\u00e1 el pr\u00f3ximo 5 de diciembre, desde Entreculturas, en colaboraci\u00f3n con Alboan, la Coordinadora de Organizaciones para el Desarrollo y la Red de Entidades para el Desarrollo Solidario, organizamos un evento online titulado \u201cApostar por el voluntariado internacional, fortalecer la cooperaci\u00f3n\u201d en el que participaron personas relacionadas con la Cooperaci\u00f3n al Desarrollo y el voluntariado internacional.","og_url":"https:\/\/www.entreculturas.org\/fr\/noticia\/apostar-por-el-voluntariado-internacional-fortalecer-la-cooperacion\/","og_site_name":"Entreculturas","article_publisher":"https:\/\/www.facebook.com\/entreculturas","article_modified_time":"2024-02-19T15:33:27+00:00","og_image":[{"width":960,"height":640,"url":"https:\/\/www.entreculturas.org\/wp-content\/uploads\/2021\/12\/jaime_en_el_campament.jpg","type":"image\/jpeg"}],"twitter_card":"summary_large_image","twitter_site":"@Entreculturas","schema":{"@context":"https:\/\/schema.org","@graph":[{"@type":"WebPage","@id":"https:\/\/www.entreculturas.org\/fr\/noticia\/apostar-por-el-voluntariado-internacional-fortalecer-la-cooperacion\/","url":"https:\/\/www.entreculturas.org\/fr\/noticia\/apostar-por-el-voluntariado-internacional-fortalecer-la-cooperacion\/","name":"Apostar por el voluntariado internacional, fortalecer la cooperaci\u00f3n - Entreculturas","isPartOf":{"@id":"https:\/\/www.entreculturas.org\/fr\/#website"},"primaryImageOfPage":{"@id":"https:\/\/www.entreculturas.org\/fr\/noticia\/apostar-por-el-voluntariado-internacional-fortalecer-la-cooperacion\/#primaryimage"},"image":{"@id":"https:\/\/www.entreculturas.org\/fr\/noticia\/apostar-por-el-voluntariado-internacional-fortalecer-la-cooperacion\/#primaryimage"},"thumbnailUrl":"https:\/\/www.entreculturas.org\/wp-content\/uploads\/2021\/12\/jaime_en_el_campament.jpg","datePublished":"2021-12-03T12:27:36+00:00","dateModified":"2024-02-19T15:33:27+00:00","breadcrumb":{"@id":"https:\/\/www.entreculturas.org\/fr\/noticia\/apostar-por-el-voluntariado-internacional-fortalecer-la-cooperacion\/#breadcrumb"},"inLanguage":"fr-FR","potentialAction":[{"@type":"ReadAction","target":["https:\/\/www.entreculturas.org\/fr\/noticia\/apostar-por-el-voluntariado-internacional-fortalecer-la-cooperacion\/"]}]},{"@type":"ImageObject","inLanguage":"fr-FR","@id":"https:\/\/www.entreculturas.org\/fr\/noticia\/apostar-por-el-voluntariado-internacional-fortalecer-la-cooperacion\/#primaryimage","url":"https:\/\/www.entreculturas.org\/wp-content\/uploads\/2021\/12\/jaime_en_el_campament.jpg","contentUrl":"https:\/\/www.entreculturas.org\/wp-content\/uploads\/2021\/12\/jaime_en_el_campament.jpg","width":960,"height":640},{"@type":"BreadcrumbList","@id":"https:\/\/www.entreculturas.org\/fr\/noticia\/apostar-por-el-voluntariado-internacional-fortalecer-la-cooperacion\/#breadcrumb","itemListElement":[{"@type":"ListItem","position":1,"name":"Home","item":"https:\/\/www.entreculturas.org\/fr\/"},{"@type":"ListItem","position":2,"name":"Noticias","item":"https:\/\/www.entreculturas.org\/fr\/noticias\/"},{"@type":"ListItem","position":3,"name":"Apostar por el voluntariado internacional, fortalecer la cooperaci\u00f3n"}]},{"@type":"WebSite","@id":"https:\/\/www.entreculturas.org\/fr\/#website","url":"https:\/\/www.entreculturas.org\/fr\/","name":"Entreculturas","description":"","publisher":{"@id":"https:\/\/www.entreculturas.org\/fr\/#organization"},"alternateName":"Entreculturas","potentialAction":[{"@type":"SearchAction","target":{"@type":"EntryPoint","urlTemplate":"https:\/\/www.entreculturas.org\/fr\/?s={search_term_string}"},"query-input":{"@type":"PropertyValueSpecification","valueRequired":true,"valueName":"search_term_string"}}],"inLanguage":"fr-FR"},{"@type":"Organization","@id":"https:\/\/www.entreculturas.org\/fr\/#organization","name":"Entreculturas","url":"https:\/\/www.entreculturas.org\/fr\/","logo":{"@type":"ImageObject","inLanguage":"fr-FR","@id":"https:\/\/www.entreculturas.org\/fr\/#\/schema\/logo\/image\/","url":"https:\/\/www.entreculturas.org\/wp-content\/uploads\/2025\/10\/ESP.svg","contentUrl":"https:\/\/www.entreculturas.org\/wp-content\/uploads\/2025\/10\/ESP.svg","caption":"Entreculturas"},"image":{"@id":"https:\/\/www.entreculturas.org\/fr\/#\/schema\/logo\/image\/"},"sameAs":["https:\/\/www.facebook.com\/entreculturas","https:\/\/x.com\/Entreculturas","https:\/\/www.instagram.com\/entreculturas\/","https:\/\/www.youtube.com\/user\/entreculturasvideo","https:\/\/www.linkedin.com\/company\/fundacion-entreculturas-ngdo\/","https:\/\/www.flickr.com\/photos\/98455522@N04\/albums\/"]}]}},"_links":{"self":[{"href":"https:\/\/www.entreculturas.org\/fr\/wp-json\/wp\/v2\/noticia\/6312","targetHints":{"allow":["GET"]}}],"collection":[{"href":"https:\/\/www.entreculturas.org\/fr\/wp-json\/wp\/v2\/noticia"}],"about":[{"href":"https:\/\/www.entreculturas.org\/fr\/wp-json\/wp\/v2\/types\/noticia"}],"wp:featuredmedia":[{"embeddable":true,"href":"https:\/\/www.entreculturas.org\/fr\/wp-json\/wp\/v2\/media\/6310"}],"wp:attachment":[{"href":"https:\/\/www.entreculturas.org\/fr\/wp-json\/wp\/v2\/media?parent=6312"}],"wp:term":[{"taxonomy":"category","embeddable":true,"href":"https:\/\/www.entreculturas.org\/fr\/wp-json\/wp\/v2\/categories?post=6312"},{"taxonomy":"post_tag","embeddable":true,"href":"https:\/\/www.entreculturas.org\/fr\/wp-json\/wp\/v2\/tags?post=6312"},{"taxonomy":"country","embeddable":true,"href":"https:\/\/www.entreculturas.org\/fr\/wp-json\/wp\/v2\/country?post=6312"},{"taxonomy":"cause","embeddable":true,"href":"https:\/\/www.entreculturas.org\/fr\/wp-json\/wp\/v2\/cause?post=6312"}],"curies":[{"name":"wp","href":"https:\/\/api.w.org\/{rel}","templated":true}]}}