{"id":6272,"date":"2021-11-16T11:35:55","date_gmt":"2021-11-16T11:35:55","guid":{"rendered":"https:\/\/entreculturasi.wpenginepowered.com\/?noticias=seguimos-apoyando-honduras-un-ano-despues-de-los-huracanes-eta-e-iota"},"modified":"2024-02-19T16:36:41","modified_gmt":"2024-02-19T15:36:41","slug":"seguimos-apoyando-honduras-un-ano-despues-de-los-huracanes-eta-e-iota","status":"publish","type":"noticia","link":"https:\/\/www.entreculturas.org\/fr\/noticia\/seguimos-apoyando-honduras-un-ano-despues-de-los-huracanes-eta-e-iota\/","title":{"rendered":"SEGUIMOS APOYANDO A HONDURAS UN A\u00d1O DESPU\u00c9S DE LOS HURACANES ETA E IOTA"},"content":{"rendered":"<p>En noviembre de 2020, los huracanes ETA e IOTA azotaron Centroam\u00e9rica, particularmente los pa\u00edses de Honduras, Guatemala y Nicaragua. Un a\u00f1o despu\u00e9s, la mayor\u00eda de las familias afectadas <strong>se enfrentan a\u00fan al desaf\u00edo de reconstruir sus vidas<\/strong>, ya de por s\u00ed dif\u00edciles antes de la cat\u00e1strofe.&nbsp;<\/p>\n<\/p>\n<p>En Honduras, los huracanes ocasionaron un aumento en el nivel de los r\u00edos, inundaciones y deslizamientos de tierra, siendo el fen\u00f3meno natural m\u00e1s severo que han vivido en m\u00e1s de 20 a\u00f1os. <strong>ETA e IOTA se cobraron la vida de m\u00e1s de 100 personas y dejaron miles de personas desplazadas<\/strong>. Todo esto ha agravado a\u00fan m\u00e1s las necesidades humanitarias en el pa\u00eds, donde 1,65 millones de personas ya estaban en un estado de inseguridad alimentaria aguda, seg\u00fan la Clasificaci\u00f3n Integrada de las Fases de la Seguridad Alimentaria.&nbsp;<\/p>\n<p>La dram\u00e1tica situaci\u00f3n vivida en 2020 supuso<strong> grandes p\u00e9rdidas econ\u00f3micas y materiales, secuelas psicol\u00f3gicas entre la poblaci\u00f3n, falta de acceso a agua, electricidad, alimentos y otros servicios b\u00e1sicos<\/strong>, algo que est\u00e1 afectando con especial fuerza a los colectivos m\u00e1s vulnerables. A esta situaci\u00f3n se suma la crisis econ\u00f3mica provocada por la COVID-19, lo que est\u00e1 aumentando la oleada migratoria que experimenta el pa\u00eds, obligando a muchas m\u00e1s personas a abandonar sus hogares en busca de oportunidades.&nbsp;<\/p>\n<p>Desde que estall\u00f3 la emergencia, las organizaciones de la Compa\u00f1\u00eda de Jes\u00fas (entre las que nos encontramos <strong>Alboan y Entreculturas<\/strong>) junto con otras organizaciones e iniciativas familiares, nos organizamos y articulamos en torno a la plataforma REDES (Red de Emergencia y Solidaridad), en la que el ERIC&nbsp; (instituci\u00f3n socia) tambi\u00e9n fue muy activo en la organizaci\u00f3n y distribuci\u00f3n de la ayuda. Adem\u00e1s hemos apoyado a Fe y Alegr\u00eda Honduras y a Fe y Alegr\u00eda Guatemala.<\/p>\n<p>La respuesta inmediata se centr\u00f3 en la <strong>atenci\u00f3n de las necesidades b\u00e1sicas, como bioseguridad para prevenir la COVID-19, acceso al agua, alimentos, mantas o ropa<\/strong>, especialmente de las personas m\u00e1s vulnerables, cuya situaci\u00f3n se ha visto agravada con la irrupci\u00f3n de las tormentas.<\/p>\n<p>A pesar de que ha pasado casi un a\u00f1o desde que ETA e IOTA arrasaran Honduras, <strong>la recuperaci\u00f3n est\u00e1 siendo lenta<\/strong>. Por eso, actualmente, <strong>junto a Fe y Alegr\u00eda seguimos apoyando a m\u00e1s de 12.500 personas<\/strong>, particularmente a aquellas que han perdido lo poco que ten\u00edan y a algunas familias que a\u00fan no han logrado regresar a sus casas debido a que algunas comunidades contin\u00faan afectadas y sin acceso a los servicios b\u00e1sicos.&nbsp;<\/p>\n<p>&nbsp;<\/p>\n<p><span style=\"color:#FF0000\"><strong>Mario, 12 a\u00f1os,&nbsp; El Progreso (Honduras).&nbsp;<\/strong><\/span><\/p>\n<p><\/p>\n<p>Antes de las tormentas, Mario recib\u00eda clases virtuales debido al cierre de las escuelas por la COVID-19. Recientemente, ha retomado las clases online, pero como su madre cuenta son muchas las comunidades en las que, tras los huracanes, a\u00fan no han podido tener acceso a internet ni electricidad, lo que supone un gran retroceso, en un sistema educativo ya de por s\u00ed d\u00e9bil, para muchos ni\u00f1os y ni\u00f1as que encuentran en la escuela su \u00fanico refugio.&nbsp;<\/p>\n<p>\u201cYo solo tuve l\u00e1stima porque murieron los animales que yo quer\u00eda. Perd\u00ed la ropa y los zapatos, lo \u00fanico que pude sacar fueron unas cuantas mudadas y a mi perro, solo eso pude sacar. Tuve que ir a traer a mi perro porque se me hab\u00eda ido nadando para otro lado, pero lo traje de vuelta para la casa. Lo \u00fanico que yo deseaba era que el agua parara para poder volver a nuestra casa. Tengo miedo porque dicen que el r\u00edo est\u00e1 muy crecido, tengo miedo de que se vuelva a salir el agua y vuelva a pasar lo mismo\u201d.<\/p>\n<p>&nbsp;<\/p>\n<p><span style=\"color:#FF0000\"><strong>Marta Idalia, El Para\u00edso (Honduras)<\/strong><\/span><\/p>\n<p><img decoding=\"async\" alt=\"\" src=\"https:\/\/www.entreculturas.org\/wp-content\/uploads\/2021\/11\/img_3737_copia.jpg\" style=\"width: 800px;height: 533px\"><\/p>\n<p>\u201cNadie lo cre\u00eda porque nunca hab\u00edamos visto algo as\u00ed, empez\u00f3 a llover y a las pocas horas el r\u00edo se hab\u00eda desbordado, tuvimos que salir de nuestras casas. A las 6 de la ma\u00f1ana nuestras casas estaban ya tapadas, hab\u00edamos perdido todo. Ya solamente est\u00e1bamos en el bordo del r\u00edo pidi\u00e9ndole a Dios que nos guardara porque ten\u00edamos el r\u00edo atr\u00e1s de nosotros\u201d.&nbsp;<\/p>\n<p>Marta Idalia tiene 38 a\u00f1os y es presidenta del patronato de su comunidad, El Para\u00edso. A trav\u00e9s de su rol de presidenta se dedica a ayudar a sus vecinos en cualquier cosa que sea necesaria, ya que siempre le ha gustado servir a los dem\u00e1s, pero ahora, dice, es m\u00e1s necesario que nunca. Ella perdi\u00f3 su casa en noviembre de 2020, cuando fue completamente destru\u00edda por los huracanes, una casa que construy\u00f3 poco a poco con sus propias manos y que acababa de terminar tan solo dos meses antes de lo ocurrido.&nbsp; Ahora, vive en casa de su madre, con sus dos hijos y un hermano, y sue\u00f1a con poder volver a levantar un d\u00eda su casa de nuevo, aunque con el miedo permanente a un nuevo hurac\u00e1n.&nbsp;<\/p>\n<p>\u201cMe qued\u00e9 en el bordo del r\u00edo durante un mes, no regresamos a casa hasta el cinco de diciembre, pero todo destruido, sin nada, dorm\u00edamos en el suelo. Es bastante triste llegar a la casa de vuelta y sin saber c\u00f3mo empezar de nuevo, pero poco a poco ah\u00ed vamos luchando para seguir\u201d.&nbsp;<\/p>\n<p>&nbsp;<\/p>\n<p><img decoding=\"async\" alt=\"\" height=\"533\" src=\"https:\/\/www.entreculturas.org\/wp-content\/uploads\/2021\/11\/img_3671_copia.jpg\" width=\"800\"><\/p>\n<p>Julio C\u00e9sar pertenece a la colonia de Voluntades Unidas, una peque\u00f1a comunidad que se encuentra entre las m\u00e1s afectadas por las inundaciones, al estar muy cerca de varios r\u00edos. Como \u00e9l mismo nos cuenta, Voluntades Unidas, ni siquiera aparece en el mapa, lo que dificulta mucho el acceso y la atenci\u00f3n que reciben ante cat\u00e1strofes como esta. Junto a Fe y Alegr\u00eda, trabajamos especialmente en estas peque\u00f1as comunidades rurales de dif\u00edcil acceso para poder brindarles apoyo mediante kits de higiene, reparto de v\u00edveres o tareas de reconstrucci\u00f3n y rehabilitaci\u00f3n.<\/p>\n<p>\u201cLa respuesta de Fe y Alegr\u00eda fue muy r\u00e1pida y agradecemos profundamente todo el apoyo que ellos nos han dado, econ\u00f3mico, v\u00edveres, higiene, charlas\u2026 todo nos ha servido bastante\u201d.&nbsp;<\/p>\n<p>Julio vive con su esposa Doris y sus hijos de 9 y 11 a\u00f1os. Se dedican principalmente a la agricultura y tienen un peque\u00f1o kiosko en el patio de su casa para poder obtener algunos ingresos extra, ya que la agricultura ha sido uno de los sectores m\u00e1s afectados por las inundaciones.<\/p>\n<p>\u201cCuando fuimos al puente a ver el agua ya ven\u00eda hacia nosotros, solo tuve el tiempo de venir a casa para decirle a la familia que nos \u00edbamos. Si no nos movemos de aqu\u00ed no nos hubi\u00e9ramos salvado. Hab\u00eda algunos se\u00f1ores de la tercera edad, uno de ellos enfermo de los pies que no quer\u00eda irse y tuve que llev\u00e1rmelo en el \u00faltimo momento en lancha\u201d.<\/p>\n","protected":false},"excerpt":{"rendered":"<p>En noviembre de 2020, los huracanes ETA e IOTA azotaron Centroam\u00e9rica, particularmente los pa\u00edses de Honduras, Guatemala y Nicaragua. Un a\u00f1o despu\u00e9s, la mayor\u00eda de las familias afectadas se enfrentan a\u00fan al desaf\u00edo de reconstruir sus vidas, ya de por s\u00ed dif\u00edciles antes de la cat\u00e1strofe. <\/p>\n","protected":false},"featured_media":6270,"template":"single-noticia","meta":{"_acf_changed":false},"categories":[7],"tags":[8],"country":[146],"cause":[132],"class_list":["post-6272","noticia","type-noticia","status-publish","has-post-thumbnail","hentry","category-noticia","tag-participacion-y-ciudadania-global","country-honduras","cause-participacion-y-ciudadania-global"],"acf":[],"yoast_head":"<!-- This site is optimized with the Yoast SEO Premium plugin v21.6 (Yoast SEO v27.5) - https:\/\/yoast.com\/product\/yoast-seo-premium-wordpress\/ -->\n<title>SEGUIMOS APOYANDO A HONDURAS UN A\u00d1O DESPU\u00c9S DE LOS HURACANES ETA E IOTA - Entreculturas<\/title>\n<meta name=\"robots\" content=\"index, follow, max-snippet:-1, max-image-preview:large, max-video-preview:-1\" \/>\n<link rel=\"canonical\" href=\"https:\/\/www.entreculturas.org\/fr\/noticia\/seguimos-apoyando-honduras-un-ano-despues-de-los-huracanes-eta-e-iota\/\" \/>\n<meta property=\"og:locale\" content=\"fr_FR\" \/>\n<meta property=\"og:type\" content=\"article\" \/>\n<meta property=\"og:title\" content=\"SEGUIMOS APOYANDO A HONDURAS UN A\u00d1O DESPU\u00c9S DE LOS HURACANES ETA E IOTA\" \/>\n<meta property=\"og:description\" content=\"En noviembre de 2020, los huracanes ETA e IOTA azotaron Centroam\u00e9rica, particularmente los pa\u00edses de Honduras, Guatemala y Nicaragua. Un a\u00f1o despu\u00e9s, la mayor\u00eda de las familias afectadas se enfrentan a\u00fan al desaf\u00edo de reconstruir sus vidas, ya de por s\u00ed dif\u00edciles antes de la cat\u00e1strofe.\" \/>\n<meta property=\"og:url\" content=\"https:\/\/www.entreculturas.org\/fr\/noticia\/seguimos-apoyando-honduras-un-ano-despues-de-los-huracanes-eta-e-iota\/\" \/>\n<meta property=\"og:site_name\" content=\"Entreculturas\" \/>\n<meta property=\"article:publisher\" content=\"https:\/\/www.facebook.com\/entreculturas\" \/>\n<meta property=\"article:modified_time\" content=\"2024-02-19T15:36:41+00:00\" \/>\n<meta property=\"og:image\" content=\"https:\/\/www.entreculturas.org\/wp-content\/uploads\/2021\/11\/img_3737_copia.jpg\" \/>\n\t<meta property=\"og:image:width\" content=\"800\" \/>\n\t<meta property=\"og:image:height\" content=\"533\" \/>\n\t<meta property=\"og:image:type\" content=\"image\/jpeg\" \/>\n<meta name=\"twitter:card\" content=\"summary_large_image\" \/>\n<meta name=\"twitter:site\" content=\"@Entreculturas\" \/>\n<script type=\"application\/ld+json\" class=\"yoast-schema-graph\">{\"@context\":\"https:\\\/\\\/schema.org\",\"@graph\":[{\"@type\":\"WebPage\",\"@id\":\"https:\\\/\\\/www.entreculturas.org\\\/fr\\\/noticia\\\/seguimos-apoyando-honduras-un-ano-despues-de-los-huracanes-eta-e-iota\\\/\",\"url\":\"https:\\\/\\\/www.entreculturas.org\\\/fr\\\/noticia\\\/seguimos-apoyando-honduras-un-ano-despues-de-los-huracanes-eta-e-iota\\\/\",\"name\":\"SEGUIMOS APOYANDO A HONDURAS UN A\u00d1O DESPU\u00c9S DE LOS HURACANES ETA E IOTA - Entreculturas\",\"isPartOf\":{\"@id\":\"https:\\\/\\\/www.entreculturas.org\\\/fr\\\/#website\"},\"primaryImageOfPage\":{\"@id\":\"https:\\\/\\\/www.entreculturas.org\\\/fr\\\/noticia\\\/seguimos-apoyando-honduras-un-ano-despues-de-los-huracanes-eta-e-iota\\\/#primaryimage\"},\"image\":{\"@id\":\"https:\\\/\\\/www.entreculturas.org\\\/fr\\\/noticia\\\/seguimos-apoyando-honduras-un-ano-despues-de-los-huracanes-eta-e-iota\\\/#primaryimage\"},\"thumbnailUrl\":\"https:\\\/\\\/www.entreculturas.org\\\/wp-content\\\/uploads\\\/2021\\\/11\\\/img_3737_copia.jpg\",\"datePublished\":\"2021-11-16T11:35:55+00:00\",\"dateModified\":\"2024-02-19T15:36:41+00:00\",\"breadcrumb\":{\"@id\":\"https:\\\/\\\/www.entreculturas.org\\\/fr\\\/noticia\\\/seguimos-apoyando-honduras-un-ano-despues-de-los-huracanes-eta-e-iota\\\/#breadcrumb\"},\"inLanguage\":\"fr-FR\",\"potentialAction\":[{\"@type\":\"ReadAction\",\"target\":[\"https:\\\/\\\/www.entreculturas.org\\\/fr\\\/noticia\\\/seguimos-apoyando-honduras-un-ano-despues-de-los-huracanes-eta-e-iota\\\/\"]}]},{\"@type\":\"ImageObject\",\"inLanguage\":\"fr-FR\",\"@id\":\"https:\\\/\\\/www.entreculturas.org\\\/fr\\\/noticia\\\/seguimos-apoyando-honduras-un-ano-despues-de-los-huracanes-eta-e-iota\\\/#primaryimage\",\"url\":\"https:\\\/\\\/www.entreculturas.org\\\/wp-content\\\/uploads\\\/2021\\\/11\\\/img_3737_copia.jpg\",\"contentUrl\":\"https:\\\/\\\/www.entreculturas.org\\\/wp-content\\\/uploads\\\/2021\\\/11\\\/img_3737_copia.jpg\",\"width\":800,\"height\":533},{\"@type\":\"BreadcrumbList\",\"@id\":\"https:\\\/\\\/www.entreculturas.org\\\/fr\\\/noticia\\\/seguimos-apoyando-honduras-un-ano-despues-de-los-huracanes-eta-e-iota\\\/#breadcrumb\",\"itemListElement\":[{\"@type\":\"ListItem\",\"position\":1,\"name\":\"Home\",\"item\":\"https:\\\/\\\/www.entreculturas.org\\\/fr\\\/\"},{\"@type\":\"ListItem\",\"position\":2,\"name\":\"Noticias\",\"item\":\"https:\\\/\\\/www.entreculturas.org\\\/fr\\\/noticias\\\/\"},{\"@type\":\"ListItem\",\"position\":3,\"name\":\"SEGUIMOS APOYANDO A HONDURAS UN A\u00d1O DESPU\u00c9S DE LOS HURACANES ETA E IOTA\"}]},{\"@type\":\"WebSite\",\"@id\":\"https:\\\/\\\/www.entreculturas.org\\\/fr\\\/#website\",\"url\":\"https:\\\/\\\/www.entreculturas.org\\\/fr\\\/\",\"name\":\"Entreculturas\",\"description\":\"\",\"publisher\":{\"@id\":\"https:\\\/\\\/www.entreculturas.org\\\/fr\\\/#organization\"},\"alternateName\":\"Entreculturas\",\"potentialAction\":[{\"@type\":\"SearchAction\",\"target\":{\"@type\":\"EntryPoint\",\"urlTemplate\":\"https:\\\/\\\/www.entreculturas.org\\\/fr\\\/?s={search_term_string}\"},\"query-input\":{\"@type\":\"PropertyValueSpecification\",\"valueRequired\":true,\"valueName\":\"search_term_string\"}}],\"inLanguage\":\"fr-FR\"},{\"@type\":\"Organization\",\"@id\":\"https:\\\/\\\/www.entreculturas.org\\\/fr\\\/#organization\",\"name\":\"Entreculturas\",\"url\":\"https:\\\/\\\/www.entreculturas.org\\\/fr\\\/\",\"logo\":{\"@type\":\"ImageObject\",\"inLanguage\":\"fr-FR\",\"@id\":\"https:\\\/\\\/www.entreculturas.org\\\/fr\\\/#\\\/schema\\\/logo\\\/image\\\/\",\"url\":\"https:\\\/\\\/www.entreculturas.org\\\/wp-content\\\/uploads\\\/2025\\\/10\\\/ESP.svg\",\"contentUrl\":\"https:\\\/\\\/www.entreculturas.org\\\/wp-content\\\/uploads\\\/2025\\\/10\\\/ESP.svg\",\"caption\":\"Entreculturas\"},\"image\":{\"@id\":\"https:\\\/\\\/www.entreculturas.org\\\/fr\\\/#\\\/schema\\\/logo\\\/image\\\/\"},\"sameAs\":[\"https:\\\/\\\/www.facebook.com\\\/entreculturas\",\"https:\\\/\\\/x.com\\\/Entreculturas\",\"https:\\\/\\\/www.instagram.com\\\/entreculturas\\\/\",\"https:\\\/\\\/www.youtube.com\\\/user\\\/entreculturasvideo\",\"https:\\\/\\\/www.linkedin.com\\\/company\\\/fundacion-entreculturas-ngdo\\\/\",\"https:\\\/\\\/www.flickr.com\\\/photos\\\/98455522@N04\\\/albums\\\/\"]}]}<\/script>\n<!-- \/ Yoast SEO Premium plugin. -->","yoast_head_json":{"title":"SEGUIMOS APOYANDO A HONDURAS UN A\u00d1O DESPU\u00c9S DE LOS HURACANES ETA E IOTA - Entreculturas","robots":{"index":"index","follow":"follow","max-snippet":"max-snippet:-1","max-image-preview":"max-image-preview:large","max-video-preview":"max-video-preview:-1"},"canonical":"https:\/\/www.entreculturas.org\/fr\/noticia\/seguimos-apoyando-honduras-un-ano-despues-de-los-huracanes-eta-e-iota\/","og_locale":"fr_FR","og_type":"article","og_title":"SEGUIMOS APOYANDO A HONDURAS UN A\u00d1O DESPU\u00c9S DE LOS HURACANES ETA E IOTA","og_description":"En noviembre de 2020, los huracanes ETA e IOTA azotaron Centroam\u00e9rica, particularmente los pa\u00edses de Honduras, Guatemala y Nicaragua. Un a\u00f1o despu\u00e9s, la mayor\u00eda de las familias afectadas se enfrentan a\u00fan al desaf\u00edo de reconstruir sus vidas, ya de por s\u00ed dif\u00edciles antes de la cat\u00e1strofe.","og_url":"https:\/\/www.entreculturas.org\/fr\/noticia\/seguimos-apoyando-honduras-un-ano-despues-de-los-huracanes-eta-e-iota\/","og_site_name":"Entreculturas","article_publisher":"https:\/\/www.facebook.com\/entreculturas","article_modified_time":"2024-02-19T15:36:41+00:00","og_image":[{"width":800,"height":533,"url":"https:\/\/www.entreculturas.org\/wp-content\/uploads\/2021\/11\/img_3737_copia.jpg","type":"image\/jpeg"}],"twitter_card":"summary_large_image","twitter_site":"@Entreculturas","schema":{"@context":"https:\/\/schema.org","@graph":[{"@type":"WebPage","@id":"https:\/\/www.entreculturas.org\/fr\/noticia\/seguimos-apoyando-honduras-un-ano-despues-de-los-huracanes-eta-e-iota\/","url":"https:\/\/www.entreculturas.org\/fr\/noticia\/seguimos-apoyando-honduras-un-ano-despues-de-los-huracanes-eta-e-iota\/","name":"SEGUIMOS APOYANDO A HONDURAS UN A\u00d1O DESPU\u00c9S DE LOS HURACANES ETA E IOTA - Entreculturas","isPartOf":{"@id":"https:\/\/www.entreculturas.org\/fr\/#website"},"primaryImageOfPage":{"@id":"https:\/\/www.entreculturas.org\/fr\/noticia\/seguimos-apoyando-honduras-un-ano-despues-de-los-huracanes-eta-e-iota\/#primaryimage"},"image":{"@id":"https:\/\/www.entreculturas.org\/fr\/noticia\/seguimos-apoyando-honduras-un-ano-despues-de-los-huracanes-eta-e-iota\/#primaryimage"},"thumbnailUrl":"https:\/\/www.entreculturas.org\/wp-content\/uploads\/2021\/11\/img_3737_copia.jpg","datePublished":"2021-11-16T11:35:55+00:00","dateModified":"2024-02-19T15:36:41+00:00","breadcrumb":{"@id":"https:\/\/www.entreculturas.org\/fr\/noticia\/seguimos-apoyando-honduras-un-ano-despues-de-los-huracanes-eta-e-iota\/#breadcrumb"},"inLanguage":"fr-FR","potentialAction":[{"@type":"ReadAction","target":["https:\/\/www.entreculturas.org\/fr\/noticia\/seguimos-apoyando-honduras-un-ano-despues-de-los-huracanes-eta-e-iota\/"]}]},{"@type":"ImageObject","inLanguage":"fr-FR","@id":"https:\/\/www.entreculturas.org\/fr\/noticia\/seguimos-apoyando-honduras-un-ano-despues-de-los-huracanes-eta-e-iota\/#primaryimage","url":"https:\/\/www.entreculturas.org\/wp-content\/uploads\/2021\/11\/img_3737_copia.jpg","contentUrl":"https:\/\/www.entreculturas.org\/wp-content\/uploads\/2021\/11\/img_3737_copia.jpg","width":800,"height":533},{"@type":"BreadcrumbList","@id":"https:\/\/www.entreculturas.org\/fr\/noticia\/seguimos-apoyando-honduras-un-ano-despues-de-los-huracanes-eta-e-iota\/#breadcrumb","itemListElement":[{"@type":"ListItem","position":1,"name":"Home","item":"https:\/\/www.entreculturas.org\/fr\/"},{"@type":"ListItem","position":2,"name":"Noticias","item":"https:\/\/www.entreculturas.org\/fr\/noticias\/"},{"@type":"ListItem","position":3,"name":"SEGUIMOS APOYANDO A HONDURAS UN A\u00d1O DESPU\u00c9S DE LOS HURACANES ETA E IOTA"}]},{"@type":"WebSite","@id":"https:\/\/www.entreculturas.org\/fr\/#website","url":"https:\/\/www.entreculturas.org\/fr\/","name":"Entreculturas","description":"","publisher":{"@id":"https:\/\/www.entreculturas.org\/fr\/#organization"},"alternateName":"Entreculturas","potentialAction":[{"@type":"SearchAction","target":{"@type":"EntryPoint","urlTemplate":"https:\/\/www.entreculturas.org\/fr\/?s={search_term_string}"},"query-input":{"@type":"PropertyValueSpecification","valueRequired":true,"valueName":"search_term_string"}}],"inLanguage":"fr-FR"},{"@type":"Organization","@id":"https:\/\/www.entreculturas.org\/fr\/#organization","name":"Entreculturas","url":"https:\/\/www.entreculturas.org\/fr\/","logo":{"@type":"ImageObject","inLanguage":"fr-FR","@id":"https:\/\/www.entreculturas.org\/fr\/#\/schema\/logo\/image\/","url":"https:\/\/www.entreculturas.org\/wp-content\/uploads\/2025\/10\/ESP.svg","contentUrl":"https:\/\/www.entreculturas.org\/wp-content\/uploads\/2025\/10\/ESP.svg","caption":"Entreculturas"},"image":{"@id":"https:\/\/www.entreculturas.org\/fr\/#\/schema\/logo\/image\/"},"sameAs":["https:\/\/www.facebook.com\/entreculturas","https:\/\/x.com\/Entreculturas","https:\/\/www.instagram.com\/entreculturas\/","https:\/\/www.youtube.com\/user\/entreculturasvideo","https:\/\/www.linkedin.com\/company\/fundacion-entreculturas-ngdo\/","https:\/\/www.flickr.com\/photos\/98455522@N04\/albums\/"]}]}},"_links":{"self":[{"href":"https:\/\/www.entreculturas.org\/fr\/wp-json\/wp\/v2\/noticia\/6272","targetHints":{"allow":["GET"]}}],"collection":[{"href":"https:\/\/www.entreculturas.org\/fr\/wp-json\/wp\/v2\/noticia"}],"about":[{"href":"https:\/\/www.entreculturas.org\/fr\/wp-json\/wp\/v2\/types\/noticia"}],"wp:featuredmedia":[{"embeddable":true,"href":"https:\/\/www.entreculturas.org\/fr\/wp-json\/wp\/v2\/media\/6270"}],"wp:attachment":[{"href":"https:\/\/www.entreculturas.org\/fr\/wp-json\/wp\/v2\/media?parent=6272"}],"wp:term":[{"taxonomy":"category","embeddable":true,"href":"https:\/\/www.entreculturas.org\/fr\/wp-json\/wp\/v2\/categories?post=6272"},{"taxonomy":"post_tag","embeddable":true,"href":"https:\/\/www.entreculturas.org\/fr\/wp-json\/wp\/v2\/tags?post=6272"},{"taxonomy":"country","embeddable":true,"href":"https:\/\/www.entreculturas.org\/fr\/wp-json\/wp\/v2\/country?post=6272"},{"taxonomy":"cause","embeddable":true,"href":"https:\/\/www.entreculturas.org\/fr\/wp-json\/wp\/v2\/cause?post=6272"}],"curies":[{"name":"wp","href":"https:\/\/api.w.org\/{rel}","templated":true}]}}