{"id":6268,"date":"2021-11-15T09:16:40","date_gmt":"2021-11-15T09:16:40","guid":{"rendered":"https:\/\/entreculturasi.wpenginepowered.com\/?noticias=cop26-mas-fracasos-que-exitos"},"modified":"2023-12-18T10:31:28","modified_gmt":"2023-12-18T09:31:28","slug":"cop26-mas-fracasos-que-exitos","status":"publish","type":"noticia","link":"https:\/\/www.entreculturas.org\/fr\/noticia\/cop26-mas-fracasos-que-exitos\/","title":{"rendered":"COP26. M\u00c1S FRACASOS QUE \u00c9XITOS"},"content":{"rendered":"<p><strong>\u201cSi no se avanza en estos puntos, esta COP26 ser\u00e1 un fracaso\u201d.<\/strong> Esta declaraci\u00f3n realizada por los m\u00e1s de 100 pa\u00edses en v\u00edas de desarrollo, semanas antes de la celebraci\u00f3n de la Cumbre, expuso una serie de demandas a priorizar en las negociaciones, que marcaron en gran medida el foco del posicionamiento que Alboan y Entreculturas publicamos antes de la COP26. As\u00ed, nos sumamos a demandar la urgencia de acelerar la reducci\u00f3n de las emisiones de CO2, la financiaci\u00f3n clim\u00e1tica, la adaptaci\u00f3n, la compensaci\u00f3n por da\u00f1os y perjuicios, y la aplicaci\u00f3n de planes clim\u00e1ticos nacionales. Lo cierto es que, todos ellos son temas que han acaparado gran parte de la agenda de la Cumbre, lo cual no significa que haya sido suficiente, pues el Acuerdo de Glasgow publicado el s\u00e1bado, muestra una <strong>COP26 que fracasa frente a una emergencia clim\u00e1tica que s\u00f3lo permit\u00eda el \u00e9xito.&nbsp;<\/strong><\/p>\n<p>El hecho de que el objetivo de esta COP26 era hacer seguimiento al estado de los compromisos asumidos en los Acuerdos de Par\u00eds, gener\u00f3 grandes expectativas sobre su alcance, identific\u00e1ndola como la reuni\u00f3n sobre cambio clim\u00e1tico m\u00e1s importante desde Par\u00eds 2015. Precisamente, los resultados de dicho seguimiento fueron los primeros indicios del posible fracaso de esta Cumbre. Y es que, el incumplimiento de dos de los principales puntos de los Acuerdos de Par\u00eds, <strong>cuestiona enormemente la voluntad real de los Estados<\/strong>, y los esfuerzos dedicados para enfrentar la crisis clim\u00e1tica. As\u00ed, se ha fracasado en el objetivo de mantener la temperatura global por debajo de 1,5\u00baC, un l\u00edmite que hoy se estima pr\u00e1cticamente imposible no superar; y por otro lado, el incumplimiento de la reducci\u00f3n de las emisiones de carbono, ha provocado que las negociaciones giren en torno a la solicitud de pr\u00f3rrogas para alcanzar los compromisos adquiridos en 2015. De hecho, el Acuerdo de Glasgow plantea la necesidad de reducir al menos el 45% de las emisiones globales para 2030, una medida plausible, si no fuera porque carece de car\u00e1cter vinculante.&nbsp;<br \/>&nbsp;<\/p>\n<\/p>\n<p>La financiaci\u00f3n era otro de los grandes temas. En concreto, la necesidad de hacer frente al incumplimiento, por parte de los pa\u00edses ricos, de aportar 100.000 millones de d\u00f3lares al fondo de financiaci\u00f3n clim\u00e1tica para 2020; y dedicar a la adaptaci\u00f3n de los pa\u00edses m\u00e1s empobrecidos, el 50% de dicho presupuesto. El p\u00e1rrafo 44 del documento borrador hablaba de <strong>\u201cun profundo pesar\u201d<\/strong> de que los gobiernos de los pa\u00edses ricos no alcancen el objetivo e incumplan su palabra. El documento final mantiene la misma l\u00ednea, dejando en grave riesgo a millones de personas, sociedades y pa\u00edses, que por su mayor vulnerabilidad, sufren las consecuencias del cambio clim\u00e1tico de manera diferenciada.&nbsp;<\/p>\n<p>Frente al evidente fracaso de los puntos prioritarios de esta Cumbre, aunque no sea suficiente, algunos acuerdos han puesto sobre la mesa otros aspectos fundamentales para enfrentar la crisis clim\u00e1tica: <strong>la declaraci\u00f3n para evitar la degradaci\u00f3n y deforestaci\u00f3n de bosques, el compromiso de reducir la emisi\u00f3n de metano, o la intenci\u00f3n de poner fin a la inversi\u00f3n en combustibles f\u00f3siles<\/strong>. Este \u00faltimo merece una menci\u00f3n especial por ser uno de los temas m\u00e1s controvertidos de la COP26. El \u00e9xito de este punto se debe al logro de que, por primera vez, se mencione la desinversi\u00f3n, y por tanto se admite que las empresas contaminantes y las inversiones p\u00fablicas impactan gravemente sobre el planeta.&nbsp;No obstante, mientras en el documento borrador, este tema se trataba de manera firme y clara, en el Acuerdo final de Glasgow, pasa a ser una recomendaci\u00f3n a \u201caumentar esfuerzos para abandonar los subsidios ineficientes del carb\u00f3n\u201d.&nbsp;<\/p>\n<p>Con todo, esta COP26, que en sus primeros d\u00edas comenz\u00f3 evidenciando la falta de compromiso y voluntad de los Estados, no ha logrado subvertir este problema, en la medida que, parad\u00f3jicamente, su acuerdo final pierde todo car\u00e1cter vinculante. No hay vinculaci\u00f3n legal, obligaci\u00f3n a actuar o planes concretos; s\u00f3lo invitaciones, intenciones y recomendaciones. Un Acuerdo vac\u00edo que, considerando la m\u00e1s que cuestionada credibilidad de las Partes, est\u00e1 m\u00e1s cerca del fracaso que del \u00e9xito.&nbsp;<\/p>\n<p>Sin embargo, <strong>hay un aspecto en el que la COP26 ha sido un \u00e9xito: la movilizaci\u00f3n y participaci\u00f3n de la sociedad civil en las calles de Glasgow<\/strong>, y en distintas partes del planeta. Personas que dentro de la COP26 han visto limitada su participaci\u00f3n: mujeres, nuevamente ignoradas en espacios de negociaci\u00f3n y toma de decisiones; j\u00f3venes, que tras a\u00f1os \u201ctomando las calles\u201d, esta vez tampoco han defraudado, personas de diferentes pa\u00edses, culturas, etnias, diferentes, entre otros. Diversidad de personas, movimientos, organizaciones,\u2026 han logrado hacerse hueco en una Cumbre, y ser altavoz de millones de personas que de otro modo, no hubieran sido escuchadas. Y es que, mientras los Estados ponen excusas y solicitan pr\u00f3rrogas, la sociedad civil cada vez lo tiene m\u00e1s claro, no hay tiempo. Urge actuar y comprometerse contra la crisis clim\u00e1tica.&nbsp;<\/p>\n<p>&nbsp;<\/p>\n","protected":false},"excerpt":{"rendered":"<p>\u201cSi no se avanza en estos puntos, esta COP26 ser\u00e1 un fracaso\u201d. Esta declaraci\u00f3n realizada por los m\u00e1s de 100 pa\u00edses en v\u00edas de desarrollo, semanas antes de la celebraci\u00f3n de la Cumbre, expuso una serie de demandas a priorizar en las negociaciones, que marcaron en gran medida el foco del posicionamiento que Alboan y Entreculturas publicamos antes de la COP26.<\/p>\n","protected":false},"featured_media":6266,"template":"single-noticia","meta":{"_acf_changed":false},"categories":[7],"tags":[185],"country":[],"cause":[],"class_list":["post-6268","noticia","type-noticia","status-publish","has-post-thumbnail","hentry","category-noticia","tag-entreculturas"],"acf":[],"yoast_head":"<!-- This site is optimized with the Yoast SEO Premium plugin v21.6 (Yoast SEO v27.5) - https:\/\/yoast.com\/product\/yoast-seo-premium-wordpress\/ -->\n<title>COP26. M\u00c1S FRACASOS QUE \u00c9XITOS - Entreculturas<\/title>\n<meta name=\"robots\" content=\"index, follow, max-snippet:-1, max-image-preview:large, max-video-preview:-1\" \/>\n<link rel=\"canonical\" href=\"https:\/\/www.entreculturas.org\/fr\/noticia\/cop26-mas-fracasos-que-exitos\/\" \/>\n<meta property=\"og:locale\" content=\"fr_FR\" \/>\n<meta property=\"og:type\" content=\"article\" \/>\n<meta property=\"og:title\" content=\"COP26. M\u00c1S FRACASOS QUE \u00c9XITOS\" \/>\n<meta property=\"og:description\" content=\"\u201cSi no se avanza en estos puntos, esta COP26 ser\u00e1 un fracaso\u201d. Esta declaraci\u00f3n realizada por los m\u00e1s de 100 pa\u00edses en v\u00edas de desarrollo, semanas antes de la celebraci\u00f3n de la Cumbre, expuso una serie de demandas a priorizar en las negociaciones, que marcaron en gran medida el foco del posicionamiento que Alboan y Entreculturas publicamos antes de la COP26.\" \/>\n<meta property=\"og:url\" content=\"https:\/\/www.entreculturas.org\/fr\/noticia\/cop26-mas-fracasos-que-exitos\/\" \/>\n<meta property=\"og:site_name\" content=\"Entreculturas\" \/>\n<meta property=\"article:publisher\" content=\"https:\/\/www.facebook.com\/entreculturas\" \/>\n<meta property=\"article:modified_time\" content=\"2023-12-18T09:31:28+00:00\" \/>\n<meta property=\"og:image\" content=\"https:\/\/www.entreculturas.org\/wp-content\/uploads\/2021\/11\/img_8036.jpg\" \/>\n\t<meta property=\"og:image:width\" content=\"1200\" \/>\n\t<meta property=\"og:image:height\" content=\"800\" \/>\n\t<meta property=\"og:image:type\" content=\"image\/jpeg\" \/>\n<meta name=\"twitter:card\" content=\"summary_large_image\" \/>\n<meta name=\"twitter:site\" content=\"@Entreculturas\" \/>\n<script type=\"application\/ld+json\" class=\"yoast-schema-graph\">{\"@context\":\"https:\\\/\\\/schema.org\",\"@graph\":[{\"@type\":\"WebPage\",\"@id\":\"https:\\\/\\\/www.entreculturas.org\\\/fr\\\/noticia\\\/cop26-mas-fracasos-que-exitos\\\/\",\"url\":\"https:\\\/\\\/www.entreculturas.org\\\/fr\\\/noticia\\\/cop26-mas-fracasos-que-exitos\\\/\",\"name\":\"COP26. M\u00c1S FRACASOS QUE \u00c9XITOS - Entreculturas\",\"isPartOf\":{\"@id\":\"https:\\\/\\\/www.entreculturas.org\\\/fr\\\/#website\"},\"primaryImageOfPage\":{\"@id\":\"https:\\\/\\\/www.entreculturas.org\\\/fr\\\/noticia\\\/cop26-mas-fracasos-que-exitos\\\/#primaryimage\"},\"image\":{\"@id\":\"https:\\\/\\\/www.entreculturas.org\\\/fr\\\/noticia\\\/cop26-mas-fracasos-que-exitos\\\/#primaryimage\"},\"thumbnailUrl\":\"https:\\\/\\\/www.entreculturas.org\\\/wp-content\\\/uploads\\\/2021\\\/11\\\/img_8036.jpg\",\"datePublished\":\"2021-11-15T09:16:40+00:00\",\"dateModified\":\"2023-12-18T09:31:28+00:00\",\"breadcrumb\":{\"@id\":\"https:\\\/\\\/www.entreculturas.org\\\/fr\\\/noticia\\\/cop26-mas-fracasos-que-exitos\\\/#breadcrumb\"},\"inLanguage\":\"fr-FR\",\"potentialAction\":[{\"@type\":\"ReadAction\",\"target\":[\"https:\\\/\\\/www.entreculturas.org\\\/fr\\\/noticia\\\/cop26-mas-fracasos-que-exitos\\\/\"]}]},{\"@type\":\"ImageObject\",\"inLanguage\":\"fr-FR\",\"@id\":\"https:\\\/\\\/www.entreculturas.org\\\/fr\\\/noticia\\\/cop26-mas-fracasos-que-exitos\\\/#primaryimage\",\"url\":\"https:\\\/\\\/www.entreculturas.org\\\/wp-content\\\/uploads\\\/2021\\\/11\\\/img_8036.jpg\",\"contentUrl\":\"https:\\\/\\\/www.entreculturas.org\\\/wp-content\\\/uploads\\\/2021\\\/11\\\/img_8036.jpg\",\"width\":1200,\"height\":800},{\"@type\":\"BreadcrumbList\",\"@id\":\"https:\\\/\\\/www.entreculturas.org\\\/fr\\\/noticia\\\/cop26-mas-fracasos-que-exitos\\\/#breadcrumb\",\"itemListElement\":[{\"@type\":\"ListItem\",\"position\":1,\"name\":\"Home\",\"item\":\"https:\\\/\\\/www.entreculturas.org\\\/fr\\\/\"},{\"@type\":\"ListItem\",\"position\":2,\"name\":\"Noticias\",\"item\":\"https:\\\/\\\/www.entreculturas.org\\\/fr\\\/noticias\\\/\"},{\"@type\":\"ListItem\",\"position\":3,\"name\":\"COP26. M\u00c1S FRACASOS QUE \u00c9XITOS\"}]},{\"@type\":\"WebSite\",\"@id\":\"https:\\\/\\\/www.entreculturas.org\\\/fr\\\/#website\",\"url\":\"https:\\\/\\\/www.entreculturas.org\\\/fr\\\/\",\"name\":\"Entreculturas\",\"description\":\"\",\"publisher\":{\"@id\":\"https:\\\/\\\/www.entreculturas.org\\\/fr\\\/#organization\"},\"alternateName\":\"Entreculturas\",\"potentialAction\":[{\"@type\":\"SearchAction\",\"target\":{\"@type\":\"EntryPoint\",\"urlTemplate\":\"https:\\\/\\\/www.entreculturas.org\\\/fr\\\/?s={search_term_string}\"},\"query-input\":{\"@type\":\"PropertyValueSpecification\",\"valueRequired\":true,\"valueName\":\"search_term_string\"}}],\"inLanguage\":\"fr-FR\"},{\"@type\":\"Organization\",\"@id\":\"https:\\\/\\\/www.entreculturas.org\\\/fr\\\/#organization\",\"name\":\"Entreculturas\",\"url\":\"https:\\\/\\\/www.entreculturas.org\\\/fr\\\/\",\"logo\":{\"@type\":\"ImageObject\",\"inLanguage\":\"fr-FR\",\"@id\":\"https:\\\/\\\/www.entreculturas.org\\\/fr\\\/#\\\/schema\\\/logo\\\/image\\\/\",\"url\":\"https:\\\/\\\/www.entreculturas.org\\\/wp-content\\\/uploads\\\/2025\\\/10\\\/ESP.svg\",\"contentUrl\":\"https:\\\/\\\/www.entreculturas.org\\\/wp-content\\\/uploads\\\/2025\\\/10\\\/ESP.svg\",\"caption\":\"Entreculturas\"},\"image\":{\"@id\":\"https:\\\/\\\/www.entreculturas.org\\\/fr\\\/#\\\/schema\\\/logo\\\/image\\\/\"},\"sameAs\":[\"https:\\\/\\\/www.facebook.com\\\/entreculturas\",\"https:\\\/\\\/x.com\\\/Entreculturas\",\"https:\\\/\\\/www.instagram.com\\\/entreculturas\\\/\",\"https:\\\/\\\/www.youtube.com\\\/user\\\/entreculturasvideo\",\"https:\\\/\\\/www.linkedin.com\\\/company\\\/fundacion-entreculturas-ngdo\\\/\",\"https:\\\/\\\/www.flickr.com\\\/photos\\\/98455522@N04\\\/albums\\\/\"]}]}<\/script>\n<!-- \/ Yoast SEO Premium plugin. -->","yoast_head_json":{"title":"COP26. M\u00c1S FRACASOS QUE \u00c9XITOS - Entreculturas","robots":{"index":"index","follow":"follow","max-snippet":"max-snippet:-1","max-image-preview":"max-image-preview:large","max-video-preview":"max-video-preview:-1"},"canonical":"https:\/\/www.entreculturas.org\/fr\/noticia\/cop26-mas-fracasos-que-exitos\/","og_locale":"fr_FR","og_type":"article","og_title":"COP26. M\u00c1S FRACASOS QUE \u00c9XITOS","og_description":"\u201cSi no se avanza en estos puntos, esta COP26 ser\u00e1 un fracaso\u201d. Esta declaraci\u00f3n realizada por los m\u00e1s de 100 pa\u00edses en v\u00edas de desarrollo, semanas antes de la celebraci\u00f3n de la Cumbre, expuso una serie de demandas a priorizar en las negociaciones, que marcaron en gran medida el foco del posicionamiento que Alboan y Entreculturas publicamos antes de la COP26.","og_url":"https:\/\/www.entreculturas.org\/fr\/noticia\/cop26-mas-fracasos-que-exitos\/","og_site_name":"Entreculturas","article_publisher":"https:\/\/www.facebook.com\/entreculturas","article_modified_time":"2023-12-18T09:31:28+00:00","og_image":[{"width":1200,"height":800,"url":"https:\/\/www.entreculturas.org\/wp-content\/uploads\/2021\/11\/img_8036.jpg","type":"image\/jpeg"}],"twitter_card":"summary_large_image","twitter_site":"@Entreculturas","schema":{"@context":"https:\/\/schema.org","@graph":[{"@type":"WebPage","@id":"https:\/\/www.entreculturas.org\/fr\/noticia\/cop26-mas-fracasos-que-exitos\/","url":"https:\/\/www.entreculturas.org\/fr\/noticia\/cop26-mas-fracasos-que-exitos\/","name":"COP26. M\u00c1S FRACASOS QUE \u00c9XITOS - Entreculturas","isPartOf":{"@id":"https:\/\/www.entreculturas.org\/fr\/#website"},"primaryImageOfPage":{"@id":"https:\/\/www.entreculturas.org\/fr\/noticia\/cop26-mas-fracasos-que-exitos\/#primaryimage"},"image":{"@id":"https:\/\/www.entreculturas.org\/fr\/noticia\/cop26-mas-fracasos-que-exitos\/#primaryimage"},"thumbnailUrl":"https:\/\/www.entreculturas.org\/wp-content\/uploads\/2021\/11\/img_8036.jpg","datePublished":"2021-11-15T09:16:40+00:00","dateModified":"2023-12-18T09:31:28+00:00","breadcrumb":{"@id":"https:\/\/www.entreculturas.org\/fr\/noticia\/cop26-mas-fracasos-que-exitos\/#breadcrumb"},"inLanguage":"fr-FR","potentialAction":[{"@type":"ReadAction","target":["https:\/\/www.entreculturas.org\/fr\/noticia\/cop26-mas-fracasos-que-exitos\/"]}]},{"@type":"ImageObject","inLanguage":"fr-FR","@id":"https:\/\/www.entreculturas.org\/fr\/noticia\/cop26-mas-fracasos-que-exitos\/#primaryimage","url":"https:\/\/www.entreculturas.org\/wp-content\/uploads\/2021\/11\/img_8036.jpg","contentUrl":"https:\/\/www.entreculturas.org\/wp-content\/uploads\/2021\/11\/img_8036.jpg","width":1200,"height":800},{"@type":"BreadcrumbList","@id":"https:\/\/www.entreculturas.org\/fr\/noticia\/cop26-mas-fracasos-que-exitos\/#breadcrumb","itemListElement":[{"@type":"ListItem","position":1,"name":"Home","item":"https:\/\/www.entreculturas.org\/fr\/"},{"@type":"ListItem","position":2,"name":"Noticias","item":"https:\/\/www.entreculturas.org\/fr\/noticias\/"},{"@type":"ListItem","position":3,"name":"COP26. M\u00c1S FRACASOS QUE \u00c9XITOS"}]},{"@type":"WebSite","@id":"https:\/\/www.entreculturas.org\/fr\/#website","url":"https:\/\/www.entreculturas.org\/fr\/","name":"Entreculturas","description":"","publisher":{"@id":"https:\/\/www.entreculturas.org\/fr\/#organization"},"alternateName":"Entreculturas","potentialAction":[{"@type":"SearchAction","target":{"@type":"EntryPoint","urlTemplate":"https:\/\/www.entreculturas.org\/fr\/?s={search_term_string}"},"query-input":{"@type":"PropertyValueSpecification","valueRequired":true,"valueName":"search_term_string"}}],"inLanguage":"fr-FR"},{"@type":"Organization","@id":"https:\/\/www.entreculturas.org\/fr\/#organization","name":"Entreculturas","url":"https:\/\/www.entreculturas.org\/fr\/","logo":{"@type":"ImageObject","inLanguage":"fr-FR","@id":"https:\/\/www.entreculturas.org\/fr\/#\/schema\/logo\/image\/","url":"https:\/\/www.entreculturas.org\/wp-content\/uploads\/2025\/10\/ESP.svg","contentUrl":"https:\/\/www.entreculturas.org\/wp-content\/uploads\/2025\/10\/ESP.svg","caption":"Entreculturas"},"image":{"@id":"https:\/\/www.entreculturas.org\/fr\/#\/schema\/logo\/image\/"},"sameAs":["https:\/\/www.facebook.com\/entreculturas","https:\/\/x.com\/Entreculturas","https:\/\/www.instagram.com\/entreculturas\/","https:\/\/www.youtube.com\/user\/entreculturasvideo","https:\/\/www.linkedin.com\/company\/fundacion-entreculturas-ngdo\/","https:\/\/www.flickr.com\/photos\/98455522@N04\/albums\/"]}]}},"_links":{"self":[{"href":"https:\/\/www.entreculturas.org\/fr\/wp-json\/wp\/v2\/noticia\/6268","targetHints":{"allow":["GET"]}}],"collection":[{"href":"https:\/\/www.entreculturas.org\/fr\/wp-json\/wp\/v2\/noticia"}],"about":[{"href":"https:\/\/www.entreculturas.org\/fr\/wp-json\/wp\/v2\/types\/noticia"}],"wp:featuredmedia":[{"embeddable":true,"href":"https:\/\/www.entreculturas.org\/fr\/wp-json\/wp\/v2\/media\/6266"}],"wp:attachment":[{"href":"https:\/\/www.entreculturas.org\/fr\/wp-json\/wp\/v2\/media?parent=6268"}],"wp:term":[{"taxonomy":"category","embeddable":true,"href":"https:\/\/www.entreculturas.org\/fr\/wp-json\/wp\/v2\/categories?post=6268"},{"taxonomy":"post_tag","embeddable":true,"href":"https:\/\/www.entreculturas.org\/fr\/wp-json\/wp\/v2\/tags?post=6268"},{"taxonomy":"country","embeddable":true,"href":"https:\/\/www.entreculturas.org\/fr\/wp-json\/wp\/v2\/country?post=6268"},{"taxonomy":"cause","embeddable":true,"href":"https:\/\/www.entreculturas.org\/fr\/wp-json\/wp\/v2\/cause?post=6268"}],"curies":[{"name":"wp","href":"https:\/\/api.w.org\/{rel}","templated":true}]}}