{"id":6258,"date":"2021-11-04T09:32:09","date_gmt":"2021-11-04T09:32:09","guid":{"rendered":"https:\/\/entreculturasi.wpenginepowered.com\/?noticias=una-nueva-cita-para-una-accion-climatica-responsable-arranca-la-cop26-en-glasgow"},"modified":"2024-02-19T16:54:31","modified_gmt":"2024-02-19T15:54:31","slug":"una-nueva-cita-para-una-accion-climatica-responsable-arranca-la-cop26-en-glasgow","status":"publish","type":"noticia","link":"https:\/\/www.entreculturas.org\/fr\/noticia\/una-nueva-cita-para-una-accion-climatica-responsable-arranca-la-cop26-en-glasgow\/","title":{"rendered":"Una nueva cita para una acci\u00f3n clim\u00e1tica responsable: arranca la COP26 en Glasgow"},"content":{"rendered":"<\/p>\n<p>El lunes 1 de noviembre comenz\u00f3 la Conferencia de las Partes, m\u00e1s conocida como la <strong>Conferencia de las Naciones Unidas sobre el Cambio Clim\u00e1tico o COP26<\/strong> que tiene lugar desde&nbsp;el 1 de noviembre hasta el pr\u00f3ximo d\u00eda 12 en Glasgow, Reino Unido. Este encuentro multilateral que se est\u00e1 celebrando en Glasgow (Reino Unido)&nbsp;cuenta con la presencia de delegaciones de cerca de 200 pa\u00edses que deber\u00e1n ratificar los compromisos necesarios para elevar la ambici\u00f3n clim\u00e1tica y conseguir firmar un acuerdo capaz de limitar la subida global de temperaturas. Este encuentro tiene como fin dise\u00f1ar las herramientas adecuadas para dar sentido al Acuerdo de Par\u00eds, el tratado firmado en 2016 con el que los pa\u00edses se compromet\u00edan a luchar contra la crisis clim\u00e1tica.&nbsp;<\/p>\n<p>Esta cita tiene lugar despu\u00e9s de que el pasado mes de agosto se confirmase cient\u00edficamente a trav\u00e9s del <a href=\"https:\/\/www.miteco.gob.es\/es\/ceneam\/recursos\/mini-portales-tematicos\/Cclimatico\/informe_ipcc.aspx\" target=\"_blank\" rel=\"noopener\">Informe del Grupo Intergubernamental de Expertos sobre el Cambio Clim\u00e1tico (IPCC)<\/a> que <strong>\u201ces inequ\u00edvoco que la actividad humana ha calentado la atm\u00f3sfera, el oc\u00e9ano y la superficie terrestre\u00a0\u00bb<\/strong>. Una conclusi\u00f3n clara y directa que dota de mayor urgencia a esta Conferencia para que ponga rumbo a un cambio de modelo de desarrollo verdaderamente sostenible.&nbsp;<\/p>\n<p>Por su parte, la Agenda 2030, y en concreto el <strong>Objetivo de Desarrollo Sostenible 13 de Acci\u00f3n por el Clima<\/strong>, vislumbra tres metas concretas sobre las que Entreculturas reivindica una acci\u00f3n urgente. La primera, fortalecer la resiliencia y la capacidad de adaptaci\u00f3n a los riesgos relacionados con el clima y los desastres naturales en todos los pa\u00edses; la segunda, incorporar medidas relativas al cambio clim\u00e1tico en las pol\u00edticas, estrategias y planes nacionales; y la \u00faltima, mejorar la educaci\u00f3n, la sensibilizaci\u00f3n y la capacidad humana e institucional respecto de la mitigaci\u00f3n del cambio clim\u00e1tico, la adaptaci\u00f3n a \u00e9l, la reducci\u00f3n de sus efectos y la alerta temprana.<\/p>\n<p>En concreto para esta cita, desde Entreculturas hemos querido canalizar nuestro trabajo y esfuerzo en l\u00edneas concretas, por eso nos hemos sumado a tres iniciativas distintas para potenciar y difundir al m\u00e1ximo nuestro mensaje.&nbsp;&nbsp;<\/p>\n<ul>\n<li><strong>Como parte de la red de organizaciones jesuitas de cooperaci\u00f3n internacional junto a Alboan instamos a actuar hacia la reducci\u00f3n de las emisiones de CO2<\/strong>, la financiaci\u00f3n clim\u00e1tica, la adaptaci\u00f3n, la compensaci\u00f3n por da\u00f1os y perjuicios y la aplicaci\u00f3n de planes clim\u00e1ticos nacionales para evitar los \u00ab\u00a0puntos de no retorno\u00a0\u00bb, y la Educaci\u00f3n para el Desarrollo Sostenible (EDS). En Entreculturas y Alboan llevamos tiempo apostando por la promoci\u00f3n de la justicia socioambiental como una de nuestras causas prioritarias de trabajo. Y es que entendemos que es necesario comprometerse con la vida en su conjunto y cultivar un estilo de vida que nos oriente al bien com\u00fan, a la solidaridad, a cuidar de los bienes de la naturaleza, y&nbsp; que se comprometa con la vida de las personas y las comunidades m\u00e1s vulnerables especialmente afectadas por la crisis clim\u00e1tica. Por eso hemos lanzado este posicionamiento dirigido a l\u00edderes pol\u00edticos presentes en la Cumbre y que gira en torno al modelo de desarrollo que necesitamos y que <a href=\"https:\/\/www.visibles.org\/es\/movilizaciones\/cop26-urge-actuar-y-comprometerse-contra-crisis-climatica\" target=\"_blank\" rel=\"noopener\">puedes leer aqu\u00ed.<\/a><\/li>\n<li><strong>Como parte de la red de organizaciones de la sociedad civil espa\u00f1ola que aglutina <a href=\"https:\/\/coordinadoraongd.org\/2021\/10\/cop26-ante-el-colapso-la-accion-urgente0\/\" target=\"_blank\" rel=\"noopener\">la Coordinadora<\/a>, estamos poniendo el foco en la responsabilidad que tiene el Gobierno espa\u00f1ol de poner en el centro de su agenda pol\u00edtica la lucha contra la emergencia clim\u00e1tica<\/strong> y el fortalecimiento de alianzas internacionales para la defensa de la Amazon\u00eda, zonas selv\u00e1ticas y ecosistemas emblem\u00e1ticos amenazados. Del mismo modo, estamos incidiendo en la necesidad de que haya un compromiso firme con una financiaci\u00f3n clim\u00e1tica y sostenible, que, por ejemplo, refuerce las provisiones de financiaci\u00f3n propia para el Mecanismo Internacional para las P\u00e9rdidas y los Da\u00f1os y que aplique el criterio de quien contamina paga.<\/li>\n<li><strong>Como parte de Futuro en Com\u00fan<\/strong>, hemos llamado la atenci\u00f3n sobre la importancia de los Derechos Humanos en la agenda clim\u00e1tica con, entre otras acciones, la campa\u00f1a en redes <a href=\"https:\/\/docs.google.com\/document\/d\/1VQgERpxFEfsq1sAKXSvMgJ4xTwP7bJPWZpoe9lb8LM8\/edit?pli=1\" target=\"_blank\" rel=\"noopener\"><strong>#NosVaElFuturoEnEllo<\/strong><\/a> que lanzamos de forma conjunta.&nbsp;<\/li>\n<\/ul>\n<p>Aprovechando esta cita mundial te facilitamos tambi\u00e9n una serie de<strong> recursos pedag\u00f3gicos <\/strong>para todas las edades que contribuyen a trabajar el enfoque medioambiental y promueve valores para la transformaci\u00f3n eco-social para alcanzar la justicia social y el desarrollo sostenible. Resulta fundamental formarnos en materia de ODS y justicia ecol\u00f3gica, cambiar nuestros h\u00e1bitos de consumo y exigir a las autoridades pol\u00edticas que hagan frente a obligaciones a la hora de implementar la Agenda 2030 y fortaleciendo la Educaci\u00f3n para la Ciudadan\u00eda Global.&nbsp; &nbsp;<\/p>\n<ul>\n<li><a href=\"https:\/\/mundoentusmanos.org\/wp-content\/uploads\/2019\/05\/Defendemos-el-Medioambiente_Espa%C3%B1ol.pdf\" target=\"_blank\" rel=\"noopener\">D\u00eda D: Defendemos el medioambiente (con actividades divididas en franjas 5-8 a\u00f1os, 9-12 a\u00f1os y 12-16 a\u00f1os).<\/a><\/li>\n<li><a href=\"https:\/\/www.entreculturas.org\/publicaciones\/informe-la-tierra-es-nuestra-mejor-escuela\" target=\"_blank\" rel=\"noopener\">Informe \u00ab\u00a0La Tierra es nuestra mejor escuela\u00a0\u00bb<\/a>.<\/li>\n<li><a href=\"https:\/\/www.redec.es\/es\/publicaciones\/hacia-una-ciudadania-eco-global\" target=\"_blank\" rel=\"noopener\">Aulas: Hacia una ciudadan\u00eda eco-global.<\/a><\/li>\n<li><a href=\"https:\/\/redec.es\/publicaciones\/un-mundo-de-alternativas\/\" target=\"_blank\" rel=\"noopener\">Un mundo de alternativas: propuesta de trabajo sobre Agenda 2030 y defensa del medioambiente.<\/a><\/li>\n<\/ul>\n<p>&nbsp;<\/p>\n<p><span style=\"font-size:11px\">* Se estima que el costo econ\u00f3mico proyectado de p\u00e9rdidas y da\u00f1os para 2030 estar\u00e1 entre 290 y 580 mil millones de d\u00f3lares en los pa\u00edses en desarrollo solamente. El Mecanismo Internacional de Varsovia para P\u00e9rdidas y Da\u00f1os asociados con el impacto del cambio clim\u00e1tico debe crear un nuevo mecanismo espec\u00edfico de financiaci\u00f3n del cambio clim\u00e1tico capaz de movilizar al menos 75.000 millones de d\u00f3lares al a\u00f1o para P\u00e9rdidas y Da\u00f1os a 2023. https:\/\/us.boell.org\/en\/unpacking-finance-loss-and-damage<\/span><\/p>\n<p>&nbsp;<\/p>\n","protected":false},"excerpt":{"rendered":"<p>El lunes 1 de noviembre comenz\u00f3 la Conferencia de las Partes, m\u00e1s conocida como la Conferencia de las Naciones Unidas sobre el Cambio Clim\u00e1tico o COP26 que tiene lugar desde el 1 de noviembre hasta el pr\u00f3ximo d\u00eda 12 en Glasgow, Reino Unido. Este encuentro multilateral que se est\u00e1 celebrando en Glasgow (Reino Unido) cuenta con la presencia de delegaciones de cerca de 200 pa\u00edses que deber\u00e1n ratificar los compromisos necesarios para elevar la ambici\u00f3n clim\u00e1tica y conseguir firmar un acuerdo capaz de limitar la subida global de temperaturas. <\/p>\n","protected":false},"featured_media":6259,"template":"single-noticia","meta":{"_acf_changed":false},"categories":[7],"tags":[256],"country":[],"cause":[131],"class_list":["post-6258","noticia","type-noticia","status-publish","has-post-thumbnail","hentry","category-noticia","tag-justicia-socioambiental","cause-justicia-medioambiental"],"acf":[],"yoast_head":"<!-- This site is optimized with the Yoast SEO Premium plugin v21.6 (Yoast SEO v27.5) - https:\/\/yoast.com\/product\/yoast-seo-premium-wordpress\/ -->\n<title>Una nueva cita para una acci\u00f3n clim\u00e1tica responsable: arranca la COP26 en Glasgow - Entreculturas<\/title>\n<meta name=\"robots\" content=\"index, follow, max-snippet:-1, max-image-preview:large, max-video-preview:-1\" \/>\n<link rel=\"canonical\" href=\"https:\/\/www.entreculturas.org\/fr\/noticia\/una-nueva-cita-para-una-accion-climatica-responsable-arranca-la-cop26-en-glasgow\/\" \/>\n<meta property=\"og:locale\" content=\"fr_FR\" \/>\n<meta property=\"og:type\" content=\"article\" \/>\n<meta property=\"og:title\" content=\"Una nueva cita para una acci\u00f3n clim\u00e1tica responsable: arranca la COP26 en Glasgow\" \/>\n<meta property=\"og:description\" content=\"El lunes 1 de noviembre comenz\u00f3 la Conferencia de las Partes, m\u00e1s conocida como la Conferencia de las Naciones Unidas sobre el Cambio Clim\u00e1tico o COP26 que tiene lugar desde el 1 de noviembre hasta el pr\u00f3ximo d\u00eda 12 en Glasgow, Reino Unido. Este encuentro multilateral que se est\u00e1 celebrando en Glasgow (Reino Unido) cuenta con la presencia de delegaciones de cerca de 200 pa\u00edses que deber\u00e1n ratificar los compromisos necesarios para elevar la ambici\u00f3n clim\u00e1tica y conseguir firmar un acuerdo capaz de limitar la subida global de temperaturas.\" \/>\n<meta property=\"og:url\" content=\"https:\/\/www.entreculturas.org\/fr\/noticia\/una-nueva-cita-para-una-accion-climatica-responsable-arranca-la-cop26-en-glasgow\/\" \/>\n<meta property=\"og:site_name\" content=\"Entreculturas\" \/>\n<meta property=\"article:publisher\" content=\"https:\/\/www.facebook.com\/entreculturas\" \/>\n<meta property=\"article:modified_time\" content=\"2024-02-19T15:54:31+00:00\" \/>\n<meta property=\"og:image\" content=\"https:\/\/www.entreculturas.org\/wp-content\/uploads\/2021\/11\/movilizacion-huelga-mundial-x-el_-clima-madrid.jpg\" \/>\n\t<meta property=\"og:image:width\" content=\"800\" \/>\n\t<meta property=\"og:image:height\" content=\"534\" \/>\n\t<meta property=\"og:image:type\" content=\"image\/jpeg\" \/>\n<meta name=\"twitter:card\" content=\"summary_large_image\" \/>\n<meta name=\"twitter:site\" content=\"@Entreculturas\" \/>\n<script type=\"application\/ld+json\" class=\"yoast-schema-graph\">{\"@context\":\"https:\\\/\\\/schema.org\",\"@graph\":[{\"@type\":\"WebPage\",\"@id\":\"https:\\\/\\\/www.entreculturas.org\\\/fr\\\/noticia\\\/una-nueva-cita-para-una-accion-climatica-responsable-arranca-la-cop26-en-glasgow\\\/\",\"url\":\"https:\\\/\\\/www.entreculturas.org\\\/fr\\\/noticia\\\/una-nueva-cita-para-una-accion-climatica-responsable-arranca-la-cop26-en-glasgow\\\/\",\"name\":\"Una nueva cita para una acci\u00f3n clim\u00e1tica responsable: arranca la COP26 en Glasgow - Entreculturas\",\"isPartOf\":{\"@id\":\"https:\\\/\\\/www.entreculturas.org\\\/fr\\\/#website\"},\"primaryImageOfPage\":{\"@id\":\"https:\\\/\\\/www.entreculturas.org\\\/fr\\\/noticia\\\/una-nueva-cita-para-una-accion-climatica-responsable-arranca-la-cop26-en-glasgow\\\/#primaryimage\"},\"image\":{\"@id\":\"https:\\\/\\\/www.entreculturas.org\\\/fr\\\/noticia\\\/una-nueva-cita-para-una-accion-climatica-responsable-arranca-la-cop26-en-glasgow\\\/#primaryimage\"},\"thumbnailUrl\":\"https:\\\/\\\/www.entreculturas.org\\\/wp-content\\\/uploads\\\/2021\\\/11\\\/movilizacion-huelga-mundial-x-el_-clima-madrid.jpg\",\"datePublished\":\"2021-11-04T09:32:09+00:00\",\"dateModified\":\"2024-02-19T15:54:31+00:00\",\"breadcrumb\":{\"@id\":\"https:\\\/\\\/www.entreculturas.org\\\/fr\\\/noticia\\\/una-nueva-cita-para-una-accion-climatica-responsable-arranca-la-cop26-en-glasgow\\\/#breadcrumb\"},\"inLanguage\":\"fr-FR\",\"potentialAction\":[{\"@type\":\"ReadAction\",\"target\":[\"https:\\\/\\\/www.entreculturas.org\\\/fr\\\/noticia\\\/una-nueva-cita-para-una-accion-climatica-responsable-arranca-la-cop26-en-glasgow\\\/\"]}]},{\"@type\":\"ImageObject\",\"inLanguage\":\"fr-FR\",\"@id\":\"https:\\\/\\\/www.entreculturas.org\\\/fr\\\/noticia\\\/una-nueva-cita-para-una-accion-climatica-responsable-arranca-la-cop26-en-glasgow\\\/#primaryimage\",\"url\":\"https:\\\/\\\/www.entreculturas.org\\\/wp-content\\\/uploads\\\/2021\\\/11\\\/movilizacion-huelga-mundial-x-el_-clima-madrid.jpg\",\"contentUrl\":\"https:\\\/\\\/www.entreculturas.org\\\/wp-content\\\/uploads\\\/2021\\\/11\\\/movilizacion-huelga-mundial-x-el_-clima-madrid.jpg\",\"width\":800,\"height\":534,\"caption\":\"movilizacion-huelga-mundial-x-el_-clima-madrid\"},{\"@type\":\"BreadcrumbList\",\"@id\":\"https:\\\/\\\/www.entreculturas.org\\\/fr\\\/noticia\\\/una-nueva-cita-para-una-accion-climatica-responsable-arranca-la-cop26-en-glasgow\\\/#breadcrumb\",\"itemListElement\":[{\"@type\":\"ListItem\",\"position\":1,\"name\":\"Home\",\"item\":\"https:\\\/\\\/www.entreculturas.org\\\/fr\\\/\"},{\"@type\":\"ListItem\",\"position\":2,\"name\":\"Noticias\",\"item\":\"https:\\\/\\\/www.entreculturas.org\\\/fr\\\/noticias\\\/\"},{\"@type\":\"ListItem\",\"position\":3,\"name\":\"Una nueva cita para una acci\u00f3n clim\u00e1tica responsable: arranca la COP26 en Glasgow\"}]},{\"@type\":\"WebSite\",\"@id\":\"https:\\\/\\\/www.entreculturas.org\\\/fr\\\/#website\",\"url\":\"https:\\\/\\\/www.entreculturas.org\\\/fr\\\/\",\"name\":\"Entreculturas\",\"description\":\"\",\"publisher\":{\"@id\":\"https:\\\/\\\/www.entreculturas.org\\\/fr\\\/#organization\"},\"alternateName\":\"Entreculturas\",\"potentialAction\":[{\"@type\":\"SearchAction\",\"target\":{\"@type\":\"EntryPoint\",\"urlTemplate\":\"https:\\\/\\\/www.entreculturas.org\\\/fr\\\/?s={search_term_string}\"},\"query-input\":{\"@type\":\"PropertyValueSpecification\",\"valueRequired\":true,\"valueName\":\"search_term_string\"}}],\"inLanguage\":\"fr-FR\"},{\"@type\":\"Organization\",\"@id\":\"https:\\\/\\\/www.entreculturas.org\\\/fr\\\/#organization\",\"name\":\"Entreculturas\",\"url\":\"https:\\\/\\\/www.entreculturas.org\\\/fr\\\/\",\"logo\":{\"@type\":\"ImageObject\",\"inLanguage\":\"fr-FR\",\"@id\":\"https:\\\/\\\/www.entreculturas.org\\\/fr\\\/#\\\/schema\\\/logo\\\/image\\\/\",\"url\":\"https:\\\/\\\/www.entreculturas.org\\\/wp-content\\\/uploads\\\/2025\\\/10\\\/ESP.svg\",\"contentUrl\":\"https:\\\/\\\/www.entreculturas.org\\\/wp-content\\\/uploads\\\/2025\\\/10\\\/ESP.svg\",\"caption\":\"Entreculturas\"},\"image\":{\"@id\":\"https:\\\/\\\/www.entreculturas.org\\\/fr\\\/#\\\/schema\\\/logo\\\/image\\\/\"},\"sameAs\":[\"https:\\\/\\\/www.facebook.com\\\/entreculturas\",\"https:\\\/\\\/x.com\\\/Entreculturas\",\"https:\\\/\\\/www.instagram.com\\\/entreculturas\\\/\",\"https:\\\/\\\/www.youtube.com\\\/user\\\/entreculturasvideo\",\"https:\\\/\\\/www.linkedin.com\\\/company\\\/fundacion-entreculturas-ngdo\\\/\",\"https:\\\/\\\/www.flickr.com\\\/photos\\\/98455522@N04\\\/albums\\\/\"]}]}<\/script>\n<!-- \/ Yoast SEO Premium plugin. -->","yoast_head_json":{"title":"Una nueva cita para una acci\u00f3n clim\u00e1tica responsable: arranca la COP26 en Glasgow - Entreculturas","robots":{"index":"index","follow":"follow","max-snippet":"max-snippet:-1","max-image-preview":"max-image-preview:large","max-video-preview":"max-video-preview:-1"},"canonical":"https:\/\/www.entreculturas.org\/fr\/noticia\/una-nueva-cita-para-una-accion-climatica-responsable-arranca-la-cop26-en-glasgow\/","og_locale":"fr_FR","og_type":"article","og_title":"Una nueva cita para una acci\u00f3n clim\u00e1tica responsable: arranca la COP26 en Glasgow","og_description":"El lunes 1 de noviembre comenz\u00f3 la Conferencia de las Partes, m\u00e1s conocida como la Conferencia de las Naciones Unidas sobre el Cambio Clim\u00e1tico o COP26 que tiene lugar desde el 1 de noviembre hasta el pr\u00f3ximo d\u00eda 12 en Glasgow, Reino Unido. Este encuentro multilateral que se est\u00e1 celebrando en Glasgow (Reino Unido) cuenta con la presencia de delegaciones de cerca de 200 pa\u00edses que deber\u00e1n ratificar los compromisos necesarios para elevar la ambici\u00f3n clim\u00e1tica y conseguir firmar un acuerdo capaz de limitar la subida global de temperaturas.","og_url":"https:\/\/www.entreculturas.org\/fr\/noticia\/una-nueva-cita-para-una-accion-climatica-responsable-arranca-la-cop26-en-glasgow\/","og_site_name":"Entreculturas","article_publisher":"https:\/\/www.facebook.com\/entreculturas","article_modified_time":"2024-02-19T15:54:31+00:00","og_image":[{"width":800,"height":534,"url":"https:\/\/www.entreculturas.org\/wp-content\/uploads\/2021\/11\/movilizacion-huelga-mundial-x-el_-clima-madrid.jpg","type":"image\/jpeg"}],"twitter_card":"summary_large_image","twitter_site":"@Entreculturas","schema":{"@context":"https:\/\/schema.org","@graph":[{"@type":"WebPage","@id":"https:\/\/www.entreculturas.org\/fr\/noticia\/una-nueva-cita-para-una-accion-climatica-responsable-arranca-la-cop26-en-glasgow\/","url":"https:\/\/www.entreculturas.org\/fr\/noticia\/una-nueva-cita-para-una-accion-climatica-responsable-arranca-la-cop26-en-glasgow\/","name":"Una nueva cita para una acci\u00f3n clim\u00e1tica responsable: arranca la COP26 en Glasgow - Entreculturas","isPartOf":{"@id":"https:\/\/www.entreculturas.org\/fr\/#website"},"primaryImageOfPage":{"@id":"https:\/\/www.entreculturas.org\/fr\/noticia\/una-nueva-cita-para-una-accion-climatica-responsable-arranca-la-cop26-en-glasgow\/#primaryimage"},"image":{"@id":"https:\/\/www.entreculturas.org\/fr\/noticia\/una-nueva-cita-para-una-accion-climatica-responsable-arranca-la-cop26-en-glasgow\/#primaryimage"},"thumbnailUrl":"https:\/\/www.entreculturas.org\/wp-content\/uploads\/2021\/11\/movilizacion-huelga-mundial-x-el_-clima-madrid.jpg","datePublished":"2021-11-04T09:32:09+00:00","dateModified":"2024-02-19T15:54:31+00:00","breadcrumb":{"@id":"https:\/\/www.entreculturas.org\/fr\/noticia\/una-nueva-cita-para-una-accion-climatica-responsable-arranca-la-cop26-en-glasgow\/#breadcrumb"},"inLanguage":"fr-FR","potentialAction":[{"@type":"ReadAction","target":["https:\/\/www.entreculturas.org\/fr\/noticia\/una-nueva-cita-para-una-accion-climatica-responsable-arranca-la-cop26-en-glasgow\/"]}]},{"@type":"ImageObject","inLanguage":"fr-FR","@id":"https:\/\/www.entreculturas.org\/fr\/noticia\/una-nueva-cita-para-una-accion-climatica-responsable-arranca-la-cop26-en-glasgow\/#primaryimage","url":"https:\/\/www.entreculturas.org\/wp-content\/uploads\/2021\/11\/movilizacion-huelga-mundial-x-el_-clima-madrid.jpg","contentUrl":"https:\/\/www.entreculturas.org\/wp-content\/uploads\/2021\/11\/movilizacion-huelga-mundial-x-el_-clima-madrid.jpg","width":800,"height":534,"caption":"movilizacion-huelga-mundial-x-el_-clima-madrid"},{"@type":"BreadcrumbList","@id":"https:\/\/www.entreculturas.org\/fr\/noticia\/una-nueva-cita-para-una-accion-climatica-responsable-arranca-la-cop26-en-glasgow\/#breadcrumb","itemListElement":[{"@type":"ListItem","position":1,"name":"Home","item":"https:\/\/www.entreculturas.org\/fr\/"},{"@type":"ListItem","position":2,"name":"Noticias","item":"https:\/\/www.entreculturas.org\/fr\/noticias\/"},{"@type":"ListItem","position":3,"name":"Una nueva cita para una acci\u00f3n clim\u00e1tica responsable: arranca la COP26 en Glasgow"}]},{"@type":"WebSite","@id":"https:\/\/www.entreculturas.org\/fr\/#website","url":"https:\/\/www.entreculturas.org\/fr\/","name":"Entreculturas","description":"","publisher":{"@id":"https:\/\/www.entreculturas.org\/fr\/#organization"},"alternateName":"Entreculturas","potentialAction":[{"@type":"SearchAction","target":{"@type":"EntryPoint","urlTemplate":"https:\/\/www.entreculturas.org\/fr\/?s={search_term_string}"},"query-input":{"@type":"PropertyValueSpecification","valueRequired":true,"valueName":"search_term_string"}}],"inLanguage":"fr-FR"},{"@type":"Organization","@id":"https:\/\/www.entreculturas.org\/fr\/#organization","name":"Entreculturas","url":"https:\/\/www.entreculturas.org\/fr\/","logo":{"@type":"ImageObject","inLanguage":"fr-FR","@id":"https:\/\/www.entreculturas.org\/fr\/#\/schema\/logo\/image\/","url":"https:\/\/www.entreculturas.org\/wp-content\/uploads\/2025\/10\/ESP.svg","contentUrl":"https:\/\/www.entreculturas.org\/wp-content\/uploads\/2025\/10\/ESP.svg","caption":"Entreculturas"},"image":{"@id":"https:\/\/www.entreculturas.org\/fr\/#\/schema\/logo\/image\/"},"sameAs":["https:\/\/www.facebook.com\/entreculturas","https:\/\/x.com\/Entreculturas","https:\/\/www.instagram.com\/entreculturas\/","https:\/\/www.youtube.com\/user\/entreculturasvideo","https:\/\/www.linkedin.com\/company\/fundacion-entreculturas-ngdo\/","https:\/\/www.flickr.com\/photos\/98455522@N04\/albums\/"]}]}},"_links":{"self":[{"href":"https:\/\/www.entreculturas.org\/fr\/wp-json\/wp\/v2\/noticia\/6258","targetHints":{"allow":["GET"]}}],"collection":[{"href":"https:\/\/www.entreculturas.org\/fr\/wp-json\/wp\/v2\/noticia"}],"about":[{"href":"https:\/\/www.entreculturas.org\/fr\/wp-json\/wp\/v2\/types\/noticia"}],"wp:featuredmedia":[{"embeddable":true,"href":"https:\/\/www.entreculturas.org\/fr\/wp-json\/wp\/v2\/media\/6259"}],"wp:attachment":[{"href":"https:\/\/www.entreculturas.org\/fr\/wp-json\/wp\/v2\/media?parent=6258"}],"wp:term":[{"taxonomy":"category","embeddable":true,"href":"https:\/\/www.entreculturas.org\/fr\/wp-json\/wp\/v2\/categories?post=6258"},{"taxonomy":"post_tag","embeddable":true,"href":"https:\/\/www.entreculturas.org\/fr\/wp-json\/wp\/v2\/tags?post=6258"},{"taxonomy":"country","embeddable":true,"href":"https:\/\/www.entreculturas.org\/fr\/wp-json\/wp\/v2\/country?post=6258"},{"taxonomy":"cause","embeddable":true,"href":"https:\/\/www.entreculturas.org\/fr\/wp-json\/wp\/v2\/cause?post=6258"}],"curies":[{"name":"wp","href":"https:\/\/api.w.org\/{rel}","templated":true}]}}