{"id":6238,"date":"2021-10-28T12:13:57","date_gmt":"2021-10-28T12:13:57","guid":{"rendered":"https:\/\/entreculturasi.wpenginepowered.com\/?noticias=entregamos-185-tablets-con-material-pedagogico-alumnado-de-primaria-en-peru"},"modified":"2024-02-19T16:55:20","modified_gmt":"2024-02-19T15:55:20","slug":"entregamos-185-tablets-con-material-pedagogico-alumnado-de-primaria-en-peru","status":"publish","type":"noticia","link":"https:\/\/www.entreculturas.org\/fr\/noticia\/entregamos-185-tablets-con-material-pedagogico-alumnado-de-primaria-en-peru\/","title":{"rendered":"Entregamos 185 tablets con material pedag\u00f3gico a alumnado de primaria en Per\u00fa"},"content":{"rendered":"<p>En el mes de febrero, m\u00e1s de 15 mil personas participaron en nuestra carrera virtual #CorreXunaCausa para apoyar la emergencia educativa, estrechar la brecha digital y hacer que la educaci\u00f3n no pare en tiempos de pandemia. Uno de los lugares en los que trabajamos es en <strong>Per\u00fa,<\/strong> donde <strong>tenemos una larga trayectoria apoyando a nuestra organizaci\u00f3n socia Fe y Alegr\u00eda Per\u00fa en diferentes regiones.&nbsp;<\/strong><\/p>\n<p>La solidaridad que desat\u00f3 el 10\u00ba cumplea\u00f1os de la carrera ha permitido<strong> contribuir a la campa\u00f1a <a href=\"https:\/\/www.feyalegria.org.pe\/campanatablets\/\" target=\"_blank\" rel=\"noopener\">\u2018Conect\u00e1ndonos con Alegr\u00eda\u2019<\/a> a trav\u00e9s de la entrega de 185 tablets a estudiantes de primaria<\/strong> de la Red Educativa Rural Fe y Alegr\u00eda 48 en Malingas, Piura. El pasado 24 de septiembre se hizo entrega de los dispositivos que servir\u00e1n para que el alumnado pueda seguir las clases online y acceder a numerosos recursos educativos.<\/p>\n<\/p>\n<p>\u201cYo tengo tres ni\u00f1os que diariamente consumen internet. Ahora con la tablet, es un gran aliento, un gran alivio para nosotros como padres y tambi\u00e9n para ellos mismos que van a seguir adelante<strong>, van a aprovechar estas tablets<\/strong>\u201d, asegura El\u00edas Alama, padre de alumno de Fe y Alegr\u00eda Per\u00fa.<\/p>\n<p>La pandemia y el <strong>cierre de los colegios durante 66 semanas<\/strong> se ha hecho largo para la comunidad educativa, sobre todo en aquellos lugares m\u00e1s remotos con dificultades de acceso a internet y para aquellas familias que ten\u00edan que compartir el m\u00f3vil entre todos y todas o que, directamente, no contaban con ellos.&nbsp;<\/p>\n<p>La familia de Diana Katherine, madre de una de las alumnas, ha sido una de ellas: \u201c<strong>esta pandemia fue dif\u00edcil para nosotros<\/strong> porque no captaba se\u00f1al en las casas. Ten\u00edamos que salir con los celulares a buscar la conectividad para que nuestros hijos\/as puedan interactuar con los profesores\/as\u201d. Por su parte, Gabriela Ivet, alumna de Fe y Alegr\u00eda, comenta: \u201c<strong>ten\u00eda un celular que no funcionaba muy bien <\/strong>y se apagaba, al toque se bajaba la bater\u00eda y no pod\u00eda a veces interactuar muy bien\u201d.<\/p>\n<p>Las tablets no solo van a permitir al alumnado a seguir las clases online, sino que adem\u00e1s contienen programas, aplicaciones y recursos educativos seleccionados con <strong>criterios pedag\u00f3gicos <\/strong>de acuerdo al nivel educativo del estudiante.&nbsp;<\/p>\n<\/p>\n<p><span style=\"color:#FF0000\"><strong>Tablets contra la brecha digital<\/strong><\/span><\/p>\n<p>El evento de entrega de tablets tuvo lugar cont\u00f3 con la participaci\u00f3n de P. Ernesto Cavassa, S.J., director general de Fe y Alegr\u00eda; la Hna. Marleny Bardales, directora de la RER Fe y Alegr\u00eda 48, adem\u00e1s de Alfredo Rengifo Navarrete, alcalde de la Municipalidad de Tambogrande, y Felipe Yovera, director de la UGEL Tambogrande. Particip\u00f3 tambi\u00e9n un reducido grupo de docentes as\u00ed como estudiantes acompa\u00f1ados de sus padres y madres.<\/p>\n<p>El padre Cavassa S.J. agradeci\u00f3 el aporte solidario de las personas que participaron en esta carrera solidaria, tanto en Espa\u00f1a como en Per\u00fa. \u201cEllas y ellos han participado en esta carrera no para competir sino para <strong>compartir con quienes m\u00e1s necesitan<\/strong>. Gracias a ellos podemos seguir brindando educaci\u00f3n de calidad con justicia y equidad a m\u00e1s ni\u00f1as, ni\u00f1os, adolescentes y j\u00f3venes\u201d, se\u00f1al\u00f3.<br \/>&nbsp;<br \/>La Hna. Bardales se mostr\u00f3 esperanzada en que esta donaci\u00f3n contribuya a contrarrestar el retraso que la pandemia ha originado en la educaci\u00f3n en el pa\u00eds. \u201cEl mayor beneficio de estas tablets, adem\u00e1s de la herramienta en s\u00ed, es su contenido: los <strong>recursos pedag\u00f3gicos sistematizados<\/strong> por Fe y Alegr\u00eda que van a reforzar los proyectos realizados por las y los docentes para desarrollar competencias en ni\u00f1as y ni\u00f1os\u201d, asegur\u00f3.<\/p>\n<p>En total, \u201cConect\u00e1ndonos con Alegr\u00eda\u201d ha repartido <strong>6.691 tablets <\/strong>distribuidas en instituciones educativas ubicadas en diversas regiones de Per\u00fa.<\/p>\n","protected":false},"excerpt":{"rendered":"<p>La solidaridad que desat\u00f3 el 10\u00ba cumplea\u00f1os de la carrera ha permitido contribuir a la campa\u00f1a \u2018Conect\u00e1ndonos con Alegr\u00eda\u2019 a trav\u00e9s de la entrega de 185 tablets a estudiantes de primaria de la Red Educativa Rural Fe y Alegr\u00eda 48 en Malingas, Piura. El pasado 24 de septiembre se hizo entrega de los dispositivos que servir\u00e1n para que el alumnado pueda seguir las clases online y acceder a numerosos recursos educativos.<\/p>\n","protected":false},"featured_media":6237,"template":"single-noticia","meta":{"_acf_changed":false},"categories":[7],"tags":[289],"country":[123],"cause":[128],"class_list":["post-6238","noticia","type-noticia","status-publish","has-post-thumbnail","hentry","category-noticia","tag-educacion","country-peru","cause-educacion"],"acf":[],"yoast_head":"<!-- This site is optimized with the Yoast SEO Premium plugin v21.6 (Yoast SEO v27.5) - https:\/\/yoast.com\/product\/yoast-seo-premium-wordpress\/ -->\n<title>Entregamos 185 tablets con material pedag\u00f3gico a alumnado de primaria en Per\u00fa - Entreculturas<\/title>\n<meta name=\"robots\" content=\"index, follow, max-snippet:-1, max-image-preview:large, max-video-preview:-1\" \/>\n<link rel=\"canonical\" href=\"https:\/\/www.entreculturas.org\/fr\/noticia\/entregamos-185-tablets-con-material-pedagogico-alumnado-de-primaria-en-peru\/\" \/>\n<meta property=\"og:locale\" content=\"fr_FR\" \/>\n<meta property=\"og:type\" content=\"article\" \/>\n<meta property=\"og:title\" content=\"Entregamos 185 tablets con material pedag\u00f3gico a alumnado de primaria en Per\u00fa\" \/>\n<meta property=\"og:description\" content=\"La solidaridad que desat\u00f3 el 10\u00ba cumplea\u00f1os de la carrera ha permitido contribuir a la campa\u00f1a \u2018Conect\u00e1ndonos con Alegr\u00eda\u2019 a trav\u00e9s de la entrega de 185 tablets a estudiantes de primaria de la Red Educativa Rural Fe y Alegr\u00eda 48 en Malingas, Piura. El pasado 24 de septiembre se hizo entrega de los dispositivos que servir\u00e1n para que el alumnado pueda seguir las clases online y acceder a numerosos recursos educativos.\" \/>\n<meta property=\"og:url\" content=\"https:\/\/www.entreculturas.org\/fr\/noticia\/entregamos-185-tablets-con-material-pedagogico-alumnado-de-primaria-en-peru\/\" \/>\n<meta property=\"og:site_name\" content=\"Entreculturas\" \/>\n<meta property=\"article:publisher\" content=\"https:\/\/www.facebook.com\/entreculturas\" \/>\n<meta property=\"article:modified_time\" content=\"2024-02-19T15:55:20+00:00\" \/>\n<meta property=\"og:image\" content=\"https:\/\/www.entreculturas.org\/wp-content\/uploads\/2021\/10\/tablets_peru_copia.jpg\" \/>\n\t<meta property=\"og:image:width\" content=\"1200\" \/>\n\t<meta property=\"og:image:height\" content=\"800\" \/>\n\t<meta property=\"og:image:type\" content=\"image\/jpeg\" \/>\n<meta name=\"twitter:card\" content=\"summary_large_image\" \/>\n<meta name=\"twitter:site\" content=\"@Entreculturas\" \/>\n<script type=\"application\/ld+json\" class=\"yoast-schema-graph\">{\"@context\":\"https:\\\/\\\/schema.org\",\"@graph\":[{\"@type\":\"WebPage\",\"@id\":\"https:\\\/\\\/www.entreculturas.org\\\/fr\\\/noticia\\\/entregamos-185-tablets-con-material-pedagogico-alumnado-de-primaria-en-peru\\\/\",\"url\":\"https:\\\/\\\/www.entreculturas.org\\\/fr\\\/noticia\\\/entregamos-185-tablets-con-material-pedagogico-alumnado-de-primaria-en-peru\\\/\",\"name\":\"Entregamos 185 tablets con material pedag\u00f3gico a alumnado de primaria en Per\u00fa - Entreculturas\",\"isPartOf\":{\"@id\":\"https:\\\/\\\/www.entreculturas.org\\\/fr\\\/#website\"},\"primaryImageOfPage\":{\"@id\":\"https:\\\/\\\/www.entreculturas.org\\\/fr\\\/noticia\\\/entregamos-185-tablets-con-material-pedagogico-alumnado-de-primaria-en-peru\\\/#primaryimage\"},\"image\":{\"@id\":\"https:\\\/\\\/www.entreculturas.org\\\/fr\\\/noticia\\\/entregamos-185-tablets-con-material-pedagogico-alumnado-de-primaria-en-peru\\\/#primaryimage\"},\"thumbnailUrl\":\"https:\\\/\\\/www.entreculturas.org\\\/wp-content\\\/uploads\\\/2021\\\/10\\\/tablets_peru_copia.jpg\",\"datePublished\":\"2021-10-28T12:13:57+00:00\",\"dateModified\":\"2024-02-19T15:55:20+00:00\",\"breadcrumb\":{\"@id\":\"https:\\\/\\\/www.entreculturas.org\\\/fr\\\/noticia\\\/entregamos-185-tablets-con-material-pedagogico-alumnado-de-primaria-en-peru\\\/#breadcrumb\"},\"inLanguage\":\"fr-FR\",\"potentialAction\":[{\"@type\":\"ReadAction\",\"target\":[\"https:\\\/\\\/www.entreculturas.org\\\/fr\\\/noticia\\\/entregamos-185-tablets-con-material-pedagogico-alumnado-de-primaria-en-peru\\\/\"]}]},{\"@type\":\"ImageObject\",\"inLanguage\":\"fr-FR\",\"@id\":\"https:\\\/\\\/www.entreculturas.org\\\/fr\\\/noticia\\\/entregamos-185-tablets-con-material-pedagogico-alumnado-de-primaria-en-peru\\\/#primaryimage\",\"url\":\"https:\\\/\\\/www.entreculturas.org\\\/wp-content\\\/uploads\\\/2021\\\/10\\\/tablets_peru_copia.jpg\",\"contentUrl\":\"https:\\\/\\\/www.entreculturas.org\\\/wp-content\\\/uploads\\\/2021\\\/10\\\/tablets_peru_copia.jpg\",\"width\":1200,\"height\":800},{\"@type\":\"BreadcrumbList\",\"@id\":\"https:\\\/\\\/www.entreculturas.org\\\/fr\\\/noticia\\\/entregamos-185-tablets-con-material-pedagogico-alumnado-de-primaria-en-peru\\\/#breadcrumb\",\"itemListElement\":[{\"@type\":\"ListItem\",\"position\":1,\"name\":\"Home\",\"item\":\"https:\\\/\\\/www.entreculturas.org\\\/fr\\\/\"},{\"@type\":\"ListItem\",\"position\":2,\"name\":\"Noticias\",\"item\":\"https:\\\/\\\/www.entreculturas.org\\\/fr\\\/noticias\\\/\"},{\"@type\":\"ListItem\",\"position\":3,\"name\":\"Entregamos 185 tablets con material pedag\u00f3gico a alumnado de primaria en Per\u00fa\"}]},{\"@type\":\"WebSite\",\"@id\":\"https:\\\/\\\/www.entreculturas.org\\\/fr\\\/#website\",\"url\":\"https:\\\/\\\/www.entreculturas.org\\\/fr\\\/\",\"name\":\"Entreculturas\",\"description\":\"\",\"publisher\":{\"@id\":\"https:\\\/\\\/www.entreculturas.org\\\/fr\\\/#organization\"},\"alternateName\":\"Entreculturas\",\"potentialAction\":[{\"@type\":\"SearchAction\",\"target\":{\"@type\":\"EntryPoint\",\"urlTemplate\":\"https:\\\/\\\/www.entreculturas.org\\\/fr\\\/?s={search_term_string}\"},\"query-input\":{\"@type\":\"PropertyValueSpecification\",\"valueRequired\":true,\"valueName\":\"search_term_string\"}}],\"inLanguage\":\"fr-FR\"},{\"@type\":\"Organization\",\"@id\":\"https:\\\/\\\/www.entreculturas.org\\\/fr\\\/#organization\",\"name\":\"Entreculturas\",\"url\":\"https:\\\/\\\/www.entreculturas.org\\\/fr\\\/\",\"logo\":{\"@type\":\"ImageObject\",\"inLanguage\":\"fr-FR\",\"@id\":\"https:\\\/\\\/www.entreculturas.org\\\/fr\\\/#\\\/schema\\\/logo\\\/image\\\/\",\"url\":\"https:\\\/\\\/www.entreculturas.org\\\/wp-content\\\/uploads\\\/2025\\\/10\\\/ESP.svg\",\"contentUrl\":\"https:\\\/\\\/www.entreculturas.org\\\/wp-content\\\/uploads\\\/2025\\\/10\\\/ESP.svg\",\"caption\":\"Entreculturas\"},\"image\":{\"@id\":\"https:\\\/\\\/www.entreculturas.org\\\/fr\\\/#\\\/schema\\\/logo\\\/image\\\/\"},\"sameAs\":[\"https:\\\/\\\/www.facebook.com\\\/entreculturas\",\"https:\\\/\\\/x.com\\\/Entreculturas\",\"https:\\\/\\\/www.instagram.com\\\/entreculturas\\\/\",\"https:\\\/\\\/www.youtube.com\\\/user\\\/entreculturasvideo\",\"https:\\\/\\\/www.linkedin.com\\\/company\\\/fundacion-entreculturas-ngdo\\\/\",\"https:\\\/\\\/www.flickr.com\\\/photos\\\/98455522@N04\\\/albums\\\/\"]}]}<\/script>\n<!-- \/ Yoast SEO Premium plugin. -->","yoast_head_json":{"title":"Entregamos 185 tablets con material pedag\u00f3gico a alumnado de primaria en Per\u00fa - Entreculturas","robots":{"index":"index","follow":"follow","max-snippet":"max-snippet:-1","max-image-preview":"max-image-preview:large","max-video-preview":"max-video-preview:-1"},"canonical":"https:\/\/www.entreculturas.org\/fr\/noticia\/entregamos-185-tablets-con-material-pedagogico-alumnado-de-primaria-en-peru\/","og_locale":"fr_FR","og_type":"article","og_title":"Entregamos 185 tablets con material pedag\u00f3gico a alumnado de primaria en Per\u00fa","og_description":"La solidaridad que desat\u00f3 el 10\u00ba cumplea\u00f1os de la carrera ha permitido contribuir a la campa\u00f1a \u2018Conect\u00e1ndonos con Alegr\u00eda\u2019 a trav\u00e9s de la entrega de 185 tablets a estudiantes de primaria de la Red Educativa Rural Fe y Alegr\u00eda 48 en Malingas, Piura. El pasado 24 de septiembre se hizo entrega de los dispositivos que servir\u00e1n para que el alumnado pueda seguir las clases online y acceder a numerosos recursos educativos.","og_url":"https:\/\/www.entreculturas.org\/fr\/noticia\/entregamos-185-tablets-con-material-pedagogico-alumnado-de-primaria-en-peru\/","og_site_name":"Entreculturas","article_publisher":"https:\/\/www.facebook.com\/entreculturas","article_modified_time":"2024-02-19T15:55:20+00:00","og_image":[{"width":1200,"height":800,"url":"https:\/\/www.entreculturas.org\/wp-content\/uploads\/2021\/10\/tablets_peru_copia.jpg","type":"image\/jpeg"}],"twitter_card":"summary_large_image","twitter_site":"@Entreculturas","schema":{"@context":"https:\/\/schema.org","@graph":[{"@type":"WebPage","@id":"https:\/\/www.entreculturas.org\/fr\/noticia\/entregamos-185-tablets-con-material-pedagogico-alumnado-de-primaria-en-peru\/","url":"https:\/\/www.entreculturas.org\/fr\/noticia\/entregamos-185-tablets-con-material-pedagogico-alumnado-de-primaria-en-peru\/","name":"Entregamos 185 tablets con material pedag\u00f3gico a alumnado de primaria en Per\u00fa - Entreculturas","isPartOf":{"@id":"https:\/\/www.entreculturas.org\/fr\/#website"},"primaryImageOfPage":{"@id":"https:\/\/www.entreculturas.org\/fr\/noticia\/entregamos-185-tablets-con-material-pedagogico-alumnado-de-primaria-en-peru\/#primaryimage"},"image":{"@id":"https:\/\/www.entreculturas.org\/fr\/noticia\/entregamos-185-tablets-con-material-pedagogico-alumnado-de-primaria-en-peru\/#primaryimage"},"thumbnailUrl":"https:\/\/www.entreculturas.org\/wp-content\/uploads\/2021\/10\/tablets_peru_copia.jpg","datePublished":"2021-10-28T12:13:57+00:00","dateModified":"2024-02-19T15:55:20+00:00","breadcrumb":{"@id":"https:\/\/www.entreculturas.org\/fr\/noticia\/entregamos-185-tablets-con-material-pedagogico-alumnado-de-primaria-en-peru\/#breadcrumb"},"inLanguage":"fr-FR","potentialAction":[{"@type":"ReadAction","target":["https:\/\/www.entreculturas.org\/fr\/noticia\/entregamos-185-tablets-con-material-pedagogico-alumnado-de-primaria-en-peru\/"]}]},{"@type":"ImageObject","inLanguage":"fr-FR","@id":"https:\/\/www.entreculturas.org\/fr\/noticia\/entregamos-185-tablets-con-material-pedagogico-alumnado-de-primaria-en-peru\/#primaryimage","url":"https:\/\/www.entreculturas.org\/wp-content\/uploads\/2021\/10\/tablets_peru_copia.jpg","contentUrl":"https:\/\/www.entreculturas.org\/wp-content\/uploads\/2021\/10\/tablets_peru_copia.jpg","width":1200,"height":800},{"@type":"BreadcrumbList","@id":"https:\/\/www.entreculturas.org\/fr\/noticia\/entregamos-185-tablets-con-material-pedagogico-alumnado-de-primaria-en-peru\/#breadcrumb","itemListElement":[{"@type":"ListItem","position":1,"name":"Home","item":"https:\/\/www.entreculturas.org\/fr\/"},{"@type":"ListItem","position":2,"name":"Noticias","item":"https:\/\/www.entreculturas.org\/fr\/noticias\/"},{"@type":"ListItem","position":3,"name":"Entregamos 185 tablets con material pedag\u00f3gico a alumnado de primaria en Per\u00fa"}]},{"@type":"WebSite","@id":"https:\/\/www.entreculturas.org\/fr\/#website","url":"https:\/\/www.entreculturas.org\/fr\/","name":"Entreculturas","description":"","publisher":{"@id":"https:\/\/www.entreculturas.org\/fr\/#organization"},"alternateName":"Entreculturas","potentialAction":[{"@type":"SearchAction","target":{"@type":"EntryPoint","urlTemplate":"https:\/\/www.entreculturas.org\/fr\/?s={search_term_string}"},"query-input":{"@type":"PropertyValueSpecification","valueRequired":true,"valueName":"search_term_string"}}],"inLanguage":"fr-FR"},{"@type":"Organization","@id":"https:\/\/www.entreculturas.org\/fr\/#organization","name":"Entreculturas","url":"https:\/\/www.entreculturas.org\/fr\/","logo":{"@type":"ImageObject","inLanguage":"fr-FR","@id":"https:\/\/www.entreculturas.org\/fr\/#\/schema\/logo\/image\/","url":"https:\/\/www.entreculturas.org\/wp-content\/uploads\/2025\/10\/ESP.svg","contentUrl":"https:\/\/www.entreculturas.org\/wp-content\/uploads\/2025\/10\/ESP.svg","caption":"Entreculturas"},"image":{"@id":"https:\/\/www.entreculturas.org\/fr\/#\/schema\/logo\/image\/"},"sameAs":["https:\/\/www.facebook.com\/entreculturas","https:\/\/x.com\/Entreculturas","https:\/\/www.instagram.com\/entreculturas\/","https:\/\/www.youtube.com\/user\/entreculturasvideo","https:\/\/www.linkedin.com\/company\/fundacion-entreculturas-ngdo\/","https:\/\/www.flickr.com\/photos\/98455522@N04\/albums\/"]}]}},"_links":{"self":[{"href":"https:\/\/www.entreculturas.org\/fr\/wp-json\/wp\/v2\/noticia\/6238","targetHints":{"allow":["GET"]}}],"collection":[{"href":"https:\/\/www.entreculturas.org\/fr\/wp-json\/wp\/v2\/noticia"}],"about":[{"href":"https:\/\/www.entreculturas.org\/fr\/wp-json\/wp\/v2\/types\/noticia"}],"wp:featuredmedia":[{"embeddable":true,"href":"https:\/\/www.entreculturas.org\/fr\/wp-json\/wp\/v2\/media\/6237"}],"wp:attachment":[{"href":"https:\/\/www.entreculturas.org\/fr\/wp-json\/wp\/v2\/media?parent=6238"}],"wp:term":[{"taxonomy":"category","embeddable":true,"href":"https:\/\/www.entreculturas.org\/fr\/wp-json\/wp\/v2\/categories?post=6238"},{"taxonomy":"post_tag","embeddable":true,"href":"https:\/\/www.entreculturas.org\/fr\/wp-json\/wp\/v2\/tags?post=6238"},{"taxonomy":"country","embeddable":true,"href":"https:\/\/www.entreculturas.org\/fr\/wp-json\/wp\/v2\/country?post=6238"},{"taxonomy":"cause","embeddable":true,"href":"https:\/\/www.entreculturas.org\/fr\/wp-json\/wp\/v2\/cause?post=6238"}],"curies":[{"name":"wp","href":"https:\/\/api.w.org\/{rel}","templated":true}]}}