{"id":6234,"date":"2021-10-28T08:57:26","date_gmt":"2021-10-28T08:57:26","guid":{"rendered":"https:\/\/entreculturasi.wpenginepowered.com\/?noticias=xlviii-congreso-internacional-fe-y-alegria-nuevos-desafios-en-la-educacion-popular"},"modified":"2024-07-31T12:32:07","modified_gmt":"2024-07-31T10:32:07","slug":"xlviii-congreso-internacional-fe-y-alegria-nuevos-desafios-en-la-educacion-popular","status":"publish","type":"noticia","link":"https:\/\/www.entreculturas.org\/fr\/noticia\/xlviii-congreso-internacional-fe-y-alegria-nuevos-desafios-en-la-educacion-popular\/","title":{"rendered":"XLVIII Congreso Internacional Fe y Alegr\u00eda: nuevos desaf\u00edos en la educaci\u00f3n popular"},"content":{"rendered":"<p>Del 26 al 29 de octubre se lleva a cabo el XLVIII Congreso Internacional de Fe y Alegr\u00eda, de manera virtual, con la participaci\u00f3n de M\u00e1s de 2 mil personas de 28 pa\u00edses quienes conectaron al acto de inauguraci\u00f3n transmitido desde la p\u00e1gina web de la Federaci\u00f3n Internacional de Fe y Alegr\u00eda:\u00a0 <a href=\"https:\/\/congresos.feyalegria.org\/\">https:\/\/congresos.feyalegria.org\/\u00a0<\/a><\/p>\n<p>El evento, disponible en cuatro idiomas, cont\u00f3 con las palabras de \u00e1nimo y bienvenida de personalidades de la Compa\u00f1\u00eda de Jes\u00fas, as\u00ed como tambi\u00e9n de autoridades de Fe y Alegr\u00eda.<\/p>\n<p>En esta edici\u00f3n virtual del Congreso Internacional Fe y alegr\u00eda se han dado cita Arturo Sosa, Superior General de los Jesuitas, Roberto Jaramillo, Presidente de la CPAL, Hermann Rodr\u00edguez, Provincial de la Compa\u00f1\u00eda de Jes\u00fas en Colombia, Carlos Fritzen, Coordinador General de la Federaci\u00f3n Internacional y V\u00edctor Murillo, Director Fe y Alegr\u00eda de Colombia. Tambi\u00e9n destacamos la compa\u00f1\u00eda del Hno. Raymundo Barros, S.J., Presidente de FLACSI, P. David Fern\u00e1ndez, S.J., Secretario Ejecutivo de las AUSJAL, Enrique Cusc\u00f3, Colaborador de Fe y Alegr\u00eda. En la moderaci\u00f3n del evento estuvieron Sabrina Burgos y Jaime Benjumea.<\/p>\n<p>Arturo Sosa, SJ, Superior General de la Compa\u00f1\u00eda de Jes\u00fas, record\u00f3 que a\u00fan lleva en su coraz\u00f3n el encuentro en Madrid (Espa\u00f1a) en 2018. Y afirmo que \u201cLa pandemia de la COVID-19 ha develado con fuerza\u201d situaciones de exclusi\u00f3n, y que el modelo de desarrollo depredador, tantas veces se\u00f1alado por el Papa Francisco, se erige como una de las amenazas a la vida en el planeta Tierra, y se\u00f1al\u00f3 que sus efectos son m\u00e1s dram\u00e1ticos en el mundo de las mayor\u00edas pobres. Los derechos a la salud y a la educaci\u00f3n est\u00e1n m\u00e1s vulnerados que nunca\u201d.<\/p>\n<p>\u201cLa educaci\u00f3n est\u00e1 en emergencia. La comunicaci\u00f3n sigue siendo un privilegio y no un derecho para esas mayor\u00edas. El trabajo y la vida digna siguen siendo una gran aspiraci\u00f3n para m\u00e1s de la mitad de la poblaci\u00f3n en el planeta. Los derechos de la Tierra, nuestra casa com\u00fan, y el deber de cuidarla con el cari\u00f1o que se merece sigue siendo un enorme desaf\u00edo\u201d, agreg\u00f3 Sosa.<\/p>\n<p>\u201cPretendemos animar a miles de personas a volver al primer amor de Fe y Alegr\u00eda. Un grupo de personas organizadas que van a las fronteras del siglo XXI con la misi\u00f3n de transformar a otros y de dejarse transformar desde ese encuentro con el mundo y la diversidad\u201d afirm\u00f3 Carlos Fritzen Coordinador de la Federaci\u00f3n Internacional de Fe y Alegr\u00eda y \u00e1nimo a las personas conectadas a \u201cQue vayamos y nos atrevamos. Que vayamos con nuestras poderosas propuestas de transformaci\u00f3n. En una mano la Educaci\u00f3n Popular y en la otra la Promoci\u00f3n Social\u201d.<\/p>\n<p>Durante la jornada de apertura Roberto Jaramillo, Presidente de la Conferencia de Provincias de Jesuitas en Am\u00e9rica Latina y el Caribe (CPAL), insisti\u00f3 en que \u201cFe y Alegr\u00eda naci\u00f3 y se ha desarrollado movida por el esp\u00edritu de Dios. Incluso el esp\u00edritu de personas no creyentes ha alimentado esta historia\u201d.<\/p>\n<h2><strong>El impacto de Fe y Alegr\u00eda<\/strong><\/h2>\n<p>El segundo evento del d\u00eda fue \u201cResultados de Evaluaci\u00f3n de Impacto en Fe y Alegr\u00eda\u201d, durante esta jornada se present\u00f3 la sistematizaci\u00f3n de las intervenciones educativas de Fe y Alegr\u00eda en primaria y secundaria en Bolivia, Colombia, Guatemala, Per\u00fa, Rep\u00fablica Dominicana y Venezuela entre 2017 y 2020.<\/p>\n<p>Nuestra compa\u00f1era Luc\u00eda Rodr\u00edguez, Responsable de Incidencia Pol\u00edtica de Entreculturas fue la encargada de dinamizar las discusiones sobre lo que representa el movimiento Fe y Alegr\u00eda en los contextos con los que interact\u00faa en pa\u00edses de Am\u00e9rica Latina.<\/p>\n<p>\u201cAlgunas de las evidencias que ha mostrado la evaluaci\u00f3n en t\u00e9rminos de desempe\u00f1o del estudiantado muestra como los alumnos y alumnas de Fe y Alegr\u00eda obtienen mejores \u00edndices de aprobaci\u00f3n que otros compa\u00f1eros con las escuelas con las que nos hemos comparado o menores \u00edndices de repetici\u00f3n y menores \u00edndices de abandono\u201d destac\u00f3 Luc\u00eda Rodr\u00edguez.<\/p>\n<p>\u201cEsta Evaluaci\u00f3n es quiz\u00e1s la m\u00e1s ambiciosa a la que se ha enfrentado la Federaci\u00f3n internacional de Fe y Alegr\u00eda, no solo por el volumen sino porque ha analizado los tres niveles globales en los que pretende impactar Fe y Alegr\u00eda, que es el alumnado y la familia, las comunidades donde est\u00e1n insertadas las escuelas y las pol\u00edticas p\u00fablicas\u201d afirm\u00f3 Bel\u00e9n Rodr\u00edguez, Responsable de Evaluaci\u00f3n de Entreculturas \u2013 fe y Alegr\u00eda Espa\u00f1a.<\/p>\n<p>En la segunda jornada del 27 de octubre, se abrieron las reflexiones sobre los nuevos desaf\u00edos que los contextos plantean a la educaci\u00f3n popular y desde ah\u00ed revisar nuestras pr\u00e1cticas educativas. Contando con la participaci\u00f3n de Beatriz Borjas, Antonio P\u00e9rez Esclar\u00edn, y Vicente Palop, quienes en la fase del pre-congreso elaboraron la gu\u00eda de trabajo del primer foco con el aporte de los pa\u00edses.<\/p>\n<p>Beatriz Borjas, l\u00edder de la Iniciativa Federativa Formaci\u00f3n Pedag\u00f3gica y quien en los \u00faltimos diez a\u00f1os ha llevado procesos de acompa\u00f1amiento pedag\u00f3gico a Fe y Alegr\u00eda en \u00c1frica y en Haiti, se encarg\u00f3 de abrir las reflexiones.<\/p>\n<p>En primer lugar, Beatriz destac\u00f3 en su disertaci\u00f3n que \u201cen la escuela, el espacio educativo, al ser un territorio de disputas, los responsables del Movimiento debemos estar muy atentos \u201cy ser creativos\u201d para sostener el compromiso de no desviarnos de los objetivos de la educaci\u00f3n popular\u201d. Y agreg\u00f3 que \u201ctambi\u00e9n es clave para la sostenibilidad de los centros educativos de Fe y Alegr\u00eda promover, con sentido cr\u00edtico, las alianzas entre la instituci\u00f3n y sectores p\u00fablicos y estatales\u201d.<\/p>\n<p>El investigador docente Vicente Palop comparti\u00f3 varios elementos que considera deben ser contemplados en el quehacer educativo y transformador de Fe y Alegr\u00eda desde la mirada de la educaci\u00f3n popular. Vicente rese\u00f1\u00f3 que \u201cya est\u00e1bamos en \u00e9pocas de cambios pol\u00edticos, sociales, educacionales y la pandemia nos hace visualizar cu\u00e1les son esos cambios y nos alerta porque tenemos que tomar determinadas posturas ante estos cambios y no que algunas corporaciones decidan por nosotros\u201d.<\/p>\n<p>Antonio P\u00e9rez Esclar\u00edn, educador popular con 47 a\u00f1os de experiencia en Fe y Alegr\u00eda, particip\u00f3 con sus reflexiones en torno a los Desaf\u00edos y las nuevas fronteras de la educaci\u00f3n popular en el siglo XXI. \u201cLa escuela debe \u201cense\u00f1arnos a vivir para los dem\u00e1s, a convivir, a defender la vida, a dar la vida para que todos los dem\u00e1s tengan vida\u201d, afirm\u00f3 Antonio P\u00e9rez<\/p>\n<p>El Congreso Internacional de Fe y Alegr\u00eda ya inici\u00f3, hasta el viernes 29 de octubre se realizar\u00e1n actividades, di\u00e1logos y reflexiones que permitan enfrentar los retos que plantea el contexto educativo Global.<\/p>\n","protected":false},"excerpt":{"rendered":"<p>Del 26 al 29 de octubre se lleva a cabo el XLVIII Congreso Internacional de Fe y Alegr\u00eda, de manera virtual, con la participaci\u00f3n de M\u00e1s de 2 mil personas de 28 pa\u00edses quienes conectaron al acto de inauguraci\u00f3n transmitido desde la p\u00e1gina web de la Federaci\u00f3n Internacional de Fe y Alegr\u00eda<\/p>\n","protected":false},"featured_media":6236,"template":"single-noticia","meta":{"_acf_changed":false},"categories":[7],"tags":[289],"country":[],"cause":[128],"class_list":["post-6234","noticia","type-noticia","status-publish","has-post-thumbnail","hentry","category-noticia","tag-educacion","cause-educacion"],"acf":[],"yoast_head":"<!-- This site is optimized with the Yoast SEO Premium plugin v21.6 (Yoast SEO v27.5) - https:\/\/yoast.com\/product\/yoast-seo-premium-wordpress\/ -->\n<title>XLVIII Congreso Internacional Fe y Alegr\u00eda: nuevos desaf\u00edos en la educaci\u00f3n popular - Entreculturas<\/title>\n<meta name=\"robots\" content=\"index, follow, max-snippet:-1, max-image-preview:large, max-video-preview:-1\" \/>\n<link rel=\"canonical\" href=\"https:\/\/www.entreculturas.org\/fr\/noticia\/xlviii-congreso-internacional-fe-y-alegria-nuevos-desafios-en-la-educacion-popular\/\" \/>\n<meta property=\"og:locale\" content=\"fr_FR\" \/>\n<meta property=\"og:type\" content=\"article\" \/>\n<meta property=\"og:title\" content=\"XLVIII Congreso Internacional Fe y Alegr\u00eda: nuevos desaf\u00edos en la educaci\u00f3n popular\" \/>\n<meta property=\"og:description\" content=\"Del 26 al 29 de octubre se lleva a cabo el XLVIII Congreso Internacional de Fe y Alegr\u00eda, de manera virtual, con la participaci\u00f3n de M\u00e1s de 2 mil personas de 28 pa\u00edses quienes conectaron al acto de inauguraci\u00f3n transmitido desde la p\u00e1gina web de la Federaci\u00f3n Internacional de Fe y Alegr\u00eda\" \/>\n<meta property=\"og:url\" content=\"https:\/\/www.entreculturas.org\/fr\/noticia\/xlviii-congreso-internacional-fe-y-alegria-nuevos-desafios-en-la-educacion-popular\/\" \/>\n<meta property=\"og:site_name\" content=\"Entreculturas\" \/>\n<meta property=\"article:publisher\" content=\"https:\/\/www.facebook.com\/entreculturas\" \/>\n<meta property=\"article:modified_time\" content=\"2024-07-31T10:32:07+00:00\" \/>\n<meta property=\"og:image\" content=\"https:\/\/www.entreculturas.org\/wp-content\/uploads\/2021\/10\/3c536fe2-aa85-51b4-6942-8dcc70c11674.png\" \/>\n\t<meta property=\"og:image:width\" content=\"1200\" \/>\n\t<meta property=\"og:image:height\" content=\"675\" \/>\n\t<meta property=\"og:image:type\" content=\"image\/png\" \/>\n<meta name=\"twitter:card\" content=\"summary_large_image\" \/>\n<meta name=\"twitter:site\" content=\"@Entreculturas\" \/>\n<script type=\"application\/ld+json\" class=\"yoast-schema-graph\">{\"@context\":\"https:\\\/\\\/schema.org\",\"@graph\":[{\"@type\":\"WebPage\",\"@id\":\"https:\\\/\\\/www.entreculturas.org\\\/fr\\\/noticia\\\/xlviii-congreso-internacional-fe-y-alegria-nuevos-desafios-en-la-educacion-popular\\\/\",\"url\":\"https:\\\/\\\/www.entreculturas.org\\\/fr\\\/noticia\\\/xlviii-congreso-internacional-fe-y-alegria-nuevos-desafios-en-la-educacion-popular\\\/\",\"name\":\"XLVIII Congreso Internacional Fe y Alegr\u00eda: nuevos desaf\u00edos en la educaci\u00f3n popular - Entreculturas\",\"isPartOf\":{\"@id\":\"https:\\\/\\\/www.entreculturas.org\\\/fr\\\/#website\"},\"primaryImageOfPage\":{\"@id\":\"https:\\\/\\\/www.entreculturas.org\\\/fr\\\/noticia\\\/xlviii-congreso-internacional-fe-y-alegria-nuevos-desafios-en-la-educacion-popular\\\/#primaryimage\"},\"image\":{\"@id\":\"https:\\\/\\\/www.entreculturas.org\\\/fr\\\/noticia\\\/xlviii-congreso-internacional-fe-y-alegria-nuevos-desafios-en-la-educacion-popular\\\/#primaryimage\"},\"thumbnailUrl\":\"https:\\\/\\\/www.entreculturas.org\\\/wp-content\\\/uploads\\\/2021\\\/10\\\/3c536fe2-aa85-51b4-6942-8dcc70c11674.png\",\"datePublished\":\"2021-10-28T08:57:26+00:00\",\"dateModified\":\"2024-07-31T10:32:07+00:00\",\"breadcrumb\":{\"@id\":\"https:\\\/\\\/www.entreculturas.org\\\/fr\\\/noticia\\\/xlviii-congreso-internacional-fe-y-alegria-nuevos-desafios-en-la-educacion-popular\\\/#breadcrumb\"},\"inLanguage\":\"fr-FR\",\"potentialAction\":[{\"@type\":\"ReadAction\",\"target\":[\"https:\\\/\\\/www.entreculturas.org\\\/fr\\\/noticia\\\/xlviii-congreso-internacional-fe-y-alegria-nuevos-desafios-en-la-educacion-popular\\\/\"]}]},{\"@type\":\"ImageObject\",\"inLanguage\":\"fr-FR\",\"@id\":\"https:\\\/\\\/www.entreculturas.org\\\/fr\\\/noticia\\\/xlviii-congreso-internacional-fe-y-alegria-nuevos-desafios-en-la-educacion-popular\\\/#primaryimage\",\"url\":\"https:\\\/\\\/www.entreculturas.org\\\/wp-content\\\/uploads\\\/2021\\\/10\\\/3c536fe2-aa85-51b4-6942-8dcc70c11674.png\",\"contentUrl\":\"https:\\\/\\\/www.entreculturas.org\\\/wp-content\\\/uploads\\\/2021\\\/10\\\/3c536fe2-aa85-51b4-6942-8dcc70c11674.png\",\"width\":1200,\"height\":675,\"caption\":\"3c536fe2-aa85-51b4-6942-8dcc70c11674\"},{\"@type\":\"BreadcrumbList\",\"@id\":\"https:\\\/\\\/www.entreculturas.org\\\/fr\\\/noticia\\\/xlviii-congreso-internacional-fe-y-alegria-nuevos-desafios-en-la-educacion-popular\\\/#breadcrumb\",\"itemListElement\":[{\"@type\":\"ListItem\",\"position\":1,\"name\":\"Home\",\"item\":\"https:\\\/\\\/www.entreculturas.org\\\/fr\\\/\"},{\"@type\":\"ListItem\",\"position\":2,\"name\":\"Noticias\",\"item\":\"https:\\\/\\\/www.entreculturas.org\\\/fr\\\/noticias\\\/\"},{\"@type\":\"ListItem\",\"position\":3,\"name\":\"XLVIII Congreso Internacional Fe y Alegr\u00eda: nuevos desaf\u00edos en la educaci\u00f3n popular\"}]},{\"@type\":\"WebSite\",\"@id\":\"https:\\\/\\\/www.entreculturas.org\\\/fr\\\/#website\",\"url\":\"https:\\\/\\\/www.entreculturas.org\\\/fr\\\/\",\"name\":\"Entreculturas\",\"description\":\"\",\"publisher\":{\"@id\":\"https:\\\/\\\/www.entreculturas.org\\\/fr\\\/#organization\"},\"alternateName\":\"Entreculturas\",\"potentialAction\":[{\"@type\":\"SearchAction\",\"target\":{\"@type\":\"EntryPoint\",\"urlTemplate\":\"https:\\\/\\\/www.entreculturas.org\\\/fr\\\/?s={search_term_string}\"},\"query-input\":{\"@type\":\"PropertyValueSpecification\",\"valueRequired\":true,\"valueName\":\"search_term_string\"}}],\"inLanguage\":\"fr-FR\"},{\"@type\":\"Organization\",\"@id\":\"https:\\\/\\\/www.entreculturas.org\\\/fr\\\/#organization\",\"name\":\"Entreculturas\",\"url\":\"https:\\\/\\\/www.entreculturas.org\\\/fr\\\/\",\"logo\":{\"@type\":\"ImageObject\",\"inLanguage\":\"fr-FR\",\"@id\":\"https:\\\/\\\/www.entreculturas.org\\\/fr\\\/#\\\/schema\\\/logo\\\/image\\\/\",\"url\":\"https:\\\/\\\/www.entreculturas.org\\\/wp-content\\\/uploads\\\/2025\\\/10\\\/ESP.svg\",\"contentUrl\":\"https:\\\/\\\/www.entreculturas.org\\\/wp-content\\\/uploads\\\/2025\\\/10\\\/ESP.svg\",\"caption\":\"Entreculturas\"},\"image\":{\"@id\":\"https:\\\/\\\/www.entreculturas.org\\\/fr\\\/#\\\/schema\\\/logo\\\/image\\\/\"},\"sameAs\":[\"https:\\\/\\\/www.facebook.com\\\/entreculturas\",\"https:\\\/\\\/x.com\\\/Entreculturas\",\"https:\\\/\\\/www.instagram.com\\\/entreculturas\\\/\",\"https:\\\/\\\/www.youtube.com\\\/user\\\/entreculturasvideo\",\"https:\\\/\\\/www.linkedin.com\\\/company\\\/fundacion-entreculturas-ngdo\\\/\",\"https:\\\/\\\/www.flickr.com\\\/photos\\\/98455522@N04\\\/albums\\\/\"]}]}<\/script>\n<!-- \/ Yoast SEO Premium plugin. -->","yoast_head_json":{"title":"XLVIII Congreso Internacional Fe y Alegr\u00eda: nuevos desaf\u00edos en la educaci\u00f3n popular - Entreculturas","robots":{"index":"index","follow":"follow","max-snippet":"max-snippet:-1","max-image-preview":"max-image-preview:large","max-video-preview":"max-video-preview:-1"},"canonical":"https:\/\/www.entreculturas.org\/fr\/noticia\/xlviii-congreso-internacional-fe-y-alegria-nuevos-desafios-en-la-educacion-popular\/","og_locale":"fr_FR","og_type":"article","og_title":"XLVIII Congreso Internacional Fe y Alegr\u00eda: nuevos desaf\u00edos en la educaci\u00f3n popular","og_description":"Del 26 al 29 de octubre se lleva a cabo el XLVIII Congreso Internacional de Fe y Alegr\u00eda, de manera virtual, con la participaci\u00f3n de M\u00e1s de 2 mil personas de 28 pa\u00edses quienes conectaron al acto de inauguraci\u00f3n transmitido desde la p\u00e1gina web de la Federaci\u00f3n Internacional de Fe y Alegr\u00eda","og_url":"https:\/\/www.entreculturas.org\/fr\/noticia\/xlviii-congreso-internacional-fe-y-alegria-nuevos-desafios-en-la-educacion-popular\/","og_site_name":"Entreculturas","article_publisher":"https:\/\/www.facebook.com\/entreculturas","article_modified_time":"2024-07-31T10:32:07+00:00","og_image":[{"width":1200,"height":675,"url":"https:\/\/www.entreculturas.org\/wp-content\/uploads\/2021\/10\/3c536fe2-aa85-51b4-6942-8dcc70c11674.png","type":"image\/png"}],"twitter_card":"summary_large_image","twitter_site":"@Entreculturas","schema":{"@context":"https:\/\/schema.org","@graph":[{"@type":"WebPage","@id":"https:\/\/www.entreculturas.org\/fr\/noticia\/xlviii-congreso-internacional-fe-y-alegria-nuevos-desafios-en-la-educacion-popular\/","url":"https:\/\/www.entreculturas.org\/fr\/noticia\/xlviii-congreso-internacional-fe-y-alegria-nuevos-desafios-en-la-educacion-popular\/","name":"XLVIII Congreso Internacional Fe y Alegr\u00eda: nuevos desaf\u00edos en la educaci\u00f3n popular - Entreculturas","isPartOf":{"@id":"https:\/\/www.entreculturas.org\/fr\/#website"},"primaryImageOfPage":{"@id":"https:\/\/www.entreculturas.org\/fr\/noticia\/xlviii-congreso-internacional-fe-y-alegria-nuevos-desafios-en-la-educacion-popular\/#primaryimage"},"image":{"@id":"https:\/\/www.entreculturas.org\/fr\/noticia\/xlviii-congreso-internacional-fe-y-alegria-nuevos-desafios-en-la-educacion-popular\/#primaryimage"},"thumbnailUrl":"https:\/\/www.entreculturas.org\/wp-content\/uploads\/2021\/10\/3c536fe2-aa85-51b4-6942-8dcc70c11674.png","datePublished":"2021-10-28T08:57:26+00:00","dateModified":"2024-07-31T10:32:07+00:00","breadcrumb":{"@id":"https:\/\/www.entreculturas.org\/fr\/noticia\/xlviii-congreso-internacional-fe-y-alegria-nuevos-desafios-en-la-educacion-popular\/#breadcrumb"},"inLanguage":"fr-FR","potentialAction":[{"@type":"ReadAction","target":["https:\/\/www.entreculturas.org\/fr\/noticia\/xlviii-congreso-internacional-fe-y-alegria-nuevos-desafios-en-la-educacion-popular\/"]}]},{"@type":"ImageObject","inLanguage":"fr-FR","@id":"https:\/\/www.entreculturas.org\/fr\/noticia\/xlviii-congreso-internacional-fe-y-alegria-nuevos-desafios-en-la-educacion-popular\/#primaryimage","url":"https:\/\/www.entreculturas.org\/wp-content\/uploads\/2021\/10\/3c536fe2-aa85-51b4-6942-8dcc70c11674.png","contentUrl":"https:\/\/www.entreculturas.org\/wp-content\/uploads\/2021\/10\/3c536fe2-aa85-51b4-6942-8dcc70c11674.png","width":1200,"height":675,"caption":"3c536fe2-aa85-51b4-6942-8dcc70c11674"},{"@type":"BreadcrumbList","@id":"https:\/\/www.entreculturas.org\/fr\/noticia\/xlviii-congreso-internacional-fe-y-alegria-nuevos-desafios-en-la-educacion-popular\/#breadcrumb","itemListElement":[{"@type":"ListItem","position":1,"name":"Home","item":"https:\/\/www.entreculturas.org\/fr\/"},{"@type":"ListItem","position":2,"name":"Noticias","item":"https:\/\/www.entreculturas.org\/fr\/noticias\/"},{"@type":"ListItem","position":3,"name":"XLVIII Congreso Internacional Fe y Alegr\u00eda: nuevos desaf\u00edos en la educaci\u00f3n popular"}]},{"@type":"WebSite","@id":"https:\/\/www.entreculturas.org\/fr\/#website","url":"https:\/\/www.entreculturas.org\/fr\/","name":"Entreculturas","description":"","publisher":{"@id":"https:\/\/www.entreculturas.org\/fr\/#organization"},"alternateName":"Entreculturas","potentialAction":[{"@type":"SearchAction","target":{"@type":"EntryPoint","urlTemplate":"https:\/\/www.entreculturas.org\/fr\/?s={search_term_string}"},"query-input":{"@type":"PropertyValueSpecification","valueRequired":true,"valueName":"search_term_string"}}],"inLanguage":"fr-FR"},{"@type":"Organization","@id":"https:\/\/www.entreculturas.org\/fr\/#organization","name":"Entreculturas","url":"https:\/\/www.entreculturas.org\/fr\/","logo":{"@type":"ImageObject","inLanguage":"fr-FR","@id":"https:\/\/www.entreculturas.org\/fr\/#\/schema\/logo\/image\/","url":"https:\/\/www.entreculturas.org\/wp-content\/uploads\/2025\/10\/ESP.svg","contentUrl":"https:\/\/www.entreculturas.org\/wp-content\/uploads\/2025\/10\/ESP.svg","caption":"Entreculturas"},"image":{"@id":"https:\/\/www.entreculturas.org\/fr\/#\/schema\/logo\/image\/"},"sameAs":["https:\/\/www.facebook.com\/entreculturas","https:\/\/x.com\/Entreculturas","https:\/\/www.instagram.com\/entreculturas\/","https:\/\/www.youtube.com\/user\/entreculturasvideo","https:\/\/www.linkedin.com\/company\/fundacion-entreculturas-ngdo\/","https:\/\/www.flickr.com\/photos\/98455522@N04\/albums\/"]}]}},"_links":{"self":[{"href":"https:\/\/www.entreculturas.org\/fr\/wp-json\/wp\/v2\/noticia\/6234","targetHints":{"allow":["GET"]}}],"collection":[{"href":"https:\/\/www.entreculturas.org\/fr\/wp-json\/wp\/v2\/noticia"}],"about":[{"href":"https:\/\/www.entreculturas.org\/fr\/wp-json\/wp\/v2\/types\/noticia"}],"wp:featuredmedia":[{"embeddable":true,"href":"https:\/\/www.entreculturas.org\/fr\/wp-json\/wp\/v2\/media\/6236"}],"wp:attachment":[{"href":"https:\/\/www.entreculturas.org\/fr\/wp-json\/wp\/v2\/media?parent=6234"}],"wp:term":[{"taxonomy":"category","embeddable":true,"href":"https:\/\/www.entreculturas.org\/fr\/wp-json\/wp\/v2\/categories?post=6234"},{"taxonomy":"post_tag","embeddable":true,"href":"https:\/\/www.entreculturas.org\/fr\/wp-json\/wp\/v2\/tags?post=6234"},{"taxonomy":"country","embeddable":true,"href":"https:\/\/www.entreculturas.org\/fr\/wp-json\/wp\/v2\/country?post=6234"},{"taxonomy":"cause","embeddable":true,"href":"https:\/\/www.entreculturas.org\/fr\/wp-json\/wp\/v2\/cause?post=6234"}],"curies":[{"name":"wp","href":"https:\/\/api.w.org\/{rel}","templated":true}]}}