{"id":6215,"date":"2021-10-22T11:44:25","date_gmt":"2021-10-22T11:44:25","guid":{"rendered":"https:\/\/entreculturasi.wpenginepowered.com\/?noticias=paul-fils-necesitamos-politicos-conscientes-de-la-realidad-haitiana-para-que-podamos-dar-un"},"modified":"2024-02-19T18:00:36","modified_gmt":"2024-02-19T17:00:36","slug":"paul-fils-necesitamos-politicos-conscientes-de-la-realidad-haitiana-para-que-podamos-dar-un","status":"publish","type":"noticia","link":"https:\/\/www.entreculturas.org\/fr\/noticia\/paul-fils-necesitamos-politicos-conscientes-de-la-realidad-haitiana-para-que-podamos-dar-un\/","title":{"rendered":"Paul-Fils: \u00ab\u00a0Necesitamos pol\u00edticos conscientes de la realidad haitiana para que podamos dar un paso adelante\u00a0\u00bb."},"content":{"rendered":"<p>Paul-Fils Belotte, jesuita haitiano, fue nombrado Director de Fe y Alegr\u00eda en agosto de 2020, en un momento en el que la realidad de Hait\u00ed estaba marcada por la pandemia y una situaci\u00f3n social, pol\u00edtica y econ\u00f3mica convulsa. A esto se sumar\u00eda, un a\u00f1o m\u00e1s tarde (el pasado mes de agosto) un terremoto de 7.2 grados y una tormenta tropical que puso en valor el esp\u00edritu de lucha y fuerza de la poblaci\u00f3n haitiana.<\/p>\n<p>Paul-Fils ha visitado recientemente las delegaciones de Entreculturas en Vigo, C\u00f3rdoba, M\u00e1laga y Valencia para acercarnos a la realidad de <strong>un pa\u00eds complejo pero con gran capacidad de lucha y resiliencia<\/strong>. Entre visita y visita hemos tenido la oportunidad de entrevistarlo. Estas han sido sus palabras.<\/p>\n<p><span style=\"color:#FF0000\"><strong>\u00bfC\u00f3mo afect\u00f3 la pandemia a las escuelas Fe y Alegr\u00eda y a la comunidad educativa?<\/strong><\/span><\/p>\n<p><strong>Desde marzo hasta junio de 2020 no hubo escuela<\/strong>. En un pa\u00eds como Hait\u00ed, y sobre todo en las zonas muy alejadas de la capital, el acceso a internet es muy limitado, as\u00ed que fue muy complicado seguir con las clases y hacer un seguimiento del alumnado a distancia.<\/p>\n<p>La vuelta a las aulas fue en octubre y noviembre del a\u00f1o pasado, en algunas zonas incluso antes. Cuando me incorpor\u00e9 en agosto como Director de Fe y Alegr\u00eda se hab\u00edan tomado <strong>medidas para que todas esas escuelas tuvieran el acceso a jab\u00f3n, cloro para el lavado de manos y tambi\u00e9n mascarillas<\/strong>. Gracias al nuevo proyecto de emergencia Covid se pudo comprar el material necesario.<\/p>\n<\/p>\n<p><span style=\"color:#FF0000\"><strong>A un a\u00f1o y pocos meses de la pandemia, llega un nuevo terremoto en Hait\u00ed, \u00bfcu\u00e1l es la situaci\u00f3n actual del pa\u00eds y en qu\u00e9 est\u00e1 trabajando Fe y Alegr\u00eda?<\/strong><\/span><\/p>\n<p>Hait\u00ed est\u00e1 realmente abatido por dos terremotos seguidos, y el otro que pas\u00f3 en 2014. Desde agosto ha puesto m\u00e1s fuego en la situaci\u00f3n social, pol\u00edtica y econ\u00f3mica de Hait\u00ed.<\/p>\n<p>Visit\u00e9 el sur del pa\u00eds y, aunque no tengo cifras reales, puedo contar lo que vi: he visto ciudades que fueron por lo menos al 90% destruidas por completo. He visto camiones transportando restos de las viviendas y las carreteras.<\/p>\n<p>Realmente hoy en d\u00eda <strong>la gente est\u00e1 atravesando una situaci\u00f3n muy dif\u00edcil <\/strong>porque les falta agua, les falta comida, les falta carpas, les falta coberturas, medicamentos, les falta casi todo&#8230; Y, de repente, dos d\u00edas despu\u00e9s del terremoto pas\u00f3 un hurac\u00e1n. Imagina a la gente sin viviendas mientras la lluvia est\u00e1 cayendo. Fue una situaci\u00f3n realmente muy dif\u00edcil para muchas familias que se quedaron sin casa despu\u00e9s del terremoto.<\/p>\n<p>La comunidad educativa de Fe y Alegr\u00eda se vio afectada, el profesorado, los padres y madres fueron afectados porque algunos se quedaron sin viviendas. <strong>Desde Fe y Alegr\u00eda acompa\u00f1amos a algunas familias<\/strong> sobre todo para ofrecerles agua y comida, alimentaci\u00f3n y medicamentos, y tambi\u00e9n a largo plazo ver c\u00f3mo construir algunas.&nbsp;<\/p>\n<p><span style=\"color:#FF0000\"><strong>\u00bfPuede hablarnos del contexto actual a nivel social y pol\u00edtico de Hait\u00ed? \u00bfQu\u00e9 sue\u00f1os tiene el pueblo haitiano?<\/strong><\/span><\/p>\n<p><strong>So\u00f1amos en tener pol\u00edticos\/as responsables<\/strong>. Hemos llegado a este nivel porque todos los pol\u00edticos haitianos han sido irresponsables y por eso cuando pasa un terremoto hay tantos da\u00f1os.<\/p>\n<p>Necesitamos pol\u00edticos conscientes de la realidad haitiana para que podamos dar un paso adelante, porque si no, no vamos a salir de esta situaci\u00f3n de oscuridad en la que estamos desde hace muchos a\u00f1os.<\/p>\n<p><img decoding=\"async\" alt=\"\" height=\"600\" src=\"https:\/\/www.entreculturas.org\/wp-content\/uploads\/2021\/10\/paul_haiti.jpeg\" width=\"800\"><\/p>\n<p><span style=\"color:#FF0000\"><strong>A pesar de todas estas dificultades, \u00bfpodr\u00edas rescatar alguna experiencia positiva reciente del trabajo de Fe y Alegr\u00eda en Hait\u00ed?<\/strong><\/span><\/p>\n<p>La campa\u00f1a global <a href=\"https:\/\/www.laluzdelasninas.org\/\" target=\"_blank\" rel=\"noopener\">La LUZ de las NI\u00d1AS<\/a> es una iniciativa que, a trav\u00e9s de la orientaci\u00f3n psicol\u00f3gica, est\u00e1 aportando much\u00edsimo, tanto en la escuela de Cana\u00e1n, en Puerto Pr\u00edncipe, como en el sudeste del pa\u00eds. <strong>El proyecto est\u00e1 aportando mucho a esas tres comunidades educativas.<\/strong><\/p>\n<p>A m\u00ed me gustar\u00eda extender el proyecto a nivel de la red nacional porque ayuda a las ni\u00f1as a nivel psicol\u00f3gico. Hait\u00ed es un pa\u00eds con un porcentaje de traumatizaci\u00f3n muy alto por lo que el proyecto est\u00e1 aportando mucho.<\/p>\n<p>Las ni\u00f1as llegan a la escuela y explican las situaciones que est\u00e1n viviendo en sus casas. <strong>Lo que est\u00e1 haciendo el proyecto La LUZ de las NI\u00d1AS es acompa\u00f1arlas<\/strong>. Los psic\u00f3logos y psic\u00f3logas est\u00e1n haciendo un trabajo muy interesante ayudando a la ni\u00f1a a retomar conciencia, a no dejar fuera sus estudios y acompa\u00f1arlas para que sigan estudiando.&nbsp;<\/p>\n<p>&nbsp;<\/p>\n","protected":false},"excerpt":{"rendered":"<p>Paul-Fils Belotte, jesuita haitiano, fue nombrado Director de Fe y Alegr\u00eda en agosto de 2020, en un momento en el que la realidad de Hait\u00ed estaba marcada por la pandemia y una situaci\u00f3n social, pol\u00edtica y econ\u00f3mica convulsa. Aprovechando su visita a Espa\u00f1a, nos acercamos a la realidad de un pa\u00eds complejo pero con gran capacidad de lucha.<\/p>\n","protected":false},"featured_media":6212,"template":"single-noticia","meta":{"_acf_changed":false},"categories":[7],"tags":[289],"country":[148],"cause":[128],"class_list":["post-6215","noticia","type-noticia","status-publish","has-post-thumbnail","hentry","category-noticia","tag-educacion","country-haiti","cause-educacion"],"acf":[],"yoast_head":"<!-- This site is optimized with the Yoast SEO Premium plugin v21.6 (Yoast SEO v27.5) - https:\/\/yoast.com\/product\/yoast-seo-premium-wordpress\/ -->\n<title>Paul-Fils: &quot;Necesitamos pol\u00edticos conscientes de la realidad haitiana para que podamos dar un paso adelante&quot;. - Entreculturas<\/title>\n<meta name=\"robots\" content=\"index, follow, max-snippet:-1, max-image-preview:large, max-video-preview:-1\" \/>\n<link rel=\"canonical\" href=\"https:\/\/www.entreculturas.org\/fr\/noticia\/paul-fils-necesitamos-politicos-conscientes-de-la-realidad-haitiana-para-que-podamos-dar-un\/\" \/>\n<meta property=\"og:locale\" content=\"fr_FR\" \/>\n<meta property=\"og:type\" content=\"article\" \/>\n<meta property=\"og:title\" content=\"Paul-Fils: &quot;Necesitamos pol\u00edticos conscientes de la realidad haitiana para que podamos dar un paso adelante&quot;.\" \/>\n<meta property=\"og:description\" content=\"Paul-Fils Belotte, jesuita haitiano, fue nombrado Director de Fe y Alegr\u00eda en agosto de 2020, en un momento en el que la realidad de Hait\u00ed estaba marcada por la pandemia y una situaci\u00f3n social, pol\u00edtica y econ\u00f3mica convulsa. Aprovechando su visita a Espa\u00f1a, nos acercamos a la realidad de un pa\u00eds complejo pero con gran capacidad de lucha.\" \/>\n<meta property=\"og:url\" content=\"https:\/\/www.entreculturas.org\/fr\/noticia\/paul-fils-necesitamos-politicos-conscientes-de-la-realidad-haitiana-para-que-podamos-dar-un\/\" \/>\n<meta property=\"og:site_name\" content=\"Entreculturas\" \/>\n<meta property=\"article:publisher\" content=\"https:\/\/www.facebook.com\/entreculturas\" \/>\n<meta property=\"article:modified_time\" content=\"2024-02-19T17:00:36+00:00\" \/>\n<meta property=\"og:image\" content=\"https:\/\/www.entreculturas.org\/wp-content\/uploads\/2021\/10\/img_4165.jpg\" \/>\n\t<meta property=\"og:image:width\" content=\"1200\" \/>\n\t<meta property=\"og:image:height\" content=\"900\" \/>\n\t<meta property=\"og:image:type\" content=\"image\/jpeg\" \/>\n<meta name=\"twitter:card\" content=\"summary_large_image\" \/>\n<meta name=\"twitter:site\" content=\"@Entreculturas\" \/>\n<script type=\"application\/ld+json\" class=\"yoast-schema-graph\">{\"@context\":\"https:\\\/\\\/schema.org\",\"@graph\":[{\"@type\":\"WebPage\",\"@id\":\"https:\\\/\\\/www.entreculturas.org\\\/fr\\\/noticia\\\/paul-fils-necesitamos-politicos-conscientes-de-la-realidad-haitiana-para-que-podamos-dar-un\\\/\",\"url\":\"https:\\\/\\\/www.entreculturas.org\\\/fr\\\/noticia\\\/paul-fils-necesitamos-politicos-conscientes-de-la-realidad-haitiana-para-que-podamos-dar-un\\\/\",\"name\":\"Paul-Fils: \\\"Necesitamos pol\u00edticos conscientes de la realidad haitiana para que podamos dar un paso adelante\\\". - Entreculturas\",\"isPartOf\":{\"@id\":\"https:\\\/\\\/www.entreculturas.org\\\/fr\\\/#website\"},\"primaryImageOfPage\":{\"@id\":\"https:\\\/\\\/www.entreculturas.org\\\/fr\\\/noticia\\\/paul-fils-necesitamos-politicos-conscientes-de-la-realidad-haitiana-para-que-podamos-dar-un\\\/#primaryimage\"},\"image\":{\"@id\":\"https:\\\/\\\/www.entreculturas.org\\\/fr\\\/noticia\\\/paul-fils-necesitamos-politicos-conscientes-de-la-realidad-haitiana-para-que-podamos-dar-un\\\/#primaryimage\"},\"thumbnailUrl\":\"https:\\\/\\\/www.entreculturas.org\\\/wp-content\\\/uploads\\\/2021\\\/10\\\/img_4165.jpg\",\"datePublished\":\"2021-10-22T11:44:25+00:00\",\"dateModified\":\"2024-02-19T17:00:36+00:00\",\"breadcrumb\":{\"@id\":\"https:\\\/\\\/www.entreculturas.org\\\/fr\\\/noticia\\\/paul-fils-necesitamos-politicos-conscientes-de-la-realidad-haitiana-para-que-podamos-dar-un\\\/#breadcrumb\"},\"inLanguage\":\"fr-FR\",\"potentialAction\":[{\"@type\":\"ReadAction\",\"target\":[\"https:\\\/\\\/www.entreculturas.org\\\/fr\\\/noticia\\\/paul-fils-necesitamos-politicos-conscientes-de-la-realidad-haitiana-para-que-podamos-dar-un\\\/\"]}]},{\"@type\":\"ImageObject\",\"inLanguage\":\"fr-FR\",\"@id\":\"https:\\\/\\\/www.entreculturas.org\\\/fr\\\/noticia\\\/paul-fils-necesitamos-politicos-conscientes-de-la-realidad-haitiana-para-que-podamos-dar-un\\\/#primaryimage\",\"url\":\"https:\\\/\\\/www.entreculturas.org\\\/wp-content\\\/uploads\\\/2021\\\/10\\\/img_4165.jpg\",\"contentUrl\":\"https:\\\/\\\/www.entreculturas.org\\\/wp-content\\\/uploads\\\/2021\\\/10\\\/img_4165.jpg\",\"width\":1200,\"height\":900},{\"@type\":\"BreadcrumbList\",\"@id\":\"https:\\\/\\\/www.entreculturas.org\\\/fr\\\/noticia\\\/paul-fils-necesitamos-politicos-conscientes-de-la-realidad-haitiana-para-que-podamos-dar-un\\\/#breadcrumb\",\"itemListElement\":[{\"@type\":\"ListItem\",\"position\":1,\"name\":\"Home\",\"item\":\"https:\\\/\\\/www.entreculturas.org\\\/fr\\\/\"},{\"@type\":\"ListItem\",\"position\":2,\"name\":\"Noticias\",\"item\":\"https:\\\/\\\/www.entreculturas.org\\\/fr\\\/noticias\\\/\"},{\"@type\":\"ListItem\",\"position\":3,\"name\":\"Paul-Fils: \u00ab\u00a0Necesitamos pol\u00edticos conscientes de la realidad haitiana para que podamos dar un paso adelante\u00a0\u00bb.\"}]},{\"@type\":\"WebSite\",\"@id\":\"https:\\\/\\\/www.entreculturas.org\\\/fr\\\/#website\",\"url\":\"https:\\\/\\\/www.entreculturas.org\\\/fr\\\/\",\"name\":\"Entreculturas\",\"description\":\"\",\"publisher\":{\"@id\":\"https:\\\/\\\/www.entreculturas.org\\\/fr\\\/#organization\"},\"alternateName\":\"Entreculturas\",\"potentialAction\":[{\"@type\":\"SearchAction\",\"target\":{\"@type\":\"EntryPoint\",\"urlTemplate\":\"https:\\\/\\\/www.entreculturas.org\\\/fr\\\/?s={search_term_string}\"},\"query-input\":{\"@type\":\"PropertyValueSpecification\",\"valueRequired\":true,\"valueName\":\"search_term_string\"}}],\"inLanguage\":\"fr-FR\"},{\"@type\":\"Organization\",\"@id\":\"https:\\\/\\\/www.entreculturas.org\\\/fr\\\/#organization\",\"name\":\"Entreculturas\",\"url\":\"https:\\\/\\\/www.entreculturas.org\\\/fr\\\/\",\"logo\":{\"@type\":\"ImageObject\",\"inLanguage\":\"fr-FR\",\"@id\":\"https:\\\/\\\/www.entreculturas.org\\\/fr\\\/#\\\/schema\\\/logo\\\/image\\\/\",\"url\":\"https:\\\/\\\/www.entreculturas.org\\\/wp-content\\\/uploads\\\/2025\\\/10\\\/ESP.svg\",\"contentUrl\":\"https:\\\/\\\/www.entreculturas.org\\\/wp-content\\\/uploads\\\/2025\\\/10\\\/ESP.svg\",\"caption\":\"Entreculturas\"},\"image\":{\"@id\":\"https:\\\/\\\/www.entreculturas.org\\\/fr\\\/#\\\/schema\\\/logo\\\/image\\\/\"},\"sameAs\":[\"https:\\\/\\\/www.facebook.com\\\/entreculturas\",\"https:\\\/\\\/x.com\\\/Entreculturas\",\"https:\\\/\\\/www.instagram.com\\\/entreculturas\\\/\",\"https:\\\/\\\/www.youtube.com\\\/user\\\/entreculturasvideo\",\"https:\\\/\\\/www.linkedin.com\\\/company\\\/fundacion-entreculturas-ngdo\\\/\",\"https:\\\/\\\/www.flickr.com\\\/photos\\\/98455522@N04\\\/albums\\\/\"]}]}<\/script>\n<!-- \/ Yoast SEO Premium plugin. -->","yoast_head_json":{"title":"Paul-Fils: \"Necesitamos pol\u00edticos conscientes de la realidad haitiana para que podamos dar un paso adelante\". - Entreculturas","robots":{"index":"index","follow":"follow","max-snippet":"max-snippet:-1","max-image-preview":"max-image-preview:large","max-video-preview":"max-video-preview:-1"},"canonical":"https:\/\/www.entreculturas.org\/fr\/noticia\/paul-fils-necesitamos-politicos-conscientes-de-la-realidad-haitiana-para-que-podamos-dar-un\/","og_locale":"fr_FR","og_type":"article","og_title":"Paul-Fils: \"Necesitamos pol\u00edticos conscientes de la realidad haitiana para que podamos dar un paso adelante\".","og_description":"Paul-Fils Belotte, jesuita haitiano, fue nombrado Director de Fe y Alegr\u00eda en agosto de 2020, en un momento en el que la realidad de Hait\u00ed estaba marcada por la pandemia y una situaci\u00f3n social, pol\u00edtica y econ\u00f3mica convulsa. Aprovechando su visita a Espa\u00f1a, nos acercamos a la realidad de un pa\u00eds complejo pero con gran capacidad de lucha.","og_url":"https:\/\/www.entreculturas.org\/fr\/noticia\/paul-fils-necesitamos-politicos-conscientes-de-la-realidad-haitiana-para-que-podamos-dar-un\/","og_site_name":"Entreculturas","article_publisher":"https:\/\/www.facebook.com\/entreculturas","article_modified_time":"2024-02-19T17:00:36+00:00","og_image":[{"width":1200,"height":900,"url":"https:\/\/www.entreculturas.org\/wp-content\/uploads\/2021\/10\/img_4165.jpg","type":"image\/jpeg"}],"twitter_card":"summary_large_image","twitter_site":"@Entreculturas","schema":{"@context":"https:\/\/schema.org","@graph":[{"@type":"WebPage","@id":"https:\/\/www.entreculturas.org\/fr\/noticia\/paul-fils-necesitamos-politicos-conscientes-de-la-realidad-haitiana-para-que-podamos-dar-un\/","url":"https:\/\/www.entreculturas.org\/fr\/noticia\/paul-fils-necesitamos-politicos-conscientes-de-la-realidad-haitiana-para-que-podamos-dar-un\/","name":"Paul-Fils: \"Necesitamos pol\u00edticos conscientes de la realidad haitiana para que podamos dar un paso adelante\". - Entreculturas","isPartOf":{"@id":"https:\/\/www.entreculturas.org\/fr\/#website"},"primaryImageOfPage":{"@id":"https:\/\/www.entreculturas.org\/fr\/noticia\/paul-fils-necesitamos-politicos-conscientes-de-la-realidad-haitiana-para-que-podamos-dar-un\/#primaryimage"},"image":{"@id":"https:\/\/www.entreculturas.org\/fr\/noticia\/paul-fils-necesitamos-politicos-conscientes-de-la-realidad-haitiana-para-que-podamos-dar-un\/#primaryimage"},"thumbnailUrl":"https:\/\/www.entreculturas.org\/wp-content\/uploads\/2021\/10\/img_4165.jpg","datePublished":"2021-10-22T11:44:25+00:00","dateModified":"2024-02-19T17:00:36+00:00","breadcrumb":{"@id":"https:\/\/www.entreculturas.org\/fr\/noticia\/paul-fils-necesitamos-politicos-conscientes-de-la-realidad-haitiana-para-que-podamos-dar-un\/#breadcrumb"},"inLanguage":"fr-FR","potentialAction":[{"@type":"ReadAction","target":["https:\/\/www.entreculturas.org\/fr\/noticia\/paul-fils-necesitamos-politicos-conscientes-de-la-realidad-haitiana-para-que-podamos-dar-un\/"]}]},{"@type":"ImageObject","inLanguage":"fr-FR","@id":"https:\/\/www.entreculturas.org\/fr\/noticia\/paul-fils-necesitamos-politicos-conscientes-de-la-realidad-haitiana-para-que-podamos-dar-un\/#primaryimage","url":"https:\/\/www.entreculturas.org\/wp-content\/uploads\/2021\/10\/img_4165.jpg","contentUrl":"https:\/\/www.entreculturas.org\/wp-content\/uploads\/2021\/10\/img_4165.jpg","width":1200,"height":900},{"@type":"BreadcrumbList","@id":"https:\/\/www.entreculturas.org\/fr\/noticia\/paul-fils-necesitamos-politicos-conscientes-de-la-realidad-haitiana-para-que-podamos-dar-un\/#breadcrumb","itemListElement":[{"@type":"ListItem","position":1,"name":"Home","item":"https:\/\/www.entreculturas.org\/fr\/"},{"@type":"ListItem","position":2,"name":"Noticias","item":"https:\/\/www.entreculturas.org\/fr\/noticias\/"},{"@type":"ListItem","position":3,"name":"Paul-Fils: \u00ab\u00a0Necesitamos pol\u00edticos conscientes de la realidad haitiana para que podamos dar un paso adelante\u00a0\u00bb."}]},{"@type":"WebSite","@id":"https:\/\/www.entreculturas.org\/fr\/#website","url":"https:\/\/www.entreculturas.org\/fr\/","name":"Entreculturas","description":"","publisher":{"@id":"https:\/\/www.entreculturas.org\/fr\/#organization"},"alternateName":"Entreculturas","potentialAction":[{"@type":"SearchAction","target":{"@type":"EntryPoint","urlTemplate":"https:\/\/www.entreculturas.org\/fr\/?s={search_term_string}"},"query-input":{"@type":"PropertyValueSpecification","valueRequired":true,"valueName":"search_term_string"}}],"inLanguage":"fr-FR"},{"@type":"Organization","@id":"https:\/\/www.entreculturas.org\/fr\/#organization","name":"Entreculturas","url":"https:\/\/www.entreculturas.org\/fr\/","logo":{"@type":"ImageObject","inLanguage":"fr-FR","@id":"https:\/\/www.entreculturas.org\/fr\/#\/schema\/logo\/image\/","url":"https:\/\/www.entreculturas.org\/wp-content\/uploads\/2025\/10\/ESP.svg","contentUrl":"https:\/\/www.entreculturas.org\/wp-content\/uploads\/2025\/10\/ESP.svg","caption":"Entreculturas"},"image":{"@id":"https:\/\/www.entreculturas.org\/fr\/#\/schema\/logo\/image\/"},"sameAs":["https:\/\/www.facebook.com\/entreculturas","https:\/\/x.com\/Entreculturas","https:\/\/www.instagram.com\/entreculturas\/","https:\/\/www.youtube.com\/user\/entreculturasvideo","https:\/\/www.linkedin.com\/company\/fundacion-entreculturas-ngdo\/","https:\/\/www.flickr.com\/photos\/98455522@N04\/albums\/"]}]}},"_links":{"self":[{"href":"https:\/\/www.entreculturas.org\/fr\/wp-json\/wp\/v2\/noticia\/6215","targetHints":{"allow":["GET"]}}],"collection":[{"href":"https:\/\/www.entreculturas.org\/fr\/wp-json\/wp\/v2\/noticia"}],"about":[{"href":"https:\/\/www.entreculturas.org\/fr\/wp-json\/wp\/v2\/types\/noticia"}],"wp:featuredmedia":[{"embeddable":true,"href":"https:\/\/www.entreculturas.org\/fr\/wp-json\/wp\/v2\/media\/6212"}],"wp:attachment":[{"href":"https:\/\/www.entreculturas.org\/fr\/wp-json\/wp\/v2\/media?parent=6215"}],"wp:term":[{"taxonomy":"category","embeddable":true,"href":"https:\/\/www.entreculturas.org\/fr\/wp-json\/wp\/v2\/categories?post=6215"},{"taxonomy":"post_tag","embeddable":true,"href":"https:\/\/www.entreculturas.org\/fr\/wp-json\/wp\/v2\/tags?post=6215"},{"taxonomy":"country","embeddable":true,"href":"https:\/\/www.entreculturas.org\/fr\/wp-json\/wp\/v2\/country?post=6215"},{"taxonomy":"cause","embeddable":true,"href":"https:\/\/www.entreculturas.org\/fr\/wp-json\/wp\/v2\/cause?post=6215"}],"curies":[{"name":"wp","href":"https:\/\/api.w.org\/{rel}","templated":true}]}}