{"id":6121,"date":"2021-08-17T10:53:22","date_gmt":"2021-08-17T10:53:22","guid":{"rendered":"https:\/\/entreculturasi.wpenginepowered.com\/?noticias=tigray-la-urgencia-de-la-asistencia-humanitaria"},"modified":"2024-02-19T17:49:22","modified_gmt":"2024-02-19T16:49:22","slug":"tigray-la-urgencia-de-la-asistencia-humanitaria","status":"publish","type":"noticia","link":"https:\/\/www.entreculturas.org\/fr\/noticia\/tigray-la-urgencia-de-la-asistencia-humanitaria\/","title":{"rendered":"Tigray, la urgencia de la asistencia humanitaria"},"content":{"rendered":"<\/p>\n<p>En la parte m\u00e1s septentrional de Etiop\u00eda se sit\u00faa Tigray, una regi\u00f3n que limita con Sud\u00e1n al oeste, y Eritrea al norte, pa\u00eds del que recibe casi 100 mil personas refugiadas acogidas en diferentes campos. La historia reciente de Tigray est\u00e1 marcada por un antes y un despu\u00e9s que se produjo en <strong>noviembre de 2020<\/strong>. En ese momento estall\u00f3 el <strong>conflicto que enfrenta hasta el d\u00eda de hoy al ej\u00e9rcito del Gobierno contra las fuerzas rebeldes<\/strong> y que tiene a la <strong>poblaci\u00f3n civil<\/strong> (tambi\u00e9n a la refugiada) <strong>como las principales v\u00edctimas.<\/strong><\/p>\n<p>Antes de noviembre de 2020, los m\u00e1s de<strong> 96 mil personas refugiadas eritreas en Tigray<\/strong> estaban ubicadas en cuatro campos: Mai-Aini (que acog\u00eda a 21.682 personas), AdiHarush (32.167), Shimelba (8.702 refugiados) y Hitsats (25.248). Con el estallido del conflicto y ante una escalada de violencia en aumento, el gobierno etiope cerr\u00f3 dos de los cuatro campos al no poder garantizar su seguridad. <strong>As\u00ed es como las personas asentadas en Hitsats y Shimelba tuvieron que buscar refugio del refugio.&nbsp;<\/strong><\/p>\n<p>A mediados de marzo de 2021, 6.400 personas refugiadas eritreas fueron reubicadas en los campos de&nbsp; Mai-Aini y Adi-Harus que, si ya estaban al l\u00edmite de su capacidad, con las nuevas llegadas se ha evidenciado la<strong> urgente necesidad de asistencia humanitaria y protecci\u00f3n de su poblaci\u00f3n.<\/strong><\/p>\n<p><strong>El JRS Etiop\u00eda tuvo que paralizar durante tres semanas parte de sus proyectos en la regi\u00f3n<\/strong> y poner al equipo a salvo hasta que la situaci\u00f3n se estabiliz\u00f3, dentro de la inseguridad que contin\u00faa existiendo.<strong> Junto a ellos, estamos evaluando la situaci\u00f3n en los campos de Mai-Aini y Adi-Harus<\/strong> para dar respuesta a una crisis humanitaria que va en aumento.<\/p>\n<p><img decoding=\"async\" alt=\"\" src=\"https:\/\/www.entreculturas.org\/wp-content\/uploads\/2021\/08\/tigray_copia.jpg\" style=\"width: 800px;height: 533px\"><\/p>\n<p>Y es que las necesidades m\u00e1s b\u00e1sicas est\u00e1n sin cubrir en estos momentos. Comenzando por la <strong>escasez de refugios<\/strong> donde instalarse (se han construido refugios de emergencia en las escuelas, y centros de formaci\u00f3n pero a\u00fan as\u00ed es insuficiente),<strong> la falta de agua potable o la educaci\u00f3n, que se ha interrumpido por completo<\/strong>. La poblaci\u00f3n m\u00e1s vulnerable, como las personas con discapacidad, ancianos\/as o ni\u00f1os y ni\u00f1as no acompa\u00f1ados, cuenta con escaso apoyo y los proyectos de salud mental o intervenci\u00f3n psicosocial son limitados. Adem\u00e1s, se ha detectado un clima de desconfianza entre las personas refugiadas que ya habitaban los campos y las reci\u00e9n llegadas.&nbsp;<\/p>\n<p><span style=\"color:#FF0000\"><strong>Poblaci\u00f3n refugiada, de acogida y desplazados\/as internos<\/strong><\/span><\/p>\n<p>Adem\u00e1s de los refugiados y refugiadas de pa\u00edses vecinos,<strong> hay otros grupos de poblaci\u00f3n que est\u00e1n en situaci\u00f3n de vulnerabilidad<\/strong>, como son las personas desplazadas internamente y la comunidad de acogida. El conflicto y su enquistamiento han provocado el desplazamiento forzoso de la poblaci\u00f3n local: son los que se conocen como<strong> refugiados\/as internos<\/strong>.&nbsp;<\/p>\n<p>A mediados de marzo de este a\u00f1o, se contabilizaron<strong> 28.500 desplazados\/as internos asentados en el distrito de Tselemti Woreda<\/strong>, principalmente en las ciudades de Mai-Tsebri (25.966) y Embamadre (2.500 personas).<\/p>\n<p>Atender a estos tres perfiles de poblaci\u00f3n que est\u00e1n sufriendo directamente las consecuencias del conflicto es nuestra prioridad. <strong>Desde Entreculturas estamos apoyando al JRS Etiop\u00eda para atender a 5.500 personas<\/strong> entre refugiadas, desplazadas internas y poblaci\u00f3n local, para satisfacer sus necesidades b\u00e1sicas:<\/p>\n<ul>\n<li><strong>Alimentaci\u00f3n<\/strong>: reparto de alimentos para garantizar la seguridad alimentaria.\u2028<\/li>\n<li><strong>Higiene: <\/strong>repartiendo kits a mujeres y ni\u00f1as.\u2028<\/li>\n<li><strong>Refugio:<\/strong> repartiendo mantas, colchones y otros enseres.\u2028<\/li>\n<li><strong>Prevenci\u00f3n COVID:<\/strong> repartiendo material sanitario.\u2028<\/li>\n<li><strong>Acompa\u00f1amiento psicosocial:<\/strong> mediante terapias individuales y grupales.\u2028\n<p><img decoding=\"async\" alt=\"\" src=\"https:\/\/www.entreculturas.org\/wp-content\/uploads\/2021\/08\/tigray4_copia.jpg\" style=\"width: 800px;height: 389px\"><br \/>&nbsp;<\/li>\n<\/ul>\n<p><span style=\"color:#FF0000\"><strong>La amenaza de la hambruna<\/strong><\/span><\/p>\n<p>La sombra de la hambruna es larga, y m\u00e1s cuando afecta a zonas empobrecidas que enfrentan conflictos violentos que se alargan en el tiempo. Seg\u00fan la ONU, <strong>m\u00e1s de 100 mil ni\u00f1os y ni\u00f1as podr\u00edan sufrir desnutrici\u00f3n aguda grave<\/strong> en los pr\u00f3ximos 12 meses, una cifra diez veces mayor en comparaci\u00f3n con el n\u00famero de casos promedio anual. Se estima que <strong>el 47% de las mujeres embarazadas y lactantes est\u00e1n desnutridas.<\/strong><\/p>\n<p>Si los peores pron\u00f3sticos se cumplen, Tigray podr\u00eda convertirse en la mayor crisis alimentaria en lo que llevamos de siglo. Para evitarlo,<strong> la asistencia humanitaria es fundamental.&nbsp;<\/strong><\/p>\n","protected":false},"excerpt":{"rendered":"<p>En la parte m\u00e1s septentrional de Etiop\u00eda se sit\u00faa Tigray, una regi\u00f3n que limita con Sud\u00e1n al oeste, y Eritrea al norte, pa\u00eds del que recibe casi 100 mil personas refugiadas acogidas en diferentes campos. La historia reciente de Tigray est\u00e1 marcada por un antes y un despu\u00e9s que se produjo en noviembre de 2020. En ese momento estall\u00f3 el conflicto que enfrenta hasta el d\u00eda de hoy al ej\u00e9rcito del Gobierno contra las fuerzas rebeldes y que tiene a la poblaci\u00f3n civil (tambi\u00e9n a la refugiada) como las principales v\u00edctimas.<\/p>\n","protected":false},"featured_media":6123,"template":"single-noticia","meta":{"_acf_changed":false},"categories":[7],"tags":[10],"country":[331],"cause":[129],"class_list":["post-6121","noticia","type-noticia","status-publish","has-post-thumbnail","hentry","category-noticia","tag-migracion-y-refugio","country-etiopia","cause-migracion-y-refugio"],"acf":[],"yoast_head":"<!-- This site is optimized with the Yoast SEO Premium plugin v21.6 (Yoast SEO v27.5) - https:\/\/yoast.com\/product\/yoast-seo-premium-wordpress\/ -->\n<title>Tigray, la urgencia de la asistencia humanitaria - Entreculturas<\/title>\n<meta name=\"robots\" content=\"index, follow, max-snippet:-1, max-image-preview:large, max-video-preview:-1\" \/>\n<link rel=\"canonical\" href=\"https:\/\/www.entreculturas.org\/fr\/noticia\/tigray-la-urgencia-de-la-asistencia-humanitaria\/\" \/>\n<meta property=\"og:locale\" content=\"fr_FR\" \/>\n<meta property=\"og:type\" content=\"article\" \/>\n<meta property=\"og:title\" content=\"Tigray, la urgencia de la asistencia humanitaria\" \/>\n<meta property=\"og:description\" content=\"En la parte m\u00e1s septentrional de Etiop\u00eda se sit\u00faa Tigray, una regi\u00f3n que limita con Sud\u00e1n al oeste, y Eritrea al norte, pa\u00eds del que recibe casi 100 mil personas refugiadas acogidas en diferentes campos. La historia reciente de Tigray est\u00e1 marcada por un antes y un despu\u00e9s que se produjo en noviembre de 2020. En ese momento estall\u00f3 el conflicto que enfrenta hasta el d\u00eda de hoy al ej\u00e9rcito del Gobierno contra las fuerzas rebeldes y que tiene a la poblaci\u00f3n civil (tambi\u00e9n a la refugiada) como las principales v\u00edctimas.\" \/>\n<meta property=\"og:url\" content=\"https:\/\/www.entreculturas.org\/fr\/noticia\/tigray-la-urgencia-de-la-asistencia-humanitaria\/\" \/>\n<meta property=\"og:site_name\" content=\"Entreculturas\" \/>\n<meta property=\"article:publisher\" content=\"https:\/\/www.facebook.com\/entreculturas\" \/>\n<meta property=\"article:modified_time\" content=\"2024-02-19T16:49:22+00:00\" \/>\n<meta property=\"og:image\" content=\"https:\/\/www.entreculturas.org\/wp-content\/uploads\/2021\/08\/tigray_3_copie.jpg\" \/>\n\t<meta property=\"og:image:width\" content=\"1200\" \/>\n\t<meta property=\"og:image:height\" content=\"800\" \/>\n\t<meta property=\"og:image:type\" content=\"image\/jpeg\" \/>\n<meta name=\"twitter:card\" content=\"summary_large_image\" \/>\n<meta name=\"twitter:site\" content=\"@Entreculturas\" \/>\n<script type=\"application\/ld+json\" class=\"yoast-schema-graph\">{\"@context\":\"https:\\\/\\\/schema.org\",\"@graph\":[{\"@type\":\"WebPage\",\"@id\":\"https:\\\/\\\/www.entreculturas.org\\\/fr\\\/noticia\\\/tigray-la-urgencia-de-la-asistencia-humanitaria\\\/\",\"url\":\"https:\\\/\\\/www.entreculturas.org\\\/fr\\\/noticia\\\/tigray-la-urgencia-de-la-asistencia-humanitaria\\\/\",\"name\":\"Tigray, la urgencia de la asistencia humanitaria - Entreculturas\",\"isPartOf\":{\"@id\":\"https:\\\/\\\/www.entreculturas.org\\\/fr\\\/#website\"},\"primaryImageOfPage\":{\"@id\":\"https:\\\/\\\/www.entreculturas.org\\\/fr\\\/noticia\\\/tigray-la-urgencia-de-la-asistencia-humanitaria\\\/#primaryimage\"},\"image\":{\"@id\":\"https:\\\/\\\/www.entreculturas.org\\\/fr\\\/noticia\\\/tigray-la-urgencia-de-la-asistencia-humanitaria\\\/#primaryimage\"},\"thumbnailUrl\":\"https:\\\/\\\/www.entreculturas.org\\\/wp-content\\\/uploads\\\/2021\\\/08\\\/tigray_3_copie.jpg\",\"datePublished\":\"2021-08-17T10:53:22+00:00\",\"dateModified\":\"2024-02-19T16:49:22+00:00\",\"breadcrumb\":{\"@id\":\"https:\\\/\\\/www.entreculturas.org\\\/fr\\\/noticia\\\/tigray-la-urgencia-de-la-asistencia-humanitaria\\\/#breadcrumb\"},\"inLanguage\":\"fr-FR\",\"potentialAction\":[{\"@type\":\"ReadAction\",\"target\":[\"https:\\\/\\\/www.entreculturas.org\\\/fr\\\/noticia\\\/tigray-la-urgencia-de-la-asistencia-humanitaria\\\/\"]}]},{\"@type\":\"ImageObject\",\"inLanguage\":\"fr-FR\",\"@id\":\"https:\\\/\\\/www.entreculturas.org\\\/fr\\\/noticia\\\/tigray-la-urgencia-de-la-asistencia-humanitaria\\\/#primaryimage\",\"url\":\"https:\\\/\\\/www.entreculturas.org\\\/wp-content\\\/uploads\\\/2021\\\/08\\\/tigray_3_copie.jpg\",\"contentUrl\":\"https:\\\/\\\/www.entreculturas.org\\\/wp-content\\\/uploads\\\/2021\\\/08\\\/tigray_3_copie.jpg\",\"width\":1200,\"height\":800,\"caption\":\"tigray_3_copie\"},{\"@type\":\"BreadcrumbList\",\"@id\":\"https:\\\/\\\/www.entreculturas.org\\\/fr\\\/noticia\\\/tigray-la-urgencia-de-la-asistencia-humanitaria\\\/#breadcrumb\",\"itemListElement\":[{\"@type\":\"ListItem\",\"position\":1,\"name\":\"Home\",\"item\":\"https:\\\/\\\/www.entreculturas.org\\\/fr\\\/\"},{\"@type\":\"ListItem\",\"position\":2,\"name\":\"Noticias\",\"item\":\"https:\\\/\\\/www.entreculturas.org\\\/fr\\\/noticias\\\/\"},{\"@type\":\"ListItem\",\"position\":3,\"name\":\"Tigray, la urgencia de la asistencia humanitaria\"}]},{\"@type\":\"WebSite\",\"@id\":\"https:\\\/\\\/www.entreculturas.org\\\/fr\\\/#website\",\"url\":\"https:\\\/\\\/www.entreculturas.org\\\/fr\\\/\",\"name\":\"Entreculturas\",\"description\":\"\",\"publisher\":{\"@id\":\"https:\\\/\\\/www.entreculturas.org\\\/fr\\\/#organization\"},\"alternateName\":\"Entreculturas\",\"potentialAction\":[{\"@type\":\"SearchAction\",\"target\":{\"@type\":\"EntryPoint\",\"urlTemplate\":\"https:\\\/\\\/www.entreculturas.org\\\/fr\\\/?s={search_term_string}\"},\"query-input\":{\"@type\":\"PropertyValueSpecification\",\"valueRequired\":true,\"valueName\":\"search_term_string\"}}],\"inLanguage\":\"fr-FR\"},{\"@type\":\"Organization\",\"@id\":\"https:\\\/\\\/www.entreculturas.org\\\/fr\\\/#organization\",\"name\":\"Entreculturas\",\"url\":\"https:\\\/\\\/www.entreculturas.org\\\/fr\\\/\",\"logo\":{\"@type\":\"ImageObject\",\"inLanguage\":\"fr-FR\",\"@id\":\"https:\\\/\\\/www.entreculturas.org\\\/fr\\\/#\\\/schema\\\/logo\\\/image\\\/\",\"url\":\"https:\\\/\\\/www.entreculturas.org\\\/wp-content\\\/uploads\\\/2025\\\/10\\\/ESP.svg\",\"contentUrl\":\"https:\\\/\\\/www.entreculturas.org\\\/wp-content\\\/uploads\\\/2025\\\/10\\\/ESP.svg\",\"caption\":\"Entreculturas\"},\"image\":{\"@id\":\"https:\\\/\\\/www.entreculturas.org\\\/fr\\\/#\\\/schema\\\/logo\\\/image\\\/\"},\"sameAs\":[\"https:\\\/\\\/www.facebook.com\\\/entreculturas\",\"https:\\\/\\\/x.com\\\/Entreculturas\",\"https:\\\/\\\/www.instagram.com\\\/entreculturas\\\/\",\"https:\\\/\\\/www.youtube.com\\\/user\\\/entreculturasvideo\",\"https:\\\/\\\/www.linkedin.com\\\/company\\\/fundacion-entreculturas-ngdo\\\/\",\"https:\\\/\\\/www.flickr.com\\\/photos\\\/98455522@N04\\\/albums\\\/\"]}]}<\/script>\n<!-- \/ Yoast SEO Premium plugin. -->","yoast_head_json":{"title":"Tigray, la urgencia de la asistencia humanitaria - Entreculturas","robots":{"index":"index","follow":"follow","max-snippet":"max-snippet:-1","max-image-preview":"max-image-preview:large","max-video-preview":"max-video-preview:-1"},"canonical":"https:\/\/www.entreculturas.org\/fr\/noticia\/tigray-la-urgencia-de-la-asistencia-humanitaria\/","og_locale":"fr_FR","og_type":"article","og_title":"Tigray, la urgencia de la asistencia humanitaria","og_description":"En la parte m\u00e1s septentrional de Etiop\u00eda se sit\u00faa Tigray, una regi\u00f3n que limita con Sud\u00e1n al oeste, y Eritrea al norte, pa\u00eds del que recibe casi 100 mil personas refugiadas acogidas en diferentes campos. La historia reciente de Tigray est\u00e1 marcada por un antes y un despu\u00e9s que se produjo en noviembre de 2020. En ese momento estall\u00f3 el conflicto que enfrenta hasta el d\u00eda de hoy al ej\u00e9rcito del Gobierno contra las fuerzas rebeldes y que tiene a la poblaci\u00f3n civil (tambi\u00e9n a la refugiada) como las principales v\u00edctimas.","og_url":"https:\/\/www.entreculturas.org\/fr\/noticia\/tigray-la-urgencia-de-la-asistencia-humanitaria\/","og_site_name":"Entreculturas","article_publisher":"https:\/\/www.facebook.com\/entreculturas","article_modified_time":"2024-02-19T16:49:22+00:00","og_image":[{"width":1200,"height":800,"url":"https:\/\/www.entreculturas.org\/wp-content\/uploads\/2021\/08\/tigray_3_copie.jpg","type":"image\/jpeg"}],"twitter_card":"summary_large_image","twitter_site":"@Entreculturas","schema":{"@context":"https:\/\/schema.org","@graph":[{"@type":"WebPage","@id":"https:\/\/www.entreculturas.org\/fr\/noticia\/tigray-la-urgencia-de-la-asistencia-humanitaria\/","url":"https:\/\/www.entreculturas.org\/fr\/noticia\/tigray-la-urgencia-de-la-asistencia-humanitaria\/","name":"Tigray, la urgencia de la asistencia humanitaria - Entreculturas","isPartOf":{"@id":"https:\/\/www.entreculturas.org\/fr\/#website"},"primaryImageOfPage":{"@id":"https:\/\/www.entreculturas.org\/fr\/noticia\/tigray-la-urgencia-de-la-asistencia-humanitaria\/#primaryimage"},"image":{"@id":"https:\/\/www.entreculturas.org\/fr\/noticia\/tigray-la-urgencia-de-la-asistencia-humanitaria\/#primaryimage"},"thumbnailUrl":"https:\/\/www.entreculturas.org\/wp-content\/uploads\/2021\/08\/tigray_3_copie.jpg","datePublished":"2021-08-17T10:53:22+00:00","dateModified":"2024-02-19T16:49:22+00:00","breadcrumb":{"@id":"https:\/\/www.entreculturas.org\/fr\/noticia\/tigray-la-urgencia-de-la-asistencia-humanitaria\/#breadcrumb"},"inLanguage":"fr-FR","potentialAction":[{"@type":"ReadAction","target":["https:\/\/www.entreculturas.org\/fr\/noticia\/tigray-la-urgencia-de-la-asistencia-humanitaria\/"]}]},{"@type":"ImageObject","inLanguage":"fr-FR","@id":"https:\/\/www.entreculturas.org\/fr\/noticia\/tigray-la-urgencia-de-la-asistencia-humanitaria\/#primaryimage","url":"https:\/\/www.entreculturas.org\/wp-content\/uploads\/2021\/08\/tigray_3_copie.jpg","contentUrl":"https:\/\/www.entreculturas.org\/wp-content\/uploads\/2021\/08\/tigray_3_copie.jpg","width":1200,"height":800,"caption":"tigray_3_copie"},{"@type":"BreadcrumbList","@id":"https:\/\/www.entreculturas.org\/fr\/noticia\/tigray-la-urgencia-de-la-asistencia-humanitaria\/#breadcrumb","itemListElement":[{"@type":"ListItem","position":1,"name":"Home","item":"https:\/\/www.entreculturas.org\/fr\/"},{"@type":"ListItem","position":2,"name":"Noticias","item":"https:\/\/www.entreculturas.org\/fr\/noticias\/"},{"@type":"ListItem","position":3,"name":"Tigray, la urgencia de la asistencia humanitaria"}]},{"@type":"WebSite","@id":"https:\/\/www.entreculturas.org\/fr\/#website","url":"https:\/\/www.entreculturas.org\/fr\/","name":"Entreculturas","description":"","publisher":{"@id":"https:\/\/www.entreculturas.org\/fr\/#organization"},"alternateName":"Entreculturas","potentialAction":[{"@type":"SearchAction","target":{"@type":"EntryPoint","urlTemplate":"https:\/\/www.entreculturas.org\/fr\/?s={search_term_string}"},"query-input":{"@type":"PropertyValueSpecification","valueRequired":true,"valueName":"search_term_string"}}],"inLanguage":"fr-FR"},{"@type":"Organization","@id":"https:\/\/www.entreculturas.org\/fr\/#organization","name":"Entreculturas","url":"https:\/\/www.entreculturas.org\/fr\/","logo":{"@type":"ImageObject","inLanguage":"fr-FR","@id":"https:\/\/www.entreculturas.org\/fr\/#\/schema\/logo\/image\/","url":"https:\/\/www.entreculturas.org\/wp-content\/uploads\/2025\/10\/ESP.svg","contentUrl":"https:\/\/www.entreculturas.org\/wp-content\/uploads\/2025\/10\/ESP.svg","caption":"Entreculturas"},"image":{"@id":"https:\/\/www.entreculturas.org\/fr\/#\/schema\/logo\/image\/"},"sameAs":["https:\/\/www.facebook.com\/entreculturas","https:\/\/x.com\/Entreculturas","https:\/\/www.instagram.com\/entreculturas\/","https:\/\/www.youtube.com\/user\/entreculturasvideo","https:\/\/www.linkedin.com\/company\/fundacion-entreculturas-ngdo\/","https:\/\/www.flickr.com\/photos\/98455522@N04\/albums\/"]}]}},"_links":{"self":[{"href":"https:\/\/www.entreculturas.org\/fr\/wp-json\/wp\/v2\/noticia\/6121","targetHints":{"allow":["GET"]}}],"collection":[{"href":"https:\/\/www.entreculturas.org\/fr\/wp-json\/wp\/v2\/noticia"}],"about":[{"href":"https:\/\/www.entreculturas.org\/fr\/wp-json\/wp\/v2\/types\/noticia"}],"wp:featuredmedia":[{"embeddable":true,"href":"https:\/\/www.entreculturas.org\/fr\/wp-json\/wp\/v2\/media\/6123"}],"wp:attachment":[{"href":"https:\/\/www.entreculturas.org\/fr\/wp-json\/wp\/v2\/media?parent=6121"}],"wp:term":[{"taxonomy":"category","embeddable":true,"href":"https:\/\/www.entreculturas.org\/fr\/wp-json\/wp\/v2\/categories?post=6121"},{"taxonomy":"post_tag","embeddable":true,"href":"https:\/\/www.entreculturas.org\/fr\/wp-json\/wp\/v2\/tags?post=6121"},{"taxonomy":"country","embeddable":true,"href":"https:\/\/www.entreculturas.org\/fr\/wp-json\/wp\/v2\/country?post=6121"},{"taxonomy":"cause","embeddable":true,"href":"https:\/\/www.entreculturas.org\/fr\/wp-json\/wp\/v2\/cause?post=6121"}],"curies":[{"name":"wp","href":"https:\/\/api.w.org\/{rel}","templated":true}]}}