{"id":6060,"date":"2021-07-28T12:29:50","date_gmt":"2021-07-28T12:29:50","guid":{"rendered":"https:\/\/entreculturasi.wpenginepowered.com\/?noticias=nabiax-y-asterion-apuestan-por-la-formacion-profesional-de-155-jovenes-en-riesgo-de"},"modified":"2024-02-19T17:42:12","modified_gmt":"2024-02-19T16:42:12","slug":"nabiax-y-asterion-apuestan-por-la-formacion-profesional-de-155-jovenes-en-riesgo-de","status":"publish","type":"noticia","link":"https:\/\/www.entreculturas.org\/fr\/noticia\/nabiax-y-asterion-apuestan-por-la-formacion-profesional-de-155-jovenes-en-riesgo-de\/","title":{"rendered":"Nabiax y Asterion apuestan por la Formaci\u00f3n Profesional de 155 j\u00f3venes en riesgo de exclusi\u00f3n de la mano de Entreculturas y Fe y Alegr\u00eda Chile"},"content":{"rendered":"<\/p>\n<p>En pa\u00edses como Chile, donde el 50% de los j\u00f3venes que se grad\u00faan a nivel escolar lo hacen de Educaci\u00f3n Media T\u00e9cnico profesional, la promoci\u00f3n y formaci\u00f3n de las capacidades para el trabajo es fundamental para garantizar la inserci\u00f3n de estos estudiantes en el mercado laboral. En este sentido, Entreculturas y Fe y Alegr\u00eda Chile llevan a\u00f1os trabajando para mejorar la oferta de sus centros de formaci\u00f3n profesional y lograr as\u00ed el desarrollo de competencias para el empleo de su estudiantado.<\/p>\n<p>Es as\u00ed como nace esta nueva colaboraci\u00f3n de Entreculturas y Fe y Alegr\u00eda Chile con Nabiax y Asterion, dos empresas l\u00edderes en el sector de los Data Centers, las telecomunicaciones, la transformaci\u00f3n digital y la inversi\u00f3n sostenible, con presencia en Europa y Latinoam\u00e9rica. Esta colaboraci\u00f3n busca dar oportunidades de futuro a 155 j\u00f3venes en riesgo de exclusi\u00f3n en Chile, a trav\u00e9s de la formaci\u00f3n profesional y el acceso a pr\u00e1cticas profesionales. Los principales beneficiarios de esta nueva alianza ser\u00e1n los y las j\u00f3venes que cursan el ciclo de formaci\u00f3n profesional en Telecomunicaciones en los centros de formaci\u00f3n de Fe y Alegr\u00eda Chile: San Alberto y San Luis Beltr\u00e1n.<\/p>\n<p>En ambos centros, los alumnos matriculados se encuentran en situaci\u00f3n de riesgo de exclusi\u00f3n y su \u00edndice de vulnerabilidad escolar es notablemente alto, haciendo m\u00e1s complicada su situaci\u00f3n estudiantil y su futura inserci\u00f3n laboral. Es por ello, que esta alianza supone una oportunidad \u00fanica para que puedan poner en pr\u00e1ctica los conocimientos adquiridos durante su formaci\u00f3n, adem\u00e1s de tener una primera aproximaci\u00f3n al mundo laboral, gracias a las pr\u00e1cticas que realizar\u00e1n en los Data Centers de Nabiax en la ciudad de Santiago de Chile. Siendo una empresa referente en el sector de los centros de datos, esta experiencia laboral brinda a los j\u00f3venes la oportunidad de formarse profesionalmente en una multinacional de referencia, brind\u00e1ndoles ese primer acceso al mundo profesional que, de otra forma, ser\u00eda complicado garantizarles.<\/p>\n<p><img decoding=\"async\" alt=\"\" src=\"https:\/\/www.entreculturas.org\/wp-content\/uploads\/2021\/07\/img_4420-scaled-1.jpg\" style=\"width: 800px;height: 533px\"><\/p>\n<p>El proyecto tiene tres l\u00edneas de actuaci\u00f3n principales, a trav\u00e9s de las cuales se busca que estos j\u00f3venes adquieran competencias para el empleo. Una primera l\u00ednea de formaci\u00f3n para la inserci\u00f3n laboral en la que se llevar\u00e1n a cabo cursos de empleabilidad, simulaci\u00f3n de entrevistas y acompa\u00f1amiento por parte de expertos del \u00e1rea de telecomunicaciones. Por otra parte, se actualizar\u00e1 y adquirir\u00e1 material t\u00e9cnico para que los centros cuenten con todas las herramientas y equipos necesarios para la formaci\u00f3n. Y por \u00faltimo se fomentar\u00e1 la participaci\u00f3n de profesionales de empresas en las actividades realizadas en los centros educativos para que se involucren de manera activa en el proceso formativo de los estudiantes.<\/p>\n<p>\u201cEsta nueva alianza, adem\u00e1s de suponer una importante mejora en las previsiones formativas y laborales de los y las estudiantes de los centros de Fe y Alegr\u00eda Chile, resalta el importante&nbsp;papel que juegan las empresas en la educaci\u00f3n para el desarrollo, y su capacidad para convertirse en actores del cambio\u201d seg\u00fan Daniel Villanueva, Vicepresidente Ejecutivo de Entreculturas.<\/p>\n<p>Por su parte, Emilio D\u00edaz, CEO de Nabiax, ha se\u00f1alado que \u201ceste acuerdo es de suma importancia para nosotros. Uno de nuestros principales compromisos como compa\u00f1\u00eda es apoyar a las comunidades m\u00e1s vulnerables all\u00ed donde operamos con los medios que tenemos: la formaci\u00f3n y acceso al mercado laboral en carreras t\u00e9cnicas, buscando mejorar la igualdad de oportunidades en nuestro entorno, y apostando por la sostenibilidad en el medio plazo como una de las compa\u00f1\u00edas clave de nuestro sector a nivel global\u201d.<\/p>\n<p>Sebasti\u00e1n Urb\u00e1n, socio en Asterion Industrial Partners, a\u00f1adi\u00f3: \u201cestamos encantados de poder apoyar a Nabiax y Entreculturas en este proyecto que es un claro ejemplo del impacto que pueden y deben tener las empresas en sus comunidades locales, enfoc\u00e1ndonos en la educaci\u00f3n y el acceso al empleo como herramientas clave para crear oportunidades\u201d.&nbsp;<\/p>\n","protected":false},"excerpt":{"rendered":"<p>Esta colaboraci\u00f3n busca dar oportunidades de futuro a 155 j\u00f3venes en riesgo de exclusi\u00f3n en Chile, a trav\u00e9s de la formaci\u00f3n profesional y el acceso a pr\u00e1cticas profesionales. Los principales beneficiarios de esta nueva alianza ser\u00e1n los y las j\u00f3venes que cursan el ciclo de formaci\u00f3n profesional en Telecomunicaciones en los centros de formaci\u00f3n de Fe y Alegr\u00eda Chile: San Alberto y San Luis Beltr\u00e1n.<\/p>\n","protected":false},"featured_media":6061,"template":"single-noticia","meta":{"_acf_changed":false},"categories":[7],"tags":[196],"country":[142],"cause":[128],"class_list":["post-6060","noticia","type-noticia","status-publish","has-post-thumbnail","hentry","category-noticia","tag-rsc","country-chile","cause-educacion"],"acf":[],"yoast_head":"<!-- This site is optimized with the Yoast SEO Premium plugin v21.6 (Yoast SEO v27.5) - https:\/\/yoast.com\/product\/yoast-seo-premium-wordpress\/ -->\n<title>Nabiax y Asterion apuestan por la Formaci\u00f3n Profesional de 155 j\u00f3venes en riesgo de exclusi\u00f3n de la mano de Entreculturas y Fe y Alegr\u00eda Chile - Entreculturas<\/title>\n<meta name=\"robots\" content=\"index, follow, max-snippet:-1, max-image-preview:large, max-video-preview:-1\" \/>\n<link rel=\"canonical\" href=\"https:\/\/www.entreculturas.org\/fr\/noticia\/nabiax-y-asterion-apuestan-por-la-formacion-profesional-de-155-jovenes-en-riesgo-de\/\" \/>\n<meta property=\"og:locale\" content=\"fr_FR\" \/>\n<meta property=\"og:type\" content=\"article\" \/>\n<meta property=\"og:title\" content=\"Nabiax y Asterion apuestan por la Formaci\u00f3n Profesional de 155 j\u00f3venes en riesgo de exclusi\u00f3n de la mano de Entreculturas y Fe y Alegr\u00eda Chile\" \/>\n<meta property=\"og:description\" content=\"Esta colaboraci\u00f3n busca dar oportunidades de futuro a 155 j\u00f3venes en riesgo de exclusi\u00f3n en Chile, a trav\u00e9s de la formaci\u00f3n profesional y el acceso a pr\u00e1cticas profesionales. Los principales beneficiarios de esta nueva alianza ser\u00e1n los y las j\u00f3venes que cursan el ciclo de formaci\u00f3n profesional en Telecomunicaciones en los centros de formaci\u00f3n de Fe y Alegr\u00eda Chile: San Alberto y San Luis Beltr\u00e1n.\" \/>\n<meta property=\"og:url\" content=\"https:\/\/www.entreculturas.org\/fr\/noticia\/nabiax-y-asterion-apuestan-por-la-formacion-profesional-de-155-jovenes-en-riesgo-de\/\" \/>\n<meta property=\"og:site_name\" content=\"Entreculturas\" \/>\n<meta property=\"article:publisher\" content=\"https:\/\/www.facebook.com\/entreculturas\" \/>\n<meta property=\"article:modified_time\" content=\"2024-02-19T16:42:12+00:00\" \/>\n<meta property=\"og:image\" content=\"https:\/\/www.entreculturas.org\/wp-content\/uploads\/2021\/07\/p1070079-scaled-1.jpg\" \/>\n\t<meta property=\"og:image:width\" content=\"2560\" \/>\n\t<meta property=\"og:image:height\" content=\"1707\" \/>\n\t<meta property=\"og:image:type\" content=\"image\/jpeg\" \/>\n<meta name=\"twitter:card\" content=\"summary_large_image\" \/>\n<meta name=\"twitter:site\" content=\"@Entreculturas\" \/>\n<script type=\"application\/ld+json\" class=\"yoast-schema-graph\">{\"@context\":\"https:\\\/\\\/schema.org\",\"@graph\":[{\"@type\":\"WebPage\",\"@id\":\"https:\\\/\\\/www.entreculturas.org\\\/fr\\\/noticia\\\/nabiax-y-asterion-apuestan-por-la-formacion-profesional-de-155-jovenes-en-riesgo-de\\\/\",\"url\":\"https:\\\/\\\/www.entreculturas.org\\\/fr\\\/noticia\\\/nabiax-y-asterion-apuestan-por-la-formacion-profesional-de-155-jovenes-en-riesgo-de\\\/\",\"name\":\"Nabiax y Asterion apuestan por la Formaci\u00f3n Profesional de 155 j\u00f3venes en riesgo de exclusi\u00f3n de la mano de Entreculturas y Fe y Alegr\u00eda Chile - Entreculturas\",\"isPartOf\":{\"@id\":\"https:\\\/\\\/www.entreculturas.org\\\/fr\\\/#website\"},\"primaryImageOfPage\":{\"@id\":\"https:\\\/\\\/www.entreculturas.org\\\/fr\\\/noticia\\\/nabiax-y-asterion-apuestan-por-la-formacion-profesional-de-155-jovenes-en-riesgo-de\\\/#primaryimage\"},\"image\":{\"@id\":\"https:\\\/\\\/www.entreculturas.org\\\/fr\\\/noticia\\\/nabiax-y-asterion-apuestan-por-la-formacion-profesional-de-155-jovenes-en-riesgo-de\\\/#primaryimage\"},\"thumbnailUrl\":\"https:\\\/\\\/www.entreculturas.org\\\/wp-content\\\/uploads\\\/2021\\\/07\\\/p1070079-scaled-1.jpg\",\"datePublished\":\"2021-07-28T12:29:50+00:00\",\"dateModified\":\"2024-02-19T16:42:12+00:00\",\"breadcrumb\":{\"@id\":\"https:\\\/\\\/www.entreculturas.org\\\/fr\\\/noticia\\\/nabiax-y-asterion-apuestan-por-la-formacion-profesional-de-155-jovenes-en-riesgo-de\\\/#breadcrumb\"},\"inLanguage\":\"fr-FR\",\"potentialAction\":[{\"@type\":\"ReadAction\",\"target\":[\"https:\\\/\\\/www.entreculturas.org\\\/fr\\\/noticia\\\/nabiax-y-asterion-apuestan-por-la-formacion-profesional-de-155-jovenes-en-riesgo-de\\\/\"]}]},{\"@type\":\"ImageObject\",\"inLanguage\":\"fr-FR\",\"@id\":\"https:\\\/\\\/www.entreculturas.org\\\/fr\\\/noticia\\\/nabiax-y-asterion-apuestan-por-la-formacion-profesional-de-155-jovenes-en-riesgo-de\\\/#primaryimage\",\"url\":\"https:\\\/\\\/www.entreculturas.org\\\/wp-content\\\/uploads\\\/2021\\\/07\\\/p1070079-scaled-1.jpg\",\"contentUrl\":\"https:\\\/\\\/www.entreculturas.org\\\/wp-content\\\/uploads\\\/2021\\\/07\\\/p1070079-scaled-1.jpg\",\"width\":2560,\"height\":1707,\"caption\":\"p1070079\"},{\"@type\":\"BreadcrumbList\",\"@id\":\"https:\\\/\\\/www.entreculturas.org\\\/fr\\\/noticia\\\/nabiax-y-asterion-apuestan-por-la-formacion-profesional-de-155-jovenes-en-riesgo-de\\\/#breadcrumb\",\"itemListElement\":[{\"@type\":\"ListItem\",\"position\":1,\"name\":\"Home\",\"item\":\"https:\\\/\\\/www.entreculturas.org\\\/fr\\\/\"},{\"@type\":\"ListItem\",\"position\":2,\"name\":\"Noticias\",\"item\":\"https:\\\/\\\/www.entreculturas.org\\\/fr\\\/noticias\\\/\"},{\"@type\":\"ListItem\",\"position\":3,\"name\":\"Nabiax y Asterion apuestan por la Formaci\u00f3n Profesional de 155 j\u00f3venes en riesgo de exclusi\u00f3n de la mano de Entreculturas y Fe y Alegr\u00eda Chile\"}]},{\"@type\":\"WebSite\",\"@id\":\"https:\\\/\\\/www.entreculturas.org\\\/fr\\\/#website\",\"url\":\"https:\\\/\\\/www.entreculturas.org\\\/fr\\\/\",\"name\":\"Entreculturas\",\"description\":\"\",\"publisher\":{\"@id\":\"https:\\\/\\\/www.entreculturas.org\\\/fr\\\/#organization\"},\"alternateName\":\"Entreculturas\",\"potentialAction\":[{\"@type\":\"SearchAction\",\"target\":{\"@type\":\"EntryPoint\",\"urlTemplate\":\"https:\\\/\\\/www.entreculturas.org\\\/fr\\\/?s={search_term_string}\"},\"query-input\":{\"@type\":\"PropertyValueSpecification\",\"valueRequired\":true,\"valueName\":\"search_term_string\"}}],\"inLanguage\":\"fr-FR\"},{\"@type\":\"Organization\",\"@id\":\"https:\\\/\\\/www.entreculturas.org\\\/fr\\\/#organization\",\"name\":\"Entreculturas\",\"url\":\"https:\\\/\\\/www.entreculturas.org\\\/fr\\\/\",\"logo\":{\"@type\":\"ImageObject\",\"inLanguage\":\"fr-FR\",\"@id\":\"https:\\\/\\\/www.entreculturas.org\\\/fr\\\/#\\\/schema\\\/logo\\\/image\\\/\",\"url\":\"https:\\\/\\\/www.entreculturas.org\\\/wp-content\\\/uploads\\\/2025\\\/10\\\/ESP.svg\",\"contentUrl\":\"https:\\\/\\\/www.entreculturas.org\\\/wp-content\\\/uploads\\\/2025\\\/10\\\/ESP.svg\",\"caption\":\"Entreculturas\"},\"image\":{\"@id\":\"https:\\\/\\\/www.entreculturas.org\\\/fr\\\/#\\\/schema\\\/logo\\\/image\\\/\"},\"sameAs\":[\"https:\\\/\\\/www.facebook.com\\\/entreculturas\",\"https:\\\/\\\/x.com\\\/Entreculturas\",\"https:\\\/\\\/www.instagram.com\\\/entreculturas\\\/\",\"https:\\\/\\\/www.youtube.com\\\/user\\\/entreculturasvideo\",\"https:\\\/\\\/www.linkedin.com\\\/company\\\/fundacion-entreculturas-ngdo\\\/\",\"https:\\\/\\\/www.flickr.com\\\/photos\\\/98455522@N04\\\/albums\\\/\"]}]}<\/script>\n<!-- \/ Yoast SEO Premium plugin. -->","yoast_head_json":{"title":"Nabiax y Asterion apuestan por la Formaci\u00f3n Profesional de 155 j\u00f3venes en riesgo de exclusi\u00f3n de la mano de Entreculturas y Fe y Alegr\u00eda Chile - Entreculturas","robots":{"index":"index","follow":"follow","max-snippet":"max-snippet:-1","max-image-preview":"max-image-preview:large","max-video-preview":"max-video-preview:-1"},"canonical":"https:\/\/www.entreculturas.org\/fr\/noticia\/nabiax-y-asterion-apuestan-por-la-formacion-profesional-de-155-jovenes-en-riesgo-de\/","og_locale":"fr_FR","og_type":"article","og_title":"Nabiax y Asterion apuestan por la Formaci\u00f3n Profesional de 155 j\u00f3venes en riesgo de exclusi\u00f3n de la mano de Entreculturas y Fe y Alegr\u00eda Chile","og_description":"Esta colaboraci\u00f3n busca dar oportunidades de futuro a 155 j\u00f3venes en riesgo de exclusi\u00f3n en Chile, a trav\u00e9s de la formaci\u00f3n profesional y el acceso a pr\u00e1cticas profesionales. Los principales beneficiarios de esta nueva alianza ser\u00e1n los y las j\u00f3venes que cursan el ciclo de formaci\u00f3n profesional en Telecomunicaciones en los centros de formaci\u00f3n de Fe y Alegr\u00eda Chile: San Alberto y San Luis Beltr\u00e1n.","og_url":"https:\/\/www.entreculturas.org\/fr\/noticia\/nabiax-y-asterion-apuestan-por-la-formacion-profesional-de-155-jovenes-en-riesgo-de\/","og_site_name":"Entreculturas","article_publisher":"https:\/\/www.facebook.com\/entreculturas","article_modified_time":"2024-02-19T16:42:12+00:00","og_image":[{"width":2560,"height":1707,"url":"https:\/\/www.entreculturas.org\/wp-content\/uploads\/2021\/07\/p1070079-scaled-1.jpg","type":"image\/jpeg"}],"twitter_card":"summary_large_image","twitter_site":"@Entreculturas","schema":{"@context":"https:\/\/schema.org","@graph":[{"@type":"WebPage","@id":"https:\/\/www.entreculturas.org\/fr\/noticia\/nabiax-y-asterion-apuestan-por-la-formacion-profesional-de-155-jovenes-en-riesgo-de\/","url":"https:\/\/www.entreculturas.org\/fr\/noticia\/nabiax-y-asterion-apuestan-por-la-formacion-profesional-de-155-jovenes-en-riesgo-de\/","name":"Nabiax y Asterion apuestan por la Formaci\u00f3n Profesional de 155 j\u00f3venes en riesgo de exclusi\u00f3n de la mano de Entreculturas y Fe y Alegr\u00eda Chile - Entreculturas","isPartOf":{"@id":"https:\/\/www.entreculturas.org\/fr\/#website"},"primaryImageOfPage":{"@id":"https:\/\/www.entreculturas.org\/fr\/noticia\/nabiax-y-asterion-apuestan-por-la-formacion-profesional-de-155-jovenes-en-riesgo-de\/#primaryimage"},"image":{"@id":"https:\/\/www.entreculturas.org\/fr\/noticia\/nabiax-y-asterion-apuestan-por-la-formacion-profesional-de-155-jovenes-en-riesgo-de\/#primaryimage"},"thumbnailUrl":"https:\/\/www.entreculturas.org\/wp-content\/uploads\/2021\/07\/p1070079-scaled-1.jpg","datePublished":"2021-07-28T12:29:50+00:00","dateModified":"2024-02-19T16:42:12+00:00","breadcrumb":{"@id":"https:\/\/www.entreculturas.org\/fr\/noticia\/nabiax-y-asterion-apuestan-por-la-formacion-profesional-de-155-jovenes-en-riesgo-de\/#breadcrumb"},"inLanguage":"fr-FR","potentialAction":[{"@type":"ReadAction","target":["https:\/\/www.entreculturas.org\/fr\/noticia\/nabiax-y-asterion-apuestan-por-la-formacion-profesional-de-155-jovenes-en-riesgo-de\/"]}]},{"@type":"ImageObject","inLanguage":"fr-FR","@id":"https:\/\/www.entreculturas.org\/fr\/noticia\/nabiax-y-asterion-apuestan-por-la-formacion-profesional-de-155-jovenes-en-riesgo-de\/#primaryimage","url":"https:\/\/www.entreculturas.org\/wp-content\/uploads\/2021\/07\/p1070079-scaled-1.jpg","contentUrl":"https:\/\/www.entreculturas.org\/wp-content\/uploads\/2021\/07\/p1070079-scaled-1.jpg","width":2560,"height":1707,"caption":"p1070079"},{"@type":"BreadcrumbList","@id":"https:\/\/www.entreculturas.org\/fr\/noticia\/nabiax-y-asterion-apuestan-por-la-formacion-profesional-de-155-jovenes-en-riesgo-de\/#breadcrumb","itemListElement":[{"@type":"ListItem","position":1,"name":"Home","item":"https:\/\/www.entreculturas.org\/fr\/"},{"@type":"ListItem","position":2,"name":"Noticias","item":"https:\/\/www.entreculturas.org\/fr\/noticias\/"},{"@type":"ListItem","position":3,"name":"Nabiax y Asterion apuestan por la Formaci\u00f3n Profesional de 155 j\u00f3venes en riesgo de exclusi\u00f3n de la mano de Entreculturas y Fe y Alegr\u00eda Chile"}]},{"@type":"WebSite","@id":"https:\/\/www.entreculturas.org\/fr\/#website","url":"https:\/\/www.entreculturas.org\/fr\/","name":"Entreculturas","description":"","publisher":{"@id":"https:\/\/www.entreculturas.org\/fr\/#organization"},"alternateName":"Entreculturas","potentialAction":[{"@type":"SearchAction","target":{"@type":"EntryPoint","urlTemplate":"https:\/\/www.entreculturas.org\/fr\/?s={search_term_string}"},"query-input":{"@type":"PropertyValueSpecification","valueRequired":true,"valueName":"search_term_string"}}],"inLanguage":"fr-FR"},{"@type":"Organization","@id":"https:\/\/www.entreculturas.org\/fr\/#organization","name":"Entreculturas","url":"https:\/\/www.entreculturas.org\/fr\/","logo":{"@type":"ImageObject","inLanguage":"fr-FR","@id":"https:\/\/www.entreculturas.org\/fr\/#\/schema\/logo\/image\/","url":"https:\/\/www.entreculturas.org\/wp-content\/uploads\/2025\/10\/ESP.svg","contentUrl":"https:\/\/www.entreculturas.org\/wp-content\/uploads\/2025\/10\/ESP.svg","caption":"Entreculturas"},"image":{"@id":"https:\/\/www.entreculturas.org\/fr\/#\/schema\/logo\/image\/"},"sameAs":["https:\/\/www.facebook.com\/entreculturas","https:\/\/x.com\/Entreculturas","https:\/\/www.instagram.com\/entreculturas\/","https:\/\/www.youtube.com\/user\/entreculturasvideo","https:\/\/www.linkedin.com\/company\/fundacion-entreculturas-ngdo\/","https:\/\/www.flickr.com\/photos\/98455522@N04\/albums\/"]}]}},"_links":{"self":[{"href":"https:\/\/www.entreculturas.org\/fr\/wp-json\/wp\/v2\/noticia\/6060","targetHints":{"allow":["GET"]}}],"collection":[{"href":"https:\/\/www.entreculturas.org\/fr\/wp-json\/wp\/v2\/noticia"}],"about":[{"href":"https:\/\/www.entreculturas.org\/fr\/wp-json\/wp\/v2\/types\/noticia"}],"wp:featuredmedia":[{"embeddable":true,"href":"https:\/\/www.entreculturas.org\/fr\/wp-json\/wp\/v2\/media\/6061"}],"wp:attachment":[{"href":"https:\/\/www.entreculturas.org\/fr\/wp-json\/wp\/v2\/media?parent=6060"}],"wp:term":[{"taxonomy":"category","embeddable":true,"href":"https:\/\/www.entreculturas.org\/fr\/wp-json\/wp\/v2\/categories?post=6060"},{"taxonomy":"post_tag","embeddable":true,"href":"https:\/\/www.entreculturas.org\/fr\/wp-json\/wp\/v2\/tags?post=6060"},{"taxonomy":"country","embeddable":true,"href":"https:\/\/www.entreculturas.org\/fr\/wp-json\/wp\/v2\/country?post=6060"},{"taxonomy":"cause","embeddable":true,"href":"https:\/\/www.entreculturas.org\/fr\/wp-json\/wp\/v2\/cause?post=6060"}],"curies":[{"name":"wp","href":"https:\/\/api.w.org\/{rel}","templated":true}]}}