{"id":5955,"date":"2021-07-05T07:38:40","date_gmt":"2021-07-05T07:38:40","guid":{"rendered":"https:\/\/entreculturasi.wpenginepowered.com\/?noticias=libano-garantizando-el-derecho-la-educacion-en-medio-de-la-pandemia"},"modified":"2024-02-19T17:35:56","modified_gmt":"2024-02-19T16:35:56","slug":"libano-garantizando-el-derecho-la-educacion-en-medio-de-la-pandemia","status":"publish","type":"noticia","link":"https:\/\/www.entreculturas.org\/fr\/noticia\/libano-garantizando-el-derecho-la-educacion-en-medio-de-la-pandemia\/","title":{"rendered":"L\u00cdBANO: garantizando el derecho a la educaci\u00f3n en medio de la pandemia"},"content":{"rendered":"<p style=\"text-align: justify\">\n<p style=\"text-align: justify\"><strong>\u201cSin la ayuda que recibimos no podr\u00edamos haber continuado nuestra educaci\u00f3n, no habr\u00edamos aprendido a leer ni escribir. \u00bfPuedes imaginarte a ti mismo huyendo de tu propia casa siendo un ni\u00f1o y teniendo que vivir en una tienda de campa\u00f1a?\u201d&nbsp;<br \/>&nbsp;<\/strong><br \/>Wael es sirio, tiene 13 a\u00f1os y es estudiante en L\u00edbano de una de las escuelas del Servicio Jesuita a Refugiados (JRS) en Bar Elias. Tanto para \u00e9l como para muchos ni\u00f1os y ni\u00f1as refugiados, la escuela no es solo un espacio f\u00edsico donde aprender: es tambi\u00e9n un lugar seguro, que dignifica y que busca alejarse de toda desigualdad o violencia y que, en situaciones de desplazamiento forzoso, puede marcar a la infancia de por vida. \u201cEs dif\u00edcil explicar qu\u00e9 significa la palabra refugiado; yo no he podido conocer a mis t\u00edos ni a otros familiares\u201d, agrega Wael.<\/p>\n<p style=\"text-align: justify\">Desde Entreculturas y JRS trabajamos para garantizar que el derecho a la educaci\u00f3n en contextos de desplazamiento y refugio se cumpla y se fortalezca, en L\u00edbano y en otros muchos pa\u00edses del mundo. La emergencia educativa es una emergencia de primera necesidad, y es fundamental evitar que, debido al cierre de escuelas y al empobrecimiento de las econom\u00edas familiares por la llegada de la COVID-19, los ni\u00f1os y ni\u00f1as se vean obligados a parar sus estudios.&nbsp;En L\u00edbano viven m\u00e1s de 1.5 millones de personas sirias que han encontrado refugio en el segundo pa\u00eds que acoge a m\u00e1s&nbsp; personas refugiadas per c\u00e1pita en el mundo. Un pa\u00eds que, al mismo tiempo, se encuentra inmerso en una profunda crisis desde 2019, cuando se declar\u00f3 en Estado de Emergencia Econ\u00f3mica como consecuencia de la deuda p\u00fablica, la depreciaci\u00f3n de la moneda libanesa y la gesti\u00f3n pol\u00edtica. Una situaci\u00f3n especialmente dif\u00edcil para la infancia. De los 1.5 millones de personas sirias en el pa\u00eds, 3.500 son menores que no est\u00e1n acompa\u00f1ados por ninguna persona adulta.&nbsp;<br \/>&nbsp;<br \/>A esta situaci\u00f3n de inestabilidad agudizada por la pandemia, se sum\u00f3 una fuerte explosi\u00f3n en agosto de 2020, en pleno confinamiento, en el puerto de Beirut. \u201cEs dif\u00edcil estimar las consecuencias a largo plazo, pero es muy probable que esta explosi\u00f3n, unida a las m\u00faltiples crisis que atraviesa el pa\u00eds, deje una huella importante en las personas que viven en L\u00edbano\u201d, comenta nuestro compa\u00f1ero Miguel Santiuste, expatriado de Entreculturas en L\u00edbano. <strong>\u201cLos problemas parecen apilarse uno tras otro y la poblaci\u00f3n libanesa est\u00e1 cansada y frustrada. Dicen que no les quedan l\u00e1grimas para llorar, pero es un pueblo fuerte que ha pasado por mucho y con ayuda no les faltar\u00e1n las fuerzas para levantarse una vez m\u00e1s\u201d<\/strong>, a\u00f1ade.&nbsp;<br \/>&nbsp;En este contexto es importante recordar que \u201cuna educaci\u00f3n de calidad no es un privilegio, es un derecho humano universal que no se pierde en situaciones de emergencia o desplazamiento y cuyo cumplimiento es la llave para garantizar otros derechos fundamentales\u201d, afirma Miguel&nbsp;<\/p>\n<p style=\"text-align: justify\"><img decoding=\"async\" alt=\"\" height=\"375\" src=\"https:\/\/www.entreculturas.org\/wp-content\/uploads\/2021\/07\/wrd1_copia.jpg\" width=\"500\"><\/p>\n<p style=\"text-align: justify\">\u201cHay ni\u00f1os y ni\u00f1as que est\u00e1n abandonando la escuela para dedicarse a la agricultura y la construcci\u00f3n, recibiendo abusos de distintos tipos\u201d, lamenta Rayhana Itani, coordinadora pedag\u00f3gica de JRS en Baalbek. Nos explica que, en los \u00faltimos meses, trabaja para animar tanto a sus alumnos y alumnas como a sus padres y madres para que no dejen de ir a la escuela.&nbsp;<\/p>\n<p style=\"text-align: justify\">Gracias a estos esfuerzos, m\u00e1s de la mitad del alumnado de las escuelas de JRS en L\u00edbano ha podido seguir con su educaci\u00f3n en el \u00faltimo curso. Sin embargo,<strong> un 30% no tuvo medios para poder participar del modelo online<\/strong>. Para los estudiantes que no pudieron seguir las clases a distancia, vamos a ofrecer clases de refuerzo particulares para que puedan integrarse con los dem\u00e1s compa\u00f1eros y compa\u00f1eras cuando vuelva la presencialidad (ya que, a d\u00eda de hoy, las escuelas contin\u00faan cerradas).&nbsp;<\/p>\n<p style=\"text-align: justify\">Durante la pandemia, las familias se vieron afectadas, ya que la comida fuerte del d\u00eda la hac\u00edan en el colegio. Tambi\u00e9n tuvieron problemas para acceder a agua potable y desde JRS se ha denunciado un aumento de pr\u00e1cticas da\u00f1inas como el matrimonio infantil. Sin embargo, la escuela ha servido como un canal de diseminaci\u00f3n de informaci\u00f3n, de prevenci\u00f3n y respuesta ante la COVID-19 para las familias. \u201cNuestro objetivo principal es proteger a los ni\u00f1os y ni\u00f1as en las escuelas y centros sociales que son como una segunda casa. No solo ofrecemos educaci\u00f3n, tambi\u00e9n protecci\u00f3n y comida\u201d, afirma Rayhana.&nbsp;<\/p>\n<p style=\"text-align: justify\"><strong>\u201cMe gustar\u00eda pedir al mundo que ayude a los refugiados sirios a volver a su pa\u00eds y que permitan a los profesores dar una educaci\u00f3n a sus estudiantes porque asistir a clase es fundamental para los ni\u00f1os\u201d<\/strong>, explica Rashida, refugiada siria que trabaja como profesora en una de las escuelas de JRS.<\/p>\n<p style=\"text-align: justify\">Para los profesores y profesoras, adaptar la ense\u00f1anza al entorno online ha supuesto un reto importante, que han abordado impartiendo clases v\u00eda WhatsApp con v\u00eddeos, notas de voz e im\u00e1genes; posibilitando as\u00ed que una buena parte del alumnado pudiera continuar con su aprendizaje sin acudir f\u00edsicamente a las aulas. Adem\u00e1s, se ha seguido ofreciendo apoyo psicosocial por tel\u00e9fono y el equipo t\u00e9cnico de JRS ha difundido distintos materiales sobre t\u00e9cnicas para lidiar con el confinamiento y preservar el estado emocional de estudiantes, padres y madres.<\/p>\n<p style=\"text-align: justify\">\u201cLas clases online me han ense\u00f1ado a valerme por m\u00ed misma\u201d, cuenta con orgullo Malak, una alumna de 12 a\u00f1os. Su madre, Alaa, tambi\u00e9n ha tenido que adaptarse a las clases a distancia: ha equipado su hogar con WIFI para que sus hijos pudieran continuar con sus estudios. \u201c<\/p>\n<p style=\"text-align: justify\"><img decoding=\"async\" alt=\"\" height=\"333\" src=\"https:\/\/www.entreculturas.org\/wp-content\/uploads\/2021\/07\/mg_3906_copia.jpg\" width=\"500\"><\/p>\n<p style=\"text-align: justify\">Malak y su hermano, Ahmad, tienen clases en el mismo horario, pero con solo un tel\u00e9fono m\u00f3vil en casa, no nos queda m\u00e1s remedio que hacer turnos para poder asistir a clase\u201d, explica Alaa. \u201cPara m\u00ed, los primeros dos d\u00edas de clases online fueron muy raros y estaba muy confundida, pero despu\u00e9s se volvi\u00f3 normal y alent\u00e9 a mis hijos a cumplir con el horario y enviar las tareas resueltas a tiempo\u00a0\u00bb.&nbsp;<br \/>&nbsp;<br \/>Una de los aspectos m\u00e1s positivos de esta experiencia est\u00e1 siendo, precisamente, el compromiso de los padres y madres con la educaci\u00f3n de sus hijos e hijas. Se han responsabilizado y esforzado por crear un ambiente en casa facilitando el aprendizaje y asegurando de que sus hijas e hijos entiendan y env\u00eden las tareas diarias. Sin embargo, el cierre de las escuelas ha significado la p\u00e9rdida de las relaciones diarias entre los alumnos y alumnas y, en muchos casos, un grave impacto en la salud mental de las personas refugiadas con problemas psicol\u00f3gicos a causa del desplazamiento y los conflictos en su pa\u00eds de origen.&nbsp;<\/p>\n<p style=\"text-align: justify\">Desde las escuelas de JRS L\u00edbano se lleva a cabo un proyecto en paralelo de educaci\u00f3n en valores, muy focalizado en la promoci\u00f3n de la paz, la resoluci\u00f3n pac\u00edfica de conflictos, el compa\u00f1erismo y la generaci\u00f3n de autoestima y confianza. Adem\u00e1s, desarrolla un programa transversal de ayuda psicosocial con trabajadores sociales en cada escuela.&nbsp;<\/p>\n<div>\n<p style=\"text-align: justify\">\u201cLos trabajadores y trabajadoras sociales ofrecemos apoyo emocional a las familias y creamos espacios seguros para la infancia, para que puedan vivir con el da\u00f1o m\u00ednimo\u201d, cuenta una de las trabajadoras sociales, Tamara. A lo que su compa\u00f1era Sahar a\u00f1ade que, con su trabajo, \u201cmejora las vidas de la gente y les ofrece las herramientas para que solucionen sus problemas por s\u00ed mismos\u201d.<\/p>\n<p style=\"text-align: justify\">\u201cSi los ni\u00f1os y ni\u00f1as no tienen educaci\u00f3n, tendremos una generaci\u00f3n perdida. La educaci\u00f3n es la \u00fanica manera de tener un mejor futuro\u201d, afirma Heba Al Basha, directora de JRS L\u00edbano. Los ni\u00f1os y ni\u00f1as refugiados sirios han dado una lecci\u00f3n de resiliencia desde su nacimiento,&nbsp; teniendo que atravesar injustamente todo tipo de dificultades en unas condiciones de extrema dureza. <strong>Mantienen firme la esperanza de que la educaci\u00f3n es la clave para construir entre todas y todos una sociedad m\u00e1s equitativa y justa, donde nadie tenga que huir de su hogar para construir un futuro digno y de paz.&nbsp;<\/strong><\/p>\n<\/div>\n","protected":false},"excerpt":{"rendered":"<p>\u201cSin la ayuda que recibimos no podr\u00edamos haber continuado nuestra educaci\u00f3n, no habr\u00edamos aprendido a leer ni escribir. \u00bfPuedes imaginarte a ti mismo huyendo de tu propia casa siendo un ni\u00f1o y teniendo que vivir en una tienda de campa\u00f1a?\u201d <\/p>\n","protected":false},"featured_media":5956,"template":"single-noticia","meta":{"_acf_changed":false},"categories":[7],"tags":[289],"country":[332],"cause":[128],"class_list":["post-5955","noticia","type-noticia","status-publish","has-post-thumbnail","hentry","category-noticia","tag-educacion","country-libano","cause-educacion"],"acf":[],"yoast_head":"<!-- This site is optimized with the Yoast SEO Premium plugin v21.6 (Yoast SEO v27.5) - https:\/\/yoast.com\/product\/yoast-seo-premium-wordpress\/ -->\n<title>L\u00cdBANO: garantizando el derecho a la educaci\u00f3n en medio de la pandemia - Entreculturas<\/title>\n<meta name=\"robots\" content=\"index, follow, max-snippet:-1, max-image-preview:large, max-video-preview:-1\" \/>\n<link rel=\"canonical\" href=\"https:\/\/www.entreculturas.org\/fr\/noticia\/libano-garantizando-el-derecho-la-educacion-en-medio-de-la-pandemia\/\" \/>\n<meta property=\"og:locale\" content=\"fr_FR\" \/>\n<meta property=\"og:type\" content=\"article\" \/>\n<meta property=\"og:title\" content=\"L\u00cdBANO: garantizando el derecho a la educaci\u00f3n en medio de la pandemia\" \/>\n<meta property=\"og:description\" content=\"\u201cSin la ayuda que recibimos no podr\u00edamos haber continuado nuestra educaci\u00f3n, no habr\u00edamos aprendido a leer ni escribir. \u00bfPuedes imaginarte a ti mismo huyendo de tu propia casa siendo un ni\u00f1o y teniendo que vivir en una tienda de campa\u00f1a?\u201d\" \/>\n<meta property=\"og:url\" content=\"https:\/\/www.entreculturas.org\/fr\/noticia\/libano-garantizando-el-derecho-la-educacion-en-medio-de-la-pandemia\/\" \/>\n<meta property=\"og:site_name\" content=\"Entreculturas\" \/>\n<meta property=\"article:publisher\" content=\"https:\/\/www.facebook.com\/entreculturas\" \/>\n<meta property=\"article:modified_time\" content=\"2024-02-19T16:35:56+00:00\" \/>\n<meta property=\"og:image\" content=\"https:\/\/www.entreculturas.org\/wp-content\/uploads\/2021\/06\/mg_3872_copia.jpg\" \/>\n\t<meta property=\"og:image:width\" content=\"500\" \/>\n\t<meta property=\"og:image:height\" content=\"333\" \/>\n\t<meta property=\"og:image:type\" content=\"image\/jpeg\" \/>\n<meta name=\"twitter:card\" content=\"summary_large_image\" \/>\n<meta name=\"twitter:site\" content=\"@Entreculturas\" \/>\n<script type=\"application\/ld+json\" class=\"yoast-schema-graph\">{\"@context\":\"https:\\\/\\\/schema.org\",\"@graph\":[{\"@type\":\"WebPage\",\"@id\":\"https:\\\/\\\/www.entreculturas.org\\\/fr\\\/noticia\\\/libano-garantizando-el-derecho-la-educacion-en-medio-de-la-pandemia\\\/\",\"url\":\"https:\\\/\\\/www.entreculturas.org\\\/fr\\\/noticia\\\/libano-garantizando-el-derecho-la-educacion-en-medio-de-la-pandemia\\\/\",\"name\":\"L\u00cdBANO: garantizando el derecho a la educaci\u00f3n en medio de la pandemia - Entreculturas\",\"isPartOf\":{\"@id\":\"https:\\\/\\\/www.entreculturas.org\\\/fr\\\/#website\"},\"primaryImageOfPage\":{\"@id\":\"https:\\\/\\\/www.entreculturas.org\\\/fr\\\/noticia\\\/libano-garantizando-el-derecho-la-educacion-en-medio-de-la-pandemia\\\/#primaryimage\"},\"image\":{\"@id\":\"https:\\\/\\\/www.entreculturas.org\\\/fr\\\/noticia\\\/libano-garantizando-el-derecho-la-educacion-en-medio-de-la-pandemia\\\/#primaryimage\"},\"thumbnailUrl\":\"https:\\\/\\\/www.entreculturas.org\\\/wp-content\\\/uploads\\\/2021\\\/06\\\/mg_3872_copia.jpg\",\"datePublished\":\"2021-07-05T07:38:40+00:00\",\"dateModified\":\"2024-02-19T16:35:56+00:00\",\"breadcrumb\":{\"@id\":\"https:\\\/\\\/www.entreculturas.org\\\/fr\\\/noticia\\\/libano-garantizando-el-derecho-la-educacion-en-medio-de-la-pandemia\\\/#breadcrumb\"},\"inLanguage\":\"fr-FR\",\"potentialAction\":[{\"@type\":\"ReadAction\",\"target\":[\"https:\\\/\\\/www.entreculturas.org\\\/fr\\\/noticia\\\/libano-garantizando-el-derecho-la-educacion-en-medio-de-la-pandemia\\\/\"]}]},{\"@type\":\"ImageObject\",\"inLanguage\":\"fr-FR\",\"@id\":\"https:\\\/\\\/www.entreculturas.org\\\/fr\\\/noticia\\\/libano-garantizando-el-derecho-la-educacion-en-medio-de-la-pandemia\\\/#primaryimage\",\"url\":\"https:\\\/\\\/www.entreculturas.org\\\/wp-content\\\/uploads\\\/2021\\\/06\\\/mg_3872_copia.jpg\",\"contentUrl\":\"https:\\\/\\\/www.entreculturas.org\\\/wp-content\\\/uploads\\\/2021\\\/06\\\/mg_3872_copia.jpg\",\"width\":500,\"height\":333,\"caption\":\"_mg_3872_copia\"},{\"@type\":\"BreadcrumbList\",\"@id\":\"https:\\\/\\\/www.entreculturas.org\\\/fr\\\/noticia\\\/libano-garantizando-el-derecho-la-educacion-en-medio-de-la-pandemia\\\/#breadcrumb\",\"itemListElement\":[{\"@type\":\"ListItem\",\"position\":1,\"name\":\"Home\",\"item\":\"https:\\\/\\\/www.entreculturas.org\\\/fr\\\/\"},{\"@type\":\"ListItem\",\"position\":2,\"name\":\"Noticias\",\"item\":\"https:\\\/\\\/www.entreculturas.org\\\/fr\\\/noticias\\\/\"},{\"@type\":\"ListItem\",\"position\":3,\"name\":\"L\u00cdBANO: garantizando el derecho a la educaci\u00f3n en medio de la pandemia\"}]},{\"@type\":\"WebSite\",\"@id\":\"https:\\\/\\\/www.entreculturas.org\\\/fr\\\/#website\",\"url\":\"https:\\\/\\\/www.entreculturas.org\\\/fr\\\/\",\"name\":\"Entreculturas\",\"description\":\"\",\"publisher\":{\"@id\":\"https:\\\/\\\/www.entreculturas.org\\\/fr\\\/#organization\"},\"alternateName\":\"Entreculturas\",\"potentialAction\":[{\"@type\":\"SearchAction\",\"target\":{\"@type\":\"EntryPoint\",\"urlTemplate\":\"https:\\\/\\\/www.entreculturas.org\\\/fr\\\/?s={search_term_string}\"},\"query-input\":{\"@type\":\"PropertyValueSpecification\",\"valueRequired\":true,\"valueName\":\"search_term_string\"}}],\"inLanguage\":\"fr-FR\"},{\"@type\":\"Organization\",\"@id\":\"https:\\\/\\\/www.entreculturas.org\\\/fr\\\/#organization\",\"name\":\"Entreculturas\",\"url\":\"https:\\\/\\\/www.entreculturas.org\\\/fr\\\/\",\"logo\":{\"@type\":\"ImageObject\",\"inLanguage\":\"fr-FR\",\"@id\":\"https:\\\/\\\/www.entreculturas.org\\\/fr\\\/#\\\/schema\\\/logo\\\/image\\\/\",\"url\":\"https:\\\/\\\/www.entreculturas.org\\\/wp-content\\\/uploads\\\/2025\\\/10\\\/ESP.svg\",\"contentUrl\":\"https:\\\/\\\/www.entreculturas.org\\\/wp-content\\\/uploads\\\/2025\\\/10\\\/ESP.svg\",\"caption\":\"Entreculturas\"},\"image\":{\"@id\":\"https:\\\/\\\/www.entreculturas.org\\\/fr\\\/#\\\/schema\\\/logo\\\/image\\\/\"},\"sameAs\":[\"https:\\\/\\\/www.facebook.com\\\/entreculturas\",\"https:\\\/\\\/x.com\\\/Entreculturas\",\"https:\\\/\\\/www.instagram.com\\\/entreculturas\\\/\",\"https:\\\/\\\/www.youtube.com\\\/user\\\/entreculturasvideo\",\"https:\\\/\\\/www.linkedin.com\\\/company\\\/fundacion-entreculturas-ngdo\\\/\",\"https:\\\/\\\/www.flickr.com\\\/photos\\\/98455522@N04\\\/albums\\\/\"]}]}<\/script>\n<!-- \/ Yoast SEO Premium plugin. -->","yoast_head_json":{"title":"L\u00cdBANO: garantizando el derecho a la educaci\u00f3n en medio de la pandemia - Entreculturas","robots":{"index":"index","follow":"follow","max-snippet":"max-snippet:-1","max-image-preview":"max-image-preview:large","max-video-preview":"max-video-preview:-1"},"canonical":"https:\/\/www.entreculturas.org\/fr\/noticia\/libano-garantizando-el-derecho-la-educacion-en-medio-de-la-pandemia\/","og_locale":"fr_FR","og_type":"article","og_title":"L\u00cdBANO: garantizando el derecho a la educaci\u00f3n en medio de la pandemia","og_description":"\u201cSin la ayuda que recibimos no podr\u00edamos haber continuado nuestra educaci\u00f3n, no habr\u00edamos aprendido a leer ni escribir. \u00bfPuedes imaginarte a ti mismo huyendo de tu propia casa siendo un ni\u00f1o y teniendo que vivir en una tienda de campa\u00f1a?\u201d","og_url":"https:\/\/www.entreculturas.org\/fr\/noticia\/libano-garantizando-el-derecho-la-educacion-en-medio-de-la-pandemia\/","og_site_name":"Entreculturas","article_publisher":"https:\/\/www.facebook.com\/entreculturas","article_modified_time":"2024-02-19T16:35:56+00:00","og_image":[{"width":500,"height":333,"url":"https:\/\/www.entreculturas.org\/wp-content\/uploads\/2021\/06\/mg_3872_copia.jpg","type":"image\/jpeg"}],"twitter_card":"summary_large_image","twitter_site":"@Entreculturas","schema":{"@context":"https:\/\/schema.org","@graph":[{"@type":"WebPage","@id":"https:\/\/www.entreculturas.org\/fr\/noticia\/libano-garantizando-el-derecho-la-educacion-en-medio-de-la-pandemia\/","url":"https:\/\/www.entreculturas.org\/fr\/noticia\/libano-garantizando-el-derecho-la-educacion-en-medio-de-la-pandemia\/","name":"L\u00cdBANO: garantizando el derecho a la educaci\u00f3n en medio de la pandemia - Entreculturas","isPartOf":{"@id":"https:\/\/www.entreculturas.org\/fr\/#website"},"primaryImageOfPage":{"@id":"https:\/\/www.entreculturas.org\/fr\/noticia\/libano-garantizando-el-derecho-la-educacion-en-medio-de-la-pandemia\/#primaryimage"},"image":{"@id":"https:\/\/www.entreculturas.org\/fr\/noticia\/libano-garantizando-el-derecho-la-educacion-en-medio-de-la-pandemia\/#primaryimage"},"thumbnailUrl":"https:\/\/www.entreculturas.org\/wp-content\/uploads\/2021\/06\/mg_3872_copia.jpg","datePublished":"2021-07-05T07:38:40+00:00","dateModified":"2024-02-19T16:35:56+00:00","breadcrumb":{"@id":"https:\/\/www.entreculturas.org\/fr\/noticia\/libano-garantizando-el-derecho-la-educacion-en-medio-de-la-pandemia\/#breadcrumb"},"inLanguage":"fr-FR","potentialAction":[{"@type":"ReadAction","target":["https:\/\/www.entreculturas.org\/fr\/noticia\/libano-garantizando-el-derecho-la-educacion-en-medio-de-la-pandemia\/"]}]},{"@type":"ImageObject","inLanguage":"fr-FR","@id":"https:\/\/www.entreculturas.org\/fr\/noticia\/libano-garantizando-el-derecho-la-educacion-en-medio-de-la-pandemia\/#primaryimage","url":"https:\/\/www.entreculturas.org\/wp-content\/uploads\/2021\/06\/mg_3872_copia.jpg","contentUrl":"https:\/\/www.entreculturas.org\/wp-content\/uploads\/2021\/06\/mg_3872_copia.jpg","width":500,"height":333,"caption":"_mg_3872_copia"},{"@type":"BreadcrumbList","@id":"https:\/\/www.entreculturas.org\/fr\/noticia\/libano-garantizando-el-derecho-la-educacion-en-medio-de-la-pandemia\/#breadcrumb","itemListElement":[{"@type":"ListItem","position":1,"name":"Home","item":"https:\/\/www.entreculturas.org\/fr\/"},{"@type":"ListItem","position":2,"name":"Noticias","item":"https:\/\/www.entreculturas.org\/fr\/noticias\/"},{"@type":"ListItem","position":3,"name":"L\u00cdBANO: garantizando el derecho a la educaci\u00f3n en medio de la pandemia"}]},{"@type":"WebSite","@id":"https:\/\/www.entreculturas.org\/fr\/#website","url":"https:\/\/www.entreculturas.org\/fr\/","name":"Entreculturas","description":"","publisher":{"@id":"https:\/\/www.entreculturas.org\/fr\/#organization"},"alternateName":"Entreculturas","potentialAction":[{"@type":"SearchAction","target":{"@type":"EntryPoint","urlTemplate":"https:\/\/www.entreculturas.org\/fr\/?s={search_term_string}"},"query-input":{"@type":"PropertyValueSpecification","valueRequired":true,"valueName":"search_term_string"}}],"inLanguage":"fr-FR"},{"@type":"Organization","@id":"https:\/\/www.entreculturas.org\/fr\/#organization","name":"Entreculturas","url":"https:\/\/www.entreculturas.org\/fr\/","logo":{"@type":"ImageObject","inLanguage":"fr-FR","@id":"https:\/\/www.entreculturas.org\/fr\/#\/schema\/logo\/image\/","url":"https:\/\/www.entreculturas.org\/wp-content\/uploads\/2025\/10\/ESP.svg","contentUrl":"https:\/\/www.entreculturas.org\/wp-content\/uploads\/2025\/10\/ESP.svg","caption":"Entreculturas"},"image":{"@id":"https:\/\/www.entreculturas.org\/fr\/#\/schema\/logo\/image\/"},"sameAs":["https:\/\/www.facebook.com\/entreculturas","https:\/\/x.com\/Entreculturas","https:\/\/www.instagram.com\/entreculturas\/","https:\/\/www.youtube.com\/user\/entreculturasvideo","https:\/\/www.linkedin.com\/company\/fundacion-entreculturas-ngdo\/","https:\/\/www.flickr.com\/photos\/98455522@N04\/albums\/"]}]}},"_links":{"self":[{"href":"https:\/\/www.entreculturas.org\/fr\/wp-json\/wp\/v2\/noticia\/5955","targetHints":{"allow":["GET"]}}],"collection":[{"href":"https:\/\/www.entreculturas.org\/fr\/wp-json\/wp\/v2\/noticia"}],"about":[{"href":"https:\/\/www.entreculturas.org\/fr\/wp-json\/wp\/v2\/types\/noticia"}],"wp:featuredmedia":[{"embeddable":true,"href":"https:\/\/www.entreculturas.org\/fr\/wp-json\/wp\/v2\/media\/5956"}],"wp:attachment":[{"href":"https:\/\/www.entreculturas.org\/fr\/wp-json\/wp\/v2\/media?parent=5955"}],"wp:term":[{"taxonomy":"category","embeddable":true,"href":"https:\/\/www.entreculturas.org\/fr\/wp-json\/wp\/v2\/categories?post=5955"},{"taxonomy":"post_tag","embeddable":true,"href":"https:\/\/www.entreculturas.org\/fr\/wp-json\/wp\/v2\/tags?post=5955"},{"taxonomy":"country","embeddable":true,"href":"https:\/\/www.entreculturas.org\/fr\/wp-json\/wp\/v2\/country?post=5955"},{"taxonomy":"cause","embeddable":true,"href":"https:\/\/www.entreculturas.org\/fr\/wp-json\/wp\/v2\/cause?post=5955"}],"curies":[{"name":"wp","href":"https:\/\/api.w.org\/{rel}","templated":true}]}}