{"id":5837,"date":"2021-05-24T11:20:20","date_gmt":"2021-05-24T11:20:20","guid":{"rendered":"https:\/\/entreculturasi.wpenginepowered.com\/?noticias=dia-de-africa-el-profesorado-como-promotor-de-la-paz-en-sudan-del-sur"},"modified":"2024-12-09T12:45:03","modified_gmt":"2024-12-09T11:45:03","slug":"dia-de-africa-el-profesorado-como-promotor-de-la-paz-en-sudan-del-sur","status":"publish","type":"noticia","link":"https:\/\/www.entreculturas.org\/fr\/noticia\/dia-de-africa-el-profesorado-como-promotor-de-la-paz-en-sudan-del-sur\/","title":{"rendered":"D\u00eda de \u00c1frica | El profesorado como promotor de la paz en Sud\u00e1n del Sur"},"content":{"rendered":"<p>En este D\u00eda de \u00c1frica ponemos el foco en el trabajo que realizamos con docentes, pieza clave y fundamental a la hora de garantizar una educaci\u00f3n de calidad.\u00a0Basmat Osman es maestra comunitaria del Servicio Jesuita a Refugiados (JRS) en Mab\u00e1n, Sud\u00e1n del Sur y recientemente ha asistido a la formaci\u00f3n para docentes que llevamos a cabo, mostr\u00e1ndose as\u00ed\u00a0de satisfecha: \u201cMe han devuelto la esperanza. Estoy muy feliz de haber conseguido formarme gracias al JRS. Me siento muy orgullosa de m\u00ed\u201d.<\/p>\n<p>La formaci\u00f3n para el profesorado tiene el objetivo de mejorar su manera de trabajar, para que puedan atender mejor al alumnado y brindar una educaci\u00f3n de calidad tanto a la poblaci\u00f3n refugiada y desplazada como a la comunidad de acogida, con las que JRS y Entreculturas trabajamos. \u201cAntes impart\u00eda clases sin un calendario de trabajo, sin un plan, sin t\u00e9cnicas pedag\u00f3gicas. Pero en el curso aprend\u00ed a planificar mi trabajo y aprend\u00ed nuevos recursos para aplicarlos en clase con mis alumnos y alumnas\u201d, afirma Basmat.<\/p>\n<p>Junto a docentes de educaci\u00f3n primaria y secundaria, Basmat se ha formado en metodolog\u00edas de la ense\u00f1anza, as\u00ed como en tem\u00e1ticas espec\u00edficas relacionadas con contextos de emergencias: g\u00e9nero, prevenci\u00f3n, salud b\u00e1sica o atenci\u00f3n a personas con dificultad de aprendizaje. De esta manera, trabajamos para convertir las aulas no solo en entornos de aprendizaje, sino tambi\u00e9n en espacios de protecci\u00f3n de la violencia, prevenci\u00f3n de conductas psicosociales da\u00f1inas y rehabilitaci\u00f3n post-traum\u00e1tica.<\/p>\n<p>A Basmat le sobra predisposici\u00f3n y actitud para ense\u00f1ar y contribuir a la educaci\u00f3n de los m\u00e1s peque\u00f1os y peque\u00f1as de la comunidad. En la formaci\u00f3n, certificada por la Universidad de Juba, ha podido desarrollar su capacidad pedag\u00f3gica para ponerla en pr\u00e1ctica con sus alumnos y alumnas del campo de personas refugiadas. Adem\u00e1s, gracias al curso, ha podido terminar sus estudios. \u201cNos motivaron y nos dieron la oportunidad de acabar el instituto. Nos prepararon para hacer el examen de cuarto de la ESO y aprob\u00e9. Tambi\u00e9n consegu\u00ed el t\u00edtulo de profesorado\u201d, cuenta orgullosa.<\/p>\n<p>La formaci\u00f3n le ha permitido conectar con otros\/as docentes y generar un fuerte v\u00ednculo impregnado de un deseo de paz que se transmite m\u00e1s all\u00e1 de las aulas. \u201cLos profesores y profesoras somos los encargados de promover la paz entre los cuatro campos. En el curso nos inculcaron que el profesorado es el cambio en nuestra comunidad\u201d, asegura.<br \/>\n<img decoding=\"async\" style=\"width: 732px; height: 719px;\" src=\"https:\/\/www.entreculturas.org\/wp-content\/uploads\/2021\/05\/basmat-mujer-africa_copia.png\" alt=\"\" \/><\/p>\n<p>Desde Entreculturas tambi\u00e9n apoyamos a JRS en la formaci\u00f3n de profesores\/as en ingl\u00e9s e inform\u00e1tica, en la provisi\u00f3n de kits educativos para el desarrollo de las clases y en el acompa\u00f1amiento a docentes formados a lo largo del curso. \u201cOjal\u00e1 los formadores del curso sigan promoviendo la paz como han hecho con nosotros y nosotras. Me siento muy orgullosa cuando pongo en pr\u00e1ctica lo que aprend\u00ed en el curso y veo que les sirve a mis alumnos y alumnas\u201d, sentencia Basmat.<\/p>\n","protected":false},"excerpt":{"rendered":"<p>En este D\u00eda de \u00c1frica ponemos el foco en el trabajo que realizamos con docentes, pieza clave y fundamental a la hora de garantizar una educaci\u00f3n de calidad. Basmat Osman es maestra comunitaria del Servicio Jesuita a Refugiados (JRS) en Mab\u00e1n, Sud\u00e1n del Sur y recientemente ha asistido a la formaci\u00f3n para docentes que llevamos a cabo, mostr\u00e1ndose as\u00ed de satisfecha: \u201cMe han devuelto la esperanza. Estoy muy feliz de haber conseguido formarme gracias al JRS. Me siento muy orgullosa de m\u00ed\u201d. <\/p>\n","protected":false},"featured_media":5836,"template":"single-noticia","meta":{"_acf_changed":false},"categories":[7],"tags":[10],"country":[136],"cause":[129],"class_list":["post-5837","noticia","type-noticia","status-publish","has-post-thumbnail","hentry","category-noticia","tag-migracion-y-refugio","country-sudan-del-sur","cause-migracion-y-refugio"],"acf":[],"yoast_head":"<!-- This site is optimized with the Yoast SEO Premium plugin v21.6 (Yoast SEO v27.5) - https:\/\/yoast.com\/product\/yoast-seo-premium-wordpress\/ -->\n<title>D\u00eda de \u00c1frica | El profesorado como promotor de la paz en Sud\u00e1n del Sur - Entreculturas<\/title>\n<meta name=\"robots\" content=\"index, follow, max-snippet:-1, max-image-preview:large, max-video-preview:-1\" \/>\n<link rel=\"canonical\" href=\"https:\/\/www.entreculturas.org\/fr\/noticia\/dia-de-africa-el-profesorado-como-promotor-de-la-paz-en-sudan-del-sur\/\" \/>\n<meta property=\"og:locale\" content=\"fr_FR\" \/>\n<meta property=\"og:type\" content=\"article\" \/>\n<meta property=\"og:title\" content=\"D\u00eda de \u00c1frica | El profesorado como promotor de la paz en Sud\u00e1n del Sur\" \/>\n<meta property=\"og:description\" content=\"En este D\u00eda de \u00c1frica ponemos el foco en el trabajo que realizamos con docentes, pieza clave y fundamental a la hora de garantizar una educaci\u00f3n de calidad. Basmat Osman es maestra comunitaria del Servicio Jesuita a Refugiados (JRS) en Mab\u00e1n, Sud\u00e1n del Sur y recientemente ha asistido a la formaci\u00f3n para docentes que llevamos a cabo, mostr\u00e1ndose as\u00ed de satisfecha: \u201cMe han devuelto la esperanza. Estoy muy feliz de haber conseguido formarme gracias al JRS. Me siento muy orgullosa de m\u00ed\u201d.\" \/>\n<meta property=\"og:url\" content=\"https:\/\/www.entreculturas.org\/fr\/noticia\/dia-de-africa-el-profesorado-como-promotor-de-la-paz-en-sudan-del-sur\/\" \/>\n<meta property=\"og:site_name\" content=\"Entreculturas\" \/>\n<meta property=\"article:publisher\" content=\"https:\/\/www.facebook.com\/entreculturas\" \/>\n<meta property=\"article:modified_time\" content=\"2024-12-09T11:45:03+00:00\" \/>\n<meta property=\"og:image\" content=\"https:\/\/www.entreculturas.org\/wp-content\/uploads\/2021\/05\/basmat-mujer-africa_copia.png\" \/>\n\t<meta property=\"og:image:width\" content=\"732\" \/>\n\t<meta property=\"og:image:height\" content=\"719\" \/>\n\t<meta property=\"og:image:type\" content=\"image\/png\" \/>\n<meta name=\"twitter:card\" content=\"summary_large_image\" \/>\n<meta name=\"twitter:site\" content=\"@Entreculturas\" \/>\n<script type=\"application\/ld+json\" class=\"yoast-schema-graph\">{\"@context\":\"https:\\\/\\\/schema.org\",\"@graph\":[{\"@type\":\"WebPage\",\"@id\":\"https:\\\/\\\/www.entreculturas.org\\\/fr\\\/noticia\\\/dia-de-africa-el-profesorado-como-promotor-de-la-paz-en-sudan-del-sur\\\/\",\"url\":\"https:\\\/\\\/www.entreculturas.org\\\/fr\\\/noticia\\\/dia-de-africa-el-profesorado-como-promotor-de-la-paz-en-sudan-del-sur\\\/\",\"name\":\"D\u00eda de \u00c1frica | El profesorado como promotor de la paz en Sud\u00e1n del Sur - Entreculturas\",\"isPartOf\":{\"@id\":\"https:\\\/\\\/www.entreculturas.org\\\/fr\\\/#website\"},\"primaryImageOfPage\":{\"@id\":\"https:\\\/\\\/www.entreculturas.org\\\/fr\\\/noticia\\\/dia-de-africa-el-profesorado-como-promotor-de-la-paz-en-sudan-del-sur\\\/#primaryimage\"},\"image\":{\"@id\":\"https:\\\/\\\/www.entreculturas.org\\\/fr\\\/noticia\\\/dia-de-africa-el-profesorado-como-promotor-de-la-paz-en-sudan-del-sur\\\/#primaryimage\"},\"thumbnailUrl\":\"https:\\\/\\\/www.entreculturas.org\\\/wp-content\\\/uploads\\\/2021\\\/05\\\/basmat-mujer-africa_copia.png\",\"datePublished\":\"2021-05-24T11:20:20+00:00\",\"dateModified\":\"2024-12-09T11:45:03+00:00\",\"breadcrumb\":{\"@id\":\"https:\\\/\\\/www.entreculturas.org\\\/fr\\\/noticia\\\/dia-de-africa-el-profesorado-como-promotor-de-la-paz-en-sudan-del-sur\\\/#breadcrumb\"},\"inLanguage\":\"fr-FR\",\"potentialAction\":[{\"@type\":\"ReadAction\",\"target\":[\"https:\\\/\\\/www.entreculturas.org\\\/fr\\\/noticia\\\/dia-de-africa-el-profesorado-como-promotor-de-la-paz-en-sudan-del-sur\\\/\"]}]},{\"@type\":\"ImageObject\",\"inLanguage\":\"fr-FR\",\"@id\":\"https:\\\/\\\/www.entreculturas.org\\\/fr\\\/noticia\\\/dia-de-africa-el-profesorado-como-promotor-de-la-paz-en-sudan-del-sur\\\/#primaryimage\",\"url\":\"https:\\\/\\\/www.entreculturas.org\\\/wp-content\\\/uploads\\\/2021\\\/05\\\/basmat-mujer-africa_copia.png\",\"contentUrl\":\"https:\\\/\\\/www.entreculturas.org\\\/wp-content\\\/uploads\\\/2021\\\/05\\\/basmat-mujer-africa_copia.png\",\"width\":732,\"height\":719},{\"@type\":\"BreadcrumbList\",\"@id\":\"https:\\\/\\\/www.entreculturas.org\\\/fr\\\/noticia\\\/dia-de-africa-el-profesorado-como-promotor-de-la-paz-en-sudan-del-sur\\\/#breadcrumb\",\"itemListElement\":[{\"@type\":\"ListItem\",\"position\":1,\"name\":\"Home\",\"item\":\"https:\\\/\\\/www.entreculturas.org\\\/fr\\\/\"},{\"@type\":\"ListItem\",\"position\":2,\"name\":\"Noticias\",\"item\":\"https:\\\/\\\/www.entreculturas.org\\\/fr\\\/noticias\\\/\"},{\"@type\":\"ListItem\",\"position\":3,\"name\":\"D\u00eda de \u00c1frica | El profesorado como promotor de la paz en Sud\u00e1n del Sur\"}]},{\"@type\":\"WebSite\",\"@id\":\"https:\\\/\\\/www.entreculturas.org\\\/fr\\\/#website\",\"url\":\"https:\\\/\\\/www.entreculturas.org\\\/fr\\\/\",\"name\":\"Entreculturas\",\"description\":\"\",\"publisher\":{\"@id\":\"https:\\\/\\\/www.entreculturas.org\\\/fr\\\/#organization\"},\"alternateName\":\"Entreculturas\",\"potentialAction\":[{\"@type\":\"SearchAction\",\"target\":{\"@type\":\"EntryPoint\",\"urlTemplate\":\"https:\\\/\\\/www.entreculturas.org\\\/fr\\\/?s={search_term_string}\"},\"query-input\":{\"@type\":\"PropertyValueSpecification\",\"valueRequired\":true,\"valueName\":\"search_term_string\"}}],\"inLanguage\":\"fr-FR\"},{\"@type\":\"Organization\",\"@id\":\"https:\\\/\\\/www.entreculturas.org\\\/fr\\\/#organization\",\"name\":\"Entreculturas\",\"url\":\"https:\\\/\\\/www.entreculturas.org\\\/fr\\\/\",\"logo\":{\"@type\":\"ImageObject\",\"inLanguage\":\"fr-FR\",\"@id\":\"https:\\\/\\\/www.entreculturas.org\\\/fr\\\/#\\\/schema\\\/logo\\\/image\\\/\",\"url\":\"https:\\\/\\\/www.entreculturas.org\\\/wp-content\\\/uploads\\\/2025\\\/10\\\/ESP.svg\",\"contentUrl\":\"https:\\\/\\\/www.entreculturas.org\\\/wp-content\\\/uploads\\\/2025\\\/10\\\/ESP.svg\",\"caption\":\"Entreculturas\"},\"image\":{\"@id\":\"https:\\\/\\\/www.entreculturas.org\\\/fr\\\/#\\\/schema\\\/logo\\\/image\\\/\"},\"sameAs\":[\"https:\\\/\\\/www.facebook.com\\\/entreculturas\",\"https:\\\/\\\/x.com\\\/Entreculturas\",\"https:\\\/\\\/www.instagram.com\\\/entreculturas\\\/\",\"https:\\\/\\\/www.youtube.com\\\/user\\\/entreculturasvideo\",\"https:\\\/\\\/www.linkedin.com\\\/company\\\/fundacion-entreculturas-ngdo\\\/\",\"https:\\\/\\\/www.flickr.com\\\/photos\\\/98455522@N04\\\/albums\\\/\"]}]}<\/script>\n<!-- \/ Yoast SEO Premium plugin. -->","yoast_head_json":{"title":"D\u00eda de \u00c1frica | El profesorado como promotor de la paz en Sud\u00e1n del Sur - Entreculturas","robots":{"index":"index","follow":"follow","max-snippet":"max-snippet:-1","max-image-preview":"max-image-preview:large","max-video-preview":"max-video-preview:-1"},"canonical":"https:\/\/www.entreculturas.org\/fr\/noticia\/dia-de-africa-el-profesorado-como-promotor-de-la-paz-en-sudan-del-sur\/","og_locale":"fr_FR","og_type":"article","og_title":"D\u00eda de \u00c1frica | El profesorado como promotor de la paz en Sud\u00e1n del Sur","og_description":"En este D\u00eda de \u00c1frica ponemos el foco en el trabajo que realizamos con docentes, pieza clave y fundamental a la hora de garantizar una educaci\u00f3n de calidad. Basmat Osman es maestra comunitaria del Servicio Jesuita a Refugiados (JRS) en Mab\u00e1n, Sud\u00e1n del Sur y recientemente ha asistido a la formaci\u00f3n para docentes que llevamos a cabo, mostr\u00e1ndose as\u00ed de satisfecha: \u201cMe han devuelto la esperanza. Estoy muy feliz de haber conseguido formarme gracias al JRS. Me siento muy orgullosa de m\u00ed\u201d.","og_url":"https:\/\/www.entreculturas.org\/fr\/noticia\/dia-de-africa-el-profesorado-como-promotor-de-la-paz-en-sudan-del-sur\/","og_site_name":"Entreculturas","article_publisher":"https:\/\/www.facebook.com\/entreculturas","article_modified_time":"2024-12-09T11:45:03+00:00","og_image":[{"width":732,"height":719,"url":"https:\/\/www.entreculturas.org\/wp-content\/uploads\/2021\/05\/basmat-mujer-africa_copia.png","type":"image\/png"}],"twitter_card":"summary_large_image","twitter_site":"@Entreculturas","schema":{"@context":"https:\/\/schema.org","@graph":[{"@type":"WebPage","@id":"https:\/\/www.entreculturas.org\/fr\/noticia\/dia-de-africa-el-profesorado-como-promotor-de-la-paz-en-sudan-del-sur\/","url":"https:\/\/www.entreculturas.org\/fr\/noticia\/dia-de-africa-el-profesorado-como-promotor-de-la-paz-en-sudan-del-sur\/","name":"D\u00eda de \u00c1frica | El profesorado como promotor de la paz en Sud\u00e1n del Sur - Entreculturas","isPartOf":{"@id":"https:\/\/www.entreculturas.org\/fr\/#website"},"primaryImageOfPage":{"@id":"https:\/\/www.entreculturas.org\/fr\/noticia\/dia-de-africa-el-profesorado-como-promotor-de-la-paz-en-sudan-del-sur\/#primaryimage"},"image":{"@id":"https:\/\/www.entreculturas.org\/fr\/noticia\/dia-de-africa-el-profesorado-como-promotor-de-la-paz-en-sudan-del-sur\/#primaryimage"},"thumbnailUrl":"https:\/\/www.entreculturas.org\/wp-content\/uploads\/2021\/05\/basmat-mujer-africa_copia.png","datePublished":"2021-05-24T11:20:20+00:00","dateModified":"2024-12-09T11:45:03+00:00","breadcrumb":{"@id":"https:\/\/www.entreculturas.org\/fr\/noticia\/dia-de-africa-el-profesorado-como-promotor-de-la-paz-en-sudan-del-sur\/#breadcrumb"},"inLanguage":"fr-FR","potentialAction":[{"@type":"ReadAction","target":["https:\/\/www.entreculturas.org\/fr\/noticia\/dia-de-africa-el-profesorado-como-promotor-de-la-paz-en-sudan-del-sur\/"]}]},{"@type":"ImageObject","inLanguage":"fr-FR","@id":"https:\/\/www.entreculturas.org\/fr\/noticia\/dia-de-africa-el-profesorado-como-promotor-de-la-paz-en-sudan-del-sur\/#primaryimage","url":"https:\/\/www.entreculturas.org\/wp-content\/uploads\/2021\/05\/basmat-mujer-africa_copia.png","contentUrl":"https:\/\/www.entreculturas.org\/wp-content\/uploads\/2021\/05\/basmat-mujer-africa_copia.png","width":732,"height":719},{"@type":"BreadcrumbList","@id":"https:\/\/www.entreculturas.org\/fr\/noticia\/dia-de-africa-el-profesorado-como-promotor-de-la-paz-en-sudan-del-sur\/#breadcrumb","itemListElement":[{"@type":"ListItem","position":1,"name":"Home","item":"https:\/\/www.entreculturas.org\/fr\/"},{"@type":"ListItem","position":2,"name":"Noticias","item":"https:\/\/www.entreculturas.org\/fr\/noticias\/"},{"@type":"ListItem","position":3,"name":"D\u00eda de \u00c1frica | El profesorado como promotor de la paz en Sud\u00e1n del Sur"}]},{"@type":"WebSite","@id":"https:\/\/www.entreculturas.org\/fr\/#website","url":"https:\/\/www.entreculturas.org\/fr\/","name":"Entreculturas","description":"","publisher":{"@id":"https:\/\/www.entreculturas.org\/fr\/#organization"},"alternateName":"Entreculturas","potentialAction":[{"@type":"SearchAction","target":{"@type":"EntryPoint","urlTemplate":"https:\/\/www.entreculturas.org\/fr\/?s={search_term_string}"},"query-input":{"@type":"PropertyValueSpecification","valueRequired":true,"valueName":"search_term_string"}}],"inLanguage":"fr-FR"},{"@type":"Organization","@id":"https:\/\/www.entreculturas.org\/fr\/#organization","name":"Entreculturas","url":"https:\/\/www.entreculturas.org\/fr\/","logo":{"@type":"ImageObject","inLanguage":"fr-FR","@id":"https:\/\/www.entreculturas.org\/fr\/#\/schema\/logo\/image\/","url":"https:\/\/www.entreculturas.org\/wp-content\/uploads\/2025\/10\/ESP.svg","contentUrl":"https:\/\/www.entreculturas.org\/wp-content\/uploads\/2025\/10\/ESP.svg","caption":"Entreculturas"},"image":{"@id":"https:\/\/www.entreculturas.org\/fr\/#\/schema\/logo\/image\/"},"sameAs":["https:\/\/www.facebook.com\/entreculturas","https:\/\/x.com\/Entreculturas","https:\/\/www.instagram.com\/entreculturas\/","https:\/\/www.youtube.com\/user\/entreculturasvideo","https:\/\/www.linkedin.com\/company\/fundacion-entreculturas-ngdo\/","https:\/\/www.flickr.com\/photos\/98455522@N04\/albums\/"]}]}},"_links":{"self":[{"href":"https:\/\/www.entreculturas.org\/fr\/wp-json\/wp\/v2\/noticia\/5837","targetHints":{"allow":["GET"]}}],"collection":[{"href":"https:\/\/www.entreculturas.org\/fr\/wp-json\/wp\/v2\/noticia"}],"about":[{"href":"https:\/\/www.entreculturas.org\/fr\/wp-json\/wp\/v2\/types\/noticia"}],"wp:featuredmedia":[{"embeddable":true,"href":"https:\/\/www.entreculturas.org\/fr\/wp-json\/wp\/v2\/media\/5836"}],"wp:attachment":[{"href":"https:\/\/www.entreculturas.org\/fr\/wp-json\/wp\/v2\/media?parent=5837"}],"wp:term":[{"taxonomy":"category","embeddable":true,"href":"https:\/\/www.entreculturas.org\/fr\/wp-json\/wp\/v2\/categories?post=5837"},{"taxonomy":"post_tag","embeddable":true,"href":"https:\/\/www.entreculturas.org\/fr\/wp-json\/wp\/v2\/tags?post=5837"},{"taxonomy":"country","embeddable":true,"href":"https:\/\/www.entreculturas.org\/fr\/wp-json\/wp\/v2\/country?post=5837"},{"taxonomy":"cause","embeddable":true,"href":"https:\/\/www.entreculturas.org\/fr\/wp-json\/wp\/v2\/cause?post=5837"}],"curies":[{"name":"wp","href":"https:\/\/api.w.org\/{rel}","templated":true}]}}