{"id":5799,"date":"2021-05-14T07:57:01","date_gmt":"2021-05-14T07:57:01","guid":{"rendered":"https:\/\/entreculturasi.wpenginepowered.com\/?noticias=un-llamado-la-reconstruccion-de-vinculos-y-la-transformacion-social-traves-de-la-educacion"},"modified":"2024-02-28T16:44:56","modified_gmt":"2024-02-28T15:44:56","slug":"un-llamado-la-reconstruccion-de-vinculos-y-la-transformacion-social-traves-de-la-educacion","status":"publish","type":"noticia","link":"https:\/\/www.entreculturas.org\/fr\/noticia\/un-llamado-la-reconstruccion-de-vinculos-y-la-transformacion-social-traves-de-la-educacion\/","title":{"rendered":"Un llamado a la reconstrucci\u00f3n de v\u00ednculos y a la transformaci\u00f3n social a trav\u00e9s de la educaci\u00f3n. El pacto educativo global y la consecuci\u00f3n de la meta 4.7. de los ODS"},"content":{"rendered":"<\/p>\n<p>Que vivimos en un mundo complejo, convulso, lleno de retos y desaf\u00edos no es ajeno a nadie, que la COVID-19 ha profundizado desigualdades y ha amplificado crisis previas a la sanitaria, como la crisis ecol\u00f3gica, la crisis migratoria o la crisis socio-econ\u00f3mica, tampoco.<\/p>\n<p>La realidad actual vuelve a poner sobre la mesa que va a ser dif\u00edcil seguir sosteniendo un modelo de desarrollo tal y como el que hasta ahora hemos seguido. Para esa transformaci\u00f3n del modelo ya existe una agenda internacional, la Agenda 2030, que prioriza 17 objetivos de acci\u00f3n prioritaria para hacer esa transformaci\u00f3n social necesaria.&nbsp;<\/p>\n<p>Sin embargo <strong>los ODS, a 10 a\u00f1os de la fecha marcada para su cumplimiento, est\u00e1n muy lejos de lograrse <\/strong>y hoy es el momento de ponerse, s\u00ed o s\u00ed, manos a la obra para que de verdad pueda haber un avance claro para la erradicaci\u00f3n de la pobreza, la protecci\u00f3n del planeta y el logro de la prosperidad para todas las personas que formamos parte de la familia humana.<\/p>\n<p>Por eso, el Papa Francisco hace un llamado especial, a trav\u00e9s del <a href=\"https:\/\/www.educationglobalcompact.org\/en\/\">Pacto Educativo Global<\/a>, a trabajar para que los desaf\u00edos de la humanidad sean preocupaci\u00f3n y trabajo desde diferentes sectores y especial desde la educaci\u00f3n, que no puede ser ajena, ni en contenidos tratados ni en habilidades fomentadas, a esta realidad global en la que vivimos.&nbsp;<\/p>\n<p>Adem\u00e1s el El Papa Francisco se une la UNESCO, en la <a href=\"https:\/\/www.mission4point7.org\/\">Misi\u00f3n 4.7.<\/a> para en ese proceso de alianzas y trabajo conjunto apostar por el desarrollo de la meta 4.7. de los ODS<\/p>\n<p style=\"margin-left: 40px\"><span style=\"font-size:14px\"><em>\u00ab\u00a0garantizar que todos los alumnos adquieran los conocimientos te\u00f3ricos y pr\u00e1cticos necesarios para promover el desarrollo<br \/>sostenible,&nbsp;<\/em><\/span><span style=\"font-size:14px\"><em>entre otras cosas mediante la educaci\u00f3n para el desarrollo sostenible y la adopci\u00f3n de estilos de vida sostenibles,<br \/>los derechos humanos, la igualdad entre los g\u00e9neros, la promoci\u00f3n de una cultura de paz y no violencia, la ciudadan\u00eda<br \/>mundial y la valoraci\u00f3n de la diversidad cultural y de la contribuci\u00f3n de la cultura al desarrollo sostenible, entre otros medios\u201d.<\/em><\/span><\/p>\n<p>Desde Entreculturas, y los programas&nbsp;de educaci\u00f3n para la ciudadan\u00eda global que promovemos, queremos contribuir a tres enfoques de esta llamada que nos hace el Papa a trav\u00e9s del Pacto Educativo, uni\u00e9ndolo a la apuesta que ya venimos desarrollando por la meta 4.7. y la educaci\u00f3n para el desarrollo sostenible y la ciudadan\u00eda global.<\/p>\n<p><img decoding=\"async\" alt=\"\" src=\"https:\/\/www.entreculturas.org\/wp-content\/uploads\/2021\/05\/foto_1_daniela_morreale_entreculturas.jpg\" style=\"width: 800px;height: 533px\"><em><span style=\"font-size:10px\">Foto: Daniela Morreale<\/span><\/em><\/p>\n<p><span style=\"color:#FF0000\"><strong>1.<span> <\/span>El poder transformador de la educaci\u00f3n\u2028<\/strong><\/span><\/p>\n<p style=\"margin-left: 40px\"><span style=\"font-size:14px\"><em>\u201cOs invito a promover juntos y a impulsar, a trav\u00e9s de un pacto educativo com\u00fan, aquellas din\u00e1micas que dan<br \/>sentido a la historia y la transforman de modo positivo\u201d&#8230; \u201c<strong>busquemos juntos las soluciones, iniciemos procesos<br \/>de transformaci\u00f3n sin miedo<\/strong> y miremos hacia el futuro con esperanza\u201d porque \u201ccada cambio necesita un camino<br \/>educativo que involucre a todos. Para ello se requiere construir una \u201caldea de la educaci\u00f3n\u201d donde se comparta en<br \/>a diversidad el compromiso por generar una red de relaciones humanas y abiertas\u201d.<\/em><\/span><br \/>Mensaje del Papa para el lanzamiento del Pacto Educativo 12 septiembre 2019.<\/p>\n<p>Para el Papa Francisco educar es siempre un acto de esperanza . Desde esa afirmaci\u00f3n,&nbsp; <strong>ENTRECULTURAS se suma, a la comunidad educativa, <\/strong>en la tarea de formar personas capaces de vivir con sentido y de transformar su entorno como parte de una ciudadan\u00eda global activa y comprometida. <strong>Apostamos por educar personas que pueden alumbrar una ciudadan\u00eda capaz de transformar el mundo.&nbsp;<\/strong><\/p>\n<p>Creemos, como dicen los y las j\u00f3venes que acompa\u00f1amos en una&nbsp;<strong>Una educaci\u00f3n en la alegr\u00eda, la esperanza y la empat\u00eda<\/strong><\/p>\n<p style=\"margin-left: 40px\"><span style=\"font-size:14px\"><em>El mundo est\u00e1 roto y herido y, a pesar de ello, crecen el bien y la belleza. Por eso entendemos la educaci\u00f3n para la ciudadan\u00eda<br \/>global como un camino que se recorre con alegr\u00eda y esperanza, que nos lleva a sentirnos parte de algo m\u00e1s grande que<br \/>nosotras y nosotros mismos. Un camino en el que aprendemos a amar lo bueno y lo bello que late en nuestro interior,<br \/>en nuestra realidad local, en nuestra cultura, y en nuestra Casa Com\u00fan, la Tierra. Y desde ah\u00ed descubrimos y amamos lo<br \/>bueno y lo bello que late en cada coraz\u00f3n humano, en cada realidad local y en cada cultura, sin importar lo lejos que pueda<br \/>estar de nuestro d\u00eda a d\u00eda. En este camino vemos tambi\u00e9n aquello que atenta contra la dignidad de las personas y contra la<br \/>naturaleza. Y desde la empat\u00eda decidimos defenderlo. Por eso nos adentramos en la compresi\u00f3n de las causas y las<\/em><\/span><br \/><span style=\"font-size:14px\"><em>consecuencias de las injusticias y desigualdades y nos comprometemos en acciones transformadoras.<\/em><\/span><br \/><span style=\"font-size:14px\">(\u201cAvent\u00farate al Encuentro\u201d, VI Encuentro de la Red Solidaria de J\u00f3venes en el que participaron adolescentes de toda Espa\u00f1a y<br \/>12 pa\u00edses con una meta com\u00fan: construir otro mundo posible)<\/span><\/p>\n<p>Y por ello <strong>ofrecemos a los centros escolares y organizaciones educativas la propuesta pedag\u00f3gica \u201c<a href=\"https:\/\/mundoentusmanos.org\/\">Un Mundo en tus Manos<\/a>\u201d<\/strong>,&nbsp; que aporta una metodolog\u00eda concreta, recursos y acompa\u00f1amiento que puedan ayudar y contribuir a:<\/p>\n<ul>\n<li>Aprender a dise\u00f1ar utop\u00edas, porque somos capaces de so\u00f1ar, de crear y de cambiar lo injusto.<\/li>\n<li>Ensayar alternativas promotoras de cambios culturales. Desde nuestra convivencia cotidiana, al modelo de relaciones globales.<\/li>\n<li>Impulsar una educaci\u00f3n transformadora, para construir una sociedad m\u00e1s justa a trav\u00e9s de nuestra pr\u00e1ctica de aula, grupo, centro o comunidad.<\/li>\n<\/ul>\n<p>&nbsp;<\/p>\n<p>Y nos sumamos al Papa, en su mensaje para el lanzamiento del Pacto Educativo 12 septiembre 2019 en su creencia \u201c<em>que la educaci\u00f3n es una de las formas m\u00e1s efectivas de humanizar el mundo y la historia. La educaci\u00f3n es ante todo una cuesti\u00f3n de amor y responsabilidad que se transmite en el tiempo de generaci\u00f3n en generaci\u00f3n<\/em>\u201d.<\/p>\n<p><img decoding=\"async\" alt=\"\" src=\"https:\/\/www.entreculturas.org\/wp-content\/uploads\/2021\/05\/dsc1525.jpg\" style=\"width: 800px;height: 533px\"><em><span style=\"font-size: 10px\">Foto: Daniela Morreale<\/span><\/em><\/p>\n<p><span style=\"color:#FF0000\"><strong>2.<span> <\/span>Una alianza educativa construida entre todos y todas\u2028<\/strong><\/span><\/p>\n<p>El Papa no nos invita a desarrollar acciones educativas, ni propone un programa concreto de trabajo, el Papa nos habla de construir una alianza educativa, un pacto educativo global y termina el mensaje de septiembre de 2019 recordando que las grandes transformaciones y cambios se construyen entre todos y todas contribuyendo desde lo que somos y sabemos cada uno de nosotros y nosotras, personas e instituciones.<\/p>\n<p style=\"margin-left: 40px\"><span style=\"font-size:14px\"><em>Recordemos, hermanos y hermanas, que las grandes transformaciones no se construyen en el escritorio. Hay una \u201carquitectura\u201d<br \/>de la paz en la que intervienen las diversas instituciones y personas de una sociedad, cada una seg\u00fan su propia competencia,<br \/>pero sin excluir a nadie (cf. ib\u00edd., 231). As\u00ed tenemos que seguir: todos juntos, cada uno como es, pero siempre mirando juntos<br \/>hacia adelante, hacia esta construcci\u00f3n de una civilizaci\u00f3n de la armon\u00eda, de la unidad, donde no haya lugar para esta virulenta<br \/>pandemia de la cultura del descarte. Gracias.<\/em><\/span><\/p>\n<p><strong>Desde Entreculturas apostamos por el trabajo en red y por la construcci\u00f3n de redes, desde el encuentro que involucra y transforma, <\/strong>intencionado, que busque el trabajo conjunto y horizontal por un mismo fin, desde espacios diversos e inclusivos, pero sobre todo participativos desde el di\u00e1logo, el respeto y el reconocimiento del valor de la diferencia.<\/p>\n<p>Buena muestra de ello son los y las j\u00f3venes que pertenecen a la Red Solidaria de J\u00f3venes.<\/p>\n<p>JAVIER joven de la Xarxa, Red Solidaria de J\u00f3venes de la Comunidad Valenciana:<\/p>\n<p style=\"margin-left: 40px\"><span style=\"font-size:14px\"><em>Gracias al grupo he aprendido a colaborar codo con codo, a concienciarme y aprender a compartir dicha concienciaci\u00f3n<br \/>para que juntos hici\u00e9ramos una unidad basada en la tolerancia y en la solidaridad. La gran acogida por parte de todas las<br \/>personas y la importancia de los proyectos que se iban a llevar a cabo, me incentiv\u00f3 y anim\u00f3 a formar parte de este grupo<br \/>que a d\u00eda de hoy puedo considerar familia. Es cierto que, como todo en la vida, nada es sencillo, l\u00f3gicamente ha habido<br \/>momentos malos, momentos de decir \u201chasta aqu\u00ed, no puedo m\u00e1s\u201d.&nbsp;<\/em><\/span><span style=\"font-size:14px\"><em>Pero, por todas y cada una de las vivencias anteriores,<br \/>el verbo que m\u00e1s describir\u00eda esta experiencia es \u201caprender\u201d: aprender a disfrutar del trabajo a favor de los dem\u00e1s, aprender<br \/>a conocer tanto los problemas cercanos como los que est\u00e1n separados por un mar. Este camino me ha hecho ser mejor<br \/>persona, o por lo menos a estar m\u00e1s agusto conmigo mismo. Mil gracias a todas las personas que, sin distinguir sexo, raza,<br \/>condici\u00f3n, edad, hemos ayudado a que este nuestro planeta, madre de todos y por tanto hogar de todos y todas, sea mejor<br \/>gracias a cada granito de arena que aportamos con nuestras acciones.<\/em><\/span><\/p>\n<p>O la <strong>Red Generaci\u00f3n 21+, que enlaza a grupos y representantes juveniles que trabajan por la transformaci\u00f3n social <\/strong>en redes de participaci\u00f3n relacionadas con Fe y Alegr\u00eda en m\u00e1s de 22 pa\u00edses de Am\u00e9rica del Sur, \u00c1frica y Europa. Con el objetivo de articular procesos de los grupos juveniles vinculados a Fe y Alegr\u00eda desde la promoci\u00f3n de una cultura de paz&nbsp; para la transformaci\u00f3n local y global, crear una din\u00e1mica en Red a partir de acciones formativas para el desarrollo de capacidades ciudadanas&nbsp; para la incidencia local y global, promover la participaci\u00f3n organizada de las juventudes como movimiento global que trabaja en Red y visibilizar las propuestas e iniciativas que las juventudes vienen desarrollando en cada uno de sus pa\u00edses.<\/p>\n<p><img decoding=\"async\" alt=\"\" src=\"https:\/\/www.entreculturas.org\/wp-content\/uploads\/2021\/05\/captura_de_pantalla_2021-05-14_a_las_9.55.58.png\" style=\"width: 800px;height: 427px\"><em><span style=\"font-size: 10px\">Foto: Daniela Morreale<\/span><\/em><\/p>\n<p><span style=\"color:#FF0000\"><strong>3.<span> <\/span>Un itinerario educativo integral\u2028<\/strong><\/span><\/p>\n<p><strong>La educaci\u00f3n nos permite entender el mundo y comprometernos con la solidaridad y la justicia. <\/strong>Las causas de la pobreza, la desigualdad, la vulneraci\u00f3n de los derechos humanos o la degradaci\u00f3n ambiental se encuentran en procesos mundiales y estos grandes desaf\u00edos de la humanidad requieren una ciudadan\u00eda global consciente, comprometida y capaz de afrontarlos. Para ello el itinerario educativo tiene que tener una propuesta integral, que implique a toda la persona.<\/p>\n<p style=\"margin-left: 40px\"><span style=\"font-size:14px\"><em>\u201cSe trata de un itinerario integral, en el que se salga al encuentro de aquellas situaciones de soledad y desconfianza hacia el<br \/>futuro que generan depresi\u00f3n, adicciones, agresiones, odio verbal, fen\u00f3menos de intimidaci\u00f3n y acoso entre los j\u00f3venes.<br \/>Un camino compartido, en el que no se permanezca indiferentes ante el flagelo de la violencia y el maltrato de menores,<br \/>el fen\u00f3meno de las ni\u00f1as esposas y de los ni\u00f1os soldados, la tragedia de los menores vendidos y esclavizados. A esto se suma<br \/>el dolor por el \u201csufrimiento\u201d de nuestro planeta, provocado por una explotaci\u00f3n sin inteligencia y sin coraz\u00f3n, que ha generado<br \/>una grave crisis medioambiental y clim\u00e1tica.\u201d<\/em>&nbsp;<br \/>(Mensaje en v\u00eddeo del Santo Padre Francisco a los participantes del Global Compact on Education, octubre 2020)<\/span><\/p>\n<p>Volvemos as\u00ed a la meta 4.7 y a la propuesta de educaci\u00f3n para el desarrollo sostenible y la ciudadan\u00eda mundial de UNESCO que posibilitan la consecuci\u00f3n de los ODS y promueven un \u201c<em>proceso de aprendizaje permanente, una educaci\u00f3n de calidad que mejora las dimensiones cognitivas, sociales y emocionales, y conductuales del aprendizaje y una educaci\u00f3n integral y transformadora que abarca contenidos y resultados del aprendizaje, la pedagog\u00eda y el propio entorno de aprendizaje<\/em>\u201d.&nbsp;<\/p>\n<p>Desde Entreculturas, parte tambi\u00e9n del Movimiento por la educaci\u00f3n transformadora y la ciudadan\u00eda global,&nbsp; ofrecemos una gu\u00eda orientadora e inspiradora para docentes y equipos directivos que quieran avanzar hacia la implementaci\u00f3n de esta mirada educativa en sus centros y en sus aulas. En el documento \u201c<a href=\"https:\/\/educaciontransformadoraglobal.org\/wp-content\/uploads\/2020\/12\/centros-educativos-transformadores_version-online.pdf\">Centros Educativos Transformadores. Rasgos y propuestas para avanzar<\/a>\u201d se pueden encontrar fundamentos te\u00f3ricos que sustentan la propuesta de la Educaci\u00f3n Transformadora para la Ciudadan\u00eda Global, as\u00ed como un listado de esos \u00abrasgos\u00bb o elementos&nbsp; que pueden definir un centro educativo transformador, presentado en tres bloques o \u00e1mbitos, que afectan a la vida de los centros escolares: la cultura de centro (referida a la misi\u00f3n, visi\u00f3n y valores), las claves pedag\u00f3gicas y metodolog\u00edas transformadoras (referidas a las pr\u00e1cticas educativas que se desarrollan) y las pol\u00edticas del centro (referidas a la planificaci\u00f3n y organizaci\u00f3n del centro).&nbsp;<\/p>\n<p><strong>Concebimos la Educaci\u00f3n Transformadora para la Ciudadan\u00eda Global como un proceso socioeducativo continuado que promueve una ciudadan\u00eda cr\u00edtica, responsable y comprometida con la construcci\u00f3n de un mundo m\u00e1s justo, equitativo y respetuoso con las personas y el medioambiente, <\/strong>tanto a nivel local como global y que desde esta perspectiva aporta a la meta 4.7. de los ODS y a la llamada del Papa Francisco al Pacto Educativo Global<\/p>\n","protected":false},"excerpt":{"rendered":"<p>Desde Entreculturas, y los programas de educaci\u00f3n para la ciudadan\u00eda global que promovemos, contribuimos a tres enfoques de la llamada que nos hace el Papa a trav\u00e9s del Pacto Educativo, uni\u00e9ndolo a la apuesta que ya venimos desarrollando por la meta 4.7. y la educaci\u00f3n para el desarrollo sostenible y la ciudadan\u00eda global.<\/p>\n","protected":false},"featured_media":5791,"template":"single-noticia","meta":{"_acf_changed":false},"categories":[7],"tags":[289],"country":[],"cause":[128],"class_list":["post-5799","noticia","type-noticia","status-publish","has-post-thumbnail","hentry","category-noticia","tag-educacion","cause-educacion"],"acf":[],"yoast_head":"<!-- This site is optimized with the Yoast SEO Premium plugin v21.6 (Yoast SEO v27.5) - https:\/\/yoast.com\/product\/yoast-seo-premium-wordpress\/ -->\n<title>Un llamado a la reconstrucci\u00f3n de v\u00ednculos y a la transformaci\u00f3n social a trav\u00e9s de la educaci\u00f3n. El pacto educativo global y la consecuci\u00f3n de la meta 4.7. de los ODS - Entreculturas<\/title>\n<meta name=\"robots\" content=\"index, follow, max-snippet:-1, max-image-preview:large, max-video-preview:-1\" \/>\n<link rel=\"canonical\" href=\"https:\/\/www.entreculturas.org\/fr\/noticia\/un-llamado-la-reconstruccion-de-vinculos-y-la-transformacion-social-traves-de-la-educacion\/\" \/>\n<meta property=\"og:locale\" content=\"fr_FR\" \/>\n<meta property=\"og:type\" content=\"article\" \/>\n<meta property=\"og:title\" content=\"Un llamado a la reconstrucci\u00f3n de v\u00ednculos y a la transformaci\u00f3n social a trav\u00e9s de la educaci\u00f3n. El pacto educativo global y la consecuci\u00f3n de la meta 4.7. de los ODS\" \/>\n<meta property=\"og:description\" content=\"Desde Entreculturas, y los programas de educaci\u00f3n para la ciudadan\u00eda global que promovemos, contribuimos a tres enfoques de la llamada que nos hace el Papa a trav\u00e9s del Pacto Educativo, uni\u00e9ndolo a la apuesta que ya venimos desarrollando por la meta 4.7. y la educaci\u00f3n para el desarrollo sostenible y la ciudadan\u00eda global.\" \/>\n<meta property=\"og:url\" content=\"https:\/\/www.entreculturas.org\/fr\/noticia\/un-llamado-la-reconstruccion-de-vinculos-y-la-transformacion-social-traves-de-la-educacion\/\" \/>\n<meta property=\"og:site_name\" content=\"Entreculturas\" \/>\n<meta property=\"article:publisher\" content=\"https:\/\/www.facebook.com\/entreculturas\" \/>\n<meta property=\"article:modified_time\" content=\"2024-02-28T15:44:56+00:00\" \/>\n<meta property=\"og:image\" content=\"https:\/\/www.entreculturas.org\/wp-content\/uploads\/2021\/05\/captura_de_pantalla_2021-05-14_a_las_9.38.20.png\" \/>\n\t<meta property=\"og:image:width\" content=\"1236\" \/>\n\t<meta property=\"og:image:height\" content=\"800\" \/>\n\t<meta property=\"og:image:type\" content=\"image\/png\" \/>\n<meta name=\"twitter:card\" content=\"summary_large_image\" \/>\n<meta name=\"twitter:site\" content=\"@Entreculturas\" \/>\n<script type=\"application\/ld+json\" class=\"yoast-schema-graph\">{\"@context\":\"https:\\\/\\\/schema.org\",\"@graph\":[{\"@type\":\"WebPage\",\"@id\":\"https:\\\/\\\/www.entreculturas.org\\\/fr\\\/noticia\\\/un-llamado-la-reconstruccion-de-vinculos-y-la-transformacion-social-traves-de-la-educacion\\\/\",\"url\":\"https:\\\/\\\/www.entreculturas.org\\\/fr\\\/noticia\\\/un-llamado-la-reconstruccion-de-vinculos-y-la-transformacion-social-traves-de-la-educacion\\\/\",\"name\":\"Un llamado a la reconstrucci\u00f3n de v\u00ednculos y a la transformaci\u00f3n social a trav\u00e9s de la educaci\u00f3n. El pacto educativo global y la consecuci\u00f3n de la meta 4.7. de los ODS - Entreculturas\",\"isPartOf\":{\"@id\":\"https:\\\/\\\/www.entreculturas.org\\\/fr\\\/#website\"},\"primaryImageOfPage\":{\"@id\":\"https:\\\/\\\/www.entreculturas.org\\\/fr\\\/noticia\\\/un-llamado-la-reconstruccion-de-vinculos-y-la-transformacion-social-traves-de-la-educacion\\\/#primaryimage\"},\"image\":{\"@id\":\"https:\\\/\\\/www.entreculturas.org\\\/fr\\\/noticia\\\/un-llamado-la-reconstruccion-de-vinculos-y-la-transformacion-social-traves-de-la-educacion\\\/#primaryimage\"},\"thumbnailUrl\":\"https:\\\/\\\/www.entreculturas.org\\\/wp-content\\\/uploads\\\/2021\\\/05\\\/captura_de_pantalla_2021-05-14_a_las_9.38.20.png\",\"datePublished\":\"2021-05-14T07:57:01+00:00\",\"dateModified\":\"2024-02-28T15:44:56+00:00\",\"breadcrumb\":{\"@id\":\"https:\\\/\\\/www.entreculturas.org\\\/fr\\\/noticia\\\/un-llamado-la-reconstruccion-de-vinculos-y-la-transformacion-social-traves-de-la-educacion\\\/#breadcrumb\"},\"inLanguage\":\"fr-FR\",\"potentialAction\":[{\"@type\":\"ReadAction\",\"target\":[\"https:\\\/\\\/www.entreculturas.org\\\/fr\\\/noticia\\\/un-llamado-la-reconstruccion-de-vinculos-y-la-transformacion-social-traves-de-la-educacion\\\/\"]}]},{\"@type\":\"ImageObject\",\"inLanguage\":\"fr-FR\",\"@id\":\"https:\\\/\\\/www.entreculturas.org\\\/fr\\\/noticia\\\/un-llamado-la-reconstruccion-de-vinculos-y-la-transformacion-social-traves-de-la-educacion\\\/#primaryimage\",\"url\":\"https:\\\/\\\/www.entreculturas.org\\\/wp-content\\\/uploads\\\/2021\\\/05\\\/captura_de_pantalla_2021-05-14_a_las_9.38.20.png\",\"contentUrl\":\"https:\\\/\\\/www.entreculturas.org\\\/wp-content\\\/uploads\\\/2021\\\/05\\\/captura_de_pantalla_2021-05-14_a_las_9.38.20.png\",\"width\":1236,\"height\":800},{\"@type\":\"BreadcrumbList\",\"@id\":\"https:\\\/\\\/www.entreculturas.org\\\/fr\\\/noticia\\\/un-llamado-la-reconstruccion-de-vinculos-y-la-transformacion-social-traves-de-la-educacion\\\/#breadcrumb\",\"itemListElement\":[{\"@type\":\"ListItem\",\"position\":1,\"name\":\"Home\",\"item\":\"https:\\\/\\\/www.entreculturas.org\\\/fr\\\/\"},{\"@type\":\"ListItem\",\"position\":2,\"name\":\"Noticias\",\"item\":\"https:\\\/\\\/www.entreculturas.org\\\/fr\\\/noticias\\\/\"},{\"@type\":\"ListItem\",\"position\":3,\"name\":\"Un llamado a la reconstrucci\u00f3n de v\u00ednculos y a la transformaci\u00f3n social a trav\u00e9s de la educaci\u00f3n. El pacto educativo global y la consecuci\u00f3n de la meta 4.7. de los ODS\"}]},{\"@type\":\"WebSite\",\"@id\":\"https:\\\/\\\/www.entreculturas.org\\\/fr\\\/#website\",\"url\":\"https:\\\/\\\/www.entreculturas.org\\\/fr\\\/\",\"name\":\"Entreculturas\",\"description\":\"\",\"publisher\":{\"@id\":\"https:\\\/\\\/www.entreculturas.org\\\/fr\\\/#organization\"},\"alternateName\":\"Entreculturas\",\"potentialAction\":[{\"@type\":\"SearchAction\",\"target\":{\"@type\":\"EntryPoint\",\"urlTemplate\":\"https:\\\/\\\/www.entreculturas.org\\\/fr\\\/?s={search_term_string}\"},\"query-input\":{\"@type\":\"PropertyValueSpecification\",\"valueRequired\":true,\"valueName\":\"search_term_string\"}}],\"inLanguage\":\"fr-FR\"},{\"@type\":\"Organization\",\"@id\":\"https:\\\/\\\/www.entreculturas.org\\\/fr\\\/#organization\",\"name\":\"Entreculturas\",\"url\":\"https:\\\/\\\/www.entreculturas.org\\\/fr\\\/\",\"logo\":{\"@type\":\"ImageObject\",\"inLanguage\":\"fr-FR\",\"@id\":\"https:\\\/\\\/www.entreculturas.org\\\/fr\\\/#\\\/schema\\\/logo\\\/image\\\/\",\"url\":\"https:\\\/\\\/www.entreculturas.org\\\/wp-content\\\/uploads\\\/2025\\\/10\\\/ESP.svg\",\"contentUrl\":\"https:\\\/\\\/www.entreculturas.org\\\/wp-content\\\/uploads\\\/2025\\\/10\\\/ESP.svg\",\"caption\":\"Entreculturas\"},\"image\":{\"@id\":\"https:\\\/\\\/www.entreculturas.org\\\/fr\\\/#\\\/schema\\\/logo\\\/image\\\/\"},\"sameAs\":[\"https:\\\/\\\/www.facebook.com\\\/entreculturas\",\"https:\\\/\\\/x.com\\\/Entreculturas\",\"https:\\\/\\\/www.instagram.com\\\/entreculturas\\\/\",\"https:\\\/\\\/www.youtube.com\\\/user\\\/entreculturasvideo\",\"https:\\\/\\\/www.linkedin.com\\\/company\\\/fundacion-entreculturas-ngdo\\\/\",\"https:\\\/\\\/www.flickr.com\\\/photos\\\/98455522@N04\\\/albums\\\/\"]}]}<\/script>\n<!-- \/ Yoast SEO Premium plugin. -->","yoast_head_json":{"title":"Un llamado a la reconstrucci\u00f3n de v\u00ednculos y a la transformaci\u00f3n social a trav\u00e9s de la educaci\u00f3n. El pacto educativo global y la consecuci\u00f3n de la meta 4.7. de los ODS - Entreculturas","robots":{"index":"index","follow":"follow","max-snippet":"max-snippet:-1","max-image-preview":"max-image-preview:large","max-video-preview":"max-video-preview:-1"},"canonical":"https:\/\/www.entreculturas.org\/fr\/noticia\/un-llamado-la-reconstruccion-de-vinculos-y-la-transformacion-social-traves-de-la-educacion\/","og_locale":"fr_FR","og_type":"article","og_title":"Un llamado a la reconstrucci\u00f3n de v\u00ednculos y a la transformaci\u00f3n social a trav\u00e9s de la educaci\u00f3n. El pacto educativo global y la consecuci\u00f3n de la meta 4.7. de los ODS","og_description":"Desde Entreculturas, y los programas de educaci\u00f3n para la ciudadan\u00eda global que promovemos, contribuimos a tres enfoques de la llamada que nos hace el Papa a trav\u00e9s del Pacto Educativo, uni\u00e9ndolo a la apuesta que ya venimos desarrollando por la meta 4.7. y la educaci\u00f3n para el desarrollo sostenible y la ciudadan\u00eda global.","og_url":"https:\/\/www.entreculturas.org\/fr\/noticia\/un-llamado-la-reconstruccion-de-vinculos-y-la-transformacion-social-traves-de-la-educacion\/","og_site_name":"Entreculturas","article_publisher":"https:\/\/www.facebook.com\/entreculturas","article_modified_time":"2024-02-28T15:44:56+00:00","og_image":[{"width":1236,"height":800,"url":"https:\/\/www.entreculturas.org\/wp-content\/uploads\/2021\/05\/captura_de_pantalla_2021-05-14_a_las_9.38.20.png","type":"image\/png"}],"twitter_card":"summary_large_image","twitter_site":"@Entreculturas","schema":{"@context":"https:\/\/schema.org","@graph":[{"@type":"WebPage","@id":"https:\/\/www.entreculturas.org\/fr\/noticia\/un-llamado-la-reconstruccion-de-vinculos-y-la-transformacion-social-traves-de-la-educacion\/","url":"https:\/\/www.entreculturas.org\/fr\/noticia\/un-llamado-la-reconstruccion-de-vinculos-y-la-transformacion-social-traves-de-la-educacion\/","name":"Un llamado a la reconstrucci\u00f3n de v\u00ednculos y a la transformaci\u00f3n social a trav\u00e9s de la educaci\u00f3n. El pacto educativo global y la consecuci\u00f3n de la meta 4.7. de los ODS - Entreculturas","isPartOf":{"@id":"https:\/\/www.entreculturas.org\/fr\/#website"},"primaryImageOfPage":{"@id":"https:\/\/www.entreculturas.org\/fr\/noticia\/un-llamado-la-reconstruccion-de-vinculos-y-la-transformacion-social-traves-de-la-educacion\/#primaryimage"},"image":{"@id":"https:\/\/www.entreculturas.org\/fr\/noticia\/un-llamado-la-reconstruccion-de-vinculos-y-la-transformacion-social-traves-de-la-educacion\/#primaryimage"},"thumbnailUrl":"https:\/\/www.entreculturas.org\/wp-content\/uploads\/2021\/05\/captura_de_pantalla_2021-05-14_a_las_9.38.20.png","datePublished":"2021-05-14T07:57:01+00:00","dateModified":"2024-02-28T15:44:56+00:00","breadcrumb":{"@id":"https:\/\/www.entreculturas.org\/fr\/noticia\/un-llamado-la-reconstruccion-de-vinculos-y-la-transformacion-social-traves-de-la-educacion\/#breadcrumb"},"inLanguage":"fr-FR","potentialAction":[{"@type":"ReadAction","target":["https:\/\/www.entreculturas.org\/fr\/noticia\/un-llamado-la-reconstruccion-de-vinculos-y-la-transformacion-social-traves-de-la-educacion\/"]}]},{"@type":"ImageObject","inLanguage":"fr-FR","@id":"https:\/\/www.entreculturas.org\/fr\/noticia\/un-llamado-la-reconstruccion-de-vinculos-y-la-transformacion-social-traves-de-la-educacion\/#primaryimage","url":"https:\/\/www.entreculturas.org\/wp-content\/uploads\/2021\/05\/captura_de_pantalla_2021-05-14_a_las_9.38.20.png","contentUrl":"https:\/\/www.entreculturas.org\/wp-content\/uploads\/2021\/05\/captura_de_pantalla_2021-05-14_a_las_9.38.20.png","width":1236,"height":800},{"@type":"BreadcrumbList","@id":"https:\/\/www.entreculturas.org\/fr\/noticia\/un-llamado-la-reconstruccion-de-vinculos-y-la-transformacion-social-traves-de-la-educacion\/#breadcrumb","itemListElement":[{"@type":"ListItem","position":1,"name":"Home","item":"https:\/\/www.entreculturas.org\/fr\/"},{"@type":"ListItem","position":2,"name":"Noticias","item":"https:\/\/www.entreculturas.org\/fr\/noticias\/"},{"@type":"ListItem","position":3,"name":"Un llamado a la reconstrucci\u00f3n de v\u00ednculos y a la transformaci\u00f3n social a trav\u00e9s de la educaci\u00f3n. El pacto educativo global y la consecuci\u00f3n de la meta 4.7. de los ODS"}]},{"@type":"WebSite","@id":"https:\/\/www.entreculturas.org\/fr\/#website","url":"https:\/\/www.entreculturas.org\/fr\/","name":"Entreculturas","description":"","publisher":{"@id":"https:\/\/www.entreculturas.org\/fr\/#organization"},"alternateName":"Entreculturas","potentialAction":[{"@type":"SearchAction","target":{"@type":"EntryPoint","urlTemplate":"https:\/\/www.entreculturas.org\/fr\/?s={search_term_string}"},"query-input":{"@type":"PropertyValueSpecification","valueRequired":true,"valueName":"search_term_string"}}],"inLanguage":"fr-FR"},{"@type":"Organization","@id":"https:\/\/www.entreculturas.org\/fr\/#organization","name":"Entreculturas","url":"https:\/\/www.entreculturas.org\/fr\/","logo":{"@type":"ImageObject","inLanguage":"fr-FR","@id":"https:\/\/www.entreculturas.org\/fr\/#\/schema\/logo\/image\/","url":"https:\/\/www.entreculturas.org\/wp-content\/uploads\/2025\/10\/ESP.svg","contentUrl":"https:\/\/www.entreculturas.org\/wp-content\/uploads\/2025\/10\/ESP.svg","caption":"Entreculturas"},"image":{"@id":"https:\/\/www.entreculturas.org\/fr\/#\/schema\/logo\/image\/"},"sameAs":["https:\/\/www.facebook.com\/entreculturas","https:\/\/x.com\/Entreculturas","https:\/\/www.instagram.com\/entreculturas\/","https:\/\/www.youtube.com\/user\/entreculturasvideo","https:\/\/www.linkedin.com\/company\/fundacion-entreculturas-ngdo\/","https:\/\/www.flickr.com\/photos\/98455522@N04\/albums\/"]}]}},"_links":{"self":[{"href":"https:\/\/www.entreculturas.org\/fr\/wp-json\/wp\/v2\/noticia\/5799","targetHints":{"allow":["GET"]}}],"collection":[{"href":"https:\/\/www.entreculturas.org\/fr\/wp-json\/wp\/v2\/noticia"}],"about":[{"href":"https:\/\/www.entreculturas.org\/fr\/wp-json\/wp\/v2\/types\/noticia"}],"wp:featuredmedia":[{"embeddable":true,"href":"https:\/\/www.entreculturas.org\/fr\/wp-json\/wp\/v2\/media\/5791"}],"wp:attachment":[{"href":"https:\/\/www.entreculturas.org\/fr\/wp-json\/wp\/v2\/media?parent=5799"}],"wp:term":[{"taxonomy":"category","embeddable":true,"href":"https:\/\/www.entreculturas.org\/fr\/wp-json\/wp\/v2\/categories?post=5799"},{"taxonomy":"post_tag","embeddable":true,"href":"https:\/\/www.entreculturas.org\/fr\/wp-json\/wp\/v2\/tags?post=5799"},{"taxonomy":"country","embeddable":true,"href":"https:\/\/www.entreculturas.org\/fr\/wp-json\/wp\/v2\/country?post=5799"},{"taxonomy":"cause","embeddable":true,"href":"https:\/\/www.entreculturas.org\/fr\/wp-json\/wp\/v2\/cause?post=5799"}],"curies":[{"name":"wp","href":"https:\/\/api.w.org\/{rel}","templated":true}]}}