{"id":5782,"date":"2021-05-07T11:11:28","date_gmt":"2021-05-07T11:11:28","guid":{"rendered":"https:\/\/entreculturasi.wpenginepowered.com\/?noticias=emprendimiento-productivo-artesanal-en-bolivia-para-el-desarrollo-economico-de-las"},"modified":"2024-02-28T17:02:53","modified_gmt":"2024-02-28T16:02:53","slug":"emprendimiento-productivo-artesanal-en-bolivia-para-el-desarrollo-economico-de-las","status":"publish","type":"noticia","link":"https:\/\/www.entreculturas.org\/fr\/noticia\/emprendimiento-productivo-artesanal-en-bolivia-para-el-desarrollo-economico-de-las\/","title":{"rendered":"Emprendimiento productivo artesanal en Bolivia para el desarrollo econ\u00f3mico de las comunidades Yaguar\u00fa"},"content":{"rendered":"<p style=\"text-align: justify\">Con motivo al D\u00eda Mundial del Comercio Justo viajamos a Bolivia para conocer de primera mano el proyecto \u201cEducaci\u00f3n t\u00e9cnica productiva con enfoque territorial para la empleabilidad, el emprendimiento y la inserci\u00f3n laboral\u201d. Una iniciativa destinada a las<strong> familias de Urubich\u00e1 <\/strong>(Santa Cruz) con el fin de formar, acompa\u00f1ar y capacitar a las cerca de<strong> 60 personas participantes a desarrollar y emprender su propio negocio.<\/strong><\/p>\n<p style=\"text-align: justify\">A trav\u00e9s de la Fundaci\u00f3n Instituto Radiof\u00f3nico Fe y Alegr\u00eda (IRFA), nuestra organizaci\u00f3n socia, hemos podido llegar a las comunidades del oriente boliviano con propuestas educativas para j\u00f3venes y adultos en contexto de exclusi\u00f3n social. Gran parte de los hogares bolivianos de esa zona se sustentan gracias a los ingresos econ\u00f3micos derivados de sistemas de producci\u00f3n agr\u00edcola, ganadera, forestal o artesanal. Por su riqueza de recursos, y por ser un pa\u00eds con gran variedad de culturas, tradiciones y comunidades ind\u00edgenas que viven en peque\u00f1os poblados, <strong>brindarles una experiencia de emprendimiento econ\u00f3mico artesanal es fundamental para su desarrollo econ\u00f3mico.<\/strong>&nbsp;<\/p>\n<p style=\"text-align: justify\">\n<p style=\"text-align: justify\">Desde Entreculturas, junto a la Agencia Espa\u00f1ola de Cooperaci\u00f3n (AECID), hemos apoyado el curso de especialidad t\u00e9cnica en <strong>\u201cEmprendimientos Productivos en Panader\u00eda Artesanal\u201d.<\/strong> Un total de 59 participantes, de las cuales 53 son mujeres, han podido desarrollar sus capacidades para la gesti\u00f3n de negocios y elaboraci\u00f3n de productos artesanales. Esta formaci\u00f3n les permite comprender el funcionamiento del sistema productivo, la gesti\u00f3n de la contabilidad y administraci\u00f3n b\u00e1sica, la planificaci\u00f3n de recursos y la identificaci\u00f3n de potenciales locales.<\/p>\n<p style=\"text-align: justify\">Mar\u00eda Manuela e Hilario Uraeza, alumnos del curso y oriundos de la comunidad de Yaguar\u00fa, ya llevan adelante su propio negocio de panader\u00eda. \u201cGracias a la capacitaci\u00f3n de panader\u00eda artesanal que hemos recibido hemos avanzado en temas de administraci\u00f3n y emprendimiento. Nos ha ayudado bastante<strong> y vamos a seguir mejorando para hacer crecer nuestro negocio\u201d<\/strong>, nos cuenta Hilario. \u201cHemos mejorado los productos y tenemos m\u00e1s ventas porque sabemos c\u00f3mo gestionar nuestro negocio\u201d, a\u00f1ade Mar\u00eda.&nbsp;<\/p>\n<p style=\"text-align: justify\"><span style=\"text-align: justify\">Gracias a la formaci\u00f3n y capacitaci\u00f3n en el sector del emprendimiento, el alumnado entiende que estos emprendimientos productivos son un negocio en s\u00ed mismos en los que se toman decisiones fundamentales como los costos de producci\u00f3n, los egresos e ingresos y otros elementos claves para el crecimiento empresarial destinado a la producci\u00f3n artesanal.&nbsp;<\/span><\/p>\n<p style=\"text-align: justify\"><img decoding=\"async\" alt=\"\" src=\"https:\/\/www.entreculturas.org\/wp-content\/uploads\/2021\/05\/foto_4_0.jpg\" style=\"width: 540px;height: 800px\"><\/p>\n<p style=\"text-align: justify\">&nbsp;<\/p>\n","protected":false},"excerpt":{"rendered":"<p>Con motivo al D\u00eda Mundial del Comercio Justo viajamos a Bolivia para conocer de primera mano el proyecto \u201cEducaci\u00f3n t\u00e9cnica productiva con enfoque territorial para la empleabilidad, el emprendimiento y la inserci\u00f3n laboral\u201d. Una iniciativa destinada a las familias de Urubich\u00e1 (Santa Cruz) con el fin de formar, acompa\u00f1ar y capacitar a las cerca de 60 personas participantes a desarrollar y emprender su propio negocio.<\/p>\n","protected":false},"featured_media":5783,"template":"single-noticia","meta":{"_acf_changed":false},"categories":[7],"tags":[256],"country":[116],"cause":[131],"class_list":["post-5782","noticia","type-noticia","status-publish","has-post-thumbnail","hentry","category-noticia","tag-justicia-socioambiental","country-bolivia","cause-justicia-medioambiental"],"acf":[],"yoast_head":"<!-- This site is optimized with the Yoast SEO Premium plugin v21.6 (Yoast SEO v27.5) - https:\/\/yoast.com\/product\/yoast-seo-premium-wordpress\/ -->\n<title>Emprendimiento productivo artesanal en Bolivia para el desarrollo econ\u00f3mico de las comunidades Yaguar\u00fa - Entreculturas<\/title>\n<meta name=\"robots\" content=\"index, follow, max-snippet:-1, max-image-preview:large, max-video-preview:-1\" \/>\n<link rel=\"canonical\" href=\"https:\/\/www.entreculturas.org\/fr\/noticia\/emprendimiento-productivo-artesanal-en-bolivia-para-el-desarrollo-economico-de-las\/\" \/>\n<meta property=\"og:locale\" content=\"fr_FR\" \/>\n<meta property=\"og:type\" content=\"article\" \/>\n<meta property=\"og:title\" content=\"Emprendimiento productivo artesanal en Bolivia para el desarrollo econ\u00f3mico de las comunidades Yaguar\u00fa\" \/>\n<meta property=\"og:description\" content=\"Con motivo al D\u00eda Mundial del Comercio Justo viajamos a Bolivia para conocer de primera mano el proyecto \u201cEducaci\u00f3n t\u00e9cnica productiva con enfoque territorial para la empleabilidad, el emprendimiento y la inserci\u00f3n laboral\u201d. Una iniciativa destinada a las familias de Urubich\u00e1 (Santa Cruz) con el fin de formar, acompa\u00f1ar y capacitar a las cerca de 60 personas participantes a desarrollar y emprender su propio negocio.\" \/>\n<meta property=\"og:url\" content=\"https:\/\/www.entreculturas.org\/fr\/noticia\/emprendimiento-productivo-artesanal-en-bolivia-para-el-desarrollo-economico-de-las\/\" \/>\n<meta property=\"og:site_name\" content=\"Entreculturas\" \/>\n<meta property=\"article:publisher\" content=\"https:\/\/www.facebook.com\/entreculturas\" \/>\n<meta property=\"article:modified_time\" content=\"2024-02-28T16:02:53+00:00\" \/>\n<meta property=\"og:image\" content=\"https:\/\/www.entreculturas.org\/wp-content\/uploads\/2021\/05\/foto_2_1.jpg\" \/>\n\t<meta property=\"og:image:width\" content=\"800\" \/>\n\t<meta property=\"og:image:height\" content=\"450\" \/>\n\t<meta property=\"og:image:type\" content=\"image\/jpeg\" \/>\n<meta name=\"twitter:card\" content=\"summary_large_image\" \/>\n<meta name=\"twitter:site\" content=\"@Entreculturas\" \/>\n<script type=\"application\/ld+json\" class=\"yoast-schema-graph\">{\"@context\":\"https:\\\/\\\/schema.org\",\"@graph\":[{\"@type\":\"WebPage\",\"@id\":\"https:\\\/\\\/www.entreculturas.org\\\/fr\\\/noticia\\\/emprendimiento-productivo-artesanal-en-bolivia-para-el-desarrollo-economico-de-las\\\/\",\"url\":\"https:\\\/\\\/www.entreculturas.org\\\/fr\\\/noticia\\\/emprendimiento-productivo-artesanal-en-bolivia-para-el-desarrollo-economico-de-las\\\/\",\"name\":\"Emprendimiento productivo artesanal en Bolivia para el desarrollo econ\u00f3mico de las comunidades Yaguar\u00fa - Entreculturas\",\"isPartOf\":{\"@id\":\"https:\\\/\\\/www.entreculturas.org\\\/fr\\\/#website\"},\"primaryImageOfPage\":{\"@id\":\"https:\\\/\\\/www.entreculturas.org\\\/fr\\\/noticia\\\/emprendimiento-productivo-artesanal-en-bolivia-para-el-desarrollo-economico-de-las\\\/#primaryimage\"},\"image\":{\"@id\":\"https:\\\/\\\/www.entreculturas.org\\\/fr\\\/noticia\\\/emprendimiento-productivo-artesanal-en-bolivia-para-el-desarrollo-economico-de-las\\\/#primaryimage\"},\"thumbnailUrl\":\"https:\\\/\\\/www.entreculturas.org\\\/wp-content\\\/uploads\\\/2021\\\/05\\\/foto_2_1.jpg\",\"datePublished\":\"2021-05-07T11:11:28+00:00\",\"dateModified\":\"2024-02-28T16:02:53+00:00\",\"breadcrumb\":{\"@id\":\"https:\\\/\\\/www.entreculturas.org\\\/fr\\\/noticia\\\/emprendimiento-productivo-artesanal-en-bolivia-para-el-desarrollo-economico-de-las\\\/#breadcrumb\"},\"inLanguage\":\"fr-FR\",\"potentialAction\":[{\"@type\":\"ReadAction\",\"target\":[\"https:\\\/\\\/www.entreculturas.org\\\/fr\\\/noticia\\\/emprendimiento-productivo-artesanal-en-bolivia-para-el-desarrollo-economico-de-las\\\/\"]}]},{\"@type\":\"ImageObject\",\"inLanguage\":\"fr-FR\",\"@id\":\"https:\\\/\\\/www.entreculturas.org\\\/fr\\\/noticia\\\/emprendimiento-productivo-artesanal-en-bolivia-para-el-desarrollo-economico-de-las\\\/#primaryimage\",\"url\":\"https:\\\/\\\/www.entreculturas.org\\\/wp-content\\\/uploads\\\/2021\\\/05\\\/foto_2_1.jpg\",\"contentUrl\":\"https:\\\/\\\/www.entreculturas.org\\\/wp-content\\\/uploads\\\/2021\\\/05\\\/foto_2_1.jpg\",\"width\":800,\"height\":450,\"caption\":\"foto_2_1\"},{\"@type\":\"BreadcrumbList\",\"@id\":\"https:\\\/\\\/www.entreculturas.org\\\/fr\\\/noticia\\\/emprendimiento-productivo-artesanal-en-bolivia-para-el-desarrollo-economico-de-las\\\/#breadcrumb\",\"itemListElement\":[{\"@type\":\"ListItem\",\"position\":1,\"name\":\"Home\",\"item\":\"https:\\\/\\\/www.entreculturas.org\\\/fr\\\/\"},{\"@type\":\"ListItem\",\"position\":2,\"name\":\"Noticias\",\"item\":\"https:\\\/\\\/www.entreculturas.org\\\/fr\\\/noticias\\\/\"},{\"@type\":\"ListItem\",\"position\":3,\"name\":\"Emprendimiento productivo artesanal en Bolivia para el desarrollo econ\u00f3mico de las comunidades Yaguar\u00fa\"}]},{\"@type\":\"WebSite\",\"@id\":\"https:\\\/\\\/www.entreculturas.org\\\/fr\\\/#website\",\"url\":\"https:\\\/\\\/www.entreculturas.org\\\/fr\\\/\",\"name\":\"Entreculturas\",\"description\":\"\",\"publisher\":{\"@id\":\"https:\\\/\\\/www.entreculturas.org\\\/fr\\\/#organization\"},\"alternateName\":\"Entreculturas\",\"potentialAction\":[{\"@type\":\"SearchAction\",\"target\":{\"@type\":\"EntryPoint\",\"urlTemplate\":\"https:\\\/\\\/www.entreculturas.org\\\/fr\\\/?s={search_term_string}\"},\"query-input\":{\"@type\":\"PropertyValueSpecification\",\"valueRequired\":true,\"valueName\":\"search_term_string\"}}],\"inLanguage\":\"fr-FR\"},{\"@type\":\"Organization\",\"@id\":\"https:\\\/\\\/www.entreculturas.org\\\/fr\\\/#organization\",\"name\":\"Entreculturas\",\"url\":\"https:\\\/\\\/www.entreculturas.org\\\/fr\\\/\",\"logo\":{\"@type\":\"ImageObject\",\"inLanguage\":\"fr-FR\",\"@id\":\"https:\\\/\\\/www.entreculturas.org\\\/fr\\\/#\\\/schema\\\/logo\\\/image\\\/\",\"url\":\"https:\\\/\\\/www.entreculturas.org\\\/wp-content\\\/uploads\\\/2025\\\/10\\\/ESP.svg\",\"contentUrl\":\"https:\\\/\\\/www.entreculturas.org\\\/wp-content\\\/uploads\\\/2025\\\/10\\\/ESP.svg\",\"caption\":\"Entreculturas\"},\"image\":{\"@id\":\"https:\\\/\\\/www.entreculturas.org\\\/fr\\\/#\\\/schema\\\/logo\\\/image\\\/\"},\"sameAs\":[\"https:\\\/\\\/www.facebook.com\\\/entreculturas\",\"https:\\\/\\\/x.com\\\/Entreculturas\",\"https:\\\/\\\/www.instagram.com\\\/entreculturas\\\/\",\"https:\\\/\\\/www.youtube.com\\\/user\\\/entreculturasvideo\",\"https:\\\/\\\/www.linkedin.com\\\/company\\\/fundacion-entreculturas-ngdo\\\/\",\"https:\\\/\\\/www.flickr.com\\\/photos\\\/98455522@N04\\\/albums\\\/\"]}]}<\/script>\n<!-- \/ Yoast SEO Premium plugin. -->","yoast_head_json":{"title":"Emprendimiento productivo artesanal en Bolivia para el desarrollo econ\u00f3mico de las comunidades Yaguar\u00fa - Entreculturas","robots":{"index":"index","follow":"follow","max-snippet":"max-snippet:-1","max-image-preview":"max-image-preview:large","max-video-preview":"max-video-preview:-1"},"canonical":"https:\/\/www.entreculturas.org\/fr\/noticia\/emprendimiento-productivo-artesanal-en-bolivia-para-el-desarrollo-economico-de-las\/","og_locale":"fr_FR","og_type":"article","og_title":"Emprendimiento productivo artesanal en Bolivia para el desarrollo econ\u00f3mico de las comunidades Yaguar\u00fa","og_description":"Con motivo al D\u00eda Mundial del Comercio Justo viajamos a Bolivia para conocer de primera mano el proyecto \u201cEducaci\u00f3n t\u00e9cnica productiva con enfoque territorial para la empleabilidad, el emprendimiento y la inserci\u00f3n laboral\u201d. Una iniciativa destinada a las familias de Urubich\u00e1 (Santa Cruz) con el fin de formar, acompa\u00f1ar y capacitar a las cerca de 60 personas participantes a desarrollar y emprender su propio negocio.","og_url":"https:\/\/www.entreculturas.org\/fr\/noticia\/emprendimiento-productivo-artesanal-en-bolivia-para-el-desarrollo-economico-de-las\/","og_site_name":"Entreculturas","article_publisher":"https:\/\/www.facebook.com\/entreculturas","article_modified_time":"2024-02-28T16:02:53+00:00","og_image":[{"width":800,"height":450,"url":"https:\/\/www.entreculturas.org\/wp-content\/uploads\/2021\/05\/foto_2_1.jpg","type":"image\/jpeg"}],"twitter_card":"summary_large_image","twitter_site":"@Entreculturas","schema":{"@context":"https:\/\/schema.org","@graph":[{"@type":"WebPage","@id":"https:\/\/www.entreculturas.org\/fr\/noticia\/emprendimiento-productivo-artesanal-en-bolivia-para-el-desarrollo-economico-de-las\/","url":"https:\/\/www.entreculturas.org\/fr\/noticia\/emprendimiento-productivo-artesanal-en-bolivia-para-el-desarrollo-economico-de-las\/","name":"Emprendimiento productivo artesanal en Bolivia para el desarrollo econ\u00f3mico de las comunidades Yaguar\u00fa - Entreculturas","isPartOf":{"@id":"https:\/\/www.entreculturas.org\/fr\/#website"},"primaryImageOfPage":{"@id":"https:\/\/www.entreculturas.org\/fr\/noticia\/emprendimiento-productivo-artesanal-en-bolivia-para-el-desarrollo-economico-de-las\/#primaryimage"},"image":{"@id":"https:\/\/www.entreculturas.org\/fr\/noticia\/emprendimiento-productivo-artesanal-en-bolivia-para-el-desarrollo-economico-de-las\/#primaryimage"},"thumbnailUrl":"https:\/\/www.entreculturas.org\/wp-content\/uploads\/2021\/05\/foto_2_1.jpg","datePublished":"2021-05-07T11:11:28+00:00","dateModified":"2024-02-28T16:02:53+00:00","breadcrumb":{"@id":"https:\/\/www.entreculturas.org\/fr\/noticia\/emprendimiento-productivo-artesanal-en-bolivia-para-el-desarrollo-economico-de-las\/#breadcrumb"},"inLanguage":"fr-FR","potentialAction":[{"@type":"ReadAction","target":["https:\/\/www.entreculturas.org\/fr\/noticia\/emprendimiento-productivo-artesanal-en-bolivia-para-el-desarrollo-economico-de-las\/"]}]},{"@type":"ImageObject","inLanguage":"fr-FR","@id":"https:\/\/www.entreculturas.org\/fr\/noticia\/emprendimiento-productivo-artesanal-en-bolivia-para-el-desarrollo-economico-de-las\/#primaryimage","url":"https:\/\/www.entreculturas.org\/wp-content\/uploads\/2021\/05\/foto_2_1.jpg","contentUrl":"https:\/\/www.entreculturas.org\/wp-content\/uploads\/2021\/05\/foto_2_1.jpg","width":800,"height":450,"caption":"foto_2_1"},{"@type":"BreadcrumbList","@id":"https:\/\/www.entreculturas.org\/fr\/noticia\/emprendimiento-productivo-artesanal-en-bolivia-para-el-desarrollo-economico-de-las\/#breadcrumb","itemListElement":[{"@type":"ListItem","position":1,"name":"Home","item":"https:\/\/www.entreculturas.org\/fr\/"},{"@type":"ListItem","position":2,"name":"Noticias","item":"https:\/\/www.entreculturas.org\/fr\/noticias\/"},{"@type":"ListItem","position":3,"name":"Emprendimiento productivo artesanal en Bolivia para el desarrollo econ\u00f3mico de las comunidades Yaguar\u00fa"}]},{"@type":"WebSite","@id":"https:\/\/www.entreculturas.org\/fr\/#website","url":"https:\/\/www.entreculturas.org\/fr\/","name":"Entreculturas","description":"","publisher":{"@id":"https:\/\/www.entreculturas.org\/fr\/#organization"},"alternateName":"Entreculturas","potentialAction":[{"@type":"SearchAction","target":{"@type":"EntryPoint","urlTemplate":"https:\/\/www.entreculturas.org\/fr\/?s={search_term_string}"},"query-input":{"@type":"PropertyValueSpecification","valueRequired":true,"valueName":"search_term_string"}}],"inLanguage":"fr-FR"},{"@type":"Organization","@id":"https:\/\/www.entreculturas.org\/fr\/#organization","name":"Entreculturas","url":"https:\/\/www.entreculturas.org\/fr\/","logo":{"@type":"ImageObject","inLanguage":"fr-FR","@id":"https:\/\/www.entreculturas.org\/fr\/#\/schema\/logo\/image\/","url":"https:\/\/www.entreculturas.org\/wp-content\/uploads\/2025\/10\/ESP.svg","contentUrl":"https:\/\/www.entreculturas.org\/wp-content\/uploads\/2025\/10\/ESP.svg","caption":"Entreculturas"},"image":{"@id":"https:\/\/www.entreculturas.org\/fr\/#\/schema\/logo\/image\/"},"sameAs":["https:\/\/www.facebook.com\/entreculturas","https:\/\/x.com\/Entreculturas","https:\/\/www.instagram.com\/entreculturas\/","https:\/\/www.youtube.com\/user\/entreculturasvideo","https:\/\/www.linkedin.com\/company\/fundacion-entreculturas-ngdo\/","https:\/\/www.flickr.com\/photos\/98455522@N04\/albums\/"]}]}},"_links":{"self":[{"href":"https:\/\/www.entreculturas.org\/fr\/wp-json\/wp\/v2\/noticia\/5782","targetHints":{"allow":["GET"]}}],"collection":[{"href":"https:\/\/www.entreculturas.org\/fr\/wp-json\/wp\/v2\/noticia"}],"about":[{"href":"https:\/\/www.entreculturas.org\/fr\/wp-json\/wp\/v2\/types\/noticia"}],"wp:featuredmedia":[{"embeddable":true,"href":"https:\/\/www.entreculturas.org\/fr\/wp-json\/wp\/v2\/media\/5783"}],"wp:attachment":[{"href":"https:\/\/www.entreculturas.org\/fr\/wp-json\/wp\/v2\/media?parent=5782"}],"wp:term":[{"taxonomy":"category","embeddable":true,"href":"https:\/\/www.entreculturas.org\/fr\/wp-json\/wp\/v2\/categories?post=5782"},{"taxonomy":"post_tag","embeddable":true,"href":"https:\/\/www.entreculturas.org\/fr\/wp-json\/wp\/v2\/tags?post=5782"},{"taxonomy":"country","embeddable":true,"href":"https:\/\/www.entreculturas.org\/fr\/wp-json\/wp\/v2\/country?post=5782"},{"taxonomy":"cause","embeddable":true,"href":"https:\/\/www.entreculturas.org\/fr\/wp-json\/wp\/v2\/cause?post=5782"}],"curies":[{"name":"wp","href":"https:\/\/api.w.org\/{rel}","templated":true}]}}