{"id":5764,"date":"2021-04-30T07:17:25","date_gmt":"2021-04-30T07:17:25","guid":{"rendered":"https:\/\/entreculturasi.wpenginepowered.com\/?noticias=concurso-escolar-pasa-la-accion-por-una-sociedad-inclusiva"},"modified":"2024-02-28T17:06:46","modified_gmt":"2024-02-28T16:06:46","slug":"concurso-escolar-pasa-la-accion-por-una-sociedad-inclusiva","status":"publish","type":"noticia","link":"https:\/\/www.entreculturas.org\/fr\/noticia\/concurso-escolar-pasa-la-accion-por-una-sociedad-inclusiva\/","title":{"rendered":"Concurso escolar&#8230; \u00a1Pasa a la acci\u00f3n por una sociedad inclusiva!"},"content":{"rendered":"<p style=\"text-align: justify\">En el marco del proyecto CHANGE queremos animar la participaci\u00f3n del <strong>alumnado de secundaria para que se conviertan en estudiantes embajadoras\/es por una sociedad inclusiva<\/strong>. El alumnado que participe en este concurso tendr\u00e1 la oportunidad de compartir sus conocimientos sobre los temas de la migraci\u00f3n, refugio y acogida con otras clases, grupos y\/o con sus familias.<\/p>\n<p style=\"text-align: justify\"><strong>El concurso tendr\u00e1 dos modalidades:<\/strong><\/p>\n<p style=\"text-align: justify\">1. <u>Creaci\u00f3n y difusi\u00f3n del Kahoot: <\/u>el alumnado debe crear un kahoot relacionado con el tema y organizar al menos una actividad de sensibilizaci\u00f3n.<br \/>2.<u> Difusi\u00f3n del Kahoot:<\/u> el alumnado debe elegir un Kahoot preparado por Alboan y organizar al menos una actividad de sensibilizaci\u00f3n.<\/p>\n<p style=\"text-align: justify\">La <u>fecha l\u00edmite de participaci\u00f3n ser\u00e1 el 4 de junio<\/u> y para participar ser\u00e1 necesario seguir los siguientes pasos:<\/p>\n<p style=\"margin-left: 40px\">&nbsp;<\/p>\n<\/p>\n<p style=\"text-align: justify\">Por otro lado, quiz\u00e1s conozcas el proyecto CHANGE porque est\u00e1s llevando a cabo algunas de las actividades propuestas en su itinerario o porque participaste en el Kahoot Interescuelas que organizamos en diciembre. Si este es el caso, el concurso que os estamos presentando puede ser parte de ese proceso.<\/p>\n<p style=\"text-align: justify\">Si no conoces el proyecto CHANGE tambi\u00e9n <strong>es posible participar<\/strong>. Si has trabajado estos temas con tu alumnado seguramente est\u00e1n preparadas\/os para participar pero, si no es as\u00ed, te recomendamos conocer los materiales que ofrece CHANGE y preparar alguna sesi\u00f3n antes de participar en el concurso.<\/p>\n<p style=\"text-align: justify\">Si tienes que inscribir a tu clase en CHANGE puedes hacerlo con este <a href=\"https:\/\/www.jrschange.org\/es\/teachers-registration\/\">cuestionario<\/a>.<\/p>\n<p style=\"text-align: justify\">Si quieres preparar el tema puedes elegir las diferentes actividades que hay en <a href=\"https:\/\/www.jrschange.org\/es\/i-am-a-teacher\/\">CHANGE<\/a>. Si necesitas nuestra ayuda te puedes poner en contacto: y.lopez@entreculturas.org<\/p>\n<p style=\"text-align: justify\">\u00a1An\u00edmate a ser parte activa de CHANGE!<\/p>\n<p style=\"text-align: justify\">*Consulta <a href=\"https:\/\/drive.google.com\/file\/d\/1bnXFpRfJvJN9pWdW3eZRuH3FyESp5yd0\/view\">aqu\u00ed <\/a>las bases del concurso.<\/p>\n","protected":false},"excerpt":{"rendered":"<p>En el marco del proyecto CHANGE queremos animar la participaci\u00f3n del alumnado de secundaria para que se conviertan en estudiantes embajadoras\/es por una sociedad inclusiva. El alumnado que participe en este concurso tendr\u00e1 la oportunidad de compartir sus conocimientos sobre los temas de la migraci\u00f3n, refugio y acogida con otras clases, grupos y\/o con sus familias.<\/p>\n","protected":false},"featured_media":5766,"template":"single-noticia","meta":{"_acf_changed":false},"categories":[7],"tags":[289],"country":[],"cause":[128],"class_list":["post-5764","noticia","type-noticia","status-publish","has-post-thumbnail","hentry","category-noticia","tag-educacion","cause-educacion"],"acf":[],"yoast_head":"<!-- This site is optimized with the Yoast SEO Premium plugin v21.6 (Yoast SEO v27.5) - https:\/\/yoast.com\/product\/yoast-seo-premium-wordpress\/ -->\n<title>Concurso escolar... \u00a1Pasa a la acci\u00f3n por una sociedad inclusiva! - Entreculturas<\/title>\n<meta name=\"robots\" content=\"index, follow, max-snippet:-1, max-image-preview:large, max-video-preview:-1\" \/>\n<link rel=\"canonical\" href=\"https:\/\/www.entreculturas.org\/fr\/noticia\/concurso-escolar-pasa-la-accion-por-una-sociedad-inclusiva\/\" \/>\n<meta property=\"og:locale\" content=\"fr_FR\" \/>\n<meta property=\"og:type\" content=\"article\" \/>\n<meta property=\"og:title\" content=\"Concurso escolar... \u00a1Pasa a la acci\u00f3n por una sociedad inclusiva!\" \/>\n<meta property=\"og:description\" content=\"En el marco del proyecto CHANGE queremos animar la participaci\u00f3n del alumnado de secundaria para que se conviertan en estudiantes embajadoras\/es por una sociedad inclusiva. El alumnado que participe en este concurso tendr\u00e1 la oportunidad de compartir sus conocimientos sobre los temas de la migraci\u00f3n, refugio y acogida con otras clases, grupos y\/o con sus familias.\" \/>\n<meta property=\"og:url\" content=\"https:\/\/www.entreculturas.org\/fr\/noticia\/concurso-escolar-pasa-la-accion-por-una-sociedad-inclusiva\/\" \/>\n<meta property=\"og:site_name\" content=\"Entreculturas\" \/>\n<meta property=\"article:publisher\" content=\"https:\/\/www.facebook.com\/entreculturas\" \/>\n<meta property=\"article:modified_time\" content=\"2024-02-28T16:06:46+00:00\" \/>\n<meta property=\"og:image\" content=\"https:\/\/www.entreculturas.org\/wp-content\/uploads\/2021\/04\/650x360_concurso-change_v8-05_caste.jpg\" \/>\n\t<meta property=\"og:image:width\" content=\"650\" \/>\n\t<meta property=\"og:image:height\" content=\"361\" \/>\n\t<meta property=\"og:image:type\" content=\"image\/jpeg\" \/>\n<meta name=\"twitter:card\" content=\"summary_large_image\" \/>\n<meta name=\"twitter:site\" content=\"@Entreculturas\" \/>\n<script type=\"application\/ld+json\" class=\"yoast-schema-graph\">{\"@context\":\"https:\\\/\\\/schema.org\",\"@graph\":[{\"@type\":\"WebPage\",\"@id\":\"https:\\\/\\\/www.entreculturas.org\\\/fr\\\/noticia\\\/concurso-escolar-pasa-la-accion-por-una-sociedad-inclusiva\\\/\",\"url\":\"https:\\\/\\\/www.entreculturas.org\\\/fr\\\/noticia\\\/concurso-escolar-pasa-la-accion-por-una-sociedad-inclusiva\\\/\",\"name\":\"Concurso escolar... \u00a1Pasa a la acci\u00f3n por una sociedad inclusiva! - Entreculturas\",\"isPartOf\":{\"@id\":\"https:\\\/\\\/www.entreculturas.org\\\/fr\\\/#website\"},\"primaryImageOfPage\":{\"@id\":\"https:\\\/\\\/www.entreculturas.org\\\/fr\\\/noticia\\\/concurso-escolar-pasa-la-accion-por-una-sociedad-inclusiva\\\/#primaryimage\"},\"image\":{\"@id\":\"https:\\\/\\\/www.entreculturas.org\\\/fr\\\/noticia\\\/concurso-escolar-pasa-la-accion-por-una-sociedad-inclusiva\\\/#primaryimage\"},\"thumbnailUrl\":\"https:\\\/\\\/www.entreculturas.org\\\/wp-content\\\/uploads\\\/2021\\\/04\\\/650x360_concurso-change_v8-05_caste.jpg\",\"datePublished\":\"2021-04-30T07:17:25+00:00\",\"dateModified\":\"2024-02-28T16:06:46+00:00\",\"breadcrumb\":{\"@id\":\"https:\\\/\\\/www.entreculturas.org\\\/fr\\\/noticia\\\/concurso-escolar-pasa-la-accion-por-una-sociedad-inclusiva\\\/#breadcrumb\"},\"inLanguage\":\"fr-FR\",\"potentialAction\":[{\"@type\":\"ReadAction\",\"target\":[\"https:\\\/\\\/www.entreculturas.org\\\/fr\\\/noticia\\\/concurso-escolar-pasa-la-accion-por-una-sociedad-inclusiva\\\/\"]}]},{\"@type\":\"ImageObject\",\"inLanguage\":\"fr-FR\",\"@id\":\"https:\\\/\\\/www.entreculturas.org\\\/fr\\\/noticia\\\/concurso-escolar-pasa-la-accion-por-una-sociedad-inclusiva\\\/#primaryimage\",\"url\":\"https:\\\/\\\/www.entreculturas.org\\\/wp-content\\\/uploads\\\/2021\\\/04\\\/650x360_concurso-change_v8-05_caste.jpg\",\"contentUrl\":\"https:\\\/\\\/www.entreculturas.org\\\/wp-content\\\/uploads\\\/2021\\\/04\\\/650x360_concurso-change_v8-05_caste.jpg\",\"width\":650,\"height\":361,\"caption\":\"650x360_concurso-change_v8-05_caste\"},{\"@type\":\"BreadcrumbList\",\"@id\":\"https:\\\/\\\/www.entreculturas.org\\\/fr\\\/noticia\\\/concurso-escolar-pasa-la-accion-por-una-sociedad-inclusiva\\\/#breadcrumb\",\"itemListElement\":[{\"@type\":\"ListItem\",\"position\":1,\"name\":\"Home\",\"item\":\"https:\\\/\\\/www.entreculturas.org\\\/fr\\\/\"},{\"@type\":\"ListItem\",\"position\":2,\"name\":\"Noticias\",\"item\":\"https:\\\/\\\/www.entreculturas.org\\\/fr\\\/noticias\\\/\"},{\"@type\":\"ListItem\",\"position\":3,\"name\":\"Concurso escolar&#8230; \u00a1Pasa a la acci\u00f3n por una sociedad inclusiva!\"}]},{\"@type\":\"WebSite\",\"@id\":\"https:\\\/\\\/www.entreculturas.org\\\/fr\\\/#website\",\"url\":\"https:\\\/\\\/www.entreculturas.org\\\/fr\\\/\",\"name\":\"Entreculturas\",\"description\":\"\",\"publisher\":{\"@id\":\"https:\\\/\\\/www.entreculturas.org\\\/fr\\\/#organization\"},\"alternateName\":\"Entreculturas\",\"potentialAction\":[{\"@type\":\"SearchAction\",\"target\":{\"@type\":\"EntryPoint\",\"urlTemplate\":\"https:\\\/\\\/www.entreculturas.org\\\/fr\\\/?s={search_term_string}\"},\"query-input\":{\"@type\":\"PropertyValueSpecification\",\"valueRequired\":true,\"valueName\":\"search_term_string\"}}],\"inLanguage\":\"fr-FR\"},{\"@type\":\"Organization\",\"@id\":\"https:\\\/\\\/www.entreculturas.org\\\/fr\\\/#organization\",\"name\":\"Entreculturas\",\"url\":\"https:\\\/\\\/www.entreculturas.org\\\/fr\\\/\",\"logo\":{\"@type\":\"ImageObject\",\"inLanguage\":\"fr-FR\",\"@id\":\"https:\\\/\\\/www.entreculturas.org\\\/fr\\\/#\\\/schema\\\/logo\\\/image\\\/\",\"url\":\"https:\\\/\\\/www.entreculturas.org\\\/wp-content\\\/uploads\\\/2025\\\/10\\\/ESP.svg\",\"contentUrl\":\"https:\\\/\\\/www.entreculturas.org\\\/wp-content\\\/uploads\\\/2025\\\/10\\\/ESP.svg\",\"caption\":\"Entreculturas\"},\"image\":{\"@id\":\"https:\\\/\\\/www.entreculturas.org\\\/fr\\\/#\\\/schema\\\/logo\\\/image\\\/\"},\"sameAs\":[\"https:\\\/\\\/www.facebook.com\\\/entreculturas\",\"https:\\\/\\\/x.com\\\/Entreculturas\",\"https:\\\/\\\/www.instagram.com\\\/entreculturas\\\/\",\"https:\\\/\\\/www.youtube.com\\\/user\\\/entreculturasvideo\",\"https:\\\/\\\/www.linkedin.com\\\/company\\\/fundacion-entreculturas-ngdo\\\/\",\"https:\\\/\\\/www.flickr.com\\\/photos\\\/98455522@N04\\\/albums\\\/\"]}]}<\/script>\n<!-- \/ Yoast SEO Premium plugin. -->","yoast_head_json":{"title":"Concurso escolar... \u00a1Pasa a la acci\u00f3n por una sociedad inclusiva! - Entreculturas","robots":{"index":"index","follow":"follow","max-snippet":"max-snippet:-1","max-image-preview":"max-image-preview:large","max-video-preview":"max-video-preview:-1"},"canonical":"https:\/\/www.entreculturas.org\/fr\/noticia\/concurso-escolar-pasa-la-accion-por-una-sociedad-inclusiva\/","og_locale":"fr_FR","og_type":"article","og_title":"Concurso escolar... \u00a1Pasa a la acci\u00f3n por una sociedad inclusiva!","og_description":"En el marco del proyecto CHANGE queremos animar la participaci\u00f3n del alumnado de secundaria para que se conviertan en estudiantes embajadoras\/es por una sociedad inclusiva. El alumnado que participe en este concurso tendr\u00e1 la oportunidad de compartir sus conocimientos sobre los temas de la migraci\u00f3n, refugio y acogida con otras clases, grupos y\/o con sus familias.","og_url":"https:\/\/www.entreculturas.org\/fr\/noticia\/concurso-escolar-pasa-la-accion-por-una-sociedad-inclusiva\/","og_site_name":"Entreculturas","article_publisher":"https:\/\/www.facebook.com\/entreculturas","article_modified_time":"2024-02-28T16:06:46+00:00","og_image":[{"width":650,"height":361,"url":"https:\/\/www.entreculturas.org\/wp-content\/uploads\/2021\/04\/650x360_concurso-change_v8-05_caste.jpg","type":"image\/jpeg"}],"twitter_card":"summary_large_image","twitter_site":"@Entreculturas","schema":{"@context":"https:\/\/schema.org","@graph":[{"@type":"WebPage","@id":"https:\/\/www.entreculturas.org\/fr\/noticia\/concurso-escolar-pasa-la-accion-por-una-sociedad-inclusiva\/","url":"https:\/\/www.entreculturas.org\/fr\/noticia\/concurso-escolar-pasa-la-accion-por-una-sociedad-inclusiva\/","name":"Concurso escolar... \u00a1Pasa a la acci\u00f3n por una sociedad inclusiva! - Entreculturas","isPartOf":{"@id":"https:\/\/www.entreculturas.org\/fr\/#website"},"primaryImageOfPage":{"@id":"https:\/\/www.entreculturas.org\/fr\/noticia\/concurso-escolar-pasa-la-accion-por-una-sociedad-inclusiva\/#primaryimage"},"image":{"@id":"https:\/\/www.entreculturas.org\/fr\/noticia\/concurso-escolar-pasa-la-accion-por-una-sociedad-inclusiva\/#primaryimage"},"thumbnailUrl":"https:\/\/www.entreculturas.org\/wp-content\/uploads\/2021\/04\/650x360_concurso-change_v8-05_caste.jpg","datePublished":"2021-04-30T07:17:25+00:00","dateModified":"2024-02-28T16:06:46+00:00","breadcrumb":{"@id":"https:\/\/www.entreculturas.org\/fr\/noticia\/concurso-escolar-pasa-la-accion-por-una-sociedad-inclusiva\/#breadcrumb"},"inLanguage":"fr-FR","potentialAction":[{"@type":"ReadAction","target":["https:\/\/www.entreculturas.org\/fr\/noticia\/concurso-escolar-pasa-la-accion-por-una-sociedad-inclusiva\/"]}]},{"@type":"ImageObject","inLanguage":"fr-FR","@id":"https:\/\/www.entreculturas.org\/fr\/noticia\/concurso-escolar-pasa-la-accion-por-una-sociedad-inclusiva\/#primaryimage","url":"https:\/\/www.entreculturas.org\/wp-content\/uploads\/2021\/04\/650x360_concurso-change_v8-05_caste.jpg","contentUrl":"https:\/\/www.entreculturas.org\/wp-content\/uploads\/2021\/04\/650x360_concurso-change_v8-05_caste.jpg","width":650,"height":361,"caption":"650x360_concurso-change_v8-05_caste"},{"@type":"BreadcrumbList","@id":"https:\/\/www.entreculturas.org\/fr\/noticia\/concurso-escolar-pasa-la-accion-por-una-sociedad-inclusiva\/#breadcrumb","itemListElement":[{"@type":"ListItem","position":1,"name":"Home","item":"https:\/\/www.entreculturas.org\/fr\/"},{"@type":"ListItem","position":2,"name":"Noticias","item":"https:\/\/www.entreculturas.org\/fr\/noticias\/"},{"@type":"ListItem","position":3,"name":"Concurso escolar&#8230; \u00a1Pasa a la acci\u00f3n por una sociedad inclusiva!"}]},{"@type":"WebSite","@id":"https:\/\/www.entreculturas.org\/fr\/#website","url":"https:\/\/www.entreculturas.org\/fr\/","name":"Entreculturas","description":"","publisher":{"@id":"https:\/\/www.entreculturas.org\/fr\/#organization"},"alternateName":"Entreculturas","potentialAction":[{"@type":"SearchAction","target":{"@type":"EntryPoint","urlTemplate":"https:\/\/www.entreculturas.org\/fr\/?s={search_term_string}"},"query-input":{"@type":"PropertyValueSpecification","valueRequired":true,"valueName":"search_term_string"}}],"inLanguage":"fr-FR"},{"@type":"Organization","@id":"https:\/\/www.entreculturas.org\/fr\/#organization","name":"Entreculturas","url":"https:\/\/www.entreculturas.org\/fr\/","logo":{"@type":"ImageObject","inLanguage":"fr-FR","@id":"https:\/\/www.entreculturas.org\/fr\/#\/schema\/logo\/image\/","url":"https:\/\/www.entreculturas.org\/wp-content\/uploads\/2025\/10\/ESP.svg","contentUrl":"https:\/\/www.entreculturas.org\/wp-content\/uploads\/2025\/10\/ESP.svg","caption":"Entreculturas"},"image":{"@id":"https:\/\/www.entreculturas.org\/fr\/#\/schema\/logo\/image\/"},"sameAs":["https:\/\/www.facebook.com\/entreculturas","https:\/\/x.com\/Entreculturas","https:\/\/www.instagram.com\/entreculturas\/","https:\/\/www.youtube.com\/user\/entreculturasvideo","https:\/\/www.linkedin.com\/company\/fundacion-entreculturas-ngdo\/","https:\/\/www.flickr.com\/photos\/98455522@N04\/albums\/"]}]}},"_links":{"self":[{"href":"https:\/\/www.entreculturas.org\/fr\/wp-json\/wp\/v2\/noticia\/5764","targetHints":{"allow":["GET"]}}],"collection":[{"href":"https:\/\/www.entreculturas.org\/fr\/wp-json\/wp\/v2\/noticia"}],"about":[{"href":"https:\/\/www.entreculturas.org\/fr\/wp-json\/wp\/v2\/types\/noticia"}],"wp:featuredmedia":[{"embeddable":true,"href":"https:\/\/www.entreculturas.org\/fr\/wp-json\/wp\/v2\/media\/5766"}],"wp:attachment":[{"href":"https:\/\/www.entreculturas.org\/fr\/wp-json\/wp\/v2\/media?parent=5764"}],"wp:term":[{"taxonomy":"category","embeddable":true,"href":"https:\/\/www.entreculturas.org\/fr\/wp-json\/wp\/v2\/categories?post=5764"},{"taxonomy":"post_tag","embeddable":true,"href":"https:\/\/www.entreculturas.org\/fr\/wp-json\/wp\/v2\/tags?post=5764"},{"taxonomy":"country","embeddable":true,"href":"https:\/\/www.entreculturas.org\/fr\/wp-json\/wp\/v2\/country?post=5764"},{"taxonomy":"cause","embeddable":true,"href":"https:\/\/www.entreculturas.org\/fr\/wp-json\/wp\/v2\/cause?post=5764"}],"curies":[{"name":"wp","href":"https:\/\/api.w.org\/{rel}","templated":true}]}}