{"id":5708,"date":"2021-04-19T09:28:32","date_gmt":"2021-04-19T09:28:32","guid":{"rendered":"https:\/\/entreculturasi.wpenginepowered.com\/?noticias=entreculturas-punto-focal-de-la-inee-la-red-internacional-por-la-educacion-en-emergencias"},"modified":"2024-02-28T17:10:57","modified_gmt":"2024-02-28T16:10:57","slug":"entreculturas-punto-focal-de-la-inee-la-red-internacional-por-la-educacion-en-emergencias","status":"publish","type":"noticia","link":"https:\/\/www.entreculturas.org\/fr\/noticia\/entreculturas-punto-focal-de-la-inee-la-red-internacional-por-la-educacion-en-emergencias\/","title":{"rendered":"Entreculturas, punto focal de la INEE: la red internacional por la educaci\u00f3n en emergencias"},"content":{"rendered":"<\/p>\n<p>Desde Entreculturas somos punto focal de la<strong> Red Interagencial para la Educaci\u00f3n en Situaciones de Emergencia (<a href=\"https:\/\/inee.org\/es\" target=\"_blank\" rel=\"noopener\">INEE<\/a>, por sus siglas en ingl\u00e9s)<\/strong>, una red abierta global conformada por agencias de la ONU, ONG, donantes, gobiernos, universidad, escuelas y poblaciones afectadas por situaciones de crisis. El objetivo de esta red es asegurar el derecho a una educaci\u00f3n de calidad, segura y relevante para todas las personas que viven en contexto de emergencia y crisis.&nbsp;<\/p>\n<p>Tras presentarnos a la postulaci\u00f3n el pasado mes de diciembre junto a Educo y Save the Children, la Red confirm\u00f3 la selecci\u00f3n de nuestra propuesta, lo que nos convierte en <strong>punto de referencia europeo en cuanto a educaci\u00f3n en emergencias<\/strong>. Por consenso de las tres organizaciones (Educo, Entreclturas y Save the Children) el liderazgo de este punto focal lo hemos asumido desde Entreculturas y, en concreto, a trav\u00e9s de nuestra compa\u00f1era Pilar Dafonte.<\/p>\n<p><strong>\u201cLlevamos a\u00f1os apostando por la educaci\u00f3n en emergencias<\/strong>, se\u00f1alando que, en situaciones de crisis, es el primer derecho que se pierde y que es fundamental que se recupere con prontitud\u201d, comenta Pilar. \u201cFormar parte de esta red es importante porque nos ayudar\u00e1 a visibilizarlo. Ahora m\u00e1s que nunca ha aflorado este trabajo que hemos ido haciendo desde Entreculturas en distintos contextos de emergencia junto a JRS\u201d, asegura.<\/p>\n<p>Actualmente, la INEE la conforman 16 mil personas a t\u00edtulo individual, m\u00e1s de 150 organizaciones socias y est\u00e1 presente en 190 pa\u00edses. Adem\u00e1s, se han creado<strong> 12 puntos focales<\/strong> como experiencia piloto para los pr\u00f3ximos 6-12 meses, que se han conformado teniendo en cuenta los principales grupos ling\u00fc\u00edsticos: \u00e1rabe, franc\u00e9s, espa\u00f1ol, ingl\u00e9s y portugu\u00e9s. \u201cEn nuestro caso, adem\u00e1s, siendo el \u00fanico punto focal a nivel europeo nuestro mandato se extender\u00e1&nbsp; a otros pa\u00edses de Europa y de forma m\u00e1s concreta ofreciendo estos recursos a la Red Xavier\u201d, comenta Pilar.<\/p>\n<p>Los grupos focales se reunir\u00e1n peri\u00f3dicamente para compartir experiencias y lecciones aprendidas.<strong> \u201cEs una oportunidad \u00fanica para aprender lo que est\u00e1n haciendo otros compa\u00f1eros y compa\u00f1eras<\/strong>; para escuchar m\u00e1s que hablar. En la primera reuni\u00f3n pude conocer de primera mano la realidad que se est\u00e1 viviendo en pa\u00edses como Nigeria, Mozambique o Siria\u201d, asegura Pilar. \u201cEs muy enriquecedor conocer sus&nbsp; puntos de vista, el intercambio de informaci\u00f3n est\u00e1 siendo muy fluido\u201d.<\/p>\n<p>Los pr\u00f3ximos meses, seguir\u00e1n los encuentros y las reuniones de los 12 puntos focales, poniendo en el centro las acciones para que la educaci\u00f3n no pare en situaciones de crisis o emergencia.<\/p>\n","protected":false},"excerpt":{"rendered":"<p>Desde Entreculturas somos punto focal de la Red Interagencial para la Educaci\u00f3n en Situaciones de Emergencia (INEE, por sus siglas en ingl\u00e9s), una red abierta global conformada por agencias de la ONU, ONG, donantes, gobiernos, universidad, escuelas y poblaciones afectadas por situaciones de crisis. El objetivo de esta red es asegurar el derecho a una educaci\u00f3n de calidad, segura y relevante para todas las personas que viven en contexto de emergencia y crisis. <\/p>\n","protected":false},"featured_media":5709,"template":"single-noticia","meta":{"_acf_changed":false},"categories":[7],"tags":[289],"country":[],"cause":[128],"class_list":["post-5708","noticia","type-noticia","status-publish","has-post-thumbnail","hentry","category-noticia","tag-educacion","cause-educacion"],"acf":[],"yoast_head":"<!-- This site is optimized with the Yoast SEO Premium plugin v21.6 (Yoast SEO v27.5) - https:\/\/yoast.com\/product\/yoast-seo-premium-wordpress\/ -->\n<title>Entreculturas, punto focal de la INEE: la red internacional por la educaci\u00f3n en emergencias - Entreculturas<\/title>\n<meta name=\"robots\" content=\"index, follow, max-snippet:-1, max-image-preview:large, max-video-preview:-1\" \/>\n<link rel=\"canonical\" href=\"https:\/\/www.entreculturas.org\/fr\/noticia\/entreculturas-punto-focal-de-la-inee-la-red-internacional-por-la-educacion-en-emergencias\/\" \/>\n<meta property=\"og:locale\" content=\"fr_FR\" \/>\n<meta property=\"og:type\" content=\"article\" \/>\n<meta property=\"og:title\" content=\"Entreculturas, punto focal de la INEE: la red internacional por la educaci\u00f3n en emergencias\" \/>\n<meta property=\"og:description\" content=\"Desde Entreculturas somos punto focal de la Red Interagencial para la Educaci\u00f3n en Situaciones de Emergencia (INEE, por sus siglas en ingl\u00e9s), una red abierta global conformada por agencias de la ONU, ONG, donantes, gobiernos, universidad, escuelas y poblaciones afectadas por situaciones de crisis. El objetivo de esta red es asegurar el derecho a una educaci\u00f3n de calidad, segura y relevante para todas las personas que viven en contexto de emergencia y crisis.\" \/>\n<meta property=\"og:url\" content=\"https:\/\/www.entreculturas.org\/fr\/noticia\/entreculturas-punto-focal-de-la-inee-la-red-internacional-por-la-educacion-en-emergencias\/\" \/>\n<meta property=\"og:site_name\" content=\"Entreculturas\" \/>\n<meta property=\"article:publisher\" content=\"https:\/\/www.facebook.com\/entreculturas\" \/>\n<meta property=\"article:modified_time\" content=\"2024-02-28T16:10:57+00:00\" \/>\n<meta property=\"og:image\" content=\"https:\/\/www.entreculturas.org\/wp-content\/uploads\/2021\/04\/ninos-covid-latam-mascarilla.jpg\" \/>\n\t<meta property=\"og:image:width\" content=\"2048\" \/>\n\t<meta property=\"og:image:height\" content=\"1365\" \/>\n\t<meta property=\"og:image:type\" content=\"image\/jpeg\" \/>\n<meta name=\"twitter:card\" content=\"summary_large_image\" \/>\n<meta name=\"twitter:site\" content=\"@Entreculturas\" \/>\n<script type=\"application\/ld+json\" class=\"yoast-schema-graph\">{\"@context\":\"https:\\\/\\\/schema.org\",\"@graph\":[{\"@type\":\"WebPage\",\"@id\":\"https:\\\/\\\/www.entreculturas.org\\\/fr\\\/noticia\\\/entreculturas-punto-focal-de-la-inee-la-red-internacional-por-la-educacion-en-emergencias\\\/\",\"url\":\"https:\\\/\\\/www.entreculturas.org\\\/fr\\\/noticia\\\/entreculturas-punto-focal-de-la-inee-la-red-internacional-por-la-educacion-en-emergencias\\\/\",\"name\":\"Entreculturas, punto focal de la INEE: la red internacional por la educaci\u00f3n en emergencias - Entreculturas\",\"isPartOf\":{\"@id\":\"https:\\\/\\\/www.entreculturas.org\\\/fr\\\/#website\"},\"primaryImageOfPage\":{\"@id\":\"https:\\\/\\\/www.entreculturas.org\\\/fr\\\/noticia\\\/entreculturas-punto-focal-de-la-inee-la-red-internacional-por-la-educacion-en-emergencias\\\/#primaryimage\"},\"image\":{\"@id\":\"https:\\\/\\\/www.entreculturas.org\\\/fr\\\/noticia\\\/entreculturas-punto-focal-de-la-inee-la-red-internacional-por-la-educacion-en-emergencias\\\/#primaryimage\"},\"thumbnailUrl\":\"https:\\\/\\\/www.entreculturas.org\\\/wp-content\\\/uploads\\\/2021\\\/04\\\/ninos-covid-latam-mascarilla.jpg\",\"datePublished\":\"2021-04-19T09:28:32+00:00\",\"dateModified\":\"2024-02-28T16:10:57+00:00\",\"breadcrumb\":{\"@id\":\"https:\\\/\\\/www.entreculturas.org\\\/fr\\\/noticia\\\/entreculturas-punto-focal-de-la-inee-la-red-internacional-por-la-educacion-en-emergencias\\\/#breadcrumb\"},\"inLanguage\":\"fr-FR\",\"potentialAction\":[{\"@type\":\"ReadAction\",\"target\":[\"https:\\\/\\\/www.entreculturas.org\\\/fr\\\/noticia\\\/entreculturas-punto-focal-de-la-inee-la-red-internacional-por-la-educacion-en-emergencias\\\/\"]}]},{\"@type\":\"ImageObject\",\"inLanguage\":\"fr-FR\",\"@id\":\"https:\\\/\\\/www.entreculturas.org\\\/fr\\\/noticia\\\/entreculturas-punto-focal-de-la-inee-la-red-internacional-por-la-educacion-en-emergencias\\\/#primaryimage\",\"url\":\"https:\\\/\\\/www.entreculturas.org\\\/wp-content\\\/uploads\\\/2021\\\/04\\\/ninos-covid-latam-mascarilla.jpg\",\"contentUrl\":\"https:\\\/\\\/www.entreculturas.org\\\/wp-content\\\/uploads\\\/2021\\\/04\\\/ninos-covid-latam-mascarilla.jpg\",\"width\":2048,\"height\":1365,\"caption\":\"ninos-covid-latam-mascarilla\"},{\"@type\":\"BreadcrumbList\",\"@id\":\"https:\\\/\\\/www.entreculturas.org\\\/fr\\\/noticia\\\/entreculturas-punto-focal-de-la-inee-la-red-internacional-por-la-educacion-en-emergencias\\\/#breadcrumb\",\"itemListElement\":[{\"@type\":\"ListItem\",\"position\":1,\"name\":\"Home\",\"item\":\"https:\\\/\\\/www.entreculturas.org\\\/fr\\\/\"},{\"@type\":\"ListItem\",\"position\":2,\"name\":\"Noticias\",\"item\":\"https:\\\/\\\/www.entreculturas.org\\\/fr\\\/noticias\\\/\"},{\"@type\":\"ListItem\",\"position\":3,\"name\":\"Entreculturas, punto focal de la INEE: la red internacional por la educaci\u00f3n en emergencias\"}]},{\"@type\":\"WebSite\",\"@id\":\"https:\\\/\\\/www.entreculturas.org\\\/fr\\\/#website\",\"url\":\"https:\\\/\\\/www.entreculturas.org\\\/fr\\\/\",\"name\":\"Entreculturas\",\"description\":\"\",\"publisher\":{\"@id\":\"https:\\\/\\\/www.entreculturas.org\\\/fr\\\/#organization\"},\"alternateName\":\"Entreculturas\",\"potentialAction\":[{\"@type\":\"SearchAction\",\"target\":{\"@type\":\"EntryPoint\",\"urlTemplate\":\"https:\\\/\\\/www.entreculturas.org\\\/fr\\\/?s={search_term_string}\"},\"query-input\":{\"@type\":\"PropertyValueSpecification\",\"valueRequired\":true,\"valueName\":\"search_term_string\"}}],\"inLanguage\":\"fr-FR\"},{\"@type\":\"Organization\",\"@id\":\"https:\\\/\\\/www.entreculturas.org\\\/fr\\\/#organization\",\"name\":\"Entreculturas\",\"url\":\"https:\\\/\\\/www.entreculturas.org\\\/fr\\\/\",\"logo\":{\"@type\":\"ImageObject\",\"inLanguage\":\"fr-FR\",\"@id\":\"https:\\\/\\\/www.entreculturas.org\\\/fr\\\/#\\\/schema\\\/logo\\\/image\\\/\",\"url\":\"https:\\\/\\\/www.entreculturas.org\\\/wp-content\\\/uploads\\\/2025\\\/10\\\/ESP.svg\",\"contentUrl\":\"https:\\\/\\\/www.entreculturas.org\\\/wp-content\\\/uploads\\\/2025\\\/10\\\/ESP.svg\",\"caption\":\"Entreculturas\"},\"image\":{\"@id\":\"https:\\\/\\\/www.entreculturas.org\\\/fr\\\/#\\\/schema\\\/logo\\\/image\\\/\"},\"sameAs\":[\"https:\\\/\\\/www.facebook.com\\\/entreculturas\",\"https:\\\/\\\/x.com\\\/Entreculturas\",\"https:\\\/\\\/www.instagram.com\\\/entreculturas\\\/\",\"https:\\\/\\\/www.youtube.com\\\/user\\\/entreculturasvideo\",\"https:\\\/\\\/www.linkedin.com\\\/company\\\/fundacion-entreculturas-ngdo\\\/\",\"https:\\\/\\\/www.flickr.com\\\/photos\\\/98455522@N04\\\/albums\\\/\"]}]}<\/script>\n<!-- \/ Yoast SEO Premium plugin. -->","yoast_head_json":{"title":"Entreculturas, punto focal de la INEE: la red internacional por la educaci\u00f3n en emergencias - Entreculturas","robots":{"index":"index","follow":"follow","max-snippet":"max-snippet:-1","max-image-preview":"max-image-preview:large","max-video-preview":"max-video-preview:-1"},"canonical":"https:\/\/www.entreculturas.org\/fr\/noticia\/entreculturas-punto-focal-de-la-inee-la-red-internacional-por-la-educacion-en-emergencias\/","og_locale":"fr_FR","og_type":"article","og_title":"Entreculturas, punto focal de la INEE: la red internacional por la educaci\u00f3n en emergencias","og_description":"Desde Entreculturas somos punto focal de la Red Interagencial para la Educaci\u00f3n en Situaciones de Emergencia (INEE, por sus siglas en ingl\u00e9s), una red abierta global conformada por agencias de la ONU, ONG, donantes, gobiernos, universidad, escuelas y poblaciones afectadas por situaciones de crisis. El objetivo de esta red es asegurar el derecho a una educaci\u00f3n de calidad, segura y relevante para todas las personas que viven en contexto de emergencia y crisis.","og_url":"https:\/\/www.entreculturas.org\/fr\/noticia\/entreculturas-punto-focal-de-la-inee-la-red-internacional-por-la-educacion-en-emergencias\/","og_site_name":"Entreculturas","article_publisher":"https:\/\/www.facebook.com\/entreculturas","article_modified_time":"2024-02-28T16:10:57+00:00","og_image":[{"width":2048,"height":1365,"url":"https:\/\/www.entreculturas.org\/wp-content\/uploads\/2021\/04\/ninos-covid-latam-mascarilla.jpg","type":"image\/jpeg"}],"twitter_card":"summary_large_image","twitter_site":"@Entreculturas","schema":{"@context":"https:\/\/schema.org","@graph":[{"@type":"WebPage","@id":"https:\/\/www.entreculturas.org\/fr\/noticia\/entreculturas-punto-focal-de-la-inee-la-red-internacional-por-la-educacion-en-emergencias\/","url":"https:\/\/www.entreculturas.org\/fr\/noticia\/entreculturas-punto-focal-de-la-inee-la-red-internacional-por-la-educacion-en-emergencias\/","name":"Entreculturas, punto focal de la INEE: la red internacional por la educaci\u00f3n en emergencias - Entreculturas","isPartOf":{"@id":"https:\/\/www.entreculturas.org\/fr\/#website"},"primaryImageOfPage":{"@id":"https:\/\/www.entreculturas.org\/fr\/noticia\/entreculturas-punto-focal-de-la-inee-la-red-internacional-por-la-educacion-en-emergencias\/#primaryimage"},"image":{"@id":"https:\/\/www.entreculturas.org\/fr\/noticia\/entreculturas-punto-focal-de-la-inee-la-red-internacional-por-la-educacion-en-emergencias\/#primaryimage"},"thumbnailUrl":"https:\/\/www.entreculturas.org\/wp-content\/uploads\/2021\/04\/ninos-covid-latam-mascarilla.jpg","datePublished":"2021-04-19T09:28:32+00:00","dateModified":"2024-02-28T16:10:57+00:00","breadcrumb":{"@id":"https:\/\/www.entreculturas.org\/fr\/noticia\/entreculturas-punto-focal-de-la-inee-la-red-internacional-por-la-educacion-en-emergencias\/#breadcrumb"},"inLanguage":"fr-FR","potentialAction":[{"@type":"ReadAction","target":["https:\/\/www.entreculturas.org\/fr\/noticia\/entreculturas-punto-focal-de-la-inee-la-red-internacional-por-la-educacion-en-emergencias\/"]}]},{"@type":"ImageObject","inLanguage":"fr-FR","@id":"https:\/\/www.entreculturas.org\/fr\/noticia\/entreculturas-punto-focal-de-la-inee-la-red-internacional-por-la-educacion-en-emergencias\/#primaryimage","url":"https:\/\/www.entreculturas.org\/wp-content\/uploads\/2021\/04\/ninos-covid-latam-mascarilla.jpg","contentUrl":"https:\/\/www.entreculturas.org\/wp-content\/uploads\/2021\/04\/ninos-covid-latam-mascarilla.jpg","width":2048,"height":1365,"caption":"ninos-covid-latam-mascarilla"},{"@type":"BreadcrumbList","@id":"https:\/\/www.entreculturas.org\/fr\/noticia\/entreculturas-punto-focal-de-la-inee-la-red-internacional-por-la-educacion-en-emergencias\/#breadcrumb","itemListElement":[{"@type":"ListItem","position":1,"name":"Home","item":"https:\/\/www.entreculturas.org\/fr\/"},{"@type":"ListItem","position":2,"name":"Noticias","item":"https:\/\/www.entreculturas.org\/fr\/noticias\/"},{"@type":"ListItem","position":3,"name":"Entreculturas, punto focal de la INEE: la red internacional por la educaci\u00f3n en emergencias"}]},{"@type":"WebSite","@id":"https:\/\/www.entreculturas.org\/fr\/#website","url":"https:\/\/www.entreculturas.org\/fr\/","name":"Entreculturas","description":"","publisher":{"@id":"https:\/\/www.entreculturas.org\/fr\/#organization"},"alternateName":"Entreculturas","potentialAction":[{"@type":"SearchAction","target":{"@type":"EntryPoint","urlTemplate":"https:\/\/www.entreculturas.org\/fr\/?s={search_term_string}"},"query-input":{"@type":"PropertyValueSpecification","valueRequired":true,"valueName":"search_term_string"}}],"inLanguage":"fr-FR"},{"@type":"Organization","@id":"https:\/\/www.entreculturas.org\/fr\/#organization","name":"Entreculturas","url":"https:\/\/www.entreculturas.org\/fr\/","logo":{"@type":"ImageObject","inLanguage":"fr-FR","@id":"https:\/\/www.entreculturas.org\/fr\/#\/schema\/logo\/image\/","url":"https:\/\/www.entreculturas.org\/wp-content\/uploads\/2025\/10\/ESP.svg","contentUrl":"https:\/\/www.entreculturas.org\/wp-content\/uploads\/2025\/10\/ESP.svg","caption":"Entreculturas"},"image":{"@id":"https:\/\/www.entreculturas.org\/fr\/#\/schema\/logo\/image\/"},"sameAs":["https:\/\/www.facebook.com\/entreculturas","https:\/\/x.com\/Entreculturas","https:\/\/www.instagram.com\/entreculturas\/","https:\/\/www.youtube.com\/user\/entreculturasvideo","https:\/\/www.linkedin.com\/company\/fundacion-entreculturas-ngdo\/","https:\/\/www.flickr.com\/photos\/98455522@N04\/albums\/"]}]}},"_links":{"self":[{"href":"https:\/\/www.entreculturas.org\/fr\/wp-json\/wp\/v2\/noticia\/5708","targetHints":{"allow":["GET"]}}],"collection":[{"href":"https:\/\/www.entreculturas.org\/fr\/wp-json\/wp\/v2\/noticia"}],"about":[{"href":"https:\/\/www.entreculturas.org\/fr\/wp-json\/wp\/v2\/types\/noticia"}],"wp:featuredmedia":[{"embeddable":true,"href":"https:\/\/www.entreculturas.org\/fr\/wp-json\/wp\/v2\/media\/5709"}],"wp:attachment":[{"href":"https:\/\/www.entreculturas.org\/fr\/wp-json\/wp\/v2\/media?parent=5708"}],"wp:term":[{"taxonomy":"category","embeddable":true,"href":"https:\/\/www.entreculturas.org\/fr\/wp-json\/wp\/v2\/categories?post=5708"},{"taxonomy":"post_tag","embeddable":true,"href":"https:\/\/www.entreculturas.org\/fr\/wp-json\/wp\/v2\/tags?post=5708"},{"taxonomy":"country","embeddable":true,"href":"https:\/\/www.entreculturas.org\/fr\/wp-json\/wp\/v2\/country?post=5708"},{"taxonomy":"cause","embeddable":true,"href":"https:\/\/www.entreculturas.org\/fr\/wp-json\/wp\/v2\/cause?post=5708"}],"curies":[{"name":"wp","href":"https:\/\/api.w.org\/{rel}","templated":true}]}}